
{"id":21674,"date":"2024-04-01T19:15:13","date_gmt":"2024-04-01T19:15:13","guid":{"rendered":"https:\/\/msconectado.com.br\/?p=21674"},"modified":"2024-04-01T19:15:14","modified_gmt":"2024-04-01T19:15:14","slug":"bela-vista-assina-convenio-com-governo-de-ms-e-projeta-novos-investimentos-no-municipio","status":"publish","type":"post","link":"https:\/\/msconectado.com.br\/?p=21674","title":{"rendered":"Bela Vista assina conv\u00eanio com Governo de MS e projeta novos investimentos no munic\u00edpio"},"content":{"rendered":"\n<p>Na manh\u00e3 desta segunda-feira (1), o prefeito de Bela Vista, Reinaldo Miranda (Piti), acompanhado de secret\u00e1rios municipais e vereadores da cidade, se reuniu com o governador Eduardo Riedel. Na oportunidade, foi celebrado um conv\u00eanio, no valor de R$ 9,6 milh\u00f5es, para abertura de edital de licita\u00e7\u00e3o, que garante a pavimenta\u00e7\u00e3o asf\u00e1ltica e drenagem em vias do bairro Costa e Silva.<\/p>\n\n\n\n<p>Al\u00e9m disso, o prefeito Piti assegurou junto ao Governo do Estado a reforma geral do Hospital S\u00e3o Vicente de Paula, que \u00e9 refer\u00eancia na regi\u00e3o e realiza 10 mil cirurgias eletivas por ano.<\/p>\n\n\n<div class=\"wp-block-image\">\n<figure class=\"aligncenter\"><a href=\"https:\/\/agenciadenoticias.ms.gov.br\/wp-content\/uploads\/2024\/04\/IMG_8552-scaled.jpg\"><img decoding=\"async\" src=\"https:\/\/agenciadenoticias.ms.gov.br\/wp-content\/uploads\/2024\/04\/IMG_8552-1024x683.jpg\" alt=\"\"\/><\/a><\/figure>\n<\/div>\n\n\n<p>&#8220;A participa\u00e7\u00e3o do munic\u00edpio no desenvolvimento do Estado \u00e9 primordial, por isso a nossa gest\u00e3o \u00e9 focada no municipalismo e o papel das bancadas federal e estadual s\u00e3o importantes neste processo&#8221;, declarou o governador Riedel.<\/p>\n\n\n\n<p>O munic\u00edpio de Bela Vista tamb\u00e9m vai contar em 2024 com novos recursos estaduais para a pavimenta\u00e7\u00e3o asf\u00e1ltica.&nbsp;O prefeito Piti agradeceu o apoio que vem recebendo para a infraestrutura urbana da cidade e a agilidade no encaminhamento das propostas e resolu\u00e7\u00f5es.<\/p>\n\n\n\n<p>A reuni\u00e3o foi acompanhada pelos secret\u00e1rios H\u00e9lio Peluffo (Seilog) e Eduardo Rocha (Casa Civil), os deputados federais Dagoberto Nogueira e Geraldo Rezende, e pelo deputado estadual Rinaldo Modesto.<\/p>\n\n\n\n<p><em>Alexandre Gonzaga, Comunica\u00e7\u00e3o Governo de MS<\/em><br><em>Fotos: \u00c1lvaro Resende<\/em><\/p>\n\n\n<div class=\"wp-block-image\">\n<figure class=\"aligncenter size-full\"><img fetchpriority=\"high\" decoding=\"async\" width=\"900\" height=\"100\" src=\"https:\/\/msconectado.com.br\/wp-content\/uploads\/2024\/03\/camara.png\" alt=\"\" class=\"wp-image-21649\" srcset=\"https:\/\/msconectado.com.br\/wp-content\/uploads\/2024\/03\/camara.png 900w, https:\/\/msconectado.com.br\/wp-content\/uploads\/2024\/03\/camara-300x33.png 300w, https:\/\/msconectado.com.br\/wp-content\/uploads\/2024\/03\/camara-768x85.png 768w\" sizes=\"(max-width: 900px) 100vw, 900px\" \/><\/figure>\n<\/div>","protected":false},"excerpt":{"rendered":"<p>Na manh\u00e3 desta segunda-feira (1), o prefeito de Bela Vista, Reinaldo Miranda (Piti), acompanhado de secret\u00e1rios municipais e vereadores da cidade, se reuniu com o governador Eduardo Riedel. Na oportunidade, foi celebrado um conv\u00eanio, no valor de R$ 9,6 milh\u00f5es, para abertura de edital de licita\u00e7\u00e3o, que garante a pavimenta\u00e7\u00e3o asf\u00e1ltica e drenagem em vias [&hellip;]<\/p>\n","protected":false},"author":2,"featured_media":21675,"comment_status":"open","ping_status":"closed","sticky":false,"template":"","format":"standard","meta":{"footnotes":""},"categories":[35,1],"tags":[],"class_list":["post-21674","post","type-post","status-publish","format-standard","has-post-thumbnail","hentry","category-cidades","category-noticia"],"yoast_head":"<!-- This site is optimized with the Yoast SEO plugin v27.5 - https:\/\/yoast.com\/product\/yoast-seo-wordpress\/ -->\n<title>Bela Vista assina conv\u00eanio com Governo de MS e projeta novos investimentos no munic\u00edpio - MsConectado<\/title>\n<meta name=\"robots\" content=\"index, follow, max-snippet:-1, max-image-preview:large, max-video-preview:-1\" \/>\n<link rel=\"canonical\" href=\"https:\/\/msconectado.com.br\/?p=21674\" \/>\n<meta property=\"og:locale\" content=\"pt_BR\" \/>\n<meta property=\"og:type\" content=\"article\" \/>\n<meta property=\"og:title\" content=\"Bela Vista assina conv\u00eanio com Governo de MS e projeta novos investimentos no munic\u00edpio - MsConectado\" \/>\n<meta property=\"og:description\" content=\"Na manh\u00e3 desta segunda-feira (1), o prefeito de Bela Vista, Reinaldo Miranda (Piti), acompanhado de secret\u00e1rios municipais e vereadores da cidade, se reuniu com o governador Eduardo Riedel. Na oportunidade, foi celebrado um conv\u00eanio, no valor de R$ 9,6 milh\u00f5es, para abertura de edital de licita\u00e7\u00e3o, que garante a pavimenta\u00e7\u00e3o asf\u00e1ltica e drenagem em vias [&hellip;]\" \/>\n<meta property=\"og:url\" content=\"https:\/\/msconectado.com.br\/?p=21674\" \/>\n<meta property=\"og:site_name\" content=\"MsConectado\" \/>\n<meta property=\"article:published_time\" content=\"2024-04-01T19:15:13+00:00\" \/>\n<meta property=\"article:modified_time\" content=\"2024-04-01T19:15:14+00:00\" \/>\n<meta property=\"og:image\" content=\"https:\/\/msconectado.com.br\/wp-content\/uploads\/2024\/04\/IMG_8399-scaled-1.jpg\" \/>\n\t<meta property=\"og:image:width\" content=\"1920\" \/>\n\t<meta property=\"og:image:height\" content=\"1280\" \/>\n\t<meta property=\"og:image:type\" content=\"image\/jpeg\" \/>\n<meta name=\"author\" content=\"MsConectado\" \/>\n<meta name=\"twitter:card\" content=\"summary_large_image\" \/>\n<meta name=\"twitter:label1\" content=\"Escrito por\" \/>\n\t<meta name=\"twitter:data1\" content=\"MsConectado\" \/>\n\t<meta name=\"twitter:label2\" content=\"Est. tempo de leitura\" \/>\n\t<meta name=\"twitter:data2\" content=\"1 minuto\" \/>\n<script type=\"application\/ld+json\" class=\"yoast-schema-graph\">{\"@context\":\"https:\\\/\\\/schema.org\",\"@graph\":[{\"@type\":\"Article\",\"@id\":\"https:\\\/\\\/msconectado.com.br\\\/?p=21674#article\",\"isPartOf\":{\"@id\":\"https:\\\/\\\/msconectado.com.br\\\/?p=21674\"},\"author\":{\"name\":\"MsConectado\",\"@id\":\"https:\\\/\\\/msconectado.com.br\\\/#\\\/schema\\\/person\\\/e5585545b5687092f1041d350b6e2c16\"},\"headline\":\"Bela Vista assina conv\u00eanio com Governo de MS e projeta novos investimentos no munic\u00edpio\",\"datePublished\":\"2024-04-01T19:15:13+00:00\",\"dateModified\":\"2024-04-01T19:15:14+00:00\",\"mainEntityOfPage\":{\"@id\":\"https:\\\/\\\/msconectado.com.br\\\/?p=21674\"},\"wordCount\":240,\"commentCount\":0,\"publisher\":{\"@id\":\"https:\\\/\\\/msconectado.com.br\\\/#organization\"},\"image\":{\"@id\":\"https:\\\/\\\/msconectado.com.br\\\/?p=21674#primaryimage\"},\"thumbnailUrl\":\"https:\\\/\\\/msconectado.com.br\\\/wp-content\\\/uploads\\\/2024\\\/04\\\/IMG_8399-scaled-1.jpg\",\"articleSection\":[\"Cidades\",\"Not\u00edcia\"],\"inLanguage\":\"pt-BR\",\"potentialAction\":[{\"@type\":\"CommentAction\",\"name\":\"Comment\",\"target\":[\"https:\\\/\\\/msconectado.com.br\\\/?p=21674#respond\"]}]},{\"@type\":\"WebPage\",\"@id\":\"https:\\\/\\\/msconectado.com.br\\\/?p=21674\",\"url\":\"https:\\\/\\\/msconectado.com.br\\\/?p=21674\",\"name\":\"Bela Vista assina conv\u00eanio com Governo de MS e projeta novos investimentos no munic\u00edpio - MsConectado\",\"isPartOf\":{\"@id\":\"https:\\\/\\\/msconectado.com.br\\\/#website\"},\"primaryImageOfPage\":{\"@id\":\"https:\\\/\\\/msconectado.com.br\\\/?p=21674#primaryimage\"},\"image\":{\"@id\":\"https:\\\/\\\/msconectado.com.br\\\/?p=21674#primaryimage\"},\"thumbnailUrl\":\"https:\\\/\\\/msconectado.com.br\\\/wp-content\\\/uploads\\\/2024\\\/04\\\/IMG_8399-scaled-1.jpg\",\"datePublished\":\"2024-04-01T19:15:13+00:00\",\"dateModified\":\"2024-04-01T19:15:14+00:00\",\"breadcrumb\":{\"@id\":\"https:\\\/\\\/msconectado.com.br\\\/?p=21674#breadcrumb\"},\"inLanguage\":\"pt-BR\",\"potentialAction\":[{\"@type\":\"ReadAction\",\"target\":[\"https:\\\/\\\/msconectado.com.br\\\/?p=21674\"]}]},{\"@type\":\"ImageObject\",\"inLanguage\":\"pt-BR\",\"@id\":\"https:\\\/\\\/msconectado.com.br\\\/?p=21674#primaryimage\",\"url\":\"https:\\\/\\\/msconectado.com.br\\\/wp-content\\\/uploads\\\/2024\\\/04\\\/IMG_8399-scaled-1.jpg\",\"contentUrl\":\"https:\\\/\\\/msconectado.com.br\\\/wp-content\\\/uploads\\\/2024\\\/04\\\/IMG_8399-scaled-1.jpg\",\"width\":1920,\"height\":1280},{\"@type\":\"BreadcrumbList\",\"@id\":\"https:\\\/\\\/msconectado.com.br\\\/?p=21674#breadcrumb\",\"itemListElement\":[{\"@type\":\"ListItem\",\"position\":1,\"name\":\"In\u00edcio\",\"item\":\"https:\\\/\\\/msconectado.com.br\\\/?page_id=105\"},{\"@type\":\"ListItem\",\"position\":2,\"name\":\"Bela Vista assina conv\u00eanio com Governo de MS e projeta novos investimentos no munic\u00edpio\"}]},{\"@type\":\"WebSite\",\"@id\":\"https:\\\/\\\/msconectado.com.br\\\/#website\",\"url\":\"https:\\\/\\\/msconectado.com.br\\\/\",\"name\":\"MsConectado\",\"description\":\"Voc\u00ea Conectado com a Not\u00edcia!\",\"publisher\":{\"@id\":\"https:\\\/\\\/msconectado.com.br\\\/#organization\"},\"potentialAction\":[{\"@type\":\"SearchAction\",\"target\":{\"@type\":\"EntryPoint\",\"urlTemplate\":\"https:\\\/\\\/msconectado.com.br\\\/?s={search_term_string}\"},\"query-input\":{\"@type\":\"PropertyValueSpecification\",\"valueRequired\":true,\"valueName\":\"search_term_string\"}}],\"inLanguage\":\"pt-BR\"},{\"@type\":\"Organization\",\"@id\":\"https:\\\/\\\/msconectado.com.br\\\/#organization\",\"name\":\"MsConectado\",\"url\":\"https:\\\/\\\/msconectado.com.br\\\/\",\"logo\":{\"@type\":\"ImageObject\",\"inLanguage\":\"pt-BR\",\"@id\":\"https:\\\/\\\/msconectado.com.br\\\/#\\\/schema\\\/logo\\\/image\\\/\",\"url\":\"https:\\\/\\\/msconectado.com.br\\\/wp-content\\\/uploads\\\/2023\\\/01\\\/cropped-noticia-2.png\",\"contentUrl\":\"https:\\\/\\\/msconectado.com.br\\\/wp-content\\\/uploads\\\/2023\\\/01\\\/cropped-noticia-2.png\",\"width\":720,\"height\":157,\"caption\":\"MsConectado\"},\"image\":{\"@id\":\"https:\\\/\\\/msconectado.com.br\\\/#\\\/schema\\\/logo\\\/image\\\/\"}},{\"@type\":\"Person\",\"@id\":\"https:\\\/\\\/msconectado.com.br\\\/#\\\/schema\\\/person\\\/e5585545b5687092f1041d350b6e2c16\",\"name\":\"MsConectado\",\"image\":{\"@type\":\"ImageObject\",\"inLanguage\":\"pt-BR\",\"@id\":\"https:\\\/\\\/secure.gravatar.com\\\/avatar\\\/3b4f84a0a8a4380ac4431fa79981d073692380c5da00ae97596e794ab0db5c8c?s=96&d=mm&r=g\",\"url\":\"https:\\\/\\\/secure.gravatar.com\\\/avatar\\\/3b4f84a0a8a4380ac4431fa79981d073692380c5da00ae97596e794ab0db5c8c?s=96&d=mm&r=g\",\"contentUrl\":\"https:\\\/\\\/secure.gravatar.com\\\/avatar\\\/3b4f84a0a8a4380ac4431fa79981d073692380c5da00ae97596e794ab0db5c8c?s=96&d=mm&r=g\",\"caption\":\"MsConectado\"},\"url\":\"https:\\\/\\\/msconectado.com.br\\\/?author=2\"}]}<\/script>\n<!-- \/ Yoast SEO plugin. -->","yoast_head_json":{"title":"Bela Vista assina conv\u00eanio com Governo de MS e projeta novos investimentos no munic\u00edpio - MsConectado","robots":{"index":"index","follow":"follow","max-snippet":"max-snippet:-1","max-image-preview":"max-image-preview:large","max-video-preview":"max-video-preview:-1"},"canonical":"https:\/\/msconectado.com.br\/?p=21674","og_locale":"pt_BR","og_type":"article","og_title":"Bela Vista assina conv\u00eanio com Governo de MS e projeta novos investimentos no munic\u00edpio - MsConectado","og_description":"Na manh\u00e3 desta segunda-feira (1), o prefeito de Bela Vista, Reinaldo Miranda (Piti), acompanhado de secret\u00e1rios municipais e vereadores da cidade, se reuniu com o governador Eduardo Riedel. Na oportunidade, foi celebrado um conv\u00eanio, no valor de R$ 9,6 milh\u00f5es, para abertura de edital de licita\u00e7\u00e3o, que garante a pavimenta\u00e7\u00e3o asf\u00e1ltica e drenagem em vias [&hellip;]","og_url":"https:\/\/msconectado.com.br\/?p=21674","og_site_name":"MsConectado","article_published_time":"2024-04-01T19:15:13+00:00","article_modified_time":"2024-04-01T19:15:14+00:00","og_image":[{"width":1920,"height":1280,"url":"https:\/\/msconectado.com.br\/wp-content\/uploads\/2024\/04\/IMG_8399-scaled-1.jpg","type":"image\/jpeg"}],"author":"MsConectado","twitter_card":"summary_large_image","twitter_misc":{"Escrito por":"MsConectado","Est. tempo de leitura":"1 minuto"},"schema":{"@context":"https:\/\/schema.org","@graph":[{"@type":"Article","@id":"https:\/\/msconectado.com.br\/?p=21674#article","isPartOf":{"@id":"https:\/\/msconectado.com.br\/?p=21674"},"author":{"name":"MsConectado","@id":"https:\/\/msconectado.com.br\/#\/schema\/person\/e5585545b5687092f1041d350b6e2c16"},"headline":"Bela Vista assina conv\u00eanio com Governo de MS e projeta novos investimentos no munic\u00edpio","datePublished":"2024-04-01T19:15:13+00:00","dateModified":"2024-04-01T19:15:14+00:00","mainEntityOfPage":{"@id":"https:\/\/msconectado.com.br\/?p=21674"},"wordCount":240,"commentCount":0,"publisher":{"@id":"https:\/\/msconectado.com.br\/#organization"},"image":{"@id":"https:\/\/msconectado.com.br\/?p=21674#primaryimage"},"thumbnailUrl":"https:\/\/msconectado.com.br\/wp-content\/uploads\/2024\/04\/IMG_8399-scaled-1.jpg","articleSection":["Cidades","Not\u00edcia"],"inLanguage":"pt-BR","potentialAction":[{"@type":"CommentAction","name":"Comment","target":["https:\/\/msconectado.com.br\/?p=21674#respond"]}]},{"@type":"WebPage","@id":"https:\/\/msconectado.com.br\/?p=21674","url":"https:\/\/msconectado.com.br\/?p=21674","name":"Bela Vista assina conv\u00eanio com Governo de MS e projeta novos investimentos no munic\u00edpio - MsConectado","isPartOf":{"@id":"https:\/\/msconectado.com.br\/#website"},"primaryImageOfPage":{"@id":"https:\/\/msconectado.com.br\/?p=21674#primaryimage"},"image":{"@id":"https:\/\/msconectado.com.br\/?p=21674#primaryimage"},"thumbnailUrl":"https:\/\/msconectado.com.br\/wp-content\/uploads\/2024\/04\/IMG_8399-scaled-1.jpg","datePublished":"2024-04-01T19:15:13+00:00","dateModified":"2024-04-01T19:15:14+00:00","breadcrumb":{"@id":"https:\/\/msconectado.com.br\/?p=21674#breadcrumb"},"inLanguage":"pt-BR","potentialAction":[{"@type":"ReadAction","target":["https:\/\/msconectado.com.br\/?p=21674"]}]},{"@type":"ImageObject","inLanguage":"pt-BR","@id":"https:\/\/msconectado.com.br\/?p=21674#primaryimage","url":"https:\/\/msconectado.com.br\/wp-content\/uploads\/2024\/04\/IMG_8399-scaled-1.jpg","contentUrl":"https:\/\/msconectado.com.br\/wp-content\/uploads\/2024\/04\/IMG_8399-scaled-1.jpg","width":1920,"height":1280},{"@type":"BreadcrumbList","@id":"https:\/\/msconectado.com.br\/?p=21674#breadcrumb","itemListElement":[{"@type":"ListItem","position":1,"name":"In\u00edcio","item":"https:\/\/msconectado.com.br\/?page_id=105"},{"@type":"ListItem","position":2,"name":"Bela Vista assina conv\u00eanio com Governo de MS e projeta novos investimentos no munic\u00edpio"}]},{"@type":"WebSite","@id":"https:\/\/msconectado.com.br\/#website","url":"https:\/\/msconectado.com.br\/","name":"MsConectado","description":"Voc\u00ea Conectado com a Not\u00edcia!","publisher":{"@id":"https:\/\/msconectado.com.br\/#organization"},"potentialAction":[{"@type":"SearchAction","target":{"@type":"EntryPoint","urlTemplate":"https:\/\/msconectado.com.br\/?s={search_term_string}"},"query-input":{"@type":"PropertyValueSpecification","valueRequired":true,"valueName":"search_term_string"}}],"inLanguage":"pt-BR"},{"@type":"Organization","@id":"https:\/\/msconectado.com.br\/#organization","name":"MsConectado","url":"https:\/\/msconectado.com.br\/","logo":{"@type":"ImageObject","inLanguage":"pt-BR","@id":"https:\/\/msconectado.com.br\/#\/schema\/logo\/image\/","url":"https:\/\/msconectado.com.br\/wp-content\/uploads\/2023\/01\/cropped-noticia-2.png","contentUrl":"https:\/\/msconectado.com.br\/wp-content\/uploads\/2023\/01\/cropped-noticia-2.png","width":720,"height":157,"caption":"MsConectado"},"image":{"@id":"https:\/\/msconectado.com.br\/#\/schema\/logo\/image\/"}},{"@type":"Person","@id":"https:\/\/msconectado.com.br\/#\/schema\/person\/e5585545b5687092f1041d350b6e2c16","name":"MsConectado","image":{"@type":"ImageObject","inLanguage":"pt-BR","@id":"https:\/\/secure.gravatar.com\/avatar\/3b4f84a0a8a4380ac4431fa79981d073692380c5da00ae97596e794ab0db5c8c?s=96&d=mm&r=g","url":"https:\/\/secure.gravatar.com\/avatar\/3b4f84a0a8a4380ac4431fa79981d073692380c5da00ae97596e794ab0db5c8c?s=96&d=mm&r=g","contentUrl":"https:\/\/secure.gravatar.com\/avatar\/3b4f84a0a8a4380ac4431fa79981d073692380c5da00ae97596e794ab0db5c8c?s=96&d=mm&r=g","caption":"MsConectado"},"url":"https:\/\/msconectado.com.br\/?author=2"}]}},"_links":{"self":[{"href":"https:\/\/msconectado.com.br\/index.php?rest_route=\/wp\/v2\/posts\/21674","targetHints":{"allow":["GET"]}}],"collection":[{"href":"https:\/\/msconectado.com.br\/index.php?rest_route=\/wp\/v2\/posts"}],"about":[{"href":"https:\/\/msconectado.com.br\/index.php?rest_route=\/wp\/v2\/types\/post"}],"author":[{"embeddable":true,"href":"https:\/\/msconectado.com.br\/index.php?rest_route=\/wp\/v2\/users\/2"}],"replies":[{"embeddable":true,"href":"https:\/\/msconectado.com.br\/index.php?rest_route=%2Fwp%2Fv2%2Fcomments&post=21674"}],"version-history":[{"count":1,"href":"https:\/\/msconectado.com.br\/index.php?rest_route=\/wp\/v2\/posts\/21674\/revisions"}],"predecessor-version":[{"id":21676,"href":"https:\/\/msconectado.com.br\/index.php?rest_route=\/wp\/v2\/posts\/21674\/revisions\/21676"}],"wp:featuredmedia":[{"embeddable":true,"href":"https:\/\/msconectado.com.br\/index.php?rest_route=\/wp\/v2\/media\/21675"}],"wp:attachment":[{"href":"https:\/\/msconectado.com.br\/index.php?rest_route=%2Fwp%2Fv2%2Fmedia&parent=21674"}],"wp:term":[{"taxonomy":"category","embeddable":true,"href":"https:\/\/msconectado.com.br\/index.php?rest_route=%2Fwp%2Fv2%2Fcategories&post=21674"},{"taxonomy":"post_tag","embeddable":true,"href":"https:\/\/msconectado.com.br\/index.php?rest_route=%2Fwp%2Fv2%2Ftags&post=21674"}],"curies":[{"name":"wp","href":"https:\/\/api.w.org\/{rel}","templated":true}]}}