
{"id":21680,"date":"2024-04-02T10:45:18","date_gmt":"2024-04-02T10:45:18","guid":{"rendered":"https:\/\/msconectado.com.br\/?p=21680"},"modified":"2024-04-02T10:45:20","modified_gmt":"2024-04-02T10:45:20","slug":"vereador-luciano-solicita-esclarecimentos-sobre-as-condicoes-precarias-do-transporte-escolar-em-maracaju","status":"publish","type":"post","link":"https:\/\/msconectado.com.br\/?p=21680","title":{"rendered":"Vereador Luciano solicita esclarecimentos sobre as condi\u00e7\u00f5es prec\u00e1rias do transporte escolar em Maracaju."},"content":{"rendered":"\n<p>Na 8\u00aa sess\u00e3o ordin\u00e1ria da C\u00e2mara Municipal de Maracaju, ocorrida na \u00faltima segunda-feira, o vereador Luciano Fran\u00e7a destacou a preocupante situa\u00e7\u00e3o do transporte escolar na cidade, especialmente em rela\u00e7\u00e3o \u00e0s p\u00e9ssimas condi\u00e7\u00f5es dos ve\u00edculos, com foco na quest\u00e3o dos pneus.<\/p>\n\n\n\n<p>O vereador exp\u00f4s um \u00e1udio durante a sess\u00e3o, no qual um motorista informava a indisponibilidade do transporte devido \u00e0 falta de pneus. Esse incidente exemplifica uma s\u00e9rie de problemas enfrentados pelos alunos que dependem do transporte escolar em Maracaju.<\/p>\n\n\n\n<p>Luciano Fran\u00e7a dirigiu suas preocupa\u00e7\u00f5es ao coordenador do transporte escolar, o senhor Patrick, exigindo esclarecimentos sobre a real situa\u00e7\u00e3o do servi\u00e7o. Ele destacou a import\u00e2ncia de garantir a seguran\u00e7a e o conforto dos estudantes, ressaltando que a falta de manuten\u00e7\u00e3o adequada nos ve\u00edculos representa um s\u00e9rio risco \u00e0 integridade dos alunos.<\/p>\n\n\n\n<p>O vereador instou o coordenador Patrick a prestar contas sobre as medidas adotadas para solucionar esses problemas e garantir a efici\u00eancia do transporte escolar em Maracaju. O esfor\u00e7o do vereador em trazer essa quest\u00e3o \u00e0 tona reflete sua preocupa\u00e7\u00e3o com a qualidade da educa\u00e7\u00e3o e a seguran\u00e7a dos estudantes do munic\u00edpio.<\/p>\n\n\n\n<p>Reda\u00e7\u00e3o<\/p>\n\n\n<div class=\"wp-block-image\">\n<figure class=\"aligncenter size-full\"><img fetchpriority=\"high\" decoding=\"async\" width=\"900\" height=\"100\" src=\"https:\/\/msconectado.com.br\/wp-content\/uploads\/2024\/03\/camara.png\" alt=\"\" class=\"wp-image-21649\" srcset=\"https:\/\/msconectado.com.br\/wp-content\/uploads\/2024\/03\/camara.png 900w, https:\/\/msconectado.com.br\/wp-content\/uploads\/2024\/03\/camara-300x33.png 300w, https:\/\/msconectado.com.br\/wp-content\/uploads\/2024\/03\/camara-768x85.png 768w\" sizes=\"(max-width: 900px) 100vw, 900px\" \/><\/figure>\n<\/div>","protected":false},"excerpt":{"rendered":"<p>Na 8\u00aa sess\u00e3o ordin\u00e1ria da C\u00e2mara Municipal de Maracaju, ocorrida na \u00faltima segunda-feira, o vereador Luciano Fran\u00e7a destacou a preocupante situa\u00e7\u00e3o do transporte escolar na cidade, especialmente em rela\u00e7\u00e3o \u00e0s p\u00e9ssimas condi\u00e7\u00f5es dos ve\u00edculos, com foco na quest\u00e3o dos pneus. O vereador exp\u00f4s um \u00e1udio durante a sess\u00e3o, no qual um motorista informava a indisponibilidade [&hellip;]<\/p>\n","protected":false},"author":2,"featured_media":21681,"comment_status":"open","ping_status":"closed","sticky":false,"template":"","format":"standard","meta":{"footnotes":""},"categories":[35,1],"tags":[],"class_list":["post-21680","post","type-post","status-publish","format-standard","has-post-thumbnail","hentry","category-cidades","category-noticia"],"yoast_head":"<!-- This site is optimized with the Yoast SEO plugin v27.5 - https:\/\/yoast.com\/product\/yoast-seo-wordpress\/ -->\n<title>Vereador Luciano solicita esclarecimentos sobre as condi\u00e7\u00f5es prec\u00e1rias do transporte escolar em Maracaju. - MsConectado<\/title>\n<meta name=\"robots\" content=\"index, follow, max-snippet:-1, max-image-preview:large, max-video-preview:-1\" \/>\n<link rel=\"canonical\" href=\"https:\/\/msconectado.com.br\/?p=21680\" \/>\n<meta property=\"og:locale\" content=\"pt_BR\" \/>\n<meta property=\"og:type\" content=\"article\" \/>\n<meta property=\"og:title\" content=\"Vereador Luciano solicita esclarecimentos sobre as condi\u00e7\u00f5es prec\u00e1rias do transporte escolar em Maracaju. - MsConectado\" \/>\n<meta property=\"og:description\" content=\"Na 8\u00aa sess\u00e3o ordin\u00e1ria da C\u00e2mara Municipal de Maracaju, ocorrida na \u00faltima segunda-feira, o vereador Luciano Fran\u00e7a destacou a preocupante situa\u00e7\u00e3o do transporte escolar na cidade, especialmente em rela\u00e7\u00e3o \u00e0s p\u00e9ssimas condi\u00e7\u00f5es dos ve\u00edculos, com foco na quest\u00e3o dos pneus. O vereador exp\u00f4s um \u00e1udio durante a sess\u00e3o, no qual um motorista informava a indisponibilidade [&hellip;]\" \/>\n<meta property=\"og:url\" content=\"https:\/\/msconectado.com.br\/?p=21680\" \/>\n<meta property=\"og:site_name\" content=\"MsConectado\" \/>\n<meta property=\"article:published_time\" content=\"2024-04-02T10:45:18+00:00\" \/>\n<meta property=\"article:modified_time\" content=\"2024-04-02T10:45:20+00:00\" \/>\n<meta property=\"og:image\" content=\"https:\/\/msconectado.com.br\/wp-content\/uploads\/2024\/04\/6482e87c-b955-45c2-bd11-b6d87a21d7d1.jpg\" \/>\n\t<meta property=\"og:image:width\" content=\"1600\" \/>\n\t<meta property=\"og:image:height\" content=\"1066\" \/>\n\t<meta property=\"og:image:type\" content=\"image\/jpeg\" \/>\n<meta name=\"author\" content=\"MsConectado\" \/>\n<meta name=\"twitter:card\" content=\"summary_large_image\" \/>\n<meta name=\"twitter:label1\" content=\"Escrito por\" \/>\n\t<meta name=\"twitter:data1\" content=\"MsConectado\" \/>\n\t<meta name=\"twitter:label2\" content=\"Est. tempo de leitura\" \/>\n\t<meta name=\"twitter:data2\" content=\"1 minuto\" \/>\n<script type=\"application\/ld+json\" class=\"yoast-schema-graph\">{\"@context\":\"https:\\\/\\\/schema.org\",\"@graph\":[{\"@type\":\"Article\",\"@id\":\"https:\\\/\\\/msconectado.com.br\\\/?p=21680#article\",\"isPartOf\":{\"@id\":\"https:\\\/\\\/msconectado.com.br\\\/?p=21680\"},\"author\":{\"name\":\"MsConectado\",\"@id\":\"https:\\\/\\\/msconectado.com.br\\\/#\\\/schema\\\/person\\\/e5585545b5687092f1041d350b6e2c16\"},\"headline\":\"Vereador Luciano solicita esclarecimentos sobre as condi\u00e7\u00f5es prec\u00e1rias do transporte escolar em Maracaju.\",\"datePublished\":\"2024-04-02T10:45:18+00:00\",\"dateModified\":\"2024-04-02T10:45:20+00:00\",\"mainEntityOfPage\":{\"@id\":\"https:\\\/\\\/msconectado.com.br\\\/?p=21680\"},\"wordCount\":223,\"commentCount\":0,\"publisher\":{\"@id\":\"https:\\\/\\\/msconectado.com.br\\\/#organization\"},\"image\":{\"@id\":\"https:\\\/\\\/msconectado.com.br\\\/?p=21680#primaryimage\"},\"thumbnailUrl\":\"https:\\\/\\\/msconectado.com.br\\\/wp-content\\\/uploads\\\/2024\\\/04\\\/6482e87c-b955-45c2-bd11-b6d87a21d7d1.jpg\",\"articleSection\":[\"Cidades\",\"Not\u00edcia\"],\"inLanguage\":\"pt-BR\",\"potentialAction\":[{\"@type\":\"CommentAction\",\"name\":\"Comment\",\"target\":[\"https:\\\/\\\/msconectado.com.br\\\/?p=21680#respond\"]}]},{\"@type\":\"WebPage\",\"@id\":\"https:\\\/\\\/msconectado.com.br\\\/?p=21680\",\"url\":\"https:\\\/\\\/msconectado.com.br\\\/?p=21680\",\"name\":\"Vereador Luciano solicita esclarecimentos sobre as condi\u00e7\u00f5es prec\u00e1rias do transporte escolar em Maracaju. - MsConectado\",\"isPartOf\":{\"@id\":\"https:\\\/\\\/msconectado.com.br\\\/#website\"},\"primaryImageOfPage\":{\"@id\":\"https:\\\/\\\/msconectado.com.br\\\/?p=21680#primaryimage\"},\"image\":{\"@id\":\"https:\\\/\\\/msconectado.com.br\\\/?p=21680#primaryimage\"},\"thumbnailUrl\":\"https:\\\/\\\/msconectado.com.br\\\/wp-content\\\/uploads\\\/2024\\\/04\\\/6482e87c-b955-45c2-bd11-b6d87a21d7d1.jpg\",\"datePublished\":\"2024-04-02T10:45:18+00:00\",\"dateModified\":\"2024-04-02T10:45:20+00:00\",\"breadcrumb\":{\"@id\":\"https:\\\/\\\/msconectado.com.br\\\/?p=21680#breadcrumb\"},\"inLanguage\":\"pt-BR\",\"potentialAction\":[{\"@type\":\"ReadAction\",\"target\":[\"https:\\\/\\\/msconectado.com.br\\\/?p=21680\"]}]},{\"@type\":\"ImageObject\",\"inLanguage\":\"pt-BR\",\"@id\":\"https:\\\/\\\/msconectado.com.br\\\/?p=21680#primaryimage\",\"url\":\"https:\\\/\\\/msconectado.com.br\\\/wp-content\\\/uploads\\\/2024\\\/04\\\/6482e87c-b955-45c2-bd11-b6d87a21d7d1.jpg\",\"contentUrl\":\"https:\\\/\\\/msconectado.com.br\\\/wp-content\\\/uploads\\\/2024\\\/04\\\/6482e87c-b955-45c2-bd11-b6d87a21d7d1.jpg\",\"width\":1600,\"height\":1066},{\"@type\":\"BreadcrumbList\",\"@id\":\"https:\\\/\\\/msconectado.com.br\\\/?p=21680#breadcrumb\",\"itemListElement\":[{\"@type\":\"ListItem\",\"position\":1,\"name\":\"In\u00edcio\",\"item\":\"https:\\\/\\\/msconectado.com.br\\\/\"},{\"@type\":\"ListItem\",\"position\":2,\"name\":\"Vereador Luciano solicita esclarecimentos sobre as condi\u00e7\u00f5es prec\u00e1rias do transporte escolar em Maracaju.\"}]},{\"@type\":\"WebSite\",\"@id\":\"https:\\\/\\\/msconectado.com.br\\\/#website\",\"url\":\"https:\\\/\\\/msconectado.com.br\\\/\",\"name\":\"MsConectado\",\"description\":\"Voc\u00ea Conectado com a Not\u00edcia!\",\"publisher\":{\"@id\":\"https:\\\/\\\/msconectado.com.br\\\/#organization\"},\"potentialAction\":[{\"@type\":\"SearchAction\",\"target\":{\"@type\":\"EntryPoint\",\"urlTemplate\":\"https:\\\/\\\/msconectado.com.br\\\/?s={search_term_string}\"},\"query-input\":{\"@type\":\"PropertyValueSpecification\",\"valueRequired\":true,\"valueName\":\"search_term_string\"}}],\"inLanguage\":\"pt-BR\"},{\"@type\":\"Organization\",\"@id\":\"https:\\\/\\\/msconectado.com.br\\\/#organization\",\"name\":\"MsConectado\",\"url\":\"https:\\\/\\\/msconectado.com.br\\\/\",\"logo\":{\"@type\":\"ImageObject\",\"inLanguage\":\"pt-BR\",\"@id\":\"https:\\\/\\\/msconectado.com.br\\\/#\\\/schema\\\/logo\\\/image\\\/\",\"url\":\"https:\\\/\\\/msconectado.com.br\\\/wp-content\\\/uploads\\\/2023\\\/01\\\/cropped-noticia-2.png\",\"contentUrl\":\"https:\\\/\\\/msconectado.com.br\\\/wp-content\\\/uploads\\\/2023\\\/01\\\/cropped-noticia-2.png\",\"width\":720,\"height\":157,\"caption\":\"MsConectado\"},\"image\":{\"@id\":\"https:\\\/\\\/msconectado.com.br\\\/#\\\/schema\\\/logo\\\/image\\\/\"}},{\"@type\":\"Person\",\"@id\":\"https:\\\/\\\/msconectado.com.br\\\/#\\\/schema\\\/person\\\/e5585545b5687092f1041d350b6e2c16\",\"name\":\"MsConectado\",\"image\":{\"@type\":\"ImageObject\",\"inLanguage\":\"pt-BR\",\"@id\":\"https:\\\/\\\/secure.gravatar.com\\\/avatar\\\/3b4f84a0a8a4380ac4431fa79981d073692380c5da00ae97596e794ab0db5c8c?s=96&d=mm&r=g\",\"url\":\"https:\\\/\\\/secure.gravatar.com\\\/avatar\\\/3b4f84a0a8a4380ac4431fa79981d073692380c5da00ae97596e794ab0db5c8c?s=96&d=mm&r=g\",\"contentUrl\":\"https:\\\/\\\/secure.gravatar.com\\\/avatar\\\/3b4f84a0a8a4380ac4431fa79981d073692380c5da00ae97596e794ab0db5c8c?s=96&d=mm&r=g\",\"caption\":\"MsConectado\"},\"url\":\"https:\\\/\\\/msconectado.com.br\\\/?author=2\"}]}<\/script>\n<!-- \/ Yoast SEO plugin. -->","yoast_head_json":{"title":"Vereador Luciano solicita esclarecimentos sobre as condi\u00e7\u00f5es prec\u00e1rias do transporte escolar em Maracaju. - MsConectado","robots":{"index":"index","follow":"follow","max-snippet":"max-snippet:-1","max-image-preview":"max-image-preview:large","max-video-preview":"max-video-preview:-1"},"canonical":"https:\/\/msconectado.com.br\/?p=21680","og_locale":"pt_BR","og_type":"article","og_title":"Vereador Luciano solicita esclarecimentos sobre as condi\u00e7\u00f5es prec\u00e1rias do transporte escolar em Maracaju. - MsConectado","og_description":"Na 8\u00aa sess\u00e3o ordin\u00e1ria da C\u00e2mara Municipal de Maracaju, ocorrida na \u00faltima segunda-feira, o vereador Luciano Fran\u00e7a destacou a preocupante situa\u00e7\u00e3o do transporte escolar na cidade, especialmente em rela\u00e7\u00e3o \u00e0s p\u00e9ssimas condi\u00e7\u00f5es dos ve\u00edculos, com foco na quest\u00e3o dos pneus. O vereador exp\u00f4s um \u00e1udio durante a sess\u00e3o, no qual um motorista informava a indisponibilidade [&hellip;]","og_url":"https:\/\/msconectado.com.br\/?p=21680","og_site_name":"MsConectado","article_published_time":"2024-04-02T10:45:18+00:00","article_modified_time":"2024-04-02T10:45:20+00:00","og_image":[{"width":1600,"height":1066,"url":"https:\/\/msconectado.com.br\/wp-content\/uploads\/2024\/04\/6482e87c-b955-45c2-bd11-b6d87a21d7d1.jpg","type":"image\/jpeg"}],"author":"MsConectado","twitter_card":"summary_large_image","twitter_misc":{"Escrito por":"MsConectado","Est. tempo de leitura":"1 minuto"},"schema":{"@context":"https:\/\/schema.org","@graph":[{"@type":"Article","@id":"https:\/\/msconectado.com.br\/?p=21680#article","isPartOf":{"@id":"https:\/\/msconectado.com.br\/?p=21680"},"author":{"name":"MsConectado","@id":"https:\/\/msconectado.com.br\/#\/schema\/person\/e5585545b5687092f1041d350b6e2c16"},"headline":"Vereador Luciano solicita esclarecimentos sobre as condi\u00e7\u00f5es prec\u00e1rias do transporte escolar em Maracaju.","datePublished":"2024-04-02T10:45:18+00:00","dateModified":"2024-04-02T10:45:20+00:00","mainEntityOfPage":{"@id":"https:\/\/msconectado.com.br\/?p=21680"},"wordCount":223,"commentCount":0,"publisher":{"@id":"https:\/\/msconectado.com.br\/#organization"},"image":{"@id":"https:\/\/msconectado.com.br\/?p=21680#primaryimage"},"thumbnailUrl":"https:\/\/msconectado.com.br\/wp-content\/uploads\/2024\/04\/6482e87c-b955-45c2-bd11-b6d87a21d7d1.jpg","articleSection":["Cidades","Not\u00edcia"],"inLanguage":"pt-BR","potentialAction":[{"@type":"CommentAction","name":"Comment","target":["https:\/\/msconectado.com.br\/?p=21680#respond"]}]},{"@type":"WebPage","@id":"https:\/\/msconectado.com.br\/?p=21680","url":"https:\/\/msconectado.com.br\/?p=21680","name":"Vereador Luciano solicita esclarecimentos sobre as condi\u00e7\u00f5es prec\u00e1rias do transporte escolar em Maracaju. - MsConectado","isPartOf":{"@id":"https:\/\/msconectado.com.br\/#website"},"primaryImageOfPage":{"@id":"https:\/\/msconectado.com.br\/?p=21680#primaryimage"},"image":{"@id":"https:\/\/msconectado.com.br\/?p=21680#primaryimage"},"thumbnailUrl":"https:\/\/msconectado.com.br\/wp-content\/uploads\/2024\/04\/6482e87c-b955-45c2-bd11-b6d87a21d7d1.jpg","datePublished":"2024-04-02T10:45:18+00:00","dateModified":"2024-04-02T10:45:20+00:00","breadcrumb":{"@id":"https:\/\/msconectado.com.br\/?p=21680#breadcrumb"},"inLanguage":"pt-BR","potentialAction":[{"@type":"ReadAction","target":["https:\/\/msconectado.com.br\/?p=21680"]}]},{"@type":"ImageObject","inLanguage":"pt-BR","@id":"https:\/\/msconectado.com.br\/?p=21680#primaryimage","url":"https:\/\/msconectado.com.br\/wp-content\/uploads\/2024\/04\/6482e87c-b955-45c2-bd11-b6d87a21d7d1.jpg","contentUrl":"https:\/\/msconectado.com.br\/wp-content\/uploads\/2024\/04\/6482e87c-b955-45c2-bd11-b6d87a21d7d1.jpg","width":1600,"height":1066},{"@type":"BreadcrumbList","@id":"https:\/\/msconectado.com.br\/?p=21680#breadcrumb","itemListElement":[{"@type":"ListItem","position":1,"name":"In\u00edcio","item":"https:\/\/msconectado.com.br\/"},{"@type":"ListItem","position":2,"name":"Vereador Luciano solicita esclarecimentos sobre as condi\u00e7\u00f5es prec\u00e1rias do transporte escolar em Maracaju."}]},{"@type":"WebSite","@id":"https:\/\/msconectado.com.br\/#website","url":"https:\/\/msconectado.com.br\/","name":"MsConectado","description":"Voc\u00ea Conectado com a Not\u00edcia!","publisher":{"@id":"https:\/\/msconectado.com.br\/#organization"},"potentialAction":[{"@type":"SearchAction","target":{"@type":"EntryPoint","urlTemplate":"https:\/\/msconectado.com.br\/?s={search_term_string}"},"query-input":{"@type":"PropertyValueSpecification","valueRequired":true,"valueName":"search_term_string"}}],"inLanguage":"pt-BR"},{"@type":"Organization","@id":"https:\/\/msconectado.com.br\/#organization","name":"MsConectado","url":"https:\/\/msconectado.com.br\/","logo":{"@type":"ImageObject","inLanguage":"pt-BR","@id":"https:\/\/msconectado.com.br\/#\/schema\/logo\/image\/","url":"https:\/\/msconectado.com.br\/wp-content\/uploads\/2023\/01\/cropped-noticia-2.png","contentUrl":"https:\/\/msconectado.com.br\/wp-content\/uploads\/2023\/01\/cropped-noticia-2.png","width":720,"height":157,"caption":"MsConectado"},"image":{"@id":"https:\/\/msconectado.com.br\/#\/schema\/logo\/image\/"}},{"@type":"Person","@id":"https:\/\/msconectado.com.br\/#\/schema\/person\/e5585545b5687092f1041d350b6e2c16","name":"MsConectado","image":{"@type":"ImageObject","inLanguage":"pt-BR","@id":"https:\/\/secure.gravatar.com\/avatar\/3b4f84a0a8a4380ac4431fa79981d073692380c5da00ae97596e794ab0db5c8c?s=96&d=mm&r=g","url":"https:\/\/secure.gravatar.com\/avatar\/3b4f84a0a8a4380ac4431fa79981d073692380c5da00ae97596e794ab0db5c8c?s=96&d=mm&r=g","contentUrl":"https:\/\/secure.gravatar.com\/avatar\/3b4f84a0a8a4380ac4431fa79981d073692380c5da00ae97596e794ab0db5c8c?s=96&d=mm&r=g","caption":"MsConectado"},"url":"https:\/\/msconectado.com.br\/?author=2"}]}},"_links":{"self":[{"href":"https:\/\/msconectado.com.br\/index.php?rest_route=\/wp\/v2\/posts\/21680","targetHints":{"allow":["GET"]}}],"collection":[{"href":"https:\/\/msconectado.com.br\/index.php?rest_route=\/wp\/v2\/posts"}],"about":[{"href":"https:\/\/msconectado.com.br\/index.php?rest_route=\/wp\/v2\/types\/post"}],"author":[{"embeddable":true,"href":"https:\/\/msconectado.com.br\/index.php?rest_route=\/wp\/v2\/users\/2"}],"replies":[{"embeddable":true,"href":"https:\/\/msconectado.com.br\/index.php?rest_route=%2Fwp%2Fv2%2Fcomments&post=21680"}],"version-history":[{"count":1,"href":"https:\/\/msconectado.com.br\/index.php?rest_route=\/wp\/v2\/posts\/21680\/revisions"}],"predecessor-version":[{"id":21682,"href":"https:\/\/msconectado.com.br\/index.php?rest_route=\/wp\/v2\/posts\/21680\/revisions\/21682"}],"wp:featuredmedia":[{"embeddable":true,"href":"https:\/\/msconectado.com.br\/index.php?rest_route=\/wp\/v2\/media\/21681"}],"wp:attachment":[{"href":"https:\/\/msconectado.com.br\/index.php?rest_route=%2Fwp%2Fv2%2Fmedia&parent=21680"}],"wp:term":[{"taxonomy":"category","embeddable":true,"href":"https:\/\/msconectado.com.br\/index.php?rest_route=%2Fwp%2Fv2%2Fcategories&post=21680"},{"taxonomy":"post_tag","embeddable":true,"href":"https:\/\/msconectado.com.br\/index.php?rest_route=%2Fwp%2Fv2%2Ftags&post=21680"}],"curies":[{"name":"wp","href":"https:\/\/api.w.org\/{rel}","templated":true}]}}