
{"id":21683,"date":"2024-04-02T15:19:29","date_gmt":"2024-04-02T15:19:29","guid":{"rendered":"https:\/\/msconectado.com.br\/?p=21683"},"modified":"2024-04-02T18:29:37","modified_gmt":"2024-04-02T18:29:37","slug":"vereador-gringo-propoe-criacao-de-centro-de-fisioterapia-para-atender-regiao-do-capao-bonito2","status":"publish","type":"post","link":"https:\/\/msconectado.com.br\/?p=21683","title":{"rendered":"Vereador Gringo prop\u00f5e cria\u00e7\u00e3o de centro de fisioterapia para atender regi\u00e3o do Cap\u00e3o Bonito2."},"content":{"rendered":"\n<p>Na sess\u00e3o ordin\u00e1ria desta ter\u00e7a-feira 02, o Presidente da C\u00e2mara Municipal de Sidrol\u00e2ndia, Otacir Pereira, tamb\u00e9m conhecido como Gringo, apresentou uma proposta de extrema import\u00e2ncia para melhorar o bem-estar dos moradores da regi\u00e3o do Cap\u00e3o Bonito 2. A proposta visa \u00e0 cria\u00e7\u00e3o de um centro de fisioterapia, visando oferecer mais conforto e cuidado \u00e0 comunidade.<\/p>\n\n\n\n<p>Durante a sess\u00e3o, o Presidente Gringo destacou a necessidade urgente da cria\u00e7\u00e3o deste centro, evidenciando o aumento significativo no n\u00famero de atendimentos e a crescente demanda por servi\u00e7os de sa\u00fade na regi\u00e3o. Al\u00e9m disso, ele ressaltou as dificuldades enfrentadas pelos moradores das regi\u00f5es afastadas, que muitas vezes sofrem com a falta de transporte para acessar os cuidados de sa\u00fade necess\u00e1rios.<\/p>\n\n\n\n<p>&#8220;A proposta para a cria\u00e7\u00e3o deste centro de fisioterapia \u00e9 de suma import\u00e2ncia diante do aumento expressivo na demanda por servi\u00e7os de sa\u00fade na regi\u00e3o do Cap\u00e3o Bonito 2. Nosso objetivo \u00e9 garantir que todos os cidad\u00e3os tenham acesso aos cuidados de sa\u00fade de qualidade de que necessitam, independentemente de sua localiza\u00e7\u00e3o geogr\u00e1fica. Al\u00e9m disso, estamos cientes das dificuldades enfrentadas pelos moradores das \u00e1reas remotas, que muitas vezes enfrentam obst\u00e1culos para acessar os servi\u00e7os de sa\u00fade de que precisam&#8221;, afirmou o Presidente Gringo durante a sess\u00e3o.<\/p>\n\n\n<div class=\"wp-block-image\">\n<figure class=\"aligncenter size-full\"><img fetchpriority=\"high\" decoding=\"async\" width=\"900\" height=\"100\" src=\"https:\/\/msconectado.com.br\/wp-content\/uploads\/2024\/03\/camara.png\" alt=\"\" class=\"wp-image-21649\" srcset=\"https:\/\/msconectado.com.br\/wp-content\/uploads\/2024\/03\/camara.png 900w, https:\/\/msconectado.com.br\/wp-content\/uploads\/2024\/03\/camara-300x33.png 300w, https:\/\/msconectado.com.br\/wp-content\/uploads\/2024\/03\/camara-768x85.png 768w\" sizes=\"(max-width: 900px) 100vw, 900px\" \/><\/figure>\n<\/div>","protected":false},"excerpt":{"rendered":"<p>Na sess\u00e3o ordin\u00e1ria desta ter\u00e7a-feira 02, o Presidente da C\u00e2mara Municipal de Sidrol\u00e2ndia, Otacir Pereira, tamb\u00e9m conhecido como Gringo, apresentou uma proposta de extrema import\u00e2ncia para melhorar o bem-estar dos moradores da regi\u00e3o do Cap\u00e3o Bonito 2. A proposta visa \u00e0 cria\u00e7\u00e3o de um centro de fisioterapia, visando oferecer mais conforto e cuidado \u00e0 comunidade. [&hellip;]<\/p>\n","protected":false},"author":2,"featured_media":21688,"comment_status":"open","ping_status":"closed","sticky":false,"template":"","format":"standard","meta":{"footnotes":""},"categories":[35,1,33],"tags":[],"class_list":["post-21683","post","type-post","status-publish","format-standard","has-post-thumbnail","hentry","category-cidades","category-noticia","category-politica"],"yoast_head":"<!-- This site is optimized with the Yoast SEO plugin v27.5 - https:\/\/yoast.com\/product\/yoast-seo-wordpress\/ -->\n<title>Vereador Gringo prop\u00f5e cria\u00e7\u00e3o de centro de fisioterapia para atender regi\u00e3o do Cap\u00e3o Bonito2. - MsConectado<\/title>\n<meta name=\"robots\" content=\"index, follow, max-snippet:-1, max-image-preview:large, max-video-preview:-1\" \/>\n<link rel=\"canonical\" href=\"https:\/\/msconectado.com.br\/?p=21683\" \/>\n<meta property=\"og:locale\" content=\"pt_BR\" \/>\n<meta property=\"og:type\" content=\"article\" \/>\n<meta property=\"og:title\" content=\"Vereador Gringo prop\u00f5e cria\u00e7\u00e3o de centro de fisioterapia para atender regi\u00e3o do Cap\u00e3o Bonito2. - MsConectado\" \/>\n<meta property=\"og:description\" content=\"Na sess\u00e3o ordin\u00e1ria desta ter\u00e7a-feira 02, o Presidente da C\u00e2mara Municipal de Sidrol\u00e2ndia, Otacir Pereira, tamb\u00e9m conhecido como Gringo, apresentou uma proposta de extrema import\u00e2ncia para melhorar o bem-estar dos moradores da regi\u00e3o do Cap\u00e3o Bonito 2. A proposta visa \u00e0 cria\u00e7\u00e3o de um centro de fisioterapia, visando oferecer mais conforto e cuidado \u00e0 comunidade. [&hellip;]\" \/>\n<meta property=\"og:url\" content=\"https:\/\/msconectado.com.br\/?p=21683\" \/>\n<meta property=\"og:site_name\" content=\"MsConectado\" \/>\n<meta property=\"article:published_time\" content=\"2024-04-02T15:19:29+00:00\" \/>\n<meta property=\"article:modified_time\" content=\"2024-04-02T18:29:37+00:00\" \/>\n<meta property=\"og:image\" content=\"https:\/\/msconectado.com.br\/wp-content\/uploads\/2024\/04\/gringo-2.jpg\" \/>\n\t<meta property=\"og:image:width\" content=\"1071\" \/>\n\t<meta property=\"og:image:height\" content=\"644\" \/>\n\t<meta property=\"og:image:type\" content=\"image\/jpeg\" \/>\n<meta name=\"author\" content=\"MsConectado\" \/>\n<meta name=\"twitter:card\" content=\"summary_large_image\" \/>\n<meta name=\"twitter:label1\" content=\"Escrito por\" \/>\n\t<meta name=\"twitter:data1\" content=\"MsConectado\" \/>\n\t<meta name=\"twitter:label2\" content=\"Est. tempo de leitura\" \/>\n\t<meta name=\"twitter:data2\" content=\"1 minuto\" \/>\n<script type=\"application\/ld+json\" class=\"yoast-schema-graph\">{\"@context\":\"https:\\\/\\\/schema.org\",\"@graph\":[{\"@type\":\"Article\",\"@id\":\"https:\\\/\\\/msconectado.com.br\\\/?p=21683#article\",\"isPartOf\":{\"@id\":\"https:\\\/\\\/msconectado.com.br\\\/?p=21683\"},\"author\":{\"name\":\"MsConectado\",\"@id\":\"https:\\\/\\\/msconectado.com.br\\\/#\\\/schema\\\/person\\\/e5585545b5687092f1041d350b6e2c16\"},\"headline\":\"Vereador Gringo prop\u00f5e cria\u00e7\u00e3o de centro de fisioterapia para atender regi\u00e3o do Cap\u00e3o Bonito2.\",\"datePublished\":\"2024-04-02T15:19:29+00:00\",\"dateModified\":\"2024-04-02T18:29:37+00:00\",\"mainEntityOfPage\":{\"@id\":\"https:\\\/\\\/msconectado.com.br\\\/?p=21683\"},\"wordCount\":247,\"commentCount\":0,\"publisher\":{\"@id\":\"https:\\\/\\\/msconectado.com.br\\\/#organization\"},\"image\":{\"@id\":\"https:\\\/\\\/msconectado.com.br\\\/?p=21683#primaryimage\"},\"thumbnailUrl\":\"https:\\\/\\\/msconectado.com.br\\\/wp-content\\\/uploads\\\/2024\\\/04\\\/gringo-2.jpg\",\"articleSection\":[\"Cidades\",\"Not\u00edcia\",\"Pol\u00edtica\"],\"inLanguage\":\"pt-BR\",\"potentialAction\":[{\"@type\":\"CommentAction\",\"name\":\"Comment\",\"target\":[\"https:\\\/\\\/msconectado.com.br\\\/?p=21683#respond\"]}]},{\"@type\":\"WebPage\",\"@id\":\"https:\\\/\\\/msconectado.com.br\\\/?p=21683\",\"url\":\"https:\\\/\\\/msconectado.com.br\\\/?p=21683\",\"name\":\"Vereador Gringo prop\u00f5e cria\u00e7\u00e3o de centro de fisioterapia para atender regi\u00e3o do Cap\u00e3o Bonito2. - MsConectado\",\"isPartOf\":{\"@id\":\"https:\\\/\\\/msconectado.com.br\\\/#website\"},\"primaryImageOfPage\":{\"@id\":\"https:\\\/\\\/msconectado.com.br\\\/?p=21683#primaryimage\"},\"image\":{\"@id\":\"https:\\\/\\\/msconectado.com.br\\\/?p=21683#primaryimage\"},\"thumbnailUrl\":\"https:\\\/\\\/msconectado.com.br\\\/wp-content\\\/uploads\\\/2024\\\/04\\\/gringo-2.jpg\",\"datePublished\":\"2024-04-02T15:19:29+00:00\",\"dateModified\":\"2024-04-02T18:29:37+00:00\",\"breadcrumb\":{\"@id\":\"https:\\\/\\\/msconectado.com.br\\\/?p=21683#breadcrumb\"},\"inLanguage\":\"pt-BR\",\"potentialAction\":[{\"@type\":\"ReadAction\",\"target\":[\"https:\\\/\\\/msconectado.com.br\\\/?p=21683\"]}]},{\"@type\":\"ImageObject\",\"inLanguage\":\"pt-BR\",\"@id\":\"https:\\\/\\\/msconectado.com.br\\\/?p=21683#primaryimage\",\"url\":\"https:\\\/\\\/msconectado.com.br\\\/wp-content\\\/uploads\\\/2024\\\/04\\\/gringo-2.jpg\",\"contentUrl\":\"https:\\\/\\\/msconectado.com.br\\\/wp-content\\\/uploads\\\/2024\\\/04\\\/gringo-2.jpg\",\"width\":1071,\"height\":644},{\"@type\":\"BreadcrumbList\",\"@id\":\"https:\\\/\\\/msconectado.com.br\\\/?p=21683#breadcrumb\",\"itemListElement\":[{\"@type\":\"ListItem\",\"position\":1,\"name\":\"In\u00edcio\",\"item\":\"https:\\\/\\\/msconectado.com.br\\\/?page_id=105\"},{\"@type\":\"ListItem\",\"position\":2,\"name\":\"Vereador Gringo prop\u00f5e cria\u00e7\u00e3o de centro de fisioterapia para atender regi\u00e3o do Cap\u00e3o Bonito2.\"}]},{\"@type\":\"WebSite\",\"@id\":\"https:\\\/\\\/msconectado.com.br\\\/#website\",\"url\":\"https:\\\/\\\/msconectado.com.br\\\/\",\"name\":\"MsConectado\",\"description\":\"Voc\u00ea Conectado com a Not\u00edcia!\",\"publisher\":{\"@id\":\"https:\\\/\\\/msconectado.com.br\\\/#organization\"},\"potentialAction\":[{\"@type\":\"SearchAction\",\"target\":{\"@type\":\"EntryPoint\",\"urlTemplate\":\"https:\\\/\\\/msconectado.com.br\\\/?s={search_term_string}\"},\"query-input\":{\"@type\":\"PropertyValueSpecification\",\"valueRequired\":true,\"valueName\":\"search_term_string\"}}],\"inLanguage\":\"pt-BR\"},{\"@type\":\"Organization\",\"@id\":\"https:\\\/\\\/msconectado.com.br\\\/#organization\",\"name\":\"MsConectado\",\"url\":\"https:\\\/\\\/msconectado.com.br\\\/\",\"logo\":{\"@type\":\"ImageObject\",\"inLanguage\":\"pt-BR\",\"@id\":\"https:\\\/\\\/msconectado.com.br\\\/#\\\/schema\\\/logo\\\/image\\\/\",\"url\":\"https:\\\/\\\/msconectado.com.br\\\/wp-content\\\/uploads\\\/2023\\\/01\\\/cropped-noticia-2.png\",\"contentUrl\":\"https:\\\/\\\/msconectado.com.br\\\/wp-content\\\/uploads\\\/2023\\\/01\\\/cropped-noticia-2.png\",\"width\":720,\"height\":157,\"caption\":\"MsConectado\"},\"image\":{\"@id\":\"https:\\\/\\\/msconectado.com.br\\\/#\\\/schema\\\/logo\\\/image\\\/\"}},{\"@type\":\"Person\",\"@id\":\"https:\\\/\\\/msconectado.com.br\\\/#\\\/schema\\\/person\\\/e5585545b5687092f1041d350b6e2c16\",\"name\":\"MsConectado\",\"image\":{\"@type\":\"ImageObject\",\"inLanguage\":\"pt-BR\",\"@id\":\"https:\\\/\\\/secure.gravatar.com\\\/avatar\\\/3b4f84a0a8a4380ac4431fa79981d073692380c5da00ae97596e794ab0db5c8c?s=96&d=mm&r=g\",\"url\":\"https:\\\/\\\/secure.gravatar.com\\\/avatar\\\/3b4f84a0a8a4380ac4431fa79981d073692380c5da00ae97596e794ab0db5c8c?s=96&d=mm&r=g\",\"contentUrl\":\"https:\\\/\\\/secure.gravatar.com\\\/avatar\\\/3b4f84a0a8a4380ac4431fa79981d073692380c5da00ae97596e794ab0db5c8c?s=96&d=mm&r=g\",\"caption\":\"MsConectado\"},\"url\":\"https:\\\/\\\/msconectado.com.br\\\/?author=2\"}]}<\/script>\n<!-- \/ Yoast SEO plugin. -->","yoast_head_json":{"title":"Vereador Gringo prop\u00f5e cria\u00e7\u00e3o de centro de fisioterapia para atender regi\u00e3o do Cap\u00e3o Bonito2. - MsConectado","robots":{"index":"index","follow":"follow","max-snippet":"max-snippet:-1","max-image-preview":"max-image-preview:large","max-video-preview":"max-video-preview:-1"},"canonical":"https:\/\/msconectado.com.br\/?p=21683","og_locale":"pt_BR","og_type":"article","og_title":"Vereador Gringo prop\u00f5e cria\u00e7\u00e3o de centro de fisioterapia para atender regi\u00e3o do Cap\u00e3o Bonito2. - MsConectado","og_description":"Na sess\u00e3o ordin\u00e1ria desta ter\u00e7a-feira 02, o Presidente da C\u00e2mara Municipal de Sidrol\u00e2ndia, Otacir Pereira, tamb\u00e9m conhecido como Gringo, apresentou uma proposta de extrema import\u00e2ncia para melhorar o bem-estar dos moradores da regi\u00e3o do Cap\u00e3o Bonito 2. A proposta visa \u00e0 cria\u00e7\u00e3o de um centro de fisioterapia, visando oferecer mais conforto e cuidado \u00e0 comunidade. [&hellip;]","og_url":"https:\/\/msconectado.com.br\/?p=21683","og_site_name":"MsConectado","article_published_time":"2024-04-02T15:19:29+00:00","article_modified_time":"2024-04-02T18:29:37+00:00","og_image":[{"width":1071,"height":644,"url":"https:\/\/msconectado.com.br\/wp-content\/uploads\/2024\/04\/gringo-2.jpg","type":"image\/jpeg"}],"author":"MsConectado","twitter_card":"summary_large_image","twitter_misc":{"Escrito por":"MsConectado","Est. tempo de leitura":"1 minuto"},"schema":{"@context":"https:\/\/schema.org","@graph":[{"@type":"Article","@id":"https:\/\/msconectado.com.br\/?p=21683#article","isPartOf":{"@id":"https:\/\/msconectado.com.br\/?p=21683"},"author":{"name":"MsConectado","@id":"https:\/\/msconectado.com.br\/#\/schema\/person\/e5585545b5687092f1041d350b6e2c16"},"headline":"Vereador Gringo prop\u00f5e cria\u00e7\u00e3o de centro de fisioterapia para atender regi\u00e3o do Cap\u00e3o Bonito2.","datePublished":"2024-04-02T15:19:29+00:00","dateModified":"2024-04-02T18:29:37+00:00","mainEntityOfPage":{"@id":"https:\/\/msconectado.com.br\/?p=21683"},"wordCount":247,"commentCount":0,"publisher":{"@id":"https:\/\/msconectado.com.br\/#organization"},"image":{"@id":"https:\/\/msconectado.com.br\/?p=21683#primaryimage"},"thumbnailUrl":"https:\/\/msconectado.com.br\/wp-content\/uploads\/2024\/04\/gringo-2.jpg","articleSection":["Cidades","Not\u00edcia","Pol\u00edtica"],"inLanguage":"pt-BR","potentialAction":[{"@type":"CommentAction","name":"Comment","target":["https:\/\/msconectado.com.br\/?p=21683#respond"]}]},{"@type":"WebPage","@id":"https:\/\/msconectado.com.br\/?p=21683","url":"https:\/\/msconectado.com.br\/?p=21683","name":"Vereador Gringo prop\u00f5e cria\u00e7\u00e3o de centro de fisioterapia para atender regi\u00e3o do Cap\u00e3o Bonito2. - MsConectado","isPartOf":{"@id":"https:\/\/msconectado.com.br\/#website"},"primaryImageOfPage":{"@id":"https:\/\/msconectado.com.br\/?p=21683#primaryimage"},"image":{"@id":"https:\/\/msconectado.com.br\/?p=21683#primaryimage"},"thumbnailUrl":"https:\/\/msconectado.com.br\/wp-content\/uploads\/2024\/04\/gringo-2.jpg","datePublished":"2024-04-02T15:19:29+00:00","dateModified":"2024-04-02T18:29:37+00:00","breadcrumb":{"@id":"https:\/\/msconectado.com.br\/?p=21683#breadcrumb"},"inLanguage":"pt-BR","potentialAction":[{"@type":"ReadAction","target":["https:\/\/msconectado.com.br\/?p=21683"]}]},{"@type":"ImageObject","inLanguage":"pt-BR","@id":"https:\/\/msconectado.com.br\/?p=21683#primaryimage","url":"https:\/\/msconectado.com.br\/wp-content\/uploads\/2024\/04\/gringo-2.jpg","contentUrl":"https:\/\/msconectado.com.br\/wp-content\/uploads\/2024\/04\/gringo-2.jpg","width":1071,"height":644},{"@type":"BreadcrumbList","@id":"https:\/\/msconectado.com.br\/?p=21683#breadcrumb","itemListElement":[{"@type":"ListItem","position":1,"name":"In\u00edcio","item":"https:\/\/msconectado.com.br\/?page_id=105"},{"@type":"ListItem","position":2,"name":"Vereador Gringo prop\u00f5e cria\u00e7\u00e3o de centro de fisioterapia para atender regi\u00e3o do Cap\u00e3o Bonito2."}]},{"@type":"WebSite","@id":"https:\/\/msconectado.com.br\/#website","url":"https:\/\/msconectado.com.br\/","name":"MsConectado","description":"Voc\u00ea Conectado com a Not\u00edcia!","publisher":{"@id":"https:\/\/msconectado.com.br\/#organization"},"potentialAction":[{"@type":"SearchAction","target":{"@type":"EntryPoint","urlTemplate":"https:\/\/msconectado.com.br\/?s={search_term_string}"},"query-input":{"@type":"PropertyValueSpecification","valueRequired":true,"valueName":"search_term_string"}}],"inLanguage":"pt-BR"},{"@type":"Organization","@id":"https:\/\/msconectado.com.br\/#organization","name":"MsConectado","url":"https:\/\/msconectado.com.br\/","logo":{"@type":"ImageObject","inLanguage":"pt-BR","@id":"https:\/\/msconectado.com.br\/#\/schema\/logo\/image\/","url":"https:\/\/msconectado.com.br\/wp-content\/uploads\/2023\/01\/cropped-noticia-2.png","contentUrl":"https:\/\/msconectado.com.br\/wp-content\/uploads\/2023\/01\/cropped-noticia-2.png","width":720,"height":157,"caption":"MsConectado"},"image":{"@id":"https:\/\/msconectado.com.br\/#\/schema\/logo\/image\/"}},{"@type":"Person","@id":"https:\/\/msconectado.com.br\/#\/schema\/person\/e5585545b5687092f1041d350b6e2c16","name":"MsConectado","image":{"@type":"ImageObject","inLanguage":"pt-BR","@id":"https:\/\/secure.gravatar.com\/avatar\/3b4f84a0a8a4380ac4431fa79981d073692380c5da00ae97596e794ab0db5c8c?s=96&d=mm&r=g","url":"https:\/\/secure.gravatar.com\/avatar\/3b4f84a0a8a4380ac4431fa79981d073692380c5da00ae97596e794ab0db5c8c?s=96&d=mm&r=g","contentUrl":"https:\/\/secure.gravatar.com\/avatar\/3b4f84a0a8a4380ac4431fa79981d073692380c5da00ae97596e794ab0db5c8c?s=96&d=mm&r=g","caption":"MsConectado"},"url":"https:\/\/msconectado.com.br\/?author=2"}]}},"_links":{"self":[{"href":"https:\/\/msconectado.com.br\/index.php?rest_route=\/wp\/v2\/posts\/21683","targetHints":{"allow":["GET"]}}],"collection":[{"href":"https:\/\/msconectado.com.br\/index.php?rest_route=\/wp\/v2\/posts"}],"about":[{"href":"https:\/\/msconectado.com.br\/index.php?rest_route=\/wp\/v2\/types\/post"}],"author":[{"embeddable":true,"href":"https:\/\/msconectado.com.br\/index.php?rest_route=\/wp\/v2\/users\/2"}],"replies":[{"embeddable":true,"href":"https:\/\/msconectado.com.br\/index.php?rest_route=%2Fwp%2Fv2%2Fcomments&post=21683"}],"version-history":[{"count":1,"href":"https:\/\/msconectado.com.br\/index.php?rest_route=\/wp\/v2\/posts\/21683\/revisions"}],"predecessor-version":[{"id":21685,"href":"https:\/\/msconectado.com.br\/index.php?rest_route=\/wp\/v2\/posts\/21683\/revisions\/21685"}],"wp:featuredmedia":[{"embeddable":true,"href":"https:\/\/msconectado.com.br\/index.php?rest_route=\/wp\/v2\/media\/21688"}],"wp:attachment":[{"href":"https:\/\/msconectado.com.br\/index.php?rest_route=%2Fwp%2Fv2%2Fmedia&parent=21683"}],"wp:term":[{"taxonomy":"category","embeddable":true,"href":"https:\/\/msconectado.com.br\/index.php?rest_route=%2Fwp%2Fv2%2Fcategories&post=21683"},{"taxonomy":"post_tag","embeddable":true,"href":"https:\/\/msconectado.com.br\/index.php?rest_route=%2Fwp%2Fv2%2Ftags&post=21683"}],"curies":[{"name":"wp","href":"https:\/\/api.w.org\/{rel}","templated":true}]}}