
{"id":21741,"date":"2024-04-05T11:36:48","date_gmt":"2024-04-05T11:36:48","guid":{"rendered":"https:\/\/msconectado.com.br\/?p=21741"},"modified":"2024-04-05T11:36:51","modified_gmt":"2024-04-05T11:36:51","slug":"telefonia-movel-de-vista-alegre-esta-prestes-a-se-tornar-realidade-com-novos-rumos","status":"publish","type":"post","link":"https:\/\/msconectado.com.br\/?p=21741","title":{"rendered":"Telefonia m\u00f3vel de Vista Alegre est\u00e1 prestes a se tornar realidade com novos rumos."},"content":{"rendered":"\n<p>Ao longo de v\u00e1rios meses, o vereador Robert Ziemann tem mantido di\u00e1logos consistentes com a empresa Aster M\u00e1quinas de Maracaju, em um esfor\u00e7o incans\u00e1vel para promover melhorias na comunica\u00e7\u00e3o do Distrito de Vista Alegre. Al\u00e9m disso, sua determina\u00e7\u00e3o ficou evidente em fevereiro, quando ele pessoalmente se dirigiu \u00e0 Anatel, em Bras\u00edlia, para exigir medidas concretas para a instala\u00e7\u00e3o de uma torre de celular no distrito, que atualmente carece totalmente de sinal celular.<\/p>\n\n\n<div class=\"wp-block-image\">\n<figure class=\"aligncenter size-large\"><img fetchpriority=\"high\" decoding=\"async\" width=\"1024\" height=\"683\" src=\"https:\/\/msconectado.com.br\/wp-content\/uploads\/2024\/04\/image-6-1024x683.png\" alt=\"\" class=\"wp-image-21744\" srcset=\"https:\/\/msconectado.com.br\/wp-content\/uploads\/2024\/04\/image-6-1024x683.png 1024w, https:\/\/msconectado.com.br\/wp-content\/uploads\/2024\/04\/image-6-300x200.png 300w, https:\/\/msconectado.com.br\/wp-content\/uploads\/2024\/04\/image-6-768x512.png 768w, https:\/\/msconectado.com.br\/wp-content\/uploads\/2024\/04\/image-6-1536x1024.png 1536w, https:\/\/msconectado.com.br\/wp-content\/uploads\/2024\/04\/image-6-360x240.png 360w, https:\/\/msconectado.com.br\/wp-content\/uploads\/2024\/04\/image-6.png 2048w\" sizes=\"(max-width: 1024px) 100vw, 1024px\" \/><\/figure>\n<\/div>\n\n\n<p>Durante uma reuni\u00e3o extremamente produtiva com os representantes da Aster M\u00e1quinas, uma empresa comprometida em realizar a instala\u00e7\u00e3o da torre, o vereador refor\u00e7ou seu compromisso com o projeto de implementa\u00e7\u00e3o de uma torre de celular em Vista Alegre. Ele enfatizou veementemente que o distrito carece totalmente de torres de comunica\u00e7\u00e3o, privando assim a regi\u00e3o de servi\u00e7os essenciais para seu desenvolvimento.<\/p>\n\n\n\n<p>A melhoria da conectividade \u00e9 considerada vital para impulsionar o progresso econ\u00f4mico e social de Vista Alegre, proporcionando benef\u00edcios significativos tanto para as empresas locais quanto para os moradores. Reconhecendo a urg\u00eancia dessa quest\u00e3o, o vereador est\u00e1 agendando uma reuni\u00e3o com o prefeito para discutir detalhes essenciais, incluindo a doa\u00e7\u00e3o de uma \u00e1rea apropriada para a instala\u00e7\u00e3o da torre.<\/p>\n\n\n<div class=\"wp-block-image\">\n<figure class=\"aligncenter size-large\"><img decoding=\"async\" width=\"1024\" height=\"768\" src=\"https:\/\/msconectado.com.br\/wp-content\/uploads\/2024\/04\/image-4-1024x768.png\" alt=\"\" class=\"wp-image-21742\" srcset=\"https:\/\/msconectado.com.br\/wp-content\/uploads\/2024\/04\/image-4-1024x768.png 1024w, https:\/\/msconectado.com.br\/wp-content\/uploads\/2024\/04\/image-4-300x225.png 300w, https:\/\/msconectado.com.br\/wp-content\/uploads\/2024\/04\/image-4-768x576.png 768w, https:\/\/msconectado.com.br\/wp-content\/uploads\/2024\/04\/image-4-1536x1152.png 1536w, https:\/\/msconectado.com.br\/wp-content\/uploads\/2024\/04\/image-4.png 1600w\" sizes=\"(max-width: 1024px) 100vw, 1024px\" \/><\/figure>\n<\/div>\n\n\n<p>&#8220;Com determina\u00e7\u00e3o e coopera\u00e7\u00e3o, estamos avan\u00e7ando rumo a um futuro mais conectado e pr\u00f3spero para todos, principalmente em nosso distrito de Vista Alegre, que carece desesperadamente de telefonia m\u00f3vel&#8221;, afirmou Robert Ziemann. Suas palavras refletem n\u00e3o apenas sua determina\u00e7\u00e3o, mas tamb\u00e9m a esperan\u00e7a compartilhada por toda a comunidade em ver essa importante necessidade atendida. Com l\u00edderes como Robert Ziemann \u00e0 frente, Vista Alegre est\u00e1 no caminho certo para alcan\u00e7ar uma comunica\u00e7\u00e3o m\u00f3vel eficaz e um futuro mais promissor.<\/p>\n\n\n\n<p>Reda\u00e7\u00e3o<\/p>\n\n\n<div class=\"wp-block-image\">\n<figure class=\"aligncenter size-full\"><img decoding=\"async\" width=\"900\" height=\"100\" src=\"https:\/\/msconectado.com.br\/wp-content\/uploads\/2024\/04\/ezgif.com-animated-gif-maker.gif\" alt=\"\" class=\"wp-image-21720\"\/><\/figure>\n<\/div>\n\n<div class=\"wp-block-image\">\n<figure class=\"aligncenter size-full\"><img loading=\"lazy\" decoding=\"async\" width=\"900\" height=\"100\" src=\"https:\/\/msconectado.com.br\/wp-content\/uploads\/2024\/03\/MS-conectato-900-x-100-px.gif\" alt=\"\" class=\"wp-image-21595\"\/><\/figure>\n<\/div>","protected":false},"excerpt":{"rendered":"<p>Ao longo de v\u00e1rios meses, o vereador Robert Ziemann tem mantido di\u00e1logos consistentes com a empresa Aster M\u00e1quinas de Maracaju, em um esfor\u00e7o incans\u00e1vel para promover melhorias na comunica\u00e7\u00e3o do Distrito de Vista Alegre. Al\u00e9m disso, sua determina\u00e7\u00e3o ficou evidente em fevereiro, quando ele pessoalmente se dirigiu \u00e0 Anatel, em Bras\u00edlia, para exigir medidas concretas [&hellip;]<\/p>\n","protected":false},"author":2,"featured_media":21744,"comment_status":"open","ping_status":"closed","sticky":false,"template":"","format":"standard","meta":{"footnotes":""},"categories":[35,1],"tags":[],"class_list":["post-21741","post","type-post","status-publish","format-standard","has-post-thumbnail","hentry","category-cidades","category-noticia"],"yoast_head":"<!-- This site is optimized with the Yoast SEO plugin v27.5 - https:\/\/yoast.com\/product\/yoast-seo-wordpress\/ -->\n<title>Telefonia m\u00f3vel de Vista Alegre est\u00e1 prestes a se tornar realidade com novos rumos. - MsConectado<\/title>\n<meta name=\"robots\" content=\"index, follow, max-snippet:-1, max-image-preview:large, max-video-preview:-1\" \/>\n<link rel=\"canonical\" href=\"https:\/\/msconectado.com.br\/?p=21741\" \/>\n<meta property=\"og:locale\" content=\"pt_BR\" \/>\n<meta property=\"og:type\" content=\"article\" \/>\n<meta property=\"og:title\" content=\"Telefonia m\u00f3vel de Vista Alegre est\u00e1 prestes a se tornar realidade com novos rumos. - MsConectado\" \/>\n<meta property=\"og:description\" content=\"Ao longo de v\u00e1rios meses, o vereador Robert Ziemann tem mantido di\u00e1logos consistentes com a empresa Aster M\u00e1quinas de Maracaju, em um esfor\u00e7o incans\u00e1vel para promover melhorias na comunica\u00e7\u00e3o do Distrito de Vista Alegre. Al\u00e9m disso, sua determina\u00e7\u00e3o ficou evidente em fevereiro, quando ele pessoalmente se dirigiu \u00e0 Anatel, em Bras\u00edlia, para exigir medidas concretas [&hellip;]\" \/>\n<meta property=\"og:url\" content=\"https:\/\/msconectado.com.br\/?p=21741\" \/>\n<meta property=\"og:site_name\" content=\"MsConectado\" \/>\n<meta property=\"article:published_time\" content=\"2024-04-05T11:36:48+00:00\" \/>\n<meta property=\"article:modified_time\" content=\"2024-04-05T11:36:51+00:00\" \/>\n<meta property=\"og:image\" content=\"https:\/\/msconectado.com.br\/wp-content\/uploads\/2024\/04\/image-6-1024x683.png\" \/>\n\t<meta property=\"og:image:width\" content=\"1024\" \/>\n\t<meta property=\"og:image:height\" content=\"683\" \/>\n\t<meta property=\"og:image:type\" content=\"image\/png\" \/>\n<meta name=\"author\" content=\"MsConectado\" \/>\n<meta name=\"twitter:card\" content=\"summary_large_image\" \/>\n<meta name=\"twitter:label1\" content=\"Escrito por\" \/>\n\t<meta name=\"twitter:data1\" content=\"MsConectado\" \/>\n\t<meta name=\"twitter:label2\" content=\"Est. tempo de leitura\" \/>\n\t<meta name=\"twitter:data2\" content=\"2 minutos\" \/>\n<script type=\"application\/ld+json\" class=\"yoast-schema-graph\">{\"@context\":\"https:\\\/\\\/schema.org\",\"@graph\":[{\"@type\":\"Article\",\"@id\":\"https:\\\/\\\/msconectado.com.br\\\/?p=21741#article\",\"isPartOf\":{\"@id\":\"https:\\\/\\\/msconectado.com.br\\\/?p=21741\"},\"author\":{\"name\":\"MsConectado\",\"@id\":\"https:\\\/\\\/msconectado.com.br\\\/#\\\/schema\\\/person\\\/e5585545b5687092f1041d350b6e2c16\"},\"headline\":\"Telefonia m\u00f3vel de Vista Alegre est\u00e1 prestes a se tornar realidade com novos rumos.\",\"datePublished\":\"2024-04-05T11:36:48+00:00\",\"dateModified\":\"2024-04-05T11:36:51+00:00\",\"mainEntityOfPage\":{\"@id\":\"https:\\\/\\\/msconectado.com.br\\\/?p=21741\"},\"wordCount\":321,\"commentCount\":0,\"publisher\":{\"@id\":\"https:\\\/\\\/msconectado.com.br\\\/#organization\"},\"image\":{\"@id\":\"https:\\\/\\\/msconectado.com.br\\\/?p=21741#primaryimage\"},\"thumbnailUrl\":\"https:\\\/\\\/msconectado.com.br\\\/wp-content\\\/uploads\\\/2024\\\/04\\\/image-6.png\",\"articleSection\":[\"Cidades\",\"Not\u00edcia\"],\"inLanguage\":\"pt-BR\",\"potentialAction\":[{\"@type\":\"CommentAction\",\"name\":\"Comment\",\"target\":[\"https:\\\/\\\/msconectado.com.br\\\/?p=21741#respond\"]}]},{\"@type\":\"WebPage\",\"@id\":\"https:\\\/\\\/msconectado.com.br\\\/?p=21741\",\"url\":\"https:\\\/\\\/msconectado.com.br\\\/?p=21741\",\"name\":\"Telefonia m\u00f3vel de Vista Alegre est\u00e1 prestes a se tornar realidade com novos rumos. - MsConectado\",\"isPartOf\":{\"@id\":\"https:\\\/\\\/msconectado.com.br\\\/#website\"},\"primaryImageOfPage\":{\"@id\":\"https:\\\/\\\/msconectado.com.br\\\/?p=21741#primaryimage\"},\"image\":{\"@id\":\"https:\\\/\\\/msconectado.com.br\\\/?p=21741#primaryimage\"},\"thumbnailUrl\":\"https:\\\/\\\/msconectado.com.br\\\/wp-content\\\/uploads\\\/2024\\\/04\\\/image-6.png\",\"datePublished\":\"2024-04-05T11:36:48+00:00\",\"dateModified\":\"2024-04-05T11:36:51+00:00\",\"breadcrumb\":{\"@id\":\"https:\\\/\\\/msconectado.com.br\\\/?p=21741#breadcrumb\"},\"inLanguage\":\"pt-BR\",\"potentialAction\":[{\"@type\":\"ReadAction\",\"target\":[\"https:\\\/\\\/msconectado.com.br\\\/?p=21741\"]}]},{\"@type\":\"ImageObject\",\"inLanguage\":\"pt-BR\",\"@id\":\"https:\\\/\\\/msconectado.com.br\\\/?p=21741#primaryimage\",\"url\":\"https:\\\/\\\/msconectado.com.br\\\/wp-content\\\/uploads\\\/2024\\\/04\\\/image-6.png\",\"contentUrl\":\"https:\\\/\\\/msconectado.com.br\\\/wp-content\\\/uploads\\\/2024\\\/04\\\/image-6.png\",\"width\":2048,\"height\":1365},{\"@type\":\"BreadcrumbList\",\"@id\":\"https:\\\/\\\/msconectado.com.br\\\/?p=21741#breadcrumb\",\"itemListElement\":[{\"@type\":\"ListItem\",\"position\":1,\"name\":\"In\u00edcio\",\"item\":\"https:\\\/\\\/msconectado.com.br\\\/?page_id=105\"},{\"@type\":\"ListItem\",\"position\":2,\"name\":\"Telefonia m\u00f3vel de Vista Alegre est\u00e1 prestes a se tornar realidade com novos rumos.\"}]},{\"@type\":\"WebSite\",\"@id\":\"https:\\\/\\\/msconectado.com.br\\\/#website\",\"url\":\"https:\\\/\\\/msconectado.com.br\\\/\",\"name\":\"MsConectado\",\"description\":\"Voc\u00ea Conectado com a Not\u00edcia!\",\"publisher\":{\"@id\":\"https:\\\/\\\/msconectado.com.br\\\/#organization\"},\"potentialAction\":[{\"@type\":\"SearchAction\",\"target\":{\"@type\":\"EntryPoint\",\"urlTemplate\":\"https:\\\/\\\/msconectado.com.br\\\/?s={search_term_string}\"},\"query-input\":{\"@type\":\"PropertyValueSpecification\",\"valueRequired\":true,\"valueName\":\"search_term_string\"}}],\"inLanguage\":\"pt-BR\"},{\"@type\":\"Organization\",\"@id\":\"https:\\\/\\\/msconectado.com.br\\\/#organization\",\"name\":\"MsConectado\",\"url\":\"https:\\\/\\\/msconectado.com.br\\\/\",\"logo\":{\"@type\":\"ImageObject\",\"inLanguage\":\"pt-BR\",\"@id\":\"https:\\\/\\\/msconectado.com.br\\\/#\\\/schema\\\/logo\\\/image\\\/\",\"url\":\"https:\\\/\\\/msconectado.com.br\\\/wp-content\\\/uploads\\\/2023\\\/01\\\/cropped-noticia-2.png\",\"contentUrl\":\"https:\\\/\\\/msconectado.com.br\\\/wp-content\\\/uploads\\\/2023\\\/01\\\/cropped-noticia-2.png\",\"width\":720,\"height\":157,\"caption\":\"MsConectado\"},\"image\":{\"@id\":\"https:\\\/\\\/msconectado.com.br\\\/#\\\/schema\\\/logo\\\/image\\\/\"}},{\"@type\":\"Person\",\"@id\":\"https:\\\/\\\/msconectado.com.br\\\/#\\\/schema\\\/person\\\/e5585545b5687092f1041d350b6e2c16\",\"name\":\"MsConectado\",\"image\":{\"@type\":\"ImageObject\",\"inLanguage\":\"pt-BR\",\"@id\":\"https:\\\/\\\/secure.gravatar.com\\\/avatar\\\/3b4f84a0a8a4380ac4431fa79981d073692380c5da00ae97596e794ab0db5c8c?s=96&d=mm&r=g\",\"url\":\"https:\\\/\\\/secure.gravatar.com\\\/avatar\\\/3b4f84a0a8a4380ac4431fa79981d073692380c5da00ae97596e794ab0db5c8c?s=96&d=mm&r=g\",\"contentUrl\":\"https:\\\/\\\/secure.gravatar.com\\\/avatar\\\/3b4f84a0a8a4380ac4431fa79981d073692380c5da00ae97596e794ab0db5c8c?s=96&d=mm&r=g\",\"caption\":\"MsConectado\"},\"url\":\"https:\\\/\\\/msconectado.com.br\\\/?author=2\"}]}<\/script>\n<!-- \/ Yoast SEO plugin. -->","yoast_head_json":{"title":"Telefonia m\u00f3vel de Vista Alegre est\u00e1 prestes a se tornar realidade com novos rumos. - MsConectado","robots":{"index":"index","follow":"follow","max-snippet":"max-snippet:-1","max-image-preview":"max-image-preview:large","max-video-preview":"max-video-preview:-1"},"canonical":"https:\/\/msconectado.com.br\/?p=21741","og_locale":"pt_BR","og_type":"article","og_title":"Telefonia m\u00f3vel de Vista Alegre est\u00e1 prestes a se tornar realidade com novos rumos. - MsConectado","og_description":"Ao longo de v\u00e1rios meses, o vereador Robert Ziemann tem mantido di\u00e1logos consistentes com a empresa Aster M\u00e1quinas de Maracaju, em um esfor\u00e7o incans\u00e1vel para promover melhorias na comunica\u00e7\u00e3o do Distrito de Vista Alegre. Al\u00e9m disso, sua determina\u00e7\u00e3o ficou evidente em fevereiro, quando ele pessoalmente se dirigiu \u00e0 Anatel, em Bras\u00edlia, para exigir medidas concretas [&hellip;]","og_url":"https:\/\/msconectado.com.br\/?p=21741","og_site_name":"MsConectado","article_published_time":"2024-04-05T11:36:48+00:00","article_modified_time":"2024-04-05T11:36:51+00:00","og_image":[{"width":1024,"height":683,"url":"https:\/\/msconectado.com.br\/wp-content\/uploads\/2024\/04\/image-6-1024x683.png","type":"image\/png"}],"author":"MsConectado","twitter_card":"summary_large_image","twitter_misc":{"Escrito por":"MsConectado","Est. tempo de leitura":"2 minutos"},"schema":{"@context":"https:\/\/schema.org","@graph":[{"@type":"Article","@id":"https:\/\/msconectado.com.br\/?p=21741#article","isPartOf":{"@id":"https:\/\/msconectado.com.br\/?p=21741"},"author":{"name":"MsConectado","@id":"https:\/\/msconectado.com.br\/#\/schema\/person\/e5585545b5687092f1041d350b6e2c16"},"headline":"Telefonia m\u00f3vel de Vista Alegre est\u00e1 prestes a se tornar realidade com novos rumos.","datePublished":"2024-04-05T11:36:48+00:00","dateModified":"2024-04-05T11:36:51+00:00","mainEntityOfPage":{"@id":"https:\/\/msconectado.com.br\/?p=21741"},"wordCount":321,"commentCount":0,"publisher":{"@id":"https:\/\/msconectado.com.br\/#organization"},"image":{"@id":"https:\/\/msconectado.com.br\/?p=21741#primaryimage"},"thumbnailUrl":"https:\/\/msconectado.com.br\/wp-content\/uploads\/2024\/04\/image-6.png","articleSection":["Cidades","Not\u00edcia"],"inLanguage":"pt-BR","potentialAction":[{"@type":"CommentAction","name":"Comment","target":["https:\/\/msconectado.com.br\/?p=21741#respond"]}]},{"@type":"WebPage","@id":"https:\/\/msconectado.com.br\/?p=21741","url":"https:\/\/msconectado.com.br\/?p=21741","name":"Telefonia m\u00f3vel de Vista Alegre est\u00e1 prestes a se tornar realidade com novos rumos. - MsConectado","isPartOf":{"@id":"https:\/\/msconectado.com.br\/#website"},"primaryImageOfPage":{"@id":"https:\/\/msconectado.com.br\/?p=21741#primaryimage"},"image":{"@id":"https:\/\/msconectado.com.br\/?p=21741#primaryimage"},"thumbnailUrl":"https:\/\/msconectado.com.br\/wp-content\/uploads\/2024\/04\/image-6.png","datePublished":"2024-04-05T11:36:48+00:00","dateModified":"2024-04-05T11:36:51+00:00","breadcrumb":{"@id":"https:\/\/msconectado.com.br\/?p=21741#breadcrumb"},"inLanguage":"pt-BR","potentialAction":[{"@type":"ReadAction","target":["https:\/\/msconectado.com.br\/?p=21741"]}]},{"@type":"ImageObject","inLanguage":"pt-BR","@id":"https:\/\/msconectado.com.br\/?p=21741#primaryimage","url":"https:\/\/msconectado.com.br\/wp-content\/uploads\/2024\/04\/image-6.png","contentUrl":"https:\/\/msconectado.com.br\/wp-content\/uploads\/2024\/04\/image-6.png","width":2048,"height":1365},{"@type":"BreadcrumbList","@id":"https:\/\/msconectado.com.br\/?p=21741#breadcrumb","itemListElement":[{"@type":"ListItem","position":1,"name":"In\u00edcio","item":"https:\/\/msconectado.com.br\/?page_id=105"},{"@type":"ListItem","position":2,"name":"Telefonia m\u00f3vel de Vista Alegre est\u00e1 prestes a se tornar realidade com novos rumos."}]},{"@type":"WebSite","@id":"https:\/\/msconectado.com.br\/#website","url":"https:\/\/msconectado.com.br\/","name":"MsConectado","description":"Voc\u00ea Conectado com a Not\u00edcia!","publisher":{"@id":"https:\/\/msconectado.com.br\/#organization"},"potentialAction":[{"@type":"SearchAction","target":{"@type":"EntryPoint","urlTemplate":"https:\/\/msconectado.com.br\/?s={search_term_string}"},"query-input":{"@type":"PropertyValueSpecification","valueRequired":true,"valueName":"search_term_string"}}],"inLanguage":"pt-BR"},{"@type":"Organization","@id":"https:\/\/msconectado.com.br\/#organization","name":"MsConectado","url":"https:\/\/msconectado.com.br\/","logo":{"@type":"ImageObject","inLanguage":"pt-BR","@id":"https:\/\/msconectado.com.br\/#\/schema\/logo\/image\/","url":"https:\/\/msconectado.com.br\/wp-content\/uploads\/2023\/01\/cropped-noticia-2.png","contentUrl":"https:\/\/msconectado.com.br\/wp-content\/uploads\/2023\/01\/cropped-noticia-2.png","width":720,"height":157,"caption":"MsConectado"},"image":{"@id":"https:\/\/msconectado.com.br\/#\/schema\/logo\/image\/"}},{"@type":"Person","@id":"https:\/\/msconectado.com.br\/#\/schema\/person\/e5585545b5687092f1041d350b6e2c16","name":"MsConectado","image":{"@type":"ImageObject","inLanguage":"pt-BR","@id":"https:\/\/secure.gravatar.com\/avatar\/3b4f84a0a8a4380ac4431fa79981d073692380c5da00ae97596e794ab0db5c8c?s=96&d=mm&r=g","url":"https:\/\/secure.gravatar.com\/avatar\/3b4f84a0a8a4380ac4431fa79981d073692380c5da00ae97596e794ab0db5c8c?s=96&d=mm&r=g","contentUrl":"https:\/\/secure.gravatar.com\/avatar\/3b4f84a0a8a4380ac4431fa79981d073692380c5da00ae97596e794ab0db5c8c?s=96&d=mm&r=g","caption":"MsConectado"},"url":"https:\/\/msconectado.com.br\/?author=2"}]}},"_links":{"self":[{"href":"https:\/\/msconectado.com.br\/index.php?rest_route=\/wp\/v2\/posts\/21741","targetHints":{"allow":["GET"]}}],"collection":[{"href":"https:\/\/msconectado.com.br\/index.php?rest_route=\/wp\/v2\/posts"}],"about":[{"href":"https:\/\/msconectado.com.br\/index.php?rest_route=\/wp\/v2\/types\/post"}],"author":[{"embeddable":true,"href":"https:\/\/msconectado.com.br\/index.php?rest_route=\/wp\/v2\/users\/2"}],"replies":[{"embeddable":true,"href":"https:\/\/msconectado.com.br\/index.php?rest_route=%2Fwp%2Fv2%2Fcomments&post=21741"}],"version-history":[{"count":1,"href":"https:\/\/msconectado.com.br\/index.php?rest_route=\/wp\/v2\/posts\/21741\/revisions"}],"predecessor-version":[{"id":21745,"href":"https:\/\/msconectado.com.br\/index.php?rest_route=\/wp\/v2\/posts\/21741\/revisions\/21745"}],"wp:featuredmedia":[{"embeddable":true,"href":"https:\/\/msconectado.com.br\/index.php?rest_route=\/wp\/v2\/media\/21744"}],"wp:attachment":[{"href":"https:\/\/msconectado.com.br\/index.php?rest_route=%2Fwp%2Fv2%2Fmedia&parent=21741"}],"wp:term":[{"taxonomy":"category","embeddable":true,"href":"https:\/\/msconectado.com.br\/index.php?rest_route=%2Fwp%2Fv2%2Fcategories&post=21741"},{"taxonomy":"post_tag","embeddable":true,"href":"https:\/\/msconectado.com.br\/index.php?rest_route=%2Fwp%2Fv2%2Ftags&post=21741"}],"curies":[{"name":"wp","href":"https:\/\/api.w.org\/{rel}","templated":true}]}}