
{"id":21746,"date":"2024-04-05T14:12:44","date_gmt":"2024-04-05T14:12:44","guid":{"rendered":"https:\/\/msconectado.com.br\/?p=21746"},"modified":"2024-04-05T14:12:47","modified_gmt":"2024-04-05T14:12:47","slug":"vereadores-aprovam-plano-de-cargos-e-carreiras-em-maracaju","status":"publish","type":"post","link":"https:\/\/msconectado.com.br\/?p=21746","title":{"rendered":"Vereadores aprovam plano de cargos e carreiras em Maracaju."},"content":{"rendered":"\n<p>Ap\u00f3s uma reuni\u00e3o realizada com sindicatos e membros da comiss\u00e3o respons\u00e1vel pela elabora\u00e7\u00e3o do Novo Estatuto do Servidor e dos Planos de Cargos e Sal\u00e1rios do Munic\u00edpio, o presidente da C\u00e2mara Municipal de Maracaju determinou a convoca\u00e7\u00e3o dos vereadores para uma sess\u00e3o extraordin\u00e1ria nesta sexta-feira (05) para a vota\u00e7\u00e3o do plano de cargos e carreiras ao qual foi aprovado por unanimidade pelos vereadores.<\/p>\n\n\n<div class=\"wp-block-image\">\n<figure class=\"aligncenter size-large\"><img fetchpriority=\"high\" decoding=\"async\" width=\"1024\" height=\"768\" src=\"https:\/\/msconectado.com.br\/wp-content\/uploads\/2024\/04\/plano2-1024x768.jpg\" alt=\"\" class=\"wp-image-21748\" srcset=\"https:\/\/msconectado.com.br\/wp-content\/uploads\/2024\/04\/plano2-1024x768.jpg 1024w, https:\/\/msconectado.com.br\/wp-content\/uploads\/2024\/04\/plano2-300x225.jpg 300w, https:\/\/msconectado.com.br\/wp-content\/uploads\/2024\/04\/plano2-768x576.jpg 768w, https:\/\/msconectado.com.br\/wp-content\/uploads\/2024\/04\/plano2-1536x1152.jpg 1536w, https:\/\/msconectado.com.br\/wp-content\/uploads\/2024\/04\/plano2.jpg 1600w\" sizes=\"(max-width: 1024px) 100vw, 1024px\" \/><\/figure>\n<\/div>\n\n\n<p><br>O foco da sess\u00e3o extraordin\u00e1ria ser\u00e1 a vota\u00e7\u00e3o do Projeto de Lei Complementar n\u00ba 002\/2024. Este projeto visa a altera\u00e7\u00e3o da Lei Complementar n\u00ba 004, de 21 de setembro de 1998; da Lei Complementar n\u00ba 029, de 01 de junho de 2006; da Lei Complementar n\u00ba 030, de 01 de junho de 2006; e da Lei n\u00ba 1.871, de 09 de novembro de 2016.<br>Considerando os trabalhos e estudos realizados at\u00e9 o momento para a elabora\u00e7\u00e3o do novo estatuto e dos planos de cargos e sal\u00e1rios, bem como as veda\u00e7\u00f5es estabelecidas pela Lei Eleitoral n\u00b0 9.504, de 30 de setembro de 1997, e o prazo ex\u00edguo para finaliza\u00e7\u00e3o da legisla\u00e7\u00e3o, o projeto foi encaminhado para an\u00e1lise e delibera\u00e7\u00e3o dos vereadores antes do per\u00edodo eleitoral.<br>A sess\u00e3o extraordin\u00e1ria foi uma oportunidade para os vereadores discutirem e votarem sobre as adequa\u00e7\u00f5es e altera\u00e7\u00f5es propostas, visando garantir a continuidade dos trabalhos e o cumprimento das normativas legais vigentes.<\/p>\n\n\n\n<p>Assessoria<\/p>\n\n\n<div class=\"wp-block-image\">\n<figure class=\"aligncenter size-full\"><img decoding=\"async\" width=\"900\" height=\"100\" src=\"https:\/\/msconectado.com.br\/wp-content\/uploads\/2024\/04\/ezgif.com-animated-gif-maker.gif\" alt=\"\" class=\"wp-image-21720\"\/><\/figure>\n<\/div>","protected":false},"excerpt":{"rendered":"<p>Ap\u00f3s uma reuni\u00e3o realizada com sindicatos e membros da comiss\u00e3o respons\u00e1vel pela elabora\u00e7\u00e3o do Novo Estatuto do Servidor e dos Planos de Cargos e Sal\u00e1rios do Munic\u00edpio, o presidente da C\u00e2mara Municipal de Maracaju determinou a convoca\u00e7\u00e3o dos vereadores para uma sess\u00e3o extraordin\u00e1ria nesta sexta-feira (05) para a vota\u00e7\u00e3o do plano de cargos e carreiras [&hellip;]<\/p>\n","protected":false},"author":2,"featured_media":21747,"comment_status":"open","ping_status":"closed","sticky":false,"template":"","format":"standard","meta":{"footnotes":""},"categories":[1,33],"tags":[],"class_list":["post-21746","post","type-post","status-publish","format-standard","has-post-thumbnail","hentry","category-noticia","category-politica"],"yoast_head":"<!-- This site is optimized with the Yoast SEO plugin v27.5 - https:\/\/yoast.com\/product\/yoast-seo-wordpress\/ -->\n<title>Vereadores aprovam plano de cargos e carreiras em Maracaju. - MsConectado<\/title>\n<meta name=\"robots\" content=\"index, follow, max-snippet:-1, max-image-preview:large, max-video-preview:-1\" \/>\n<link rel=\"canonical\" href=\"https:\/\/msconectado.com.br\/?p=21746\" \/>\n<meta property=\"og:locale\" content=\"pt_BR\" \/>\n<meta property=\"og:type\" content=\"article\" \/>\n<meta property=\"og:title\" content=\"Vereadores aprovam plano de cargos e carreiras em Maracaju. - MsConectado\" \/>\n<meta property=\"og:description\" content=\"Ap\u00f3s uma reuni\u00e3o realizada com sindicatos e membros da comiss\u00e3o respons\u00e1vel pela elabora\u00e7\u00e3o do Novo Estatuto do Servidor e dos Planos de Cargos e Sal\u00e1rios do Munic\u00edpio, o presidente da C\u00e2mara Municipal de Maracaju determinou a convoca\u00e7\u00e3o dos vereadores para uma sess\u00e3o extraordin\u00e1ria nesta sexta-feira (05) para a vota\u00e7\u00e3o do plano de cargos e carreiras [&hellip;]\" \/>\n<meta property=\"og:url\" content=\"https:\/\/msconectado.com.br\/?p=21746\" \/>\n<meta property=\"og:site_name\" content=\"MsConectado\" \/>\n<meta property=\"article:published_time\" content=\"2024-04-05T14:12:44+00:00\" \/>\n<meta property=\"article:modified_time\" content=\"2024-04-05T14:12:47+00:00\" \/>\n<meta property=\"og:image\" content=\"https:\/\/msconectado.com.br\/wp-content\/uploads\/2024\/04\/plano1.jpg\" \/>\n\t<meta property=\"og:image:width\" content=\"1600\" \/>\n\t<meta property=\"og:image:height\" content=\"1200\" \/>\n\t<meta property=\"og:image:type\" content=\"image\/jpeg\" \/>\n<meta name=\"author\" content=\"MsConectado\" \/>\n<meta name=\"twitter:card\" content=\"summary_large_image\" \/>\n<meta name=\"twitter:label1\" content=\"Escrito por\" \/>\n\t<meta name=\"twitter:data1\" content=\"MsConectado\" \/>\n\t<meta name=\"twitter:label2\" content=\"Est. tempo de leitura\" \/>\n\t<meta name=\"twitter:data2\" content=\"1 minuto\" \/>\n<script type=\"application\/ld+json\" class=\"yoast-schema-graph\">{\"@context\":\"https:\\\/\\\/schema.org\",\"@graph\":[{\"@type\":\"Article\",\"@id\":\"https:\\\/\\\/msconectado.com.br\\\/?p=21746#article\",\"isPartOf\":{\"@id\":\"https:\\\/\\\/msconectado.com.br\\\/?p=21746\"},\"author\":{\"name\":\"MsConectado\",\"@id\":\"https:\\\/\\\/msconectado.com.br\\\/#\\\/schema\\\/person\\\/e5585545b5687092f1041d350b6e2c16\"},\"headline\":\"Vereadores aprovam plano de cargos e carreiras em Maracaju.\",\"datePublished\":\"2024-04-05T14:12:44+00:00\",\"dateModified\":\"2024-04-05T14:12:47+00:00\",\"mainEntityOfPage\":{\"@id\":\"https:\\\/\\\/msconectado.com.br\\\/?p=21746\"},\"wordCount\":240,\"commentCount\":0,\"publisher\":{\"@id\":\"https:\\\/\\\/msconectado.com.br\\\/#organization\"},\"image\":{\"@id\":\"https:\\\/\\\/msconectado.com.br\\\/?p=21746#primaryimage\"},\"thumbnailUrl\":\"https:\\\/\\\/msconectado.com.br\\\/wp-content\\\/uploads\\\/2024\\\/04\\\/plano1.jpg\",\"articleSection\":[\"Not\u00edcia\",\"Pol\u00edtica\"],\"inLanguage\":\"pt-BR\",\"potentialAction\":[{\"@type\":\"CommentAction\",\"name\":\"Comment\",\"target\":[\"https:\\\/\\\/msconectado.com.br\\\/?p=21746#respond\"]}]},{\"@type\":\"WebPage\",\"@id\":\"https:\\\/\\\/msconectado.com.br\\\/?p=21746\",\"url\":\"https:\\\/\\\/msconectado.com.br\\\/?p=21746\",\"name\":\"Vereadores aprovam plano de cargos e carreiras em Maracaju. - MsConectado\",\"isPartOf\":{\"@id\":\"https:\\\/\\\/msconectado.com.br\\\/#website\"},\"primaryImageOfPage\":{\"@id\":\"https:\\\/\\\/msconectado.com.br\\\/?p=21746#primaryimage\"},\"image\":{\"@id\":\"https:\\\/\\\/msconectado.com.br\\\/?p=21746#primaryimage\"},\"thumbnailUrl\":\"https:\\\/\\\/msconectado.com.br\\\/wp-content\\\/uploads\\\/2024\\\/04\\\/plano1.jpg\",\"datePublished\":\"2024-04-05T14:12:44+00:00\",\"dateModified\":\"2024-04-05T14:12:47+00:00\",\"breadcrumb\":{\"@id\":\"https:\\\/\\\/msconectado.com.br\\\/?p=21746#breadcrumb\"},\"inLanguage\":\"pt-BR\",\"potentialAction\":[{\"@type\":\"ReadAction\",\"target\":[\"https:\\\/\\\/msconectado.com.br\\\/?p=21746\"]}]},{\"@type\":\"ImageObject\",\"inLanguage\":\"pt-BR\",\"@id\":\"https:\\\/\\\/msconectado.com.br\\\/?p=21746#primaryimage\",\"url\":\"https:\\\/\\\/msconectado.com.br\\\/wp-content\\\/uploads\\\/2024\\\/04\\\/plano1.jpg\",\"contentUrl\":\"https:\\\/\\\/msconectado.com.br\\\/wp-content\\\/uploads\\\/2024\\\/04\\\/plano1.jpg\",\"width\":1600,\"height\":1200},{\"@type\":\"BreadcrumbList\",\"@id\":\"https:\\\/\\\/msconectado.com.br\\\/?p=21746#breadcrumb\",\"itemListElement\":[{\"@type\":\"ListItem\",\"position\":1,\"name\":\"In\u00edcio\",\"item\":\"https:\\\/\\\/msconectado.com.br\\\/?page_id=105\"},{\"@type\":\"ListItem\",\"position\":2,\"name\":\"Vereadores aprovam plano de cargos e carreiras em Maracaju.\"}]},{\"@type\":\"WebSite\",\"@id\":\"https:\\\/\\\/msconectado.com.br\\\/#website\",\"url\":\"https:\\\/\\\/msconectado.com.br\\\/\",\"name\":\"MsConectado\",\"description\":\"Voc\u00ea Conectado com a Not\u00edcia!\",\"publisher\":{\"@id\":\"https:\\\/\\\/msconectado.com.br\\\/#organization\"},\"potentialAction\":[{\"@type\":\"SearchAction\",\"target\":{\"@type\":\"EntryPoint\",\"urlTemplate\":\"https:\\\/\\\/msconectado.com.br\\\/?s={search_term_string}\"},\"query-input\":{\"@type\":\"PropertyValueSpecification\",\"valueRequired\":true,\"valueName\":\"search_term_string\"}}],\"inLanguage\":\"pt-BR\"},{\"@type\":\"Organization\",\"@id\":\"https:\\\/\\\/msconectado.com.br\\\/#organization\",\"name\":\"MsConectado\",\"url\":\"https:\\\/\\\/msconectado.com.br\\\/\",\"logo\":{\"@type\":\"ImageObject\",\"inLanguage\":\"pt-BR\",\"@id\":\"https:\\\/\\\/msconectado.com.br\\\/#\\\/schema\\\/logo\\\/image\\\/\",\"url\":\"https:\\\/\\\/msconectado.com.br\\\/wp-content\\\/uploads\\\/2023\\\/01\\\/cropped-noticia-2.png\",\"contentUrl\":\"https:\\\/\\\/msconectado.com.br\\\/wp-content\\\/uploads\\\/2023\\\/01\\\/cropped-noticia-2.png\",\"width\":720,\"height\":157,\"caption\":\"MsConectado\"},\"image\":{\"@id\":\"https:\\\/\\\/msconectado.com.br\\\/#\\\/schema\\\/logo\\\/image\\\/\"}},{\"@type\":\"Person\",\"@id\":\"https:\\\/\\\/msconectado.com.br\\\/#\\\/schema\\\/person\\\/e5585545b5687092f1041d350b6e2c16\",\"name\":\"MsConectado\",\"image\":{\"@type\":\"ImageObject\",\"inLanguage\":\"pt-BR\",\"@id\":\"https:\\\/\\\/secure.gravatar.com\\\/avatar\\\/3b4f84a0a8a4380ac4431fa79981d073692380c5da00ae97596e794ab0db5c8c?s=96&d=mm&r=g\",\"url\":\"https:\\\/\\\/secure.gravatar.com\\\/avatar\\\/3b4f84a0a8a4380ac4431fa79981d073692380c5da00ae97596e794ab0db5c8c?s=96&d=mm&r=g\",\"contentUrl\":\"https:\\\/\\\/secure.gravatar.com\\\/avatar\\\/3b4f84a0a8a4380ac4431fa79981d073692380c5da00ae97596e794ab0db5c8c?s=96&d=mm&r=g\",\"caption\":\"MsConectado\"},\"url\":\"https:\\\/\\\/msconectado.com.br\\\/?author=2\"}]}<\/script>\n<!-- \/ Yoast SEO plugin. -->","yoast_head_json":{"title":"Vereadores aprovam plano de cargos e carreiras em Maracaju. - MsConectado","robots":{"index":"index","follow":"follow","max-snippet":"max-snippet:-1","max-image-preview":"max-image-preview:large","max-video-preview":"max-video-preview:-1"},"canonical":"https:\/\/msconectado.com.br\/?p=21746","og_locale":"pt_BR","og_type":"article","og_title":"Vereadores aprovam plano de cargos e carreiras em Maracaju. - MsConectado","og_description":"Ap\u00f3s uma reuni\u00e3o realizada com sindicatos e membros da comiss\u00e3o respons\u00e1vel pela elabora\u00e7\u00e3o do Novo Estatuto do Servidor e dos Planos de Cargos e Sal\u00e1rios do Munic\u00edpio, o presidente da C\u00e2mara Municipal de Maracaju determinou a convoca\u00e7\u00e3o dos vereadores para uma sess\u00e3o extraordin\u00e1ria nesta sexta-feira (05) para a vota\u00e7\u00e3o do plano de cargos e carreiras [&hellip;]","og_url":"https:\/\/msconectado.com.br\/?p=21746","og_site_name":"MsConectado","article_published_time":"2024-04-05T14:12:44+00:00","article_modified_time":"2024-04-05T14:12:47+00:00","og_image":[{"width":1600,"height":1200,"url":"https:\/\/msconectado.com.br\/wp-content\/uploads\/2024\/04\/plano1.jpg","type":"image\/jpeg"}],"author":"MsConectado","twitter_card":"summary_large_image","twitter_misc":{"Escrito por":"MsConectado","Est. tempo de leitura":"1 minuto"},"schema":{"@context":"https:\/\/schema.org","@graph":[{"@type":"Article","@id":"https:\/\/msconectado.com.br\/?p=21746#article","isPartOf":{"@id":"https:\/\/msconectado.com.br\/?p=21746"},"author":{"name":"MsConectado","@id":"https:\/\/msconectado.com.br\/#\/schema\/person\/e5585545b5687092f1041d350b6e2c16"},"headline":"Vereadores aprovam plano de cargos e carreiras em Maracaju.","datePublished":"2024-04-05T14:12:44+00:00","dateModified":"2024-04-05T14:12:47+00:00","mainEntityOfPage":{"@id":"https:\/\/msconectado.com.br\/?p=21746"},"wordCount":240,"commentCount":0,"publisher":{"@id":"https:\/\/msconectado.com.br\/#organization"},"image":{"@id":"https:\/\/msconectado.com.br\/?p=21746#primaryimage"},"thumbnailUrl":"https:\/\/msconectado.com.br\/wp-content\/uploads\/2024\/04\/plano1.jpg","articleSection":["Not\u00edcia","Pol\u00edtica"],"inLanguage":"pt-BR","potentialAction":[{"@type":"CommentAction","name":"Comment","target":["https:\/\/msconectado.com.br\/?p=21746#respond"]}]},{"@type":"WebPage","@id":"https:\/\/msconectado.com.br\/?p=21746","url":"https:\/\/msconectado.com.br\/?p=21746","name":"Vereadores aprovam plano de cargos e carreiras em Maracaju. - MsConectado","isPartOf":{"@id":"https:\/\/msconectado.com.br\/#website"},"primaryImageOfPage":{"@id":"https:\/\/msconectado.com.br\/?p=21746#primaryimage"},"image":{"@id":"https:\/\/msconectado.com.br\/?p=21746#primaryimage"},"thumbnailUrl":"https:\/\/msconectado.com.br\/wp-content\/uploads\/2024\/04\/plano1.jpg","datePublished":"2024-04-05T14:12:44+00:00","dateModified":"2024-04-05T14:12:47+00:00","breadcrumb":{"@id":"https:\/\/msconectado.com.br\/?p=21746#breadcrumb"},"inLanguage":"pt-BR","potentialAction":[{"@type":"ReadAction","target":["https:\/\/msconectado.com.br\/?p=21746"]}]},{"@type":"ImageObject","inLanguage":"pt-BR","@id":"https:\/\/msconectado.com.br\/?p=21746#primaryimage","url":"https:\/\/msconectado.com.br\/wp-content\/uploads\/2024\/04\/plano1.jpg","contentUrl":"https:\/\/msconectado.com.br\/wp-content\/uploads\/2024\/04\/plano1.jpg","width":1600,"height":1200},{"@type":"BreadcrumbList","@id":"https:\/\/msconectado.com.br\/?p=21746#breadcrumb","itemListElement":[{"@type":"ListItem","position":1,"name":"In\u00edcio","item":"https:\/\/msconectado.com.br\/?page_id=105"},{"@type":"ListItem","position":2,"name":"Vereadores aprovam plano de cargos e carreiras em Maracaju."}]},{"@type":"WebSite","@id":"https:\/\/msconectado.com.br\/#website","url":"https:\/\/msconectado.com.br\/","name":"MsConectado","description":"Voc\u00ea Conectado com a Not\u00edcia!","publisher":{"@id":"https:\/\/msconectado.com.br\/#organization"},"potentialAction":[{"@type":"SearchAction","target":{"@type":"EntryPoint","urlTemplate":"https:\/\/msconectado.com.br\/?s={search_term_string}"},"query-input":{"@type":"PropertyValueSpecification","valueRequired":true,"valueName":"search_term_string"}}],"inLanguage":"pt-BR"},{"@type":"Organization","@id":"https:\/\/msconectado.com.br\/#organization","name":"MsConectado","url":"https:\/\/msconectado.com.br\/","logo":{"@type":"ImageObject","inLanguage":"pt-BR","@id":"https:\/\/msconectado.com.br\/#\/schema\/logo\/image\/","url":"https:\/\/msconectado.com.br\/wp-content\/uploads\/2023\/01\/cropped-noticia-2.png","contentUrl":"https:\/\/msconectado.com.br\/wp-content\/uploads\/2023\/01\/cropped-noticia-2.png","width":720,"height":157,"caption":"MsConectado"},"image":{"@id":"https:\/\/msconectado.com.br\/#\/schema\/logo\/image\/"}},{"@type":"Person","@id":"https:\/\/msconectado.com.br\/#\/schema\/person\/e5585545b5687092f1041d350b6e2c16","name":"MsConectado","image":{"@type":"ImageObject","inLanguage":"pt-BR","@id":"https:\/\/secure.gravatar.com\/avatar\/3b4f84a0a8a4380ac4431fa79981d073692380c5da00ae97596e794ab0db5c8c?s=96&d=mm&r=g","url":"https:\/\/secure.gravatar.com\/avatar\/3b4f84a0a8a4380ac4431fa79981d073692380c5da00ae97596e794ab0db5c8c?s=96&d=mm&r=g","contentUrl":"https:\/\/secure.gravatar.com\/avatar\/3b4f84a0a8a4380ac4431fa79981d073692380c5da00ae97596e794ab0db5c8c?s=96&d=mm&r=g","caption":"MsConectado"},"url":"https:\/\/msconectado.com.br\/?author=2"}]}},"_links":{"self":[{"href":"https:\/\/msconectado.com.br\/index.php?rest_route=\/wp\/v2\/posts\/21746","targetHints":{"allow":["GET"]}}],"collection":[{"href":"https:\/\/msconectado.com.br\/index.php?rest_route=\/wp\/v2\/posts"}],"about":[{"href":"https:\/\/msconectado.com.br\/index.php?rest_route=\/wp\/v2\/types\/post"}],"author":[{"embeddable":true,"href":"https:\/\/msconectado.com.br\/index.php?rest_route=\/wp\/v2\/users\/2"}],"replies":[{"embeddable":true,"href":"https:\/\/msconectado.com.br\/index.php?rest_route=%2Fwp%2Fv2%2Fcomments&post=21746"}],"version-history":[{"count":1,"href":"https:\/\/msconectado.com.br\/index.php?rest_route=\/wp\/v2\/posts\/21746\/revisions"}],"predecessor-version":[{"id":21749,"href":"https:\/\/msconectado.com.br\/index.php?rest_route=\/wp\/v2\/posts\/21746\/revisions\/21749"}],"wp:featuredmedia":[{"embeddable":true,"href":"https:\/\/msconectado.com.br\/index.php?rest_route=\/wp\/v2\/media\/21747"}],"wp:attachment":[{"href":"https:\/\/msconectado.com.br\/index.php?rest_route=%2Fwp%2Fv2%2Fmedia&parent=21746"}],"wp:term":[{"taxonomy":"category","embeddable":true,"href":"https:\/\/msconectado.com.br\/index.php?rest_route=%2Fwp%2Fv2%2Fcategories&post=21746"},{"taxonomy":"post_tag","embeddable":true,"href":"https:\/\/msconectado.com.br\/index.php?rest_route=%2Fwp%2Fv2%2Ftags&post=21746"}],"curies":[{"name":"wp","href":"https:\/\/api.w.org\/{rel}","templated":true}]}}