
{"id":21771,"date":"2024-04-06T17:32:14","date_gmt":"2024-04-06T17:32:14","guid":{"rendered":"https:\/\/msconectado.com.br\/?p=21771"},"modified":"2024-04-06T17:32:16","modified_gmt":"2024-04-06T17:32:16","slug":"lancamento-da-campanha-seu-abraco-aquece-doe-calor-e-faca-o-bem","status":"publish","type":"post","link":"https:\/\/msconectado.com.br\/?p=21771","title":{"rendered":"Lan\u00e7amento da campanha \u201cSeu Abra\u00e7o Aquece: doe calor e fa\u00e7a o bem\u201d"},"content":{"rendered":"\n<p>Na tarde de hoje (05\/04), a Subcomandante-Geral da Pol\u00edcia Militar do Estado de Mato Grosso do Sul (PMMS), Coronel PM Neidy Nunes Barbosa Centuri\u00e3o, esteve presente no lan\u00e7amento da campanha do agasalho de nome \u201cSeu Abra\u00e7o Aquece: doe calor e fa\u00e7a o bem\u201d, uma iniciativa do Governo do Estado, realizada em parceria com a Secretaria de Administra\u00e7\u00e3o (SAD) e que tem a primeira-dama, M\u00f4nica Riedel, como madrinha.<\/p>\n\n\n<div class=\"wp-block-image\">\n<figure class=\"aligncenter\"><img decoding=\"async\" src=\"https:\/\/www.pm.ms.gov.br\/wp-content\/uploads\/2024\/04\/IMG_8180-856x571.jpg\" alt=\"\" class=\"wp-image-389956\"\/><\/figure>\n<\/div>\n\n\n<p>O evento ocorreu no Centro de Conven\u00e7\u00f5es Rubens Gil de Camillo e \u00e9 uma campanha direcionada \u00e0s fam\u00edlias em situa\u00e7\u00e3o de vulnerabilidade social onde&nbsp;arrecada pe\u00e7as de roupas, cobertores, agasalhos, luvas, cachec\u00f3is, camisas, meias, sapatos e outros itens de inverno novos ou em bom estado de conserva\u00e7\u00e3o.<\/p>\n\n\n\n<p>O lan\u00e7amento da campanha tamb\u00e9m contou com a presen\u00e7a do Governador do Estado de Mato Grosso do Sul, Eduardo Riedel, tendo como objetivo&nbsp;promover o envolvimento dos servidores p\u00fablicos do poder executivo estadual em a\u00e7\u00f5es sociais, que estimulam o comportamento cooperativo e solid\u00e1rio.<\/p>\n\n\n\n<p>Iniciada entre os servidores p\u00fablicos, toda a sociedade participa da campanha. Em 2024, dez institui\u00e7\u00f5es parceiras fazem correaliza\u00e7\u00e3o com o governo do Estado de Mato Grosso do Sul. Caixas de arrecada\u00e7\u00e3o ser\u00e3o colocadas em todas as secretarias, autarquias e funda\u00e7\u00f5es, al\u00e9m dos pontos de coleta nas institui\u00e7\u00f5es parceiras.<\/p>\n\n\n\n<p>Na \u00faltima edi\u00e7\u00e3o, a campanha \u201cSeu Abra\u00e7o Aquece\u201d arrecadou 127.759 itens de inverno que foram destinados a 218 institui\u00e7\u00f5es. Os itens arrecadados se juntaram aos 100 mil cobertores adquiridos pelo Governo do Estado para serem distribu\u00eddos aos 79 munic\u00edpios de Mato Grosso do Sul.<\/p>\n\n\n\n<p><em>Texto e imagens:\u00a0<\/em><strong><em>Assessoria de Comunica\u00e7\u00e3o da PMMS<\/em><\/strong><\/p>\n\n\n<div class=\"wp-block-image\">\n<figure class=\"aligncenter size-full\"><img fetchpriority=\"high\" decoding=\"async\" width=\"900\" height=\"100\" src=\"https:\/\/msconectado.com.br\/wp-content\/uploads\/2024\/04\/ezgif.com-animated-gif-maker.gif\" alt=\"\" class=\"wp-image-21720\"\/><\/figure>\n<\/div>","protected":false},"excerpt":{"rendered":"<p>Na tarde de hoje (05\/04), a Subcomandante-Geral da Pol\u00edcia Militar do Estado de Mato Grosso do Sul (PMMS), Coronel PM Neidy Nunes Barbosa Centuri\u00e3o, esteve presente no lan\u00e7amento da campanha do agasalho de nome \u201cSeu Abra\u00e7o Aquece: doe calor e fa\u00e7a o bem\u201d, uma iniciativa do Governo do Estado, realizada em parceria com a Secretaria [&hellip;]<\/p>\n","protected":false},"author":2,"featured_media":21772,"comment_status":"open","ping_status":"closed","sticky":false,"template":"","format":"standard","meta":{"footnotes":""},"categories":[1,33],"tags":[],"class_list":["post-21771","post","type-post","status-publish","format-standard","has-post-thumbnail","hentry","category-noticia","category-politica"],"yoast_head":"<!-- This site is optimized with the Yoast SEO plugin v27.5 - https:\/\/yoast.com\/product\/yoast-seo-wordpress\/ -->\n<title>Lan\u00e7amento da campanha \u201cSeu Abra\u00e7o Aquece: doe calor e fa\u00e7a o bem\u201d - MsConectado<\/title>\n<meta name=\"robots\" content=\"index, follow, max-snippet:-1, max-image-preview:large, max-video-preview:-1\" \/>\n<link rel=\"canonical\" href=\"https:\/\/msconectado.com.br\/?p=21771\" \/>\n<meta property=\"og:locale\" content=\"pt_BR\" \/>\n<meta property=\"og:type\" content=\"article\" \/>\n<meta property=\"og:title\" content=\"Lan\u00e7amento da campanha \u201cSeu Abra\u00e7o Aquece: doe calor e fa\u00e7a o bem\u201d - MsConectado\" \/>\n<meta property=\"og:description\" content=\"Na tarde de hoje (05\/04), a Subcomandante-Geral da Pol\u00edcia Militar do Estado de Mato Grosso do Sul (PMMS), Coronel PM Neidy Nunes Barbosa Centuri\u00e3o, esteve presente no lan\u00e7amento da campanha do agasalho de nome \u201cSeu Abra\u00e7o Aquece: doe calor e fa\u00e7a o bem\u201d, uma iniciativa do Governo do Estado, realizada em parceria com a Secretaria [&hellip;]\" \/>\n<meta property=\"og:url\" content=\"https:\/\/msconectado.com.br\/?p=21771\" \/>\n<meta property=\"og:site_name\" content=\"MsConectado\" \/>\n<meta property=\"article:published_time\" content=\"2024-04-06T17:32:14+00:00\" \/>\n<meta property=\"article:modified_time\" content=\"2024-04-06T17:32:16+00:00\" \/>\n<meta property=\"og:image\" content=\"https:\/\/msconectado.com.br\/wp-content\/uploads\/2024\/04\/IMG_8247-1.jpg\" \/>\n\t<meta property=\"og:image:width\" content=\"1506\" \/>\n\t<meta property=\"og:image:height\" content=\"1004\" \/>\n\t<meta property=\"og:image:type\" content=\"image\/jpeg\" \/>\n<meta name=\"author\" content=\"MsConectado\" \/>\n<meta name=\"twitter:card\" content=\"summary_large_image\" \/>\n<meta name=\"twitter:label1\" content=\"Escrito por\" \/>\n\t<meta name=\"twitter:data1\" content=\"MsConectado\" \/>\n\t<meta name=\"twitter:label2\" content=\"Est. tempo de leitura\" \/>\n\t<meta name=\"twitter:data2\" content=\"1 minuto\" \/>\n<script type=\"application\/ld+json\" class=\"yoast-schema-graph\">{\"@context\":\"https:\\\/\\\/schema.org\",\"@graph\":[{\"@type\":\"Article\",\"@id\":\"https:\\\/\\\/msconectado.com.br\\\/?p=21771#article\",\"isPartOf\":{\"@id\":\"https:\\\/\\\/msconectado.com.br\\\/?p=21771\"},\"author\":{\"name\":\"MsConectado\",\"@id\":\"https:\\\/\\\/msconectado.com.br\\\/#\\\/schema\\\/person\\\/e5585545b5687092f1041d350b6e2c16\"},\"headline\":\"Lan\u00e7amento da campanha \u201cSeu Abra\u00e7o Aquece: doe calor e fa\u00e7a o bem\u201d\",\"datePublished\":\"2024-04-06T17:32:14+00:00\",\"dateModified\":\"2024-04-06T17:32:16+00:00\",\"mainEntityOfPage\":{\"@id\":\"https:\\\/\\\/msconectado.com.br\\\/?p=21771\"},\"wordCount\":300,\"commentCount\":0,\"publisher\":{\"@id\":\"https:\\\/\\\/msconectado.com.br\\\/#organization\"},\"image\":{\"@id\":\"https:\\\/\\\/msconectado.com.br\\\/?p=21771#primaryimage\"},\"thumbnailUrl\":\"https:\\\/\\\/msconectado.com.br\\\/wp-content\\\/uploads\\\/2024\\\/04\\\/IMG_8247-1.jpg\",\"articleSection\":[\"Not\u00edcia\",\"Pol\u00edtica\"],\"inLanguage\":\"pt-BR\",\"potentialAction\":[{\"@type\":\"CommentAction\",\"name\":\"Comment\",\"target\":[\"https:\\\/\\\/msconectado.com.br\\\/?p=21771#respond\"]}]},{\"@type\":\"WebPage\",\"@id\":\"https:\\\/\\\/msconectado.com.br\\\/?p=21771\",\"url\":\"https:\\\/\\\/msconectado.com.br\\\/?p=21771\",\"name\":\"Lan\u00e7amento da campanha \u201cSeu Abra\u00e7o Aquece: doe calor e fa\u00e7a o bem\u201d - MsConectado\",\"isPartOf\":{\"@id\":\"https:\\\/\\\/msconectado.com.br\\\/#website\"},\"primaryImageOfPage\":{\"@id\":\"https:\\\/\\\/msconectado.com.br\\\/?p=21771#primaryimage\"},\"image\":{\"@id\":\"https:\\\/\\\/msconectado.com.br\\\/?p=21771#primaryimage\"},\"thumbnailUrl\":\"https:\\\/\\\/msconectado.com.br\\\/wp-content\\\/uploads\\\/2024\\\/04\\\/IMG_8247-1.jpg\",\"datePublished\":\"2024-04-06T17:32:14+00:00\",\"dateModified\":\"2024-04-06T17:32:16+00:00\",\"breadcrumb\":{\"@id\":\"https:\\\/\\\/msconectado.com.br\\\/?p=21771#breadcrumb\"},\"inLanguage\":\"pt-BR\",\"potentialAction\":[{\"@type\":\"ReadAction\",\"target\":[\"https:\\\/\\\/msconectado.com.br\\\/?p=21771\"]}]},{\"@type\":\"ImageObject\",\"inLanguage\":\"pt-BR\",\"@id\":\"https:\\\/\\\/msconectado.com.br\\\/?p=21771#primaryimage\",\"url\":\"https:\\\/\\\/msconectado.com.br\\\/wp-content\\\/uploads\\\/2024\\\/04\\\/IMG_8247-1.jpg\",\"contentUrl\":\"https:\\\/\\\/msconectado.com.br\\\/wp-content\\\/uploads\\\/2024\\\/04\\\/IMG_8247-1.jpg\",\"width\":1506,\"height\":1004},{\"@type\":\"BreadcrumbList\",\"@id\":\"https:\\\/\\\/msconectado.com.br\\\/?p=21771#breadcrumb\",\"itemListElement\":[{\"@type\":\"ListItem\",\"position\":1,\"name\":\"In\u00edcio\",\"item\":\"https:\\\/\\\/msconectado.com.br\\\/?page_id=105\"},{\"@type\":\"ListItem\",\"position\":2,\"name\":\"Lan\u00e7amento da campanha \u201cSeu Abra\u00e7o Aquece: doe calor e fa\u00e7a o bem\u201d\"}]},{\"@type\":\"WebSite\",\"@id\":\"https:\\\/\\\/msconectado.com.br\\\/#website\",\"url\":\"https:\\\/\\\/msconectado.com.br\\\/\",\"name\":\"MsConectado\",\"description\":\"Voc\u00ea Conectado com a Not\u00edcia!\",\"publisher\":{\"@id\":\"https:\\\/\\\/msconectado.com.br\\\/#organization\"},\"potentialAction\":[{\"@type\":\"SearchAction\",\"target\":{\"@type\":\"EntryPoint\",\"urlTemplate\":\"https:\\\/\\\/msconectado.com.br\\\/?s={search_term_string}\"},\"query-input\":{\"@type\":\"PropertyValueSpecification\",\"valueRequired\":true,\"valueName\":\"search_term_string\"}}],\"inLanguage\":\"pt-BR\"},{\"@type\":\"Organization\",\"@id\":\"https:\\\/\\\/msconectado.com.br\\\/#organization\",\"name\":\"MsConectado\",\"url\":\"https:\\\/\\\/msconectado.com.br\\\/\",\"logo\":{\"@type\":\"ImageObject\",\"inLanguage\":\"pt-BR\",\"@id\":\"https:\\\/\\\/msconectado.com.br\\\/#\\\/schema\\\/logo\\\/image\\\/\",\"url\":\"https:\\\/\\\/msconectado.com.br\\\/wp-content\\\/uploads\\\/2023\\\/01\\\/cropped-noticia-2.png\",\"contentUrl\":\"https:\\\/\\\/msconectado.com.br\\\/wp-content\\\/uploads\\\/2023\\\/01\\\/cropped-noticia-2.png\",\"width\":720,\"height\":157,\"caption\":\"MsConectado\"},\"image\":{\"@id\":\"https:\\\/\\\/msconectado.com.br\\\/#\\\/schema\\\/logo\\\/image\\\/\"}},{\"@type\":\"Person\",\"@id\":\"https:\\\/\\\/msconectado.com.br\\\/#\\\/schema\\\/person\\\/e5585545b5687092f1041d350b6e2c16\",\"name\":\"MsConectado\",\"image\":{\"@type\":\"ImageObject\",\"inLanguage\":\"pt-BR\",\"@id\":\"https:\\\/\\\/secure.gravatar.com\\\/avatar\\\/3b4f84a0a8a4380ac4431fa79981d073692380c5da00ae97596e794ab0db5c8c?s=96&d=mm&r=g\",\"url\":\"https:\\\/\\\/secure.gravatar.com\\\/avatar\\\/3b4f84a0a8a4380ac4431fa79981d073692380c5da00ae97596e794ab0db5c8c?s=96&d=mm&r=g\",\"contentUrl\":\"https:\\\/\\\/secure.gravatar.com\\\/avatar\\\/3b4f84a0a8a4380ac4431fa79981d073692380c5da00ae97596e794ab0db5c8c?s=96&d=mm&r=g\",\"caption\":\"MsConectado\"},\"url\":\"https:\\\/\\\/msconectado.com.br\\\/?author=2\"}]}<\/script>\n<!-- \/ Yoast SEO plugin. -->","yoast_head_json":{"title":"Lan\u00e7amento da campanha \u201cSeu Abra\u00e7o Aquece: doe calor e fa\u00e7a o bem\u201d - MsConectado","robots":{"index":"index","follow":"follow","max-snippet":"max-snippet:-1","max-image-preview":"max-image-preview:large","max-video-preview":"max-video-preview:-1"},"canonical":"https:\/\/msconectado.com.br\/?p=21771","og_locale":"pt_BR","og_type":"article","og_title":"Lan\u00e7amento da campanha \u201cSeu Abra\u00e7o Aquece: doe calor e fa\u00e7a o bem\u201d - MsConectado","og_description":"Na tarde de hoje (05\/04), a Subcomandante-Geral da Pol\u00edcia Militar do Estado de Mato Grosso do Sul (PMMS), Coronel PM Neidy Nunes Barbosa Centuri\u00e3o, esteve presente no lan\u00e7amento da campanha do agasalho de nome \u201cSeu Abra\u00e7o Aquece: doe calor e fa\u00e7a o bem\u201d, uma iniciativa do Governo do Estado, realizada em parceria com a Secretaria [&hellip;]","og_url":"https:\/\/msconectado.com.br\/?p=21771","og_site_name":"MsConectado","article_published_time":"2024-04-06T17:32:14+00:00","article_modified_time":"2024-04-06T17:32:16+00:00","og_image":[{"width":1506,"height":1004,"url":"https:\/\/msconectado.com.br\/wp-content\/uploads\/2024\/04\/IMG_8247-1.jpg","type":"image\/jpeg"}],"author":"MsConectado","twitter_card":"summary_large_image","twitter_misc":{"Escrito por":"MsConectado","Est. tempo de leitura":"1 minuto"},"schema":{"@context":"https:\/\/schema.org","@graph":[{"@type":"Article","@id":"https:\/\/msconectado.com.br\/?p=21771#article","isPartOf":{"@id":"https:\/\/msconectado.com.br\/?p=21771"},"author":{"name":"MsConectado","@id":"https:\/\/msconectado.com.br\/#\/schema\/person\/e5585545b5687092f1041d350b6e2c16"},"headline":"Lan\u00e7amento da campanha \u201cSeu Abra\u00e7o Aquece: doe calor e fa\u00e7a o bem\u201d","datePublished":"2024-04-06T17:32:14+00:00","dateModified":"2024-04-06T17:32:16+00:00","mainEntityOfPage":{"@id":"https:\/\/msconectado.com.br\/?p=21771"},"wordCount":300,"commentCount":0,"publisher":{"@id":"https:\/\/msconectado.com.br\/#organization"},"image":{"@id":"https:\/\/msconectado.com.br\/?p=21771#primaryimage"},"thumbnailUrl":"https:\/\/msconectado.com.br\/wp-content\/uploads\/2024\/04\/IMG_8247-1.jpg","articleSection":["Not\u00edcia","Pol\u00edtica"],"inLanguage":"pt-BR","potentialAction":[{"@type":"CommentAction","name":"Comment","target":["https:\/\/msconectado.com.br\/?p=21771#respond"]}]},{"@type":"WebPage","@id":"https:\/\/msconectado.com.br\/?p=21771","url":"https:\/\/msconectado.com.br\/?p=21771","name":"Lan\u00e7amento da campanha \u201cSeu Abra\u00e7o Aquece: doe calor e fa\u00e7a o bem\u201d - MsConectado","isPartOf":{"@id":"https:\/\/msconectado.com.br\/#website"},"primaryImageOfPage":{"@id":"https:\/\/msconectado.com.br\/?p=21771#primaryimage"},"image":{"@id":"https:\/\/msconectado.com.br\/?p=21771#primaryimage"},"thumbnailUrl":"https:\/\/msconectado.com.br\/wp-content\/uploads\/2024\/04\/IMG_8247-1.jpg","datePublished":"2024-04-06T17:32:14+00:00","dateModified":"2024-04-06T17:32:16+00:00","breadcrumb":{"@id":"https:\/\/msconectado.com.br\/?p=21771#breadcrumb"},"inLanguage":"pt-BR","potentialAction":[{"@type":"ReadAction","target":["https:\/\/msconectado.com.br\/?p=21771"]}]},{"@type":"ImageObject","inLanguage":"pt-BR","@id":"https:\/\/msconectado.com.br\/?p=21771#primaryimage","url":"https:\/\/msconectado.com.br\/wp-content\/uploads\/2024\/04\/IMG_8247-1.jpg","contentUrl":"https:\/\/msconectado.com.br\/wp-content\/uploads\/2024\/04\/IMG_8247-1.jpg","width":1506,"height":1004},{"@type":"BreadcrumbList","@id":"https:\/\/msconectado.com.br\/?p=21771#breadcrumb","itemListElement":[{"@type":"ListItem","position":1,"name":"In\u00edcio","item":"https:\/\/msconectado.com.br\/?page_id=105"},{"@type":"ListItem","position":2,"name":"Lan\u00e7amento da campanha \u201cSeu Abra\u00e7o Aquece: doe calor e fa\u00e7a o bem\u201d"}]},{"@type":"WebSite","@id":"https:\/\/msconectado.com.br\/#website","url":"https:\/\/msconectado.com.br\/","name":"MsConectado","description":"Voc\u00ea Conectado com a Not\u00edcia!","publisher":{"@id":"https:\/\/msconectado.com.br\/#organization"},"potentialAction":[{"@type":"SearchAction","target":{"@type":"EntryPoint","urlTemplate":"https:\/\/msconectado.com.br\/?s={search_term_string}"},"query-input":{"@type":"PropertyValueSpecification","valueRequired":true,"valueName":"search_term_string"}}],"inLanguage":"pt-BR"},{"@type":"Organization","@id":"https:\/\/msconectado.com.br\/#organization","name":"MsConectado","url":"https:\/\/msconectado.com.br\/","logo":{"@type":"ImageObject","inLanguage":"pt-BR","@id":"https:\/\/msconectado.com.br\/#\/schema\/logo\/image\/","url":"https:\/\/msconectado.com.br\/wp-content\/uploads\/2023\/01\/cropped-noticia-2.png","contentUrl":"https:\/\/msconectado.com.br\/wp-content\/uploads\/2023\/01\/cropped-noticia-2.png","width":720,"height":157,"caption":"MsConectado"},"image":{"@id":"https:\/\/msconectado.com.br\/#\/schema\/logo\/image\/"}},{"@type":"Person","@id":"https:\/\/msconectado.com.br\/#\/schema\/person\/e5585545b5687092f1041d350b6e2c16","name":"MsConectado","image":{"@type":"ImageObject","inLanguage":"pt-BR","@id":"https:\/\/secure.gravatar.com\/avatar\/3b4f84a0a8a4380ac4431fa79981d073692380c5da00ae97596e794ab0db5c8c?s=96&d=mm&r=g","url":"https:\/\/secure.gravatar.com\/avatar\/3b4f84a0a8a4380ac4431fa79981d073692380c5da00ae97596e794ab0db5c8c?s=96&d=mm&r=g","contentUrl":"https:\/\/secure.gravatar.com\/avatar\/3b4f84a0a8a4380ac4431fa79981d073692380c5da00ae97596e794ab0db5c8c?s=96&d=mm&r=g","caption":"MsConectado"},"url":"https:\/\/msconectado.com.br\/?author=2"}]}},"_links":{"self":[{"href":"https:\/\/msconectado.com.br\/index.php?rest_route=\/wp\/v2\/posts\/21771","targetHints":{"allow":["GET"]}}],"collection":[{"href":"https:\/\/msconectado.com.br\/index.php?rest_route=\/wp\/v2\/posts"}],"about":[{"href":"https:\/\/msconectado.com.br\/index.php?rest_route=\/wp\/v2\/types\/post"}],"author":[{"embeddable":true,"href":"https:\/\/msconectado.com.br\/index.php?rest_route=\/wp\/v2\/users\/2"}],"replies":[{"embeddable":true,"href":"https:\/\/msconectado.com.br\/index.php?rest_route=%2Fwp%2Fv2%2Fcomments&post=21771"}],"version-history":[{"count":1,"href":"https:\/\/msconectado.com.br\/index.php?rest_route=\/wp\/v2\/posts\/21771\/revisions"}],"predecessor-version":[{"id":21773,"href":"https:\/\/msconectado.com.br\/index.php?rest_route=\/wp\/v2\/posts\/21771\/revisions\/21773"}],"wp:featuredmedia":[{"embeddable":true,"href":"https:\/\/msconectado.com.br\/index.php?rest_route=\/wp\/v2\/media\/21772"}],"wp:attachment":[{"href":"https:\/\/msconectado.com.br\/index.php?rest_route=%2Fwp%2Fv2%2Fmedia&parent=21771"}],"wp:term":[{"taxonomy":"category","embeddable":true,"href":"https:\/\/msconectado.com.br\/index.php?rest_route=%2Fwp%2Fv2%2Fcategories&post=21771"},{"taxonomy":"post_tag","embeddable":true,"href":"https:\/\/msconectado.com.br\/index.php?rest_route=%2Fwp%2Fv2%2Ftags&post=21771"}],"curies":[{"name":"wp","href":"https:\/\/api.w.org\/{rel}","templated":true}]}}