
{"id":21785,"date":"2024-04-08T18:00:10","date_gmt":"2024-04-08T18:00:10","guid":{"rendered":"https:\/\/msconectado.com.br\/?p=21785"},"modified":"2024-04-08T18:00:12","modified_gmt":"2024-04-08T18:00:12","slug":"robert-apresenta-mocao-de-parabenizacao-para-a-amar","status":"publish","type":"post","link":"https:\/\/msconectado.com.br\/?p=21785","title":{"rendered":"Robert apresenta mo\u00e7\u00e3o de parabeniza\u00e7\u00e3o para a AMAR."},"content":{"rendered":"\n<p>O vereador Robert Ziemann fez neste dia (08) uma mo\u00e7\u00e3o de parabeniza\u00e7\u00e3o para a AMAR- Associa\u00e7\u00e3o Amigos do Autismo de Maracaju pelo evento realizado no \u00faltimo s\u00e1bado (06) na Pra\u00e7a Central em comemora\u00e7\u00e3o ao M\u00eas da Conscientiza\u00e7\u00e3o sobre a Inclus\u00e3o de pessoas com TEA- Transtorno do Espectro Autista. O evento aconteceu na Pra\u00e7a Central e reuniu fam\u00edlias e crian\u00e7as que puderam se divertir assistindo: teatro, realizando brincadeiras e ainda teve a distribui\u00e7\u00e3o de pipoca e algod\u00e3o doce.<\/p>\n\n\n\n<p>\u201cEste evento em alus\u00e3o da causa dos autistas \u00e9 importante e contou com a presen\u00e7a da comunidade e tamb\u00e9m da parceria do Sicredi. Hoje a Amar atende mais de 115 fam\u00edlias inscritas na associa\u00e7\u00e3o e n\u00f3s somos apoiadores desta causa, inclusive destinamos uma emenda impositiva\u00a0 no valor de R$100.000,00 para esta institui\u00e7\u00e3o. \u201d Disse Robert.<\/p>\n\n\n<div class=\"wp-block-image\">\n<figure class=\"aligncenter size-large\"><img fetchpriority=\"high\" decoding=\"async\" width=\"1024\" height=\"682\" src=\"https:\/\/msconectado.com.br\/wp-content\/uploads\/2024\/04\/image-14-1024x682.png\" alt=\"\" class=\"wp-image-21788\" srcset=\"https:\/\/msconectado.com.br\/wp-content\/uploads\/2024\/04\/image-14-1024x682.png 1024w, https:\/\/msconectado.com.br\/wp-content\/uploads\/2024\/04\/image-14-300x200.png 300w, https:\/\/msconectado.com.br\/wp-content\/uploads\/2024\/04\/image-14-768x512.png 768w, https:\/\/msconectado.com.br\/wp-content\/uploads\/2024\/04\/image-14-1536x1023.png 1536w, https:\/\/msconectado.com.br\/wp-content\/uploads\/2024\/04\/image-14-360x240.png 360w, https:\/\/msconectado.com.br\/wp-content\/uploads\/2024\/04\/image-14.png 1600w\" sizes=\"(max-width: 1024px) 100vw, 1024px\" \/><\/figure>\n<\/div>\n\n\n<p><strong>&nbsp; Sobre A AMAR &nbsp;<\/strong><\/p>\n\n\n\n<p>O projeto conta com crian\u00e7as atendidas e a AMAR (Associa\u00e7\u00e3o Amigos do Autismo de Maracaju), que tem como prop\u00f3sito acolher as fam\u00edlias autistas do nosso munic\u00edpio, orientando, auxiliando e capacitando pais e profissionais que est\u00e3o comprometidos diariamente com o bem estar e desenvolvimento de crian\u00e7as autistas e suas fam\u00edlias.<\/p>\n\n\n\n<p>A AMAR surgiu da necessidade de uma m\u00e3e, diante do diagn\u00f3stico de autismo de seu filho, que, atrav\u00e9s dessa necessidade, buscou ajuda junto ao vereador Robert Ziemann, que abra\u00e7ou essa causa e procurou pais e profissionais para juntos agregar conhecimentos e formar a Associa\u00e7\u00e3o, buscando assim recursos e conhecimento atr\u00e1s de visitas a outras associa\u00e7\u00f5es e projetos.<\/p>\n\n\n\n<p>A Associa\u00e7\u00e3o \u00e9 formada por pais e profissionais que possuem v\u00ednculo direto ou indiretamente com crian\u00e7as autistas. Conta hoje com a orienta\u00e7\u00e3o e aux\u00edlio de psic\u00f3logas, fonoaudi\u00f3logas, nutricionistas, neuro psicopedagogas, terapeutas ABA, advogados, fisioterapeutas e pedagogas, que buscam melhorias na qualidade de vida de nossas crian\u00e7as e suas fam\u00edlias.<\/p>\n\n\n<div class=\"wp-block-image\">\n<figure class=\"aligncenter size-full\"><img decoding=\"async\" width=\"900\" height=\"100\" src=\"https:\/\/msconectado.com.br\/wp-content\/uploads\/2024\/04\/ezgif.com-animated-gif-maker.gif\" alt=\"\" class=\"wp-image-21720\"\/><\/figure>\n<\/div>","protected":false},"excerpt":{"rendered":"<p>O vereador Robert Ziemann fez neste dia (08) uma mo\u00e7\u00e3o de parabeniza\u00e7\u00e3o para a AMAR- Associa\u00e7\u00e3o Amigos do Autismo de Maracaju pelo evento realizado no \u00faltimo s\u00e1bado (06) na Pra\u00e7a Central em comemora\u00e7\u00e3o ao M\u00eas da Conscientiza\u00e7\u00e3o sobre a Inclus\u00e3o de pessoas com TEA- Transtorno do Espectro Autista. O evento aconteceu na Pra\u00e7a Central e [&hellip;]<\/p>\n","protected":false},"author":2,"featured_media":21787,"comment_status":"open","ping_status":"closed","sticky":false,"template":"","format":"standard","meta":{"footnotes":""},"categories":[35,1],"tags":[],"class_list":["post-21785","post","type-post","status-publish","format-standard","has-post-thumbnail","hentry","category-cidades","category-noticia"],"yoast_head":"<!-- This site is optimized with the Yoast SEO plugin v27.5 - https:\/\/yoast.com\/product\/yoast-seo-wordpress\/ -->\n<title>Robert apresenta mo\u00e7\u00e3o de parabeniza\u00e7\u00e3o para a AMAR. - MsConectado<\/title>\n<meta name=\"robots\" content=\"index, follow, max-snippet:-1, max-image-preview:large, max-video-preview:-1\" \/>\n<link rel=\"canonical\" href=\"https:\/\/msconectado.com.br\/?p=21785\" \/>\n<meta property=\"og:locale\" content=\"pt_BR\" \/>\n<meta property=\"og:type\" content=\"article\" \/>\n<meta property=\"og:title\" content=\"Robert apresenta mo\u00e7\u00e3o de parabeniza\u00e7\u00e3o para a AMAR. - MsConectado\" \/>\n<meta property=\"og:description\" content=\"O vereador Robert Ziemann fez neste dia (08) uma mo\u00e7\u00e3o de parabeniza\u00e7\u00e3o para a AMAR- Associa\u00e7\u00e3o Amigos do Autismo de Maracaju pelo evento realizado no \u00faltimo s\u00e1bado (06) na Pra\u00e7a Central em comemora\u00e7\u00e3o ao M\u00eas da Conscientiza\u00e7\u00e3o sobre a Inclus\u00e3o de pessoas com TEA- Transtorno do Espectro Autista. O evento aconteceu na Pra\u00e7a Central e [&hellip;]\" \/>\n<meta property=\"og:url\" content=\"https:\/\/msconectado.com.br\/?p=21785\" \/>\n<meta property=\"og:site_name\" content=\"MsConectado\" \/>\n<meta property=\"article:published_time\" content=\"2024-04-08T18:00:10+00:00\" \/>\n<meta property=\"article:modified_time\" content=\"2024-04-08T18:00:12+00:00\" \/>\n<meta property=\"og:image\" content=\"https:\/\/msconectado.com.br\/wp-content\/uploads\/2024\/04\/image-13-1024x682.png\" \/>\n\t<meta property=\"og:image:width\" content=\"1024\" \/>\n\t<meta property=\"og:image:height\" content=\"682\" \/>\n\t<meta property=\"og:image:type\" content=\"image\/png\" \/>\n<meta name=\"author\" content=\"MsConectado\" \/>\n<meta name=\"twitter:card\" content=\"summary_large_image\" \/>\n<meta name=\"twitter:label1\" content=\"Escrito por\" \/>\n\t<meta name=\"twitter:data1\" content=\"MsConectado\" \/>\n\t<meta name=\"twitter:label2\" content=\"Est. tempo de leitura\" \/>\n\t<meta name=\"twitter:data2\" content=\"2 minutos\" \/>\n<script type=\"application\/ld+json\" class=\"yoast-schema-graph\">{\"@context\":\"https:\\\/\\\/schema.org\",\"@graph\":[{\"@type\":\"Article\",\"@id\":\"https:\\\/\\\/msconectado.com.br\\\/?p=21785#article\",\"isPartOf\":{\"@id\":\"https:\\\/\\\/msconectado.com.br\\\/?p=21785\"},\"author\":{\"name\":\"MsConectado\",\"@id\":\"https:\\\/\\\/msconectado.com.br\\\/#\\\/schema\\\/person\\\/e5585545b5687092f1041d350b6e2c16\"},\"headline\":\"Robert apresenta mo\u00e7\u00e3o de parabeniza\u00e7\u00e3o para a AMAR.\",\"datePublished\":\"2024-04-08T18:00:10+00:00\",\"dateModified\":\"2024-04-08T18:00:12+00:00\",\"mainEntityOfPage\":{\"@id\":\"https:\\\/\\\/msconectado.com.br\\\/?p=21785\"},\"wordCount\":341,\"commentCount\":0,\"publisher\":{\"@id\":\"https:\\\/\\\/msconectado.com.br\\\/#organization\"},\"image\":{\"@id\":\"https:\\\/\\\/msconectado.com.br\\\/?p=21785#primaryimage\"},\"thumbnailUrl\":\"https:\\\/\\\/msconectado.com.br\\\/wp-content\\\/uploads\\\/2024\\\/04\\\/image-13.png\",\"articleSection\":[\"Cidades\",\"Not\u00edcia\"],\"inLanguage\":\"pt-BR\",\"potentialAction\":[{\"@type\":\"CommentAction\",\"name\":\"Comment\",\"target\":[\"https:\\\/\\\/msconectado.com.br\\\/?p=21785#respond\"]}]},{\"@type\":\"WebPage\",\"@id\":\"https:\\\/\\\/msconectado.com.br\\\/?p=21785\",\"url\":\"https:\\\/\\\/msconectado.com.br\\\/?p=21785\",\"name\":\"Robert apresenta mo\u00e7\u00e3o de parabeniza\u00e7\u00e3o para a AMAR. - MsConectado\",\"isPartOf\":{\"@id\":\"https:\\\/\\\/msconectado.com.br\\\/#website\"},\"primaryImageOfPage\":{\"@id\":\"https:\\\/\\\/msconectado.com.br\\\/?p=21785#primaryimage\"},\"image\":{\"@id\":\"https:\\\/\\\/msconectado.com.br\\\/?p=21785#primaryimage\"},\"thumbnailUrl\":\"https:\\\/\\\/msconectado.com.br\\\/wp-content\\\/uploads\\\/2024\\\/04\\\/image-13.png\",\"datePublished\":\"2024-04-08T18:00:10+00:00\",\"dateModified\":\"2024-04-08T18:00:12+00:00\",\"breadcrumb\":{\"@id\":\"https:\\\/\\\/msconectado.com.br\\\/?p=21785#breadcrumb\"},\"inLanguage\":\"pt-BR\",\"potentialAction\":[{\"@type\":\"ReadAction\",\"target\":[\"https:\\\/\\\/msconectado.com.br\\\/?p=21785\"]}]},{\"@type\":\"ImageObject\",\"inLanguage\":\"pt-BR\",\"@id\":\"https:\\\/\\\/msconectado.com.br\\\/?p=21785#primaryimage\",\"url\":\"https:\\\/\\\/msconectado.com.br\\\/wp-content\\\/uploads\\\/2024\\\/04\\\/image-13.png\",\"contentUrl\":\"https:\\\/\\\/msconectado.com.br\\\/wp-content\\\/uploads\\\/2024\\\/04\\\/image-13.png\",\"width\":1600,\"height\":1066},{\"@type\":\"BreadcrumbList\",\"@id\":\"https:\\\/\\\/msconectado.com.br\\\/?p=21785#breadcrumb\",\"itemListElement\":[{\"@type\":\"ListItem\",\"position\":1,\"name\":\"In\u00edcio\",\"item\":\"https:\\\/\\\/msconectado.com.br\\\/?page_id=105\"},{\"@type\":\"ListItem\",\"position\":2,\"name\":\"Robert apresenta mo\u00e7\u00e3o de parabeniza\u00e7\u00e3o para a AMAR.\"}]},{\"@type\":\"WebSite\",\"@id\":\"https:\\\/\\\/msconectado.com.br\\\/#website\",\"url\":\"https:\\\/\\\/msconectado.com.br\\\/\",\"name\":\"MsConectado\",\"description\":\"Voc\u00ea Conectado com a Not\u00edcia!\",\"publisher\":{\"@id\":\"https:\\\/\\\/msconectado.com.br\\\/#organization\"},\"potentialAction\":[{\"@type\":\"SearchAction\",\"target\":{\"@type\":\"EntryPoint\",\"urlTemplate\":\"https:\\\/\\\/msconectado.com.br\\\/?s={search_term_string}\"},\"query-input\":{\"@type\":\"PropertyValueSpecification\",\"valueRequired\":true,\"valueName\":\"search_term_string\"}}],\"inLanguage\":\"pt-BR\"},{\"@type\":\"Organization\",\"@id\":\"https:\\\/\\\/msconectado.com.br\\\/#organization\",\"name\":\"MsConectado\",\"url\":\"https:\\\/\\\/msconectado.com.br\\\/\",\"logo\":{\"@type\":\"ImageObject\",\"inLanguage\":\"pt-BR\",\"@id\":\"https:\\\/\\\/msconectado.com.br\\\/#\\\/schema\\\/logo\\\/image\\\/\",\"url\":\"https:\\\/\\\/msconectado.com.br\\\/wp-content\\\/uploads\\\/2023\\\/01\\\/cropped-noticia-2.png\",\"contentUrl\":\"https:\\\/\\\/msconectado.com.br\\\/wp-content\\\/uploads\\\/2023\\\/01\\\/cropped-noticia-2.png\",\"width\":720,\"height\":157,\"caption\":\"MsConectado\"},\"image\":{\"@id\":\"https:\\\/\\\/msconectado.com.br\\\/#\\\/schema\\\/logo\\\/image\\\/\"}},{\"@type\":\"Person\",\"@id\":\"https:\\\/\\\/msconectado.com.br\\\/#\\\/schema\\\/person\\\/e5585545b5687092f1041d350b6e2c16\",\"name\":\"MsConectado\",\"image\":{\"@type\":\"ImageObject\",\"inLanguage\":\"pt-BR\",\"@id\":\"https:\\\/\\\/secure.gravatar.com\\\/avatar\\\/3b4f84a0a8a4380ac4431fa79981d073692380c5da00ae97596e794ab0db5c8c?s=96&d=mm&r=g\",\"url\":\"https:\\\/\\\/secure.gravatar.com\\\/avatar\\\/3b4f84a0a8a4380ac4431fa79981d073692380c5da00ae97596e794ab0db5c8c?s=96&d=mm&r=g\",\"contentUrl\":\"https:\\\/\\\/secure.gravatar.com\\\/avatar\\\/3b4f84a0a8a4380ac4431fa79981d073692380c5da00ae97596e794ab0db5c8c?s=96&d=mm&r=g\",\"caption\":\"MsConectado\"},\"url\":\"https:\\\/\\\/msconectado.com.br\\\/?author=2\"}]}<\/script>\n<!-- \/ Yoast SEO plugin. -->","yoast_head_json":{"title":"Robert apresenta mo\u00e7\u00e3o de parabeniza\u00e7\u00e3o para a AMAR. - MsConectado","robots":{"index":"index","follow":"follow","max-snippet":"max-snippet:-1","max-image-preview":"max-image-preview:large","max-video-preview":"max-video-preview:-1"},"canonical":"https:\/\/msconectado.com.br\/?p=21785","og_locale":"pt_BR","og_type":"article","og_title":"Robert apresenta mo\u00e7\u00e3o de parabeniza\u00e7\u00e3o para a AMAR. - MsConectado","og_description":"O vereador Robert Ziemann fez neste dia (08) uma mo\u00e7\u00e3o de parabeniza\u00e7\u00e3o para a AMAR- Associa\u00e7\u00e3o Amigos do Autismo de Maracaju pelo evento realizado no \u00faltimo s\u00e1bado (06) na Pra\u00e7a Central em comemora\u00e7\u00e3o ao M\u00eas da Conscientiza\u00e7\u00e3o sobre a Inclus\u00e3o de pessoas com TEA- Transtorno do Espectro Autista. O evento aconteceu na Pra\u00e7a Central e [&hellip;]","og_url":"https:\/\/msconectado.com.br\/?p=21785","og_site_name":"MsConectado","article_published_time":"2024-04-08T18:00:10+00:00","article_modified_time":"2024-04-08T18:00:12+00:00","og_image":[{"width":1024,"height":682,"url":"https:\/\/msconectado.com.br\/wp-content\/uploads\/2024\/04\/image-13-1024x682.png","type":"image\/png"}],"author":"MsConectado","twitter_card":"summary_large_image","twitter_misc":{"Escrito por":"MsConectado","Est. tempo de leitura":"2 minutos"},"schema":{"@context":"https:\/\/schema.org","@graph":[{"@type":"Article","@id":"https:\/\/msconectado.com.br\/?p=21785#article","isPartOf":{"@id":"https:\/\/msconectado.com.br\/?p=21785"},"author":{"name":"MsConectado","@id":"https:\/\/msconectado.com.br\/#\/schema\/person\/e5585545b5687092f1041d350b6e2c16"},"headline":"Robert apresenta mo\u00e7\u00e3o de parabeniza\u00e7\u00e3o para a AMAR.","datePublished":"2024-04-08T18:00:10+00:00","dateModified":"2024-04-08T18:00:12+00:00","mainEntityOfPage":{"@id":"https:\/\/msconectado.com.br\/?p=21785"},"wordCount":341,"commentCount":0,"publisher":{"@id":"https:\/\/msconectado.com.br\/#organization"},"image":{"@id":"https:\/\/msconectado.com.br\/?p=21785#primaryimage"},"thumbnailUrl":"https:\/\/msconectado.com.br\/wp-content\/uploads\/2024\/04\/image-13.png","articleSection":["Cidades","Not\u00edcia"],"inLanguage":"pt-BR","potentialAction":[{"@type":"CommentAction","name":"Comment","target":["https:\/\/msconectado.com.br\/?p=21785#respond"]}]},{"@type":"WebPage","@id":"https:\/\/msconectado.com.br\/?p=21785","url":"https:\/\/msconectado.com.br\/?p=21785","name":"Robert apresenta mo\u00e7\u00e3o de parabeniza\u00e7\u00e3o para a AMAR. - MsConectado","isPartOf":{"@id":"https:\/\/msconectado.com.br\/#website"},"primaryImageOfPage":{"@id":"https:\/\/msconectado.com.br\/?p=21785#primaryimage"},"image":{"@id":"https:\/\/msconectado.com.br\/?p=21785#primaryimage"},"thumbnailUrl":"https:\/\/msconectado.com.br\/wp-content\/uploads\/2024\/04\/image-13.png","datePublished":"2024-04-08T18:00:10+00:00","dateModified":"2024-04-08T18:00:12+00:00","breadcrumb":{"@id":"https:\/\/msconectado.com.br\/?p=21785#breadcrumb"},"inLanguage":"pt-BR","potentialAction":[{"@type":"ReadAction","target":["https:\/\/msconectado.com.br\/?p=21785"]}]},{"@type":"ImageObject","inLanguage":"pt-BR","@id":"https:\/\/msconectado.com.br\/?p=21785#primaryimage","url":"https:\/\/msconectado.com.br\/wp-content\/uploads\/2024\/04\/image-13.png","contentUrl":"https:\/\/msconectado.com.br\/wp-content\/uploads\/2024\/04\/image-13.png","width":1600,"height":1066},{"@type":"BreadcrumbList","@id":"https:\/\/msconectado.com.br\/?p=21785#breadcrumb","itemListElement":[{"@type":"ListItem","position":1,"name":"In\u00edcio","item":"https:\/\/msconectado.com.br\/?page_id=105"},{"@type":"ListItem","position":2,"name":"Robert apresenta mo\u00e7\u00e3o de parabeniza\u00e7\u00e3o para a AMAR."}]},{"@type":"WebSite","@id":"https:\/\/msconectado.com.br\/#website","url":"https:\/\/msconectado.com.br\/","name":"MsConectado","description":"Voc\u00ea Conectado com a Not\u00edcia!","publisher":{"@id":"https:\/\/msconectado.com.br\/#organization"},"potentialAction":[{"@type":"SearchAction","target":{"@type":"EntryPoint","urlTemplate":"https:\/\/msconectado.com.br\/?s={search_term_string}"},"query-input":{"@type":"PropertyValueSpecification","valueRequired":true,"valueName":"search_term_string"}}],"inLanguage":"pt-BR"},{"@type":"Organization","@id":"https:\/\/msconectado.com.br\/#organization","name":"MsConectado","url":"https:\/\/msconectado.com.br\/","logo":{"@type":"ImageObject","inLanguage":"pt-BR","@id":"https:\/\/msconectado.com.br\/#\/schema\/logo\/image\/","url":"https:\/\/msconectado.com.br\/wp-content\/uploads\/2023\/01\/cropped-noticia-2.png","contentUrl":"https:\/\/msconectado.com.br\/wp-content\/uploads\/2023\/01\/cropped-noticia-2.png","width":720,"height":157,"caption":"MsConectado"},"image":{"@id":"https:\/\/msconectado.com.br\/#\/schema\/logo\/image\/"}},{"@type":"Person","@id":"https:\/\/msconectado.com.br\/#\/schema\/person\/e5585545b5687092f1041d350b6e2c16","name":"MsConectado","image":{"@type":"ImageObject","inLanguage":"pt-BR","@id":"https:\/\/secure.gravatar.com\/avatar\/3b4f84a0a8a4380ac4431fa79981d073692380c5da00ae97596e794ab0db5c8c?s=96&d=mm&r=g","url":"https:\/\/secure.gravatar.com\/avatar\/3b4f84a0a8a4380ac4431fa79981d073692380c5da00ae97596e794ab0db5c8c?s=96&d=mm&r=g","contentUrl":"https:\/\/secure.gravatar.com\/avatar\/3b4f84a0a8a4380ac4431fa79981d073692380c5da00ae97596e794ab0db5c8c?s=96&d=mm&r=g","caption":"MsConectado"},"url":"https:\/\/msconectado.com.br\/?author=2"}]}},"_links":{"self":[{"href":"https:\/\/msconectado.com.br\/index.php?rest_route=\/wp\/v2\/posts\/21785","targetHints":{"allow":["GET"]}}],"collection":[{"href":"https:\/\/msconectado.com.br\/index.php?rest_route=\/wp\/v2\/posts"}],"about":[{"href":"https:\/\/msconectado.com.br\/index.php?rest_route=\/wp\/v2\/types\/post"}],"author":[{"embeddable":true,"href":"https:\/\/msconectado.com.br\/index.php?rest_route=\/wp\/v2\/users\/2"}],"replies":[{"embeddable":true,"href":"https:\/\/msconectado.com.br\/index.php?rest_route=%2Fwp%2Fv2%2Fcomments&post=21785"}],"version-history":[{"count":1,"href":"https:\/\/msconectado.com.br\/index.php?rest_route=\/wp\/v2\/posts\/21785\/revisions"}],"predecessor-version":[{"id":21789,"href":"https:\/\/msconectado.com.br\/index.php?rest_route=\/wp\/v2\/posts\/21785\/revisions\/21789"}],"wp:featuredmedia":[{"embeddable":true,"href":"https:\/\/msconectado.com.br\/index.php?rest_route=\/wp\/v2\/media\/21787"}],"wp:attachment":[{"href":"https:\/\/msconectado.com.br\/index.php?rest_route=%2Fwp%2Fv2%2Fmedia&parent=21785"}],"wp:term":[{"taxonomy":"category","embeddable":true,"href":"https:\/\/msconectado.com.br\/index.php?rest_route=%2Fwp%2Fv2%2Fcategories&post=21785"},{"taxonomy":"post_tag","embeddable":true,"href":"https:\/\/msconectado.com.br\/index.php?rest_route=%2Fwp%2Fv2%2Ftags&post=21785"}],"curies":[{"name":"wp","href":"https:\/\/api.w.org\/{rel}","templated":true}]}}