
{"id":21824,"date":"2024-04-10T22:30:07","date_gmt":"2024-04-10T22:30:07","guid":{"rendered":"https:\/\/msconectado.com.br\/?p=21824"},"modified":"2024-04-10T22:30:09","modified_gmt":"2024-04-10T22:30:09","slug":"expocanas-governo-de-ms-reduz-icms-das-sucroenergeticas-para-18-e-gigante-do-setor-anuncia-nova-planta","status":"publish","type":"post","link":"https:\/\/msconectado.com.br\/?p=21824","title":{"rendered":"Expocanas: Governo de MS reduz ICMS das sucroenerg\u00e9ticas para 1,8%, e gigante do setor anuncia nova planta"},"content":{"rendered":"\n<p>Representantes do setor sucroenerg\u00e9tico e demais segmentos produtivos, juntamente com lideran\u00e7as pol\u00edticas, participaram nesta quarta-feira (10) em Nova Alvorada do Sul da cerim\u00f4nia de abertura da Expocanas 2024, a&nbsp;<a href=\"https:\/\/agenciadenoticias.ms.gov.br\/expocanas-setor-sucroenergetico-de-ms-cresce-gera-empregos-e-atrai-oportunidades\/\">maior feira do setor no Mato Grosso do Sul<\/a>. No evento, o Governo de Mato Grosso do Sul e a iniciativa privada divulgaram medidas para estimular a ind\u00fastria sucroenerg\u00e9tica, al\u00e9m de oportunidades de novos neg\u00f3cios no Estado.<\/p>\n\n\n\n<p>Presente ao evento e acompanhado do secret\u00e1rio de Meio Ambiente, Desenvolvimento, Ci\u00eancia, Tecnologia e Inova\u00e7\u00e3o, Jaime Verruck, e do secret\u00e1rio de Governo e Gest\u00e3o Estrat\u00e9gica, Rodrigo Perez, o governador Eduardo Riedel destacou o compromisso do Governo em oferecer um ambiente atrativo para o mercado, gerando renda e emprego para os sul-mato-grossenses.<\/p>\n\n\n\n<p>&#8220;Da nossa parte, estamos assumindo o compromisso de reduzir a al\u00edquota de ICMS sobre o biometano de 17% para 1,8%, para estimular o setor de bioenergia no Estado e torn\u00e1-lo cada vez mais competitivo. O posicionamento estrat\u00e9gico do Mato Grosso do Sul diante do Brasil e do mundo est\u00e1 focado em seguran\u00e7a alimentar, transi\u00e7\u00e3o energ\u00e9tica e sustentabilidade ambiental&#8221;, afirma.<\/p>\n\n\n\n<p>J\u00e1 os dirigentes da&nbsp;<a href=\"https:\/\/agenciadenoticias.ms.gov.br\/governo-de-ms-e-empresa-sucroenergetica-projetam-novos-investimentos-e-reforcam-atuacao-no-estado\/\">empresa Atvos, uma das maiores produtoras de biocombust\u00edveis do Brasil<\/a>, anunciou a constru\u00e7\u00e3o de sua primeira unidade de biometano a partir de res\u00edduos da cana-de-a\u00e7\u00facar. A unidade, que ficar\u00e1 em Nova Alvorada do Sul, onde a companhia j\u00e1 possui uma planta respons\u00e1vel pela produ\u00e7\u00e3o de etanol, deve receber investimentos superiores a R$ 350 milh\u00f5es.<\/p>\n\n\n\n<p>&#8220;Agradecemos o apoio do Governo do Estado de Mato Grosso do Sul e da prefeitura de Nova Alvorada do Sul, por criarem as condi\u00e7\u00f5es necess\u00e1rias para o desenvolvimento de novos neg\u00f3cios na regi\u00e3o. Acreditamos que essa parceria entre as iniciativas p\u00fablico e privada \u00e9 fundamental para ampliar a gera\u00e7\u00e3o de riquezas, movimentar a economia, fortalecer a cadeia produtiva e garantir prosperidade para a sociedade em geral&#8221;, afirma Bruno Serapi\u00e3o, CEO da Atvos, que fez o an\u00fancio da nova planta.<\/p>\n\n\n\n<p>Com o novo empreendimento, a companhia tamb\u00e9m refor\u00e7a seu compromisso com o desenvolvimento socioecon\u00f4mico do Estado. A f\u00e1brica de biometano na Unidade Santa Luzia (USL) ter\u00e1 capacidade instalada de 28 milh\u00f5es de metros c\u00fabicos de biometano.<\/p>\n\n\n\n<p>O presidente da Biosul (Associa\u00e7\u00e3o de Produtores de Bioenergia de Mato Grosso do Sul) , Amaury Pekelman, apresentou n\u00fameros significativos do setor e tamb\u00e9m salientou que a proje\u00e7\u00e3o \u00e9 que Mato Grosso do Sul alcance a segunda posi\u00e7\u00e3o na produ\u00e7\u00e3o de etanol no Pa\u00eds.<\/p>\n\n\n\n<p>&#8220;Mato Grosso do Sul \u00e9 o quarto produtor de etanol no Brasil e a tend\u00eancia \u00e9 crescer cada vez mais junto, com um trabalho de longo prazo. Pelas proje\u00e7\u00f5es que estamos fazendo, o Mato Grosso do Sul nas pr\u00f3ximas duas safras pode ser o segundo maior produtor de etanol no Brasil. E isso mostra que o Governo est\u00e1 olhando para novas tecnologias e redu\u00e7\u00e3o de carbono&#8221;, garantiu Pekelman.<\/p>\n\n\n\n<p>O setor sucroenerg\u00e9tico participa com 16% no PIB industrial do Estado, e possui atualmente 800 mil hectares de cana-de-a\u00e7\u00facar plantada em 42 munic\u00edpios. O munic\u00edpio de Nova Alvorada do Sul tem 116 mil hectares de cana e lidera o ranking de maiores lavouras de cana-de-a\u00e7\u00facar do Brasil.<\/p>\n\n\n\n<p>Para o prefeito de Nova Alvorada do Sul, Jos\u00e9 Paleari, a not\u00edcia de um novo empreendimento com recursos de mais de R$ 350 milh\u00f5es \u00e9 um motivo de comemora\u00e7\u00e3o. &#8220;A iniciativa vai gerar emprego e um combust\u00edvel limpo. Isto \u00e9 desenvolvimento&#8221;, declarou.<\/p>\n\n\n\n<p>Na safra 2023\/2024, o Mato Grosso do Sul foi respons\u00e1vel por 52,4 milh\u00f5es de toneladas de cana mo\u00edda, 3,8 bilh\u00f5es de litros de etanol (cana e milho), 2,2 milh\u00f5es de toneladas de a\u00e7\u00facar e 2 milh\u00f5es de Mwh de energia el\u00e9trica. O setor gera 30 mil empregos diretos e 90 mil postos de trabalho indiretos, e com uma das melhores m\u00e9dias salariais na ind\u00fastria e na agricultura.<\/p>\n\n\n\n<p>Alinhado com o programa de Governo de um Estado Carbono Zero, o setor sucroenerg\u00e9tico produz 3,4 milh\u00f5es de CBIOs (cr\u00e9ditos de descarboniza\u00e7\u00e3o) gerados pelas usinas em opera\u00e7\u00e3o em MS a partir da produ\u00e7\u00e3o de etanol. O volume corresponde exatamente a 3,4 milh\u00f5es de toneladas de CO2 evitadas na atmosfera.<\/p>\n\n\n\n<p>O Estado conta, atualmente, com 17 usinas de bioenergia do setor de cana-de-a\u00e7\u00facar, e o terceiro maior exportador de etanol, com US$ 98 milh\u00f5es. O etano sul-mato-grossense \u00e9 comprado por 35 pa\u00edses compradores, entre eles, Holanda, Canad\u00e1, China, Egito, Iraque, Portugal, R\u00fassia, Uruguai e Bangladesh.<\/p>\n\n\n\n<p><strong>Expocanas<\/strong><\/p>\n\n\n\n<p>Organizado pela Associa\u00e7\u00e3o Sul-mato-grossense dos Fornecedores de Cana (Sulcanas), a feira, que acontece entre os dias 10 e 12 de abril, no parque de exposi\u00e7\u00f5es localizado \u00e0s margens da BR 163, altura do km 371, deve reunir um p\u00fablico de mais de 12 mil pessoas, incluindo cerca de dois mil produtores rurais da regi\u00e3o.<\/p>\n\n\n\n<p>A feira re\u00fane as maiores empresas e profissionais do segmento e trazendo o que h\u00e1 de mais moderno para o setor, entre insumos, m\u00e1quinas e equipamentos, estudos e pesquisas, inova\u00e7\u00e3o e tecnologia, desde o preparo da terra at\u00e9 a colheita e a industrializa\u00e7\u00e3o.<\/p>\n\n\n\n<p><em>Alexandre Gonzaga, Comunica\u00e7\u00e3o Governo de MS<\/em><br><em>Foto: \u00c1lvaro Rezende<\/em><\/p>\n\n\n<div class=\"wp-block-image\">\n<figure class=\"aligncenter size-full\"><img fetchpriority=\"high\" decoding=\"async\" width=\"900\" height=\"100\" src=\"https:\/\/msconectado.com.br\/wp-content\/uploads\/2024\/04\/ezgif.com-animated-gif-maker.gif\" alt=\"\" class=\"wp-image-21720\"\/><\/figure>\n<\/div>","protected":false},"excerpt":{"rendered":"<p>Representantes do setor sucroenerg\u00e9tico e demais segmentos produtivos, juntamente com lideran\u00e7as pol\u00edticas, participaram nesta quarta-feira (10) em Nova Alvorada do Sul da cerim\u00f4nia de abertura da Expocanas 2024, a&nbsp;maior feira do setor no Mato Grosso do Sul. No evento, o Governo de Mato Grosso do Sul e a iniciativa privada divulgaram medidas para estimular a [&hellip;]<\/p>\n","protected":false},"author":2,"featured_media":21825,"comment_status":"open","ping_status":"closed","sticky":false,"template":"","format":"standard","meta":{"footnotes":""},"categories":[35,1],"tags":[],"class_list":["post-21824","post","type-post","status-publish","format-standard","has-post-thumbnail","hentry","category-cidades","category-noticia"],"yoast_head":"<!-- This site is optimized with the Yoast SEO plugin v27.5 - https:\/\/yoast.com\/product\/yoast-seo-wordpress\/ -->\n<title>Expocanas: Governo de MS reduz ICMS das sucroenerg\u00e9ticas para 1,8%, e gigante do setor anuncia nova planta - MsConectado<\/title>\n<meta name=\"robots\" content=\"index, follow, max-snippet:-1, max-image-preview:large, max-video-preview:-1\" \/>\n<link rel=\"canonical\" href=\"https:\/\/msconectado.com.br\/?p=21824\" \/>\n<meta property=\"og:locale\" content=\"pt_BR\" \/>\n<meta property=\"og:type\" content=\"article\" \/>\n<meta property=\"og:title\" content=\"Expocanas: Governo de MS reduz ICMS das sucroenerg\u00e9ticas para 1,8%, e gigante do setor anuncia nova planta - MsConectado\" \/>\n<meta property=\"og:description\" content=\"Representantes do setor sucroenerg\u00e9tico e demais segmentos produtivos, juntamente com lideran\u00e7as pol\u00edticas, participaram nesta quarta-feira (10) em Nova Alvorada do Sul da cerim\u00f4nia de abertura da Expocanas 2024, a&nbsp;maior feira do setor no Mato Grosso do Sul. No evento, o Governo de Mato Grosso do Sul e a iniciativa privada divulgaram medidas para estimular a [&hellip;]\" \/>\n<meta property=\"og:url\" content=\"https:\/\/msconectado.com.br\/?p=21824\" \/>\n<meta property=\"og:site_name\" content=\"MsConectado\" \/>\n<meta property=\"article:published_time\" content=\"2024-04-10T22:30:07+00:00\" \/>\n<meta property=\"article:modified_time\" content=\"2024-04-10T22:30:09+00:00\" \/>\n<meta property=\"og:image\" content=\"https:\/\/msconectado.com.br\/wp-content\/uploads\/2024\/04\/Governador-participa-da-Expocanas-Foto-Alvaro-Rezende-08-730x480-1.jpeg\" \/>\n\t<meta property=\"og:image:width\" content=\"730\" \/>\n\t<meta property=\"og:image:height\" content=\"480\" \/>\n\t<meta property=\"og:image:type\" content=\"image\/jpeg\" \/>\n<meta name=\"author\" content=\"MsConectado\" \/>\n<meta name=\"twitter:card\" content=\"summary_large_image\" \/>\n<meta name=\"twitter:label1\" content=\"Escrito por\" \/>\n\t<meta name=\"twitter:data1\" content=\"MsConectado\" \/>\n\t<meta name=\"twitter:label2\" content=\"Est. tempo de leitura\" \/>\n\t<meta name=\"twitter:data2\" content=\"5 minutos\" \/>\n<script type=\"application\/ld+json\" class=\"yoast-schema-graph\">{\"@context\":\"https:\\\/\\\/schema.org\",\"@graph\":[{\"@type\":\"Article\",\"@id\":\"https:\\\/\\\/msconectado.com.br\\\/?p=21824#article\",\"isPartOf\":{\"@id\":\"https:\\\/\\\/msconectado.com.br\\\/?p=21824\"},\"author\":{\"name\":\"MsConectado\",\"@id\":\"https:\\\/\\\/msconectado.com.br\\\/#\\\/schema\\\/person\\\/e5585545b5687092f1041d350b6e2c16\"},\"headline\":\"Expocanas: Governo de MS reduz ICMS das sucroenerg\u00e9ticas para 1,8%, e gigante do setor anuncia nova planta\",\"datePublished\":\"2024-04-10T22:30:07+00:00\",\"dateModified\":\"2024-04-10T22:30:09+00:00\",\"mainEntityOfPage\":{\"@id\":\"https:\\\/\\\/msconectado.com.br\\\/?p=21824\"},\"wordCount\":892,\"commentCount\":0,\"publisher\":{\"@id\":\"https:\\\/\\\/msconectado.com.br\\\/#organization\"},\"image\":{\"@id\":\"https:\\\/\\\/msconectado.com.br\\\/?p=21824#primaryimage\"},\"thumbnailUrl\":\"https:\\\/\\\/msconectado.com.br\\\/wp-content\\\/uploads\\\/2024\\\/04\\\/Governador-participa-da-Expocanas-Foto-Alvaro-Rezende-08-730x480-1.jpeg\",\"articleSection\":[\"Cidades\",\"Not\u00edcia\"],\"inLanguage\":\"pt-BR\",\"potentialAction\":[{\"@type\":\"CommentAction\",\"name\":\"Comment\",\"target\":[\"https:\\\/\\\/msconectado.com.br\\\/?p=21824#respond\"]}]},{\"@type\":\"WebPage\",\"@id\":\"https:\\\/\\\/msconectado.com.br\\\/?p=21824\",\"url\":\"https:\\\/\\\/msconectado.com.br\\\/?p=21824\",\"name\":\"Expocanas: Governo de MS reduz ICMS das sucroenerg\u00e9ticas para 1,8%, e gigante do setor anuncia nova planta - MsConectado\",\"isPartOf\":{\"@id\":\"https:\\\/\\\/msconectado.com.br\\\/#website\"},\"primaryImageOfPage\":{\"@id\":\"https:\\\/\\\/msconectado.com.br\\\/?p=21824#primaryimage\"},\"image\":{\"@id\":\"https:\\\/\\\/msconectado.com.br\\\/?p=21824#primaryimage\"},\"thumbnailUrl\":\"https:\\\/\\\/msconectado.com.br\\\/wp-content\\\/uploads\\\/2024\\\/04\\\/Governador-participa-da-Expocanas-Foto-Alvaro-Rezende-08-730x480-1.jpeg\",\"datePublished\":\"2024-04-10T22:30:07+00:00\",\"dateModified\":\"2024-04-10T22:30:09+00:00\",\"breadcrumb\":{\"@id\":\"https:\\\/\\\/msconectado.com.br\\\/?p=21824#breadcrumb\"},\"inLanguage\":\"pt-BR\",\"potentialAction\":[{\"@type\":\"ReadAction\",\"target\":[\"https:\\\/\\\/msconectado.com.br\\\/?p=21824\"]}]},{\"@type\":\"ImageObject\",\"inLanguage\":\"pt-BR\",\"@id\":\"https:\\\/\\\/msconectado.com.br\\\/?p=21824#primaryimage\",\"url\":\"https:\\\/\\\/msconectado.com.br\\\/wp-content\\\/uploads\\\/2024\\\/04\\\/Governador-participa-da-Expocanas-Foto-Alvaro-Rezende-08-730x480-1.jpeg\",\"contentUrl\":\"https:\\\/\\\/msconectado.com.br\\\/wp-content\\\/uploads\\\/2024\\\/04\\\/Governador-participa-da-Expocanas-Foto-Alvaro-Rezende-08-730x480-1.jpeg\",\"width\":730,\"height\":480},{\"@type\":\"BreadcrumbList\",\"@id\":\"https:\\\/\\\/msconectado.com.br\\\/?p=21824#breadcrumb\",\"itemListElement\":[{\"@type\":\"ListItem\",\"position\":1,\"name\":\"In\u00edcio\",\"item\":\"https:\\\/\\\/msconectado.com.br\\\/?page_id=105\"},{\"@type\":\"ListItem\",\"position\":2,\"name\":\"Expocanas: Governo de MS reduz ICMS das sucroenerg\u00e9ticas para 1,8%, e gigante do setor anuncia nova planta\"}]},{\"@type\":\"WebSite\",\"@id\":\"https:\\\/\\\/msconectado.com.br\\\/#website\",\"url\":\"https:\\\/\\\/msconectado.com.br\\\/\",\"name\":\"MsConectado\",\"description\":\"Voc\u00ea Conectado com a Not\u00edcia!\",\"publisher\":{\"@id\":\"https:\\\/\\\/msconectado.com.br\\\/#organization\"},\"potentialAction\":[{\"@type\":\"SearchAction\",\"target\":{\"@type\":\"EntryPoint\",\"urlTemplate\":\"https:\\\/\\\/msconectado.com.br\\\/?s={search_term_string}\"},\"query-input\":{\"@type\":\"PropertyValueSpecification\",\"valueRequired\":true,\"valueName\":\"search_term_string\"}}],\"inLanguage\":\"pt-BR\"},{\"@type\":\"Organization\",\"@id\":\"https:\\\/\\\/msconectado.com.br\\\/#organization\",\"name\":\"MsConectado\",\"url\":\"https:\\\/\\\/msconectado.com.br\\\/\",\"logo\":{\"@type\":\"ImageObject\",\"inLanguage\":\"pt-BR\",\"@id\":\"https:\\\/\\\/msconectado.com.br\\\/#\\\/schema\\\/logo\\\/image\\\/\",\"url\":\"https:\\\/\\\/msconectado.com.br\\\/wp-content\\\/uploads\\\/2023\\\/01\\\/cropped-noticia-2.png\",\"contentUrl\":\"https:\\\/\\\/msconectado.com.br\\\/wp-content\\\/uploads\\\/2023\\\/01\\\/cropped-noticia-2.png\",\"width\":720,\"height\":157,\"caption\":\"MsConectado\"},\"image\":{\"@id\":\"https:\\\/\\\/msconectado.com.br\\\/#\\\/schema\\\/logo\\\/image\\\/\"}},{\"@type\":\"Person\",\"@id\":\"https:\\\/\\\/msconectado.com.br\\\/#\\\/schema\\\/person\\\/e5585545b5687092f1041d350b6e2c16\",\"name\":\"MsConectado\",\"image\":{\"@type\":\"ImageObject\",\"inLanguage\":\"pt-BR\",\"@id\":\"https:\\\/\\\/secure.gravatar.com\\\/avatar\\\/3b4f84a0a8a4380ac4431fa79981d073692380c5da00ae97596e794ab0db5c8c?s=96&d=mm&r=g\",\"url\":\"https:\\\/\\\/secure.gravatar.com\\\/avatar\\\/3b4f84a0a8a4380ac4431fa79981d073692380c5da00ae97596e794ab0db5c8c?s=96&d=mm&r=g\",\"contentUrl\":\"https:\\\/\\\/secure.gravatar.com\\\/avatar\\\/3b4f84a0a8a4380ac4431fa79981d073692380c5da00ae97596e794ab0db5c8c?s=96&d=mm&r=g\",\"caption\":\"MsConectado\"},\"url\":\"https:\\\/\\\/msconectado.com.br\\\/?author=2\"}]}<\/script>\n<!-- \/ Yoast SEO plugin. -->","yoast_head_json":{"title":"Expocanas: Governo de MS reduz ICMS das sucroenerg\u00e9ticas para 1,8%, e gigante do setor anuncia nova planta - MsConectado","robots":{"index":"index","follow":"follow","max-snippet":"max-snippet:-1","max-image-preview":"max-image-preview:large","max-video-preview":"max-video-preview:-1"},"canonical":"https:\/\/msconectado.com.br\/?p=21824","og_locale":"pt_BR","og_type":"article","og_title":"Expocanas: Governo de MS reduz ICMS das sucroenerg\u00e9ticas para 1,8%, e gigante do setor anuncia nova planta - MsConectado","og_description":"Representantes do setor sucroenerg\u00e9tico e demais segmentos produtivos, juntamente com lideran\u00e7as pol\u00edticas, participaram nesta quarta-feira (10) em Nova Alvorada do Sul da cerim\u00f4nia de abertura da Expocanas 2024, a&nbsp;maior feira do setor no Mato Grosso do Sul. No evento, o Governo de Mato Grosso do Sul e a iniciativa privada divulgaram medidas para estimular a [&hellip;]","og_url":"https:\/\/msconectado.com.br\/?p=21824","og_site_name":"MsConectado","article_published_time":"2024-04-10T22:30:07+00:00","article_modified_time":"2024-04-10T22:30:09+00:00","og_image":[{"width":730,"height":480,"url":"https:\/\/msconectado.com.br\/wp-content\/uploads\/2024\/04\/Governador-participa-da-Expocanas-Foto-Alvaro-Rezende-08-730x480-1.jpeg","type":"image\/jpeg"}],"author":"MsConectado","twitter_card":"summary_large_image","twitter_misc":{"Escrito por":"MsConectado","Est. tempo de leitura":"5 minutos"},"schema":{"@context":"https:\/\/schema.org","@graph":[{"@type":"Article","@id":"https:\/\/msconectado.com.br\/?p=21824#article","isPartOf":{"@id":"https:\/\/msconectado.com.br\/?p=21824"},"author":{"name":"MsConectado","@id":"https:\/\/msconectado.com.br\/#\/schema\/person\/e5585545b5687092f1041d350b6e2c16"},"headline":"Expocanas: Governo de MS reduz ICMS das sucroenerg\u00e9ticas para 1,8%, e gigante do setor anuncia nova planta","datePublished":"2024-04-10T22:30:07+00:00","dateModified":"2024-04-10T22:30:09+00:00","mainEntityOfPage":{"@id":"https:\/\/msconectado.com.br\/?p=21824"},"wordCount":892,"commentCount":0,"publisher":{"@id":"https:\/\/msconectado.com.br\/#organization"},"image":{"@id":"https:\/\/msconectado.com.br\/?p=21824#primaryimage"},"thumbnailUrl":"https:\/\/msconectado.com.br\/wp-content\/uploads\/2024\/04\/Governador-participa-da-Expocanas-Foto-Alvaro-Rezende-08-730x480-1.jpeg","articleSection":["Cidades","Not\u00edcia"],"inLanguage":"pt-BR","potentialAction":[{"@type":"CommentAction","name":"Comment","target":["https:\/\/msconectado.com.br\/?p=21824#respond"]}]},{"@type":"WebPage","@id":"https:\/\/msconectado.com.br\/?p=21824","url":"https:\/\/msconectado.com.br\/?p=21824","name":"Expocanas: Governo de MS reduz ICMS das sucroenerg\u00e9ticas para 1,8%, e gigante do setor anuncia nova planta - MsConectado","isPartOf":{"@id":"https:\/\/msconectado.com.br\/#website"},"primaryImageOfPage":{"@id":"https:\/\/msconectado.com.br\/?p=21824#primaryimage"},"image":{"@id":"https:\/\/msconectado.com.br\/?p=21824#primaryimage"},"thumbnailUrl":"https:\/\/msconectado.com.br\/wp-content\/uploads\/2024\/04\/Governador-participa-da-Expocanas-Foto-Alvaro-Rezende-08-730x480-1.jpeg","datePublished":"2024-04-10T22:30:07+00:00","dateModified":"2024-04-10T22:30:09+00:00","breadcrumb":{"@id":"https:\/\/msconectado.com.br\/?p=21824#breadcrumb"},"inLanguage":"pt-BR","potentialAction":[{"@type":"ReadAction","target":["https:\/\/msconectado.com.br\/?p=21824"]}]},{"@type":"ImageObject","inLanguage":"pt-BR","@id":"https:\/\/msconectado.com.br\/?p=21824#primaryimage","url":"https:\/\/msconectado.com.br\/wp-content\/uploads\/2024\/04\/Governador-participa-da-Expocanas-Foto-Alvaro-Rezende-08-730x480-1.jpeg","contentUrl":"https:\/\/msconectado.com.br\/wp-content\/uploads\/2024\/04\/Governador-participa-da-Expocanas-Foto-Alvaro-Rezende-08-730x480-1.jpeg","width":730,"height":480},{"@type":"BreadcrumbList","@id":"https:\/\/msconectado.com.br\/?p=21824#breadcrumb","itemListElement":[{"@type":"ListItem","position":1,"name":"In\u00edcio","item":"https:\/\/msconectado.com.br\/?page_id=105"},{"@type":"ListItem","position":2,"name":"Expocanas: Governo de MS reduz ICMS das sucroenerg\u00e9ticas para 1,8%, e gigante do setor anuncia nova planta"}]},{"@type":"WebSite","@id":"https:\/\/msconectado.com.br\/#website","url":"https:\/\/msconectado.com.br\/","name":"MsConectado","description":"Voc\u00ea Conectado com a Not\u00edcia!","publisher":{"@id":"https:\/\/msconectado.com.br\/#organization"},"potentialAction":[{"@type":"SearchAction","target":{"@type":"EntryPoint","urlTemplate":"https:\/\/msconectado.com.br\/?s={search_term_string}"},"query-input":{"@type":"PropertyValueSpecification","valueRequired":true,"valueName":"search_term_string"}}],"inLanguage":"pt-BR"},{"@type":"Organization","@id":"https:\/\/msconectado.com.br\/#organization","name":"MsConectado","url":"https:\/\/msconectado.com.br\/","logo":{"@type":"ImageObject","inLanguage":"pt-BR","@id":"https:\/\/msconectado.com.br\/#\/schema\/logo\/image\/","url":"https:\/\/msconectado.com.br\/wp-content\/uploads\/2023\/01\/cropped-noticia-2.png","contentUrl":"https:\/\/msconectado.com.br\/wp-content\/uploads\/2023\/01\/cropped-noticia-2.png","width":720,"height":157,"caption":"MsConectado"},"image":{"@id":"https:\/\/msconectado.com.br\/#\/schema\/logo\/image\/"}},{"@type":"Person","@id":"https:\/\/msconectado.com.br\/#\/schema\/person\/e5585545b5687092f1041d350b6e2c16","name":"MsConectado","image":{"@type":"ImageObject","inLanguage":"pt-BR","@id":"https:\/\/secure.gravatar.com\/avatar\/3b4f84a0a8a4380ac4431fa79981d073692380c5da00ae97596e794ab0db5c8c?s=96&d=mm&r=g","url":"https:\/\/secure.gravatar.com\/avatar\/3b4f84a0a8a4380ac4431fa79981d073692380c5da00ae97596e794ab0db5c8c?s=96&d=mm&r=g","contentUrl":"https:\/\/secure.gravatar.com\/avatar\/3b4f84a0a8a4380ac4431fa79981d073692380c5da00ae97596e794ab0db5c8c?s=96&d=mm&r=g","caption":"MsConectado"},"url":"https:\/\/msconectado.com.br\/?author=2"}]}},"_links":{"self":[{"href":"https:\/\/msconectado.com.br\/index.php?rest_route=\/wp\/v2\/posts\/21824","targetHints":{"allow":["GET"]}}],"collection":[{"href":"https:\/\/msconectado.com.br\/index.php?rest_route=\/wp\/v2\/posts"}],"about":[{"href":"https:\/\/msconectado.com.br\/index.php?rest_route=\/wp\/v2\/types\/post"}],"author":[{"embeddable":true,"href":"https:\/\/msconectado.com.br\/index.php?rest_route=\/wp\/v2\/users\/2"}],"replies":[{"embeddable":true,"href":"https:\/\/msconectado.com.br\/index.php?rest_route=%2Fwp%2Fv2%2Fcomments&post=21824"}],"version-history":[{"count":1,"href":"https:\/\/msconectado.com.br\/index.php?rest_route=\/wp\/v2\/posts\/21824\/revisions"}],"predecessor-version":[{"id":21826,"href":"https:\/\/msconectado.com.br\/index.php?rest_route=\/wp\/v2\/posts\/21824\/revisions\/21826"}],"wp:featuredmedia":[{"embeddable":true,"href":"https:\/\/msconectado.com.br\/index.php?rest_route=\/wp\/v2\/media\/21825"}],"wp:attachment":[{"href":"https:\/\/msconectado.com.br\/index.php?rest_route=%2Fwp%2Fv2%2Fmedia&parent=21824"}],"wp:term":[{"taxonomy":"category","embeddable":true,"href":"https:\/\/msconectado.com.br\/index.php?rest_route=%2Fwp%2Fv2%2Fcategories&post=21824"},{"taxonomy":"post_tag","embeddable":true,"href":"https:\/\/msconectado.com.br\/index.php?rest_route=%2Fwp%2Fv2%2Ftags&post=21824"}],"curies":[{"name":"wp","href":"https:\/\/api.w.org\/{rel}","templated":true}]}}