
{"id":21827,"date":"2024-04-11T17:26:30","date_gmt":"2024-04-11T17:26:30","guid":{"rendered":"https:\/\/msconectado.com.br\/?p=21827"},"modified":"2024-04-11T17:32:21","modified_gmt":"2024-04-11T17:32:21","slug":"agentes-da-saude-fazem-palestras-sobre-combate-ao-mosquito-da-dengue-para-estudantes-em-jardim","status":"publish","type":"post","link":"https:\/\/msconectado.com.br\/?p=21827","title":{"rendered":"Agentes da Sa\u00fade fazem palestras sobre combate ao mosquito da dengue para estudantes em Jardim."},"content":{"rendered":"\n<p>Na quarta-feira (10 de abril), agentes da Vigil\u00e2ncia Epidemiol\u00f3gica da Secretaria Municipal de Sa\u00fade realizaram palestra para estudantes da Escola Estadual Coronel Juv\u00eancio sobre o combate ao mosquito da dengue.<\/p>\n\n\n\n<p>As equipes continuam nos bairros, realizando o trabalho de visita domiciliar, orientando moradores e verificando poss\u00edveis focos de criadouros do mosquito.<\/p>\n\n\n<div class=\"wp-block-image\">\n<figure class=\"aligncenter size-large\"><img fetchpriority=\"high\" decoding=\"async\" width=\"1024\" height=\"576\" src=\"https:\/\/msconectado.com.br\/wp-content\/uploads\/2024\/04\/image-18-1024x576.png\" alt=\"\" class=\"wp-image-21829\" srcset=\"https:\/\/msconectado.com.br\/wp-content\/uploads\/2024\/04\/image-18-1024x576.png 1024w, https:\/\/msconectado.com.br\/wp-content\/uploads\/2024\/04\/image-18-300x169.png 300w, https:\/\/msconectado.com.br\/wp-content\/uploads\/2024\/04\/image-18-768x432.png 768w, https:\/\/msconectado.com.br\/wp-content\/uploads\/2024\/04\/image-18.png 1440w\" sizes=\"(max-width: 1024px) 100vw, 1024px\" \/><\/figure>\n<\/div>\n\n\n<p>&#8220;Este trabalho \u00e9 constante. \u00c9 essencial que cada um fa\u00e7a a sua parte realizando a busca semanal em sua casa e local de trabalho para exterminar poss\u00edveis criadouros do mosquito&#8221;, disse o respons\u00e1vel pelo setor, Alisson Moreira.<\/p>\n\n\n\n<p>Jardim contabiliza 420 casos notificados desde o in\u00edcio do ano, sendo 12 confirmados e 62 em an\u00e1lise, de acordo com o \u00faltimo boletim ewpidemiol\u00f3gico da Secretaria de Estado de Sa\u00fade.<\/p>\n\n\n\n<p>Assessoria<\/p>\n\n\n<div class=\"wp-block-image\">\n<figure class=\"aligncenter size-full\"><img decoding=\"async\" width=\"900\" height=\"100\" src=\"https:\/\/msconectado.com.br\/wp-content\/uploads\/2024\/04\/ezgif.com-animated-gif-maker.gif\" alt=\"\" class=\"wp-image-21720\"\/><\/figure>\n<\/div>","protected":false},"excerpt":{"rendered":"<p>Na quarta-feira (10 de abril), agentes da Vigil\u00e2ncia Epidemiol\u00f3gica da Secretaria Municipal de Sa\u00fade realizaram palestra para estudantes da Escola Estadual Coronel Juv\u00eancio sobre o combate ao mosquito da dengue. As equipes continuam nos bairros, realizando o trabalho de visita domiciliar, orientando moradores e verificando poss\u00edveis focos de criadouros do mosquito. &#8220;Este trabalho \u00e9 constante. [&hellip;]<\/p>\n","protected":false},"author":2,"featured_media":21828,"comment_status":"open","ping_status":"closed","sticky":false,"template":"","format":"standard","meta":{"footnotes":""},"categories":[35,1],"tags":[],"class_list":["post-21827","post","type-post","status-publish","format-standard","has-post-thumbnail","hentry","category-cidades","category-noticia"],"yoast_head":"<!-- This site is optimized with the Yoast SEO plugin v27.5 - https:\/\/yoast.com\/product\/yoast-seo-wordpress\/ -->\n<title>Agentes da Sa\u00fade fazem palestras sobre combate ao mosquito da dengue para estudantes em Jardim. - MsConectado<\/title>\n<meta name=\"description\" content=\"Agentes da Sa\u00fade fazem palestras sobre combate ao mosquito da dengue para estudantes em Jardim.\" \/>\n<meta name=\"robots\" content=\"index, follow, max-snippet:-1, max-image-preview:large, max-video-preview:-1\" \/>\n<link rel=\"canonical\" href=\"https:\/\/msconectado.com.br\/?p=21827\" \/>\n<meta property=\"og:locale\" content=\"pt_BR\" \/>\n<meta property=\"og:type\" content=\"article\" \/>\n<meta property=\"og:title\" content=\"Agentes da Sa\u00fade fazem palestras sobre combate ao mosquito da dengue para estudantes em Jardim. - MsConectado\" \/>\n<meta property=\"og:description\" content=\"Agentes da Sa\u00fade fazem palestras sobre combate ao mosquito da dengue para estudantes em Jardim.\" \/>\n<meta property=\"og:url\" content=\"https:\/\/msconectado.com.br\/?p=21827\" \/>\n<meta property=\"og:site_name\" content=\"MsConectado\" \/>\n<meta property=\"article:published_time\" content=\"2024-04-11T17:26:30+00:00\" \/>\n<meta property=\"article:modified_time\" content=\"2024-04-11T17:32:21+00:00\" \/>\n<meta property=\"og:image\" content=\"https:\/\/msconectado.com.br\/wp-content\/uploads\/2024\/04\/432928280_440517645165608_6642464383045898135_n.jpg\" \/>\n\t<meta property=\"og:image:width\" content=\"1280\" \/>\n\t<meta property=\"og:image:height\" content=\"720\" \/>\n\t<meta property=\"og:image:type\" content=\"image\/jpeg\" \/>\n<meta name=\"author\" content=\"MsConectado\" \/>\n<meta name=\"twitter:card\" content=\"summary_large_image\" \/>\n<meta name=\"twitter:label1\" content=\"Escrito por\" \/>\n\t<meta name=\"twitter:data1\" content=\"MsConectado\" \/>\n\t<meta name=\"twitter:label2\" content=\"Est. tempo de leitura\" \/>\n\t<meta name=\"twitter:data2\" content=\"2 minutos\" \/>\n<script type=\"application\/ld+json\" class=\"yoast-schema-graph\">{\"@context\":\"https:\\\/\\\/schema.org\",\"@graph\":[{\"@type\":\"Article\",\"@id\":\"https:\\\/\\\/msconectado.com.br\\\/?p=21827#article\",\"isPartOf\":{\"@id\":\"https:\\\/\\\/msconectado.com.br\\\/?p=21827\"},\"author\":{\"name\":\"MsConectado\",\"@id\":\"https:\\\/\\\/msconectado.com.br\\\/#\\\/schema\\\/person\\\/e5585545b5687092f1041d350b6e2c16\"},\"headline\":\"Agentes da Sa\u00fade fazem palestras sobre combate ao mosquito da dengue para estudantes em Jardim.\",\"datePublished\":\"2024-04-11T17:26:30+00:00\",\"dateModified\":\"2024-04-11T17:32:21+00:00\",\"mainEntityOfPage\":{\"@id\":\"https:\\\/\\\/msconectado.com.br\\\/?p=21827\"},\"wordCount\":141,\"commentCount\":0,\"publisher\":{\"@id\":\"https:\\\/\\\/msconectado.com.br\\\/#organization\"},\"image\":{\"@id\":\"https:\\\/\\\/msconectado.com.br\\\/?p=21827#primaryimage\"},\"thumbnailUrl\":\"https:\\\/\\\/msconectado.com.br\\\/wp-content\\\/uploads\\\/2024\\\/04\\\/432928280_440517645165608_6642464383045898135_n.jpg\",\"articleSection\":[\"Cidades\",\"Not\u00edcia\"],\"inLanguage\":\"pt-BR\",\"potentialAction\":[{\"@type\":\"CommentAction\",\"name\":\"Comment\",\"target\":[\"https:\\\/\\\/msconectado.com.br\\\/?p=21827#respond\"]}]},{\"@type\":\"WebPage\",\"@id\":\"https:\\\/\\\/msconectado.com.br\\\/?p=21827\",\"url\":\"https:\\\/\\\/msconectado.com.br\\\/?p=21827\",\"name\":\"Agentes da Sa\u00fade fazem palestras sobre combate ao mosquito da dengue para estudantes em Jardim. - MsConectado\",\"isPartOf\":{\"@id\":\"https:\\\/\\\/msconectado.com.br\\\/#website\"},\"primaryImageOfPage\":{\"@id\":\"https:\\\/\\\/msconectado.com.br\\\/?p=21827#primaryimage\"},\"image\":{\"@id\":\"https:\\\/\\\/msconectado.com.br\\\/?p=21827#primaryimage\"},\"thumbnailUrl\":\"https:\\\/\\\/msconectado.com.br\\\/wp-content\\\/uploads\\\/2024\\\/04\\\/432928280_440517645165608_6642464383045898135_n.jpg\",\"datePublished\":\"2024-04-11T17:26:30+00:00\",\"dateModified\":\"2024-04-11T17:32:21+00:00\",\"description\":\"Agentes da Sa\u00fade fazem palestras sobre combate ao mosquito da dengue para estudantes em Jardim.\",\"breadcrumb\":{\"@id\":\"https:\\\/\\\/msconectado.com.br\\\/?p=21827#breadcrumb\"},\"inLanguage\":\"pt-BR\",\"potentialAction\":[{\"@type\":\"ReadAction\",\"target\":[\"https:\\\/\\\/msconectado.com.br\\\/?p=21827\"]}]},{\"@type\":\"ImageObject\",\"inLanguage\":\"pt-BR\",\"@id\":\"https:\\\/\\\/msconectado.com.br\\\/?p=21827#primaryimage\",\"url\":\"https:\\\/\\\/msconectado.com.br\\\/wp-content\\\/uploads\\\/2024\\\/04\\\/432928280_440517645165608_6642464383045898135_n.jpg\",\"contentUrl\":\"https:\\\/\\\/msconectado.com.br\\\/wp-content\\\/uploads\\\/2024\\\/04\\\/432928280_440517645165608_6642464383045898135_n.jpg\",\"width\":1280,\"height\":720},{\"@type\":\"BreadcrumbList\",\"@id\":\"https:\\\/\\\/msconectado.com.br\\\/?p=21827#breadcrumb\",\"itemListElement\":[{\"@type\":\"ListItem\",\"position\":1,\"name\":\"In\u00edcio\",\"item\":\"https:\\\/\\\/msconectado.com.br\\\/\"},{\"@type\":\"ListItem\",\"position\":2,\"name\":\"Agentes da Sa\u00fade fazem palestras sobre combate ao mosquito da dengue para estudantes em Jardim.\"}]},{\"@type\":\"WebSite\",\"@id\":\"https:\\\/\\\/msconectado.com.br\\\/#website\",\"url\":\"https:\\\/\\\/msconectado.com.br\\\/\",\"name\":\"MsConectado\",\"description\":\"Voc\u00ea Conectado com a Not\u00edcia!\",\"publisher\":{\"@id\":\"https:\\\/\\\/msconectado.com.br\\\/#organization\"},\"potentialAction\":[{\"@type\":\"SearchAction\",\"target\":{\"@type\":\"EntryPoint\",\"urlTemplate\":\"https:\\\/\\\/msconectado.com.br\\\/?s={search_term_string}\"},\"query-input\":{\"@type\":\"PropertyValueSpecification\",\"valueRequired\":true,\"valueName\":\"search_term_string\"}}],\"inLanguage\":\"pt-BR\"},{\"@type\":\"Organization\",\"@id\":\"https:\\\/\\\/msconectado.com.br\\\/#organization\",\"name\":\"MsConectado\",\"url\":\"https:\\\/\\\/msconectado.com.br\\\/\",\"logo\":{\"@type\":\"ImageObject\",\"inLanguage\":\"pt-BR\",\"@id\":\"https:\\\/\\\/msconectado.com.br\\\/#\\\/schema\\\/logo\\\/image\\\/\",\"url\":\"https:\\\/\\\/msconectado.com.br\\\/wp-content\\\/uploads\\\/2023\\\/01\\\/cropped-noticia-2.png\",\"contentUrl\":\"https:\\\/\\\/msconectado.com.br\\\/wp-content\\\/uploads\\\/2023\\\/01\\\/cropped-noticia-2.png\",\"width\":720,\"height\":157,\"caption\":\"MsConectado\"},\"image\":{\"@id\":\"https:\\\/\\\/msconectado.com.br\\\/#\\\/schema\\\/logo\\\/image\\\/\"}},{\"@type\":\"Person\",\"@id\":\"https:\\\/\\\/msconectado.com.br\\\/#\\\/schema\\\/person\\\/e5585545b5687092f1041d350b6e2c16\",\"name\":\"MsConectado\",\"image\":{\"@type\":\"ImageObject\",\"inLanguage\":\"pt-BR\",\"@id\":\"https:\\\/\\\/secure.gravatar.com\\\/avatar\\\/3b4f84a0a8a4380ac4431fa79981d073692380c5da00ae97596e794ab0db5c8c?s=96&d=mm&r=g\",\"url\":\"https:\\\/\\\/secure.gravatar.com\\\/avatar\\\/3b4f84a0a8a4380ac4431fa79981d073692380c5da00ae97596e794ab0db5c8c?s=96&d=mm&r=g\",\"contentUrl\":\"https:\\\/\\\/secure.gravatar.com\\\/avatar\\\/3b4f84a0a8a4380ac4431fa79981d073692380c5da00ae97596e794ab0db5c8c?s=96&d=mm&r=g\",\"caption\":\"MsConectado\"},\"url\":\"https:\\\/\\\/msconectado.com.br\\\/?author=2\"}]}<\/script>\n<!-- \/ Yoast SEO plugin. -->","yoast_head_json":{"title":"Agentes da Sa\u00fade fazem palestras sobre combate ao mosquito da dengue para estudantes em Jardim. - MsConectado","description":"Agentes da Sa\u00fade fazem palestras sobre combate ao mosquito da dengue para estudantes em Jardim.","robots":{"index":"index","follow":"follow","max-snippet":"max-snippet:-1","max-image-preview":"max-image-preview:large","max-video-preview":"max-video-preview:-1"},"canonical":"https:\/\/msconectado.com.br\/?p=21827","og_locale":"pt_BR","og_type":"article","og_title":"Agentes da Sa\u00fade fazem palestras sobre combate ao mosquito da dengue para estudantes em Jardim. - MsConectado","og_description":"Agentes da Sa\u00fade fazem palestras sobre combate ao mosquito da dengue para estudantes em Jardim.","og_url":"https:\/\/msconectado.com.br\/?p=21827","og_site_name":"MsConectado","article_published_time":"2024-04-11T17:26:30+00:00","article_modified_time":"2024-04-11T17:32:21+00:00","og_image":[{"width":1280,"height":720,"url":"https:\/\/msconectado.com.br\/wp-content\/uploads\/2024\/04\/432928280_440517645165608_6642464383045898135_n.jpg","type":"image\/jpeg"}],"author":"MsConectado","twitter_card":"summary_large_image","twitter_misc":{"Escrito por":"MsConectado","Est. tempo de leitura":"2 minutos"},"schema":{"@context":"https:\/\/schema.org","@graph":[{"@type":"Article","@id":"https:\/\/msconectado.com.br\/?p=21827#article","isPartOf":{"@id":"https:\/\/msconectado.com.br\/?p=21827"},"author":{"name":"MsConectado","@id":"https:\/\/msconectado.com.br\/#\/schema\/person\/e5585545b5687092f1041d350b6e2c16"},"headline":"Agentes da Sa\u00fade fazem palestras sobre combate ao mosquito da dengue para estudantes em Jardim.","datePublished":"2024-04-11T17:26:30+00:00","dateModified":"2024-04-11T17:32:21+00:00","mainEntityOfPage":{"@id":"https:\/\/msconectado.com.br\/?p=21827"},"wordCount":141,"commentCount":0,"publisher":{"@id":"https:\/\/msconectado.com.br\/#organization"},"image":{"@id":"https:\/\/msconectado.com.br\/?p=21827#primaryimage"},"thumbnailUrl":"https:\/\/msconectado.com.br\/wp-content\/uploads\/2024\/04\/432928280_440517645165608_6642464383045898135_n.jpg","articleSection":["Cidades","Not\u00edcia"],"inLanguage":"pt-BR","potentialAction":[{"@type":"CommentAction","name":"Comment","target":["https:\/\/msconectado.com.br\/?p=21827#respond"]}]},{"@type":"WebPage","@id":"https:\/\/msconectado.com.br\/?p=21827","url":"https:\/\/msconectado.com.br\/?p=21827","name":"Agentes da Sa\u00fade fazem palestras sobre combate ao mosquito da dengue para estudantes em Jardim. - MsConectado","isPartOf":{"@id":"https:\/\/msconectado.com.br\/#website"},"primaryImageOfPage":{"@id":"https:\/\/msconectado.com.br\/?p=21827#primaryimage"},"image":{"@id":"https:\/\/msconectado.com.br\/?p=21827#primaryimage"},"thumbnailUrl":"https:\/\/msconectado.com.br\/wp-content\/uploads\/2024\/04\/432928280_440517645165608_6642464383045898135_n.jpg","datePublished":"2024-04-11T17:26:30+00:00","dateModified":"2024-04-11T17:32:21+00:00","description":"Agentes da Sa\u00fade fazem palestras sobre combate ao mosquito da dengue para estudantes em Jardim.","breadcrumb":{"@id":"https:\/\/msconectado.com.br\/?p=21827#breadcrumb"},"inLanguage":"pt-BR","potentialAction":[{"@type":"ReadAction","target":["https:\/\/msconectado.com.br\/?p=21827"]}]},{"@type":"ImageObject","inLanguage":"pt-BR","@id":"https:\/\/msconectado.com.br\/?p=21827#primaryimage","url":"https:\/\/msconectado.com.br\/wp-content\/uploads\/2024\/04\/432928280_440517645165608_6642464383045898135_n.jpg","contentUrl":"https:\/\/msconectado.com.br\/wp-content\/uploads\/2024\/04\/432928280_440517645165608_6642464383045898135_n.jpg","width":1280,"height":720},{"@type":"BreadcrumbList","@id":"https:\/\/msconectado.com.br\/?p=21827#breadcrumb","itemListElement":[{"@type":"ListItem","position":1,"name":"In\u00edcio","item":"https:\/\/msconectado.com.br\/"},{"@type":"ListItem","position":2,"name":"Agentes da Sa\u00fade fazem palestras sobre combate ao mosquito da dengue para estudantes em Jardim."}]},{"@type":"WebSite","@id":"https:\/\/msconectado.com.br\/#website","url":"https:\/\/msconectado.com.br\/","name":"MsConectado","description":"Voc\u00ea Conectado com a Not\u00edcia!","publisher":{"@id":"https:\/\/msconectado.com.br\/#organization"},"potentialAction":[{"@type":"SearchAction","target":{"@type":"EntryPoint","urlTemplate":"https:\/\/msconectado.com.br\/?s={search_term_string}"},"query-input":{"@type":"PropertyValueSpecification","valueRequired":true,"valueName":"search_term_string"}}],"inLanguage":"pt-BR"},{"@type":"Organization","@id":"https:\/\/msconectado.com.br\/#organization","name":"MsConectado","url":"https:\/\/msconectado.com.br\/","logo":{"@type":"ImageObject","inLanguage":"pt-BR","@id":"https:\/\/msconectado.com.br\/#\/schema\/logo\/image\/","url":"https:\/\/msconectado.com.br\/wp-content\/uploads\/2023\/01\/cropped-noticia-2.png","contentUrl":"https:\/\/msconectado.com.br\/wp-content\/uploads\/2023\/01\/cropped-noticia-2.png","width":720,"height":157,"caption":"MsConectado"},"image":{"@id":"https:\/\/msconectado.com.br\/#\/schema\/logo\/image\/"}},{"@type":"Person","@id":"https:\/\/msconectado.com.br\/#\/schema\/person\/e5585545b5687092f1041d350b6e2c16","name":"MsConectado","image":{"@type":"ImageObject","inLanguage":"pt-BR","@id":"https:\/\/secure.gravatar.com\/avatar\/3b4f84a0a8a4380ac4431fa79981d073692380c5da00ae97596e794ab0db5c8c?s=96&d=mm&r=g","url":"https:\/\/secure.gravatar.com\/avatar\/3b4f84a0a8a4380ac4431fa79981d073692380c5da00ae97596e794ab0db5c8c?s=96&d=mm&r=g","contentUrl":"https:\/\/secure.gravatar.com\/avatar\/3b4f84a0a8a4380ac4431fa79981d073692380c5da00ae97596e794ab0db5c8c?s=96&d=mm&r=g","caption":"MsConectado"},"url":"https:\/\/msconectado.com.br\/?author=2"}]}},"_links":{"self":[{"href":"https:\/\/msconectado.com.br\/index.php?rest_route=\/wp\/v2\/posts\/21827","targetHints":{"allow":["GET"]}}],"collection":[{"href":"https:\/\/msconectado.com.br\/index.php?rest_route=\/wp\/v2\/posts"}],"about":[{"href":"https:\/\/msconectado.com.br\/index.php?rest_route=\/wp\/v2\/types\/post"}],"author":[{"embeddable":true,"href":"https:\/\/msconectado.com.br\/index.php?rest_route=\/wp\/v2\/users\/2"}],"replies":[{"embeddable":true,"href":"https:\/\/msconectado.com.br\/index.php?rest_route=%2Fwp%2Fv2%2Fcomments&post=21827"}],"version-history":[{"count":1,"href":"https:\/\/msconectado.com.br\/index.php?rest_route=\/wp\/v2\/posts\/21827\/revisions"}],"predecessor-version":[{"id":21830,"href":"https:\/\/msconectado.com.br\/index.php?rest_route=\/wp\/v2\/posts\/21827\/revisions\/21830"}],"wp:featuredmedia":[{"embeddable":true,"href":"https:\/\/msconectado.com.br\/index.php?rest_route=\/wp\/v2\/media\/21828"}],"wp:attachment":[{"href":"https:\/\/msconectado.com.br\/index.php?rest_route=%2Fwp%2Fv2%2Fmedia&parent=21827"}],"wp:term":[{"taxonomy":"category","embeddable":true,"href":"https:\/\/msconectado.com.br\/index.php?rest_route=%2Fwp%2Fv2%2Fcategories&post=21827"},{"taxonomy":"post_tag","embeddable":true,"href":"https:\/\/msconectado.com.br\/index.php?rest_route=%2Fwp%2Fv2%2Ftags&post=21827"}],"curies":[{"name":"wp","href":"https:\/\/api.w.org\/{rel}","templated":true}]}}