
{"id":21868,"date":"2024-04-15T23:30:38","date_gmt":"2024-04-15T23:30:38","guid":{"rendered":"https:\/\/msconectado.com.br\/?p=21868"},"modified":"2024-04-15T23:46:42","modified_gmt":"2024-04-15T23:46:42","slug":"vereador-robert-ziemann-destaca-a-importancia-de-pediatra-de-plantao-no-hospital-soriano-correa-e-demanda-melhorias-no-atendimento","status":"publish","type":"post","link":"https:\/\/msconectado.com.br\/?p=21868","title":{"rendered":"Vereador Robert Ziemann destaca a import\u00e2ncia de pediatra de plant\u00e3o no Hospital Soriano Corr\u00eaa e demanda melhorias no atendimento."},"content":{"rendered":"\n<p>Na \u00faltima segunda-feira, dia 15, a sess\u00e3o da C\u00e2mara Municipal de Maracaju foi marcada por discuss\u00f5es cruciais sobre a qualidade dos servi\u00e7os de sa\u00fade oferecidos pelo Hospital Soriano Correa da Silva.<\/p>\n\n\n\n<p>Ziemann fez um pedido contundente durante a sess\u00e3o, solicitando que a administra\u00e7\u00e3o do Hospital Soriano Corr\u00eaa encaminhe \u00e0 Casa de Leis a lista completa de todos os m\u00e9dicos contratados pela institui\u00e7\u00e3o. Essa medida visa fornecer \u00e0 popula\u00e7\u00e3o informa\u00e7\u00f5es claras sobre os profissionais respons\u00e1veis pelo atendimento m\u00e9dico na institui\u00e7\u00e3o, promovendo assim uma maior transpar\u00eancia no servi\u00e7o prestado.<\/p>\n\n\n<div class=\"wp-block-image\">\n<figure class=\"aligncenter size-large\"><img fetchpriority=\"high\" decoding=\"async\" width=\"1024\" height=\"768\" src=\"https:\/\/msconectado.com.br\/wp-content\/uploads\/2024\/04\/image-25-1024x768.png\" alt=\"\" class=\"wp-image-21873\" srcset=\"https:\/\/msconectado.com.br\/wp-content\/uploads\/2024\/04\/image-25-1024x768.png 1024w, https:\/\/msconectado.com.br\/wp-content\/uploads\/2024\/04\/image-25-300x225.png 300w, https:\/\/msconectado.com.br\/wp-content\/uploads\/2024\/04\/image-25-768x576.png 768w, https:\/\/msconectado.com.br\/wp-content\/uploads\/2024\/04\/image-25-1536x1152.png 1536w, https:\/\/msconectado.com.br\/wp-content\/uploads\/2024\/04\/image-25.png 1600w\" sizes=\"(max-width: 1024px) 100vw, 1024px\" \/><\/figure>\n<\/div>\n\n\n<p><br>Al\u00e9m disso, o vereador ressaltou a necessidade crucial de ter um pediatra dispon\u00edvel no hospital, considerando as reclama\u00e7\u00f5es frequentes recebidas pela Casa de Leis. Ele tamb\u00e9m solicitou melhorias no atendimento \u00e0 popula\u00e7\u00e3o, visando garantir cuidados m\u00e9dicos mais eficientes e acess\u00edveis.<\/p>\n\n\n\n<p>As preocupa\u00e7\u00f5es levantadas por Ziemann durante a sess\u00e3o da C\u00e2mara Municipal refletem o compromisso dos representantes eleitos em garantir o acesso a servi\u00e7os de sa\u00fade de qualidade para todos os cidad\u00e3os de Maracaju. Sua iniciativa destaca a import\u00e2ncia de ouvir e responder \u00e0s necessidades da comunidade, buscando constantemente melhorias no sistema de sa\u00fade local.<\/p>\n\n\n\n<p>A Casa de Leis se comprometeu a acompanhar de perto essa quest\u00e3o e a pressionar por mudan\u00e7as significativas que beneficiem a popula\u00e7\u00e3o. A transpar\u00eancia e a disponibilidade de cuidados m\u00e9dicos adequados s\u00e3o fundamentais para o bem-estar e a seguran\u00e7a dos cidad\u00e3os, e a C\u00e2mara Municipal est\u00e1 determinada a garantir que tais direitos sejam respeitados.<\/p>\n\n\n\n<p>A comunidade de Maracaju anseia por a\u00e7\u00f5es concretas que atendam \u00e0s demandas levantadas durante a sess\u00e3o da C\u00e2mara Municipal, visando uma melhoria significativa na qualidade dos servi\u00e7os de sa\u00fade do Hospital Soriano Corr\u00eaa, com especial preocupa\u00e7\u00e3o em rela\u00e7\u00e3o \u00e0 demora no atendimento m\u00e9dico.<\/p>\n\n\n\n<p>Para mais informa\u00e7\u00f5es e atualiza\u00e7\u00f5es sobre esse assunto, continuaremos acompanhando de perto os desenvolvimentos e forneceremos atualiza\u00e7\u00f5es conforme estiverem dispon\u00edveis.<\/p>\n\n\n<div class=\"wp-block-image\">\n<figure class=\"aligncenter size-full\"><img decoding=\"async\" width=\"900\" height=\"100\" src=\"https:\/\/msconectado.com.br\/wp-content\/uploads\/2024\/04\/ezgif.com-animated-gif-maker.gif\" alt=\"\" class=\"wp-image-21720\"\/><\/figure>\n<\/div>","protected":false},"excerpt":{"rendered":"<p>Na \u00faltima segunda-feira, dia 15, a sess\u00e3o da C\u00e2mara Municipal de Maracaju foi marcada por discuss\u00f5es cruciais sobre a qualidade dos servi\u00e7os de sa\u00fade oferecidos pelo Hospital Soriano Correa da Silva. Ziemann fez um pedido contundente durante a sess\u00e3o, solicitando que a administra\u00e7\u00e3o do Hospital Soriano Corr\u00eaa encaminhe \u00e0 Casa de Leis a lista completa [&hellip;]<\/p>\n","protected":false},"author":2,"featured_media":21869,"comment_status":"open","ping_status":"closed","sticky":false,"template":"","format":"standard","meta":{"footnotes":""},"categories":[35,1],"tags":[],"class_list":["post-21868","post","type-post","status-publish","format-standard","has-post-thumbnail","hentry","category-cidades","category-noticia"],"yoast_head":"<!-- This site is optimized with the Yoast SEO plugin v27.5 - https:\/\/yoast.com\/product\/yoast-seo-wordpress\/ -->\n<title>Vereador Robert Ziemann destaca a import\u00e2ncia de pediatra de plant\u00e3o no Hospital Soriano Corr\u00eaa e demanda melhorias no atendimento. - MsConectado<\/title>\n<meta name=\"robots\" content=\"index, follow, max-snippet:-1, max-image-preview:large, max-video-preview:-1\" \/>\n<link rel=\"canonical\" href=\"https:\/\/msconectado.com.br\/?p=21868\" \/>\n<meta property=\"og:locale\" content=\"pt_BR\" \/>\n<meta property=\"og:type\" content=\"article\" \/>\n<meta property=\"og:title\" content=\"Vereador Robert Ziemann destaca a import\u00e2ncia de pediatra de plant\u00e3o no Hospital Soriano Corr\u00eaa e demanda melhorias no atendimento. - MsConectado\" \/>\n<meta property=\"og:description\" content=\"Na \u00faltima segunda-feira, dia 15, a sess\u00e3o da C\u00e2mara Municipal de Maracaju foi marcada por discuss\u00f5es cruciais sobre a qualidade dos servi\u00e7os de sa\u00fade oferecidos pelo Hospital Soriano Correa da Silva. Ziemann fez um pedido contundente durante a sess\u00e3o, solicitando que a administra\u00e7\u00e3o do Hospital Soriano Corr\u00eaa encaminhe \u00e0 Casa de Leis a lista completa [&hellip;]\" \/>\n<meta property=\"og:url\" content=\"https:\/\/msconectado.com.br\/?p=21868\" \/>\n<meta property=\"og:site_name\" content=\"MsConectado\" \/>\n<meta property=\"article:published_time\" content=\"2024-04-15T23:30:38+00:00\" \/>\n<meta property=\"article:modified_time\" content=\"2024-04-15T23:46:42+00:00\" \/>\n<meta property=\"og:image\" content=\"https:\/\/msconectado.com.br\/wp-content\/uploads\/2024\/04\/386066766_817412540387862_5902209095405766930_n.jpg\" \/>\n\t<meta property=\"og:image:width\" content=\"2048\" \/>\n\t<meta property=\"og:image:height\" content=\"1365\" \/>\n\t<meta property=\"og:image:type\" content=\"image\/jpeg\" \/>\n<meta name=\"author\" content=\"MsConectado\" \/>\n<meta name=\"twitter:card\" content=\"summary_large_image\" \/>\n<meta name=\"twitter:label1\" content=\"Escrito por\" \/>\n\t<meta name=\"twitter:data1\" content=\"MsConectado\" \/>\n\t<meta name=\"twitter:label2\" content=\"Est. tempo de leitura\" \/>\n\t<meta name=\"twitter:data2\" content=\"3 minutos\" \/>\n<script type=\"application\/ld+json\" class=\"yoast-schema-graph\">{\"@context\":\"https:\\\/\\\/schema.org\",\"@graph\":[{\"@type\":\"Article\",\"@id\":\"https:\\\/\\\/msconectado.com.br\\\/?p=21868#article\",\"isPartOf\":{\"@id\":\"https:\\\/\\\/msconectado.com.br\\\/?p=21868\"},\"author\":{\"name\":\"MsConectado\",\"@id\":\"https:\\\/\\\/msconectado.com.br\\\/#\\\/schema\\\/person\\\/e5585545b5687092f1041d350b6e2c16\"},\"headline\":\"Vereador Robert Ziemann destaca a import\u00e2ncia de pediatra de plant\u00e3o no Hospital Soriano Corr\u00eaa e demanda melhorias no atendimento.\",\"datePublished\":\"2024-04-15T23:30:38+00:00\",\"dateModified\":\"2024-04-15T23:46:42+00:00\",\"mainEntityOfPage\":{\"@id\":\"https:\\\/\\\/msconectado.com.br\\\/?p=21868\"},\"wordCount\":369,\"commentCount\":0,\"publisher\":{\"@id\":\"https:\\\/\\\/msconectado.com.br\\\/#organization\"},\"image\":{\"@id\":\"https:\\\/\\\/msconectado.com.br\\\/?p=21868#primaryimage\"},\"thumbnailUrl\":\"https:\\\/\\\/msconectado.com.br\\\/wp-content\\\/uploads\\\/2024\\\/04\\\/386066766_817412540387862_5902209095405766930_n.jpg\",\"articleSection\":[\"Cidades\",\"Not\u00edcia\"],\"inLanguage\":\"pt-BR\",\"potentialAction\":[{\"@type\":\"CommentAction\",\"name\":\"Comment\",\"target\":[\"https:\\\/\\\/msconectado.com.br\\\/?p=21868#respond\"]}]},{\"@type\":\"WebPage\",\"@id\":\"https:\\\/\\\/msconectado.com.br\\\/?p=21868\",\"url\":\"https:\\\/\\\/msconectado.com.br\\\/?p=21868\",\"name\":\"Vereador Robert Ziemann destaca a import\u00e2ncia de pediatra de plant\u00e3o no Hospital Soriano Corr\u00eaa e demanda melhorias no atendimento. - MsConectado\",\"isPartOf\":{\"@id\":\"https:\\\/\\\/msconectado.com.br\\\/#website\"},\"primaryImageOfPage\":{\"@id\":\"https:\\\/\\\/msconectado.com.br\\\/?p=21868#primaryimage\"},\"image\":{\"@id\":\"https:\\\/\\\/msconectado.com.br\\\/?p=21868#primaryimage\"},\"thumbnailUrl\":\"https:\\\/\\\/msconectado.com.br\\\/wp-content\\\/uploads\\\/2024\\\/04\\\/386066766_817412540387862_5902209095405766930_n.jpg\",\"datePublished\":\"2024-04-15T23:30:38+00:00\",\"dateModified\":\"2024-04-15T23:46:42+00:00\",\"breadcrumb\":{\"@id\":\"https:\\\/\\\/msconectado.com.br\\\/?p=21868#breadcrumb\"},\"inLanguage\":\"pt-BR\",\"potentialAction\":[{\"@type\":\"ReadAction\",\"target\":[\"https:\\\/\\\/msconectado.com.br\\\/?p=21868\"]}]},{\"@type\":\"ImageObject\",\"inLanguage\":\"pt-BR\",\"@id\":\"https:\\\/\\\/msconectado.com.br\\\/?p=21868#primaryimage\",\"url\":\"https:\\\/\\\/msconectado.com.br\\\/wp-content\\\/uploads\\\/2024\\\/04\\\/386066766_817412540387862_5902209095405766930_n.jpg\",\"contentUrl\":\"https:\\\/\\\/msconectado.com.br\\\/wp-content\\\/uploads\\\/2024\\\/04\\\/386066766_817412540387862_5902209095405766930_n.jpg\",\"width\":2048,\"height\":1365},{\"@type\":\"BreadcrumbList\",\"@id\":\"https:\\\/\\\/msconectado.com.br\\\/?p=21868#breadcrumb\",\"itemListElement\":[{\"@type\":\"ListItem\",\"position\":1,\"name\":\"In\u00edcio\",\"item\":\"https:\\\/\\\/msconectado.com.br\\\/?page_id=105\"},{\"@type\":\"ListItem\",\"position\":2,\"name\":\"Vereador Robert Ziemann destaca a import\u00e2ncia de pediatra de plant\u00e3o no Hospital Soriano Corr\u00eaa e demanda melhorias no atendimento.\"}]},{\"@type\":\"WebSite\",\"@id\":\"https:\\\/\\\/msconectado.com.br\\\/#website\",\"url\":\"https:\\\/\\\/msconectado.com.br\\\/\",\"name\":\"MsConectado\",\"description\":\"Voc\u00ea Conectado com a Not\u00edcia!\",\"publisher\":{\"@id\":\"https:\\\/\\\/msconectado.com.br\\\/#organization\"},\"potentialAction\":[{\"@type\":\"SearchAction\",\"target\":{\"@type\":\"EntryPoint\",\"urlTemplate\":\"https:\\\/\\\/msconectado.com.br\\\/?s={search_term_string}\"},\"query-input\":{\"@type\":\"PropertyValueSpecification\",\"valueRequired\":true,\"valueName\":\"search_term_string\"}}],\"inLanguage\":\"pt-BR\"},{\"@type\":\"Organization\",\"@id\":\"https:\\\/\\\/msconectado.com.br\\\/#organization\",\"name\":\"MsConectado\",\"url\":\"https:\\\/\\\/msconectado.com.br\\\/\",\"logo\":{\"@type\":\"ImageObject\",\"inLanguage\":\"pt-BR\",\"@id\":\"https:\\\/\\\/msconectado.com.br\\\/#\\\/schema\\\/logo\\\/image\\\/\",\"url\":\"https:\\\/\\\/msconectado.com.br\\\/wp-content\\\/uploads\\\/2023\\\/01\\\/cropped-noticia-2.png\",\"contentUrl\":\"https:\\\/\\\/msconectado.com.br\\\/wp-content\\\/uploads\\\/2023\\\/01\\\/cropped-noticia-2.png\",\"width\":720,\"height\":157,\"caption\":\"MsConectado\"},\"image\":{\"@id\":\"https:\\\/\\\/msconectado.com.br\\\/#\\\/schema\\\/logo\\\/image\\\/\"}},{\"@type\":\"Person\",\"@id\":\"https:\\\/\\\/msconectado.com.br\\\/#\\\/schema\\\/person\\\/e5585545b5687092f1041d350b6e2c16\",\"name\":\"MsConectado\",\"image\":{\"@type\":\"ImageObject\",\"inLanguage\":\"pt-BR\",\"@id\":\"https:\\\/\\\/secure.gravatar.com\\\/avatar\\\/3b4f84a0a8a4380ac4431fa79981d073692380c5da00ae97596e794ab0db5c8c?s=96&d=mm&r=g\",\"url\":\"https:\\\/\\\/secure.gravatar.com\\\/avatar\\\/3b4f84a0a8a4380ac4431fa79981d073692380c5da00ae97596e794ab0db5c8c?s=96&d=mm&r=g\",\"contentUrl\":\"https:\\\/\\\/secure.gravatar.com\\\/avatar\\\/3b4f84a0a8a4380ac4431fa79981d073692380c5da00ae97596e794ab0db5c8c?s=96&d=mm&r=g\",\"caption\":\"MsConectado\"},\"url\":\"https:\\\/\\\/msconectado.com.br\\\/?author=2\"}]}<\/script>\n<!-- \/ Yoast SEO plugin. -->","yoast_head_json":{"title":"Vereador Robert Ziemann destaca a import\u00e2ncia de pediatra de plant\u00e3o no Hospital Soriano Corr\u00eaa e demanda melhorias no atendimento. - MsConectado","robots":{"index":"index","follow":"follow","max-snippet":"max-snippet:-1","max-image-preview":"max-image-preview:large","max-video-preview":"max-video-preview:-1"},"canonical":"https:\/\/msconectado.com.br\/?p=21868","og_locale":"pt_BR","og_type":"article","og_title":"Vereador Robert Ziemann destaca a import\u00e2ncia de pediatra de plant\u00e3o no Hospital Soriano Corr\u00eaa e demanda melhorias no atendimento. - MsConectado","og_description":"Na \u00faltima segunda-feira, dia 15, a sess\u00e3o da C\u00e2mara Municipal de Maracaju foi marcada por discuss\u00f5es cruciais sobre a qualidade dos servi\u00e7os de sa\u00fade oferecidos pelo Hospital Soriano Correa da Silva. Ziemann fez um pedido contundente durante a sess\u00e3o, solicitando que a administra\u00e7\u00e3o do Hospital Soriano Corr\u00eaa encaminhe \u00e0 Casa de Leis a lista completa [&hellip;]","og_url":"https:\/\/msconectado.com.br\/?p=21868","og_site_name":"MsConectado","article_published_time":"2024-04-15T23:30:38+00:00","article_modified_time":"2024-04-15T23:46:42+00:00","og_image":[{"width":2048,"height":1365,"url":"https:\/\/msconectado.com.br\/wp-content\/uploads\/2024\/04\/386066766_817412540387862_5902209095405766930_n.jpg","type":"image\/jpeg"}],"author":"MsConectado","twitter_card":"summary_large_image","twitter_misc":{"Escrito por":"MsConectado","Est. tempo de leitura":"3 minutos"},"schema":{"@context":"https:\/\/schema.org","@graph":[{"@type":"Article","@id":"https:\/\/msconectado.com.br\/?p=21868#article","isPartOf":{"@id":"https:\/\/msconectado.com.br\/?p=21868"},"author":{"name":"MsConectado","@id":"https:\/\/msconectado.com.br\/#\/schema\/person\/e5585545b5687092f1041d350b6e2c16"},"headline":"Vereador Robert Ziemann destaca a import\u00e2ncia de pediatra de plant\u00e3o no Hospital Soriano Corr\u00eaa e demanda melhorias no atendimento.","datePublished":"2024-04-15T23:30:38+00:00","dateModified":"2024-04-15T23:46:42+00:00","mainEntityOfPage":{"@id":"https:\/\/msconectado.com.br\/?p=21868"},"wordCount":369,"commentCount":0,"publisher":{"@id":"https:\/\/msconectado.com.br\/#organization"},"image":{"@id":"https:\/\/msconectado.com.br\/?p=21868#primaryimage"},"thumbnailUrl":"https:\/\/msconectado.com.br\/wp-content\/uploads\/2024\/04\/386066766_817412540387862_5902209095405766930_n.jpg","articleSection":["Cidades","Not\u00edcia"],"inLanguage":"pt-BR","potentialAction":[{"@type":"CommentAction","name":"Comment","target":["https:\/\/msconectado.com.br\/?p=21868#respond"]}]},{"@type":"WebPage","@id":"https:\/\/msconectado.com.br\/?p=21868","url":"https:\/\/msconectado.com.br\/?p=21868","name":"Vereador Robert Ziemann destaca a import\u00e2ncia de pediatra de plant\u00e3o no Hospital Soriano Corr\u00eaa e demanda melhorias no atendimento. - MsConectado","isPartOf":{"@id":"https:\/\/msconectado.com.br\/#website"},"primaryImageOfPage":{"@id":"https:\/\/msconectado.com.br\/?p=21868#primaryimage"},"image":{"@id":"https:\/\/msconectado.com.br\/?p=21868#primaryimage"},"thumbnailUrl":"https:\/\/msconectado.com.br\/wp-content\/uploads\/2024\/04\/386066766_817412540387862_5902209095405766930_n.jpg","datePublished":"2024-04-15T23:30:38+00:00","dateModified":"2024-04-15T23:46:42+00:00","breadcrumb":{"@id":"https:\/\/msconectado.com.br\/?p=21868#breadcrumb"},"inLanguage":"pt-BR","potentialAction":[{"@type":"ReadAction","target":["https:\/\/msconectado.com.br\/?p=21868"]}]},{"@type":"ImageObject","inLanguage":"pt-BR","@id":"https:\/\/msconectado.com.br\/?p=21868#primaryimage","url":"https:\/\/msconectado.com.br\/wp-content\/uploads\/2024\/04\/386066766_817412540387862_5902209095405766930_n.jpg","contentUrl":"https:\/\/msconectado.com.br\/wp-content\/uploads\/2024\/04\/386066766_817412540387862_5902209095405766930_n.jpg","width":2048,"height":1365},{"@type":"BreadcrumbList","@id":"https:\/\/msconectado.com.br\/?p=21868#breadcrumb","itemListElement":[{"@type":"ListItem","position":1,"name":"In\u00edcio","item":"https:\/\/msconectado.com.br\/?page_id=105"},{"@type":"ListItem","position":2,"name":"Vereador Robert Ziemann destaca a import\u00e2ncia de pediatra de plant\u00e3o no Hospital Soriano Corr\u00eaa e demanda melhorias no atendimento."}]},{"@type":"WebSite","@id":"https:\/\/msconectado.com.br\/#website","url":"https:\/\/msconectado.com.br\/","name":"MsConectado","description":"Voc\u00ea Conectado com a Not\u00edcia!","publisher":{"@id":"https:\/\/msconectado.com.br\/#organization"},"potentialAction":[{"@type":"SearchAction","target":{"@type":"EntryPoint","urlTemplate":"https:\/\/msconectado.com.br\/?s={search_term_string}"},"query-input":{"@type":"PropertyValueSpecification","valueRequired":true,"valueName":"search_term_string"}}],"inLanguage":"pt-BR"},{"@type":"Organization","@id":"https:\/\/msconectado.com.br\/#organization","name":"MsConectado","url":"https:\/\/msconectado.com.br\/","logo":{"@type":"ImageObject","inLanguage":"pt-BR","@id":"https:\/\/msconectado.com.br\/#\/schema\/logo\/image\/","url":"https:\/\/msconectado.com.br\/wp-content\/uploads\/2023\/01\/cropped-noticia-2.png","contentUrl":"https:\/\/msconectado.com.br\/wp-content\/uploads\/2023\/01\/cropped-noticia-2.png","width":720,"height":157,"caption":"MsConectado"},"image":{"@id":"https:\/\/msconectado.com.br\/#\/schema\/logo\/image\/"}},{"@type":"Person","@id":"https:\/\/msconectado.com.br\/#\/schema\/person\/e5585545b5687092f1041d350b6e2c16","name":"MsConectado","image":{"@type":"ImageObject","inLanguage":"pt-BR","@id":"https:\/\/secure.gravatar.com\/avatar\/3b4f84a0a8a4380ac4431fa79981d073692380c5da00ae97596e794ab0db5c8c?s=96&d=mm&r=g","url":"https:\/\/secure.gravatar.com\/avatar\/3b4f84a0a8a4380ac4431fa79981d073692380c5da00ae97596e794ab0db5c8c?s=96&d=mm&r=g","contentUrl":"https:\/\/secure.gravatar.com\/avatar\/3b4f84a0a8a4380ac4431fa79981d073692380c5da00ae97596e794ab0db5c8c?s=96&d=mm&r=g","caption":"MsConectado"},"url":"https:\/\/msconectado.com.br\/?author=2"}]}},"_links":{"self":[{"href":"https:\/\/msconectado.com.br\/index.php?rest_route=\/wp\/v2\/posts\/21868","targetHints":{"allow":["GET"]}}],"collection":[{"href":"https:\/\/msconectado.com.br\/index.php?rest_route=\/wp\/v2\/posts"}],"about":[{"href":"https:\/\/msconectado.com.br\/index.php?rest_route=\/wp\/v2\/types\/post"}],"author":[{"embeddable":true,"href":"https:\/\/msconectado.com.br\/index.php?rest_route=\/wp\/v2\/users\/2"}],"replies":[{"embeddable":true,"href":"https:\/\/msconectado.com.br\/index.php?rest_route=%2Fwp%2Fv2%2Fcomments&post=21868"}],"version-history":[{"count":2,"href":"https:\/\/msconectado.com.br\/index.php?rest_route=\/wp\/v2\/posts\/21868\/revisions"}],"predecessor-version":[{"id":21874,"href":"https:\/\/msconectado.com.br\/index.php?rest_route=\/wp\/v2\/posts\/21868\/revisions\/21874"}],"wp:featuredmedia":[{"embeddable":true,"href":"https:\/\/msconectado.com.br\/index.php?rest_route=\/wp\/v2\/media\/21869"}],"wp:attachment":[{"href":"https:\/\/msconectado.com.br\/index.php?rest_route=%2Fwp%2Fv2%2Fmedia&parent=21868"}],"wp:term":[{"taxonomy":"category","embeddable":true,"href":"https:\/\/msconectado.com.br\/index.php?rest_route=%2Fwp%2Fv2%2Fcategories&post=21868"},{"taxonomy":"post_tag","embeddable":true,"href":"https:\/\/msconectado.com.br\/index.php?rest_route=%2Fwp%2Fv2%2Ftags&post=21868"}],"curies":[{"name":"wp","href":"https:\/\/api.w.org\/{rel}","templated":true}]}}