
{"id":21879,"date":"2024-04-16T11:46:15","date_gmt":"2024-04-16T11:46:15","guid":{"rendered":"https:\/\/msconectado.com.br\/?p=21879"},"modified":"2024-04-16T11:46:16","modified_gmt":"2024-04-16T11:46:16","slug":"presidente-da-camara-e-mesa-diretora-supervisionam-obras-de-reforma-para-modernizacao-do-predio-legislativo-de-rio-brilhante","status":"publish","type":"post","link":"https:\/\/msconectado.com.br\/?p=21879","title":{"rendered":"Presidente da C\u00e2mara e mesa diretora supervisionam obras de reforma para moderniza\u00e7\u00e3o do pr\u00e9dio legislativo de Rio Brilhante."},"content":{"rendered":"\n<p>Na \u00faltima semana, o Presidente da C\u00e2mara, Paulo C\u00e9sar Alves (MDB), acompanhado pela Mesa Diretora, esteve pessoalmente supervisionando as obras de reforma em andamento no pr\u00e9dio do Legislativo municipal.<\/p>\n\n\n\n<p>Com o intuito de assegurar a qualidade e o progresso das interven\u00e7\u00f5es, o trabalho \u00e9 monitorado diariamente pela dire\u00e7\u00e3o da Casa de Leis, contando tamb\u00e9m com inspe\u00e7\u00f5es regulares por parte da equipe de engenheiros da empresa respons\u00e1vel pelos servi\u00e7os.<\/p>\n\n\n<div class=\"wp-block-image\">\n<figure class=\"aligncenter size-large\"><img fetchpriority=\"high\" decoding=\"async\" width=\"1024\" height=\"683\" src=\"https:\/\/msconectado.com.br\/wp-content\/uploads\/2024\/04\/image-27-1024x683.png\" alt=\"\" class=\"wp-image-21881\" srcset=\"https:\/\/msconectado.com.br\/wp-content\/uploads\/2024\/04\/image-27-1024x683.png 1024w, https:\/\/msconectado.com.br\/wp-content\/uploads\/2024\/04\/image-27-300x200.png 300w, https:\/\/msconectado.com.br\/wp-content\/uploads\/2024\/04\/image-27-768x512.png 768w, https:\/\/msconectado.com.br\/wp-content\/uploads\/2024\/04\/image-27-1536x1024.png 1536w, https:\/\/msconectado.com.br\/wp-content\/uploads\/2024\/04\/image-27-360x240.png 360w, https:\/\/msconectado.com.br\/wp-content\/uploads\/2024\/04\/image-27.png 2048w\" sizes=\"(max-width: 1024px) 100vw, 1024px\" \/><\/figure>\n<\/div>\n\n\n<p>O vice-presidente, Adailton Lima (MDB), ressaltou a import\u00e2ncia da iniciativa, destacando: &#8220;Detectamos diversos problemas estruturais, desde o telhado at\u00e9 a parte el\u00e9trica e hidr\u00e1ulica. Nossa prioridade \u00e9 garantir a seguran\u00e7a dos cidad\u00e3os e dos funcion\u00e1rios. O Legislativo tem recursos destinados para isso, e estamos comprometidos com essa responsabilidade.&#8221;<\/p>\n\n\n\n<p>As interven\u00e7\u00f5es abrangem toda a estrutura do pr\u00e9dio, n\u00e3o apenas reparos, mas tamb\u00e9m moderniza\u00e7\u00e3o em todos os setores. De acordo com os engenheiros respons\u00e1veis, os trabalhos atuais se concentram na conclus\u00e3o da tubula\u00e7\u00e3o de inc\u00eandio, no assentamento do piso na parte externa e no ajuste dos acabamentos internos.<\/p>\n\n\n\n<p>O Presidente PC ressaltou a import\u00e2ncia da presen\u00e7a dos vereadores no acompanhamento das obras, afirmando: &#8220;Estamos aqui para garantir que tudo transcorra conforme o planejado. Nesta primeira etapa, mais de 50% da obra j\u00e1 est\u00e1 conclu\u00edda. Acreditamos que at\u00e9 agosto estaremos prontos para receber toda a popula\u00e7\u00e3o de Rio Brilhante.&#8221;<\/p>\n\n\n<div class=\"wp-block-image\">\n<figure class=\"aligncenter size-large\"><img decoding=\"async\" width=\"1024\" height=\"683\" src=\"https:\/\/msconectado.com.br\/wp-content\/uploads\/2024\/04\/image-29-1024x683.png\" alt=\"\" class=\"wp-image-21883\" srcset=\"https:\/\/msconectado.com.br\/wp-content\/uploads\/2024\/04\/image-29-1024x683.png 1024w, https:\/\/msconectado.com.br\/wp-content\/uploads\/2024\/04\/image-29-300x200.png 300w, https:\/\/msconectado.com.br\/wp-content\/uploads\/2024\/04\/image-29-768x512.png 768w, https:\/\/msconectado.com.br\/wp-content\/uploads\/2024\/04\/image-29-1536x1024.png 1536w, https:\/\/msconectado.com.br\/wp-content\/uploads\/2024\/04\/image-29-360x240.png 360w, https:\/\/msconectado.com.br\/wp-content\/uploads\/2024\/04\/image-29.png 2048w\" sizes=\"(max-width: 1024px) 100vw, 1024px\" \/><\/figure>\n<\/div>\n\n\n<p>O empenho e a transpar\u00eancia da equipe legislativa refletem o compromisso com o bem-estar e a seguran\u00e7a da comunidade, al\u00e9m da valoriza\u00e7\u00e3o do espa\u00e7o democr\u00e1tico e representativo que \u00e9 a C\u00e2mara Municipal.<\/p>\n\n\n<div class=\"wp-block-image\">\n<figure class=\"aligncenter size-full\"><img decoding=\"async\" width=\"900\" height=\"100\" src=\"https:\/\/msconectado.com.br\/wp-content\/uploads\/2024\/04\/ezgif.com-animated-gif-maker.gif\" alt=\"\" class=\"wp-image-21720\"\/><\/figure>\n<\/div>","protected":false},"excerpt":{"rendered":"<p>Na \u00faltima semana, o Presidente da C\u00e2mara, Paulo C\u00e9sar Alves (MDB), acompanhado pela Mesa Diretora, esteve pessoalmente supervisionando as obras de reforma em andamento no pr\u00e9dio do Legislativo municipal. Com o intuito de assegurar a qualidade e o progresso das interven\u00e7\u00f5es, o trabalho \u00e9 monitorado diariamente pela dire\u00e7\u00e3o da Casa de Leis, contando tamb\u00e9m com [&hellip;]<\/p>\n","protected":false},"author":2,"featured_media":21884,"comment_status":"open","ping_status":"closed","sticky":false,"template":"","format":"standard","meta":{"footnotes":""},"categories":[1,33],"tags":[],"class_list":["post-21879","post","type-post","status-publish","format-standard","has-post-thumbnail","hentry","category-noticia","category-politica"],"yoast_head":"<!-- This site is optimized with the Yoast SEO plugin v27.5 - https:\/\/yoast.com\/product\/yoast-seo-wordpress\/ -->\n<title>Presidente da C\u00e2mara e mesa diretora supervisionam obras de reforma para moderniza\u00e7\u00e3o do pr\u00e9dio legislativo de Rio Brilhante. - MsConectado<\/title>\n<meta name=\"robots\" content=\"index, follow, max-snippet:-1, max-image-preview:large, max-video-preview:-1\" \/>\n<link rel=\"canonical\" href=\"https:\/\/msconectado.com.br\/?p=21879\" \/>\n<meta property=\"og:locale\" content=\"pt_BR\" \/>\n<meta property=\"og:type\" content=\"article\" \/>\n<meta property=\"og:title\" content=\"Presidente da C\u00e2mara e mesa diretora supervisionam obras de reforma para moderniza\u00e7\u00e3o do pr\u00e9dio legislativo de Rio Brilhante. - MsConectado\" \/>\n<meta property=\"og:description\" content=\"Na \u00faltima semana, o Presidente da C\u00e2mara, Paulo C\u00e9sar Alves (MDB), acompanhado pela Mesa Diretora, esteve pessoalmente supervisionando as obras de reforma em andamento no pr\u00e9dio do Legislativo municipal. Com o intuito de assegurar a qualidade e o progresso das interven\u00e7\u00f5es, o trabalho \u00e9 monitorado diariamente pela dire\u00e7\u00e3o da Casa de Leis, contando tamb\u00e9m com [&hellip;]\" \/>\n<meta property=\"og:url\" content=\"https:\/\/msconectado.com.br\/?p=21879\" \/>\n<meta property=\"og:site_name\" content=\"MsConectado\" \/>\n<meta property=\"article:published_time\" content=\"2024-04-16T11:46:15+00:00\" \/>\n<meta property=\"article:modified_time\" content=\"2024-04-16T11:46:16+00:00\" \/>\n<meta property=\"og:image\" content=\"https:\/\/msconectado.com.br\/wp-content\/uploads\/2024\/04\/436770704_925979892863139_7301213921970139020_n.jpg\" \/>\n\t<meta property=\"og:image:width\" content=\"2048\" \/>\n\t<meta property=\"og:image:height\" content=\"1365\" \/>\n\t<meta property=\"og:image:type\" content=\"image\/jpeg\" \/>\n<meta name=\"author\" content=\"MsConectado\" \/>\n<meta name=\"twitter:card\" content=\"summary_large_image\" \/>\n<meta name=\"twitter:label1\" content=\"Escrito por\" \/>\n\t<meta name=\"twitter:data1\" content=\"MsConectado\" \/>\n\t<meta name=\"twitter:label2\" content=\"Est. tempo de leitura\" \/>\n\t<meta name=\"twitter:data2\" content=\"3 minutos\" \/>\n<script type=\"application\/ld+json\" class=\"yoast-schema-graph\">{\"@context\":\"https:\\\/\\\/schema.org\",\"@graph\":[{\"@type\":\"Article\",\"@id\":\"https:\\\/\\\/msconectado.com.br\\\/?p=21879#article\",\"isPartOf\":{\"@id\":\"https:\\\/\\\/msconectado.com.br\\\/?p=21879\"},\"author\":{\"name\":\"MsConectado\",\"@id\":\"https:\\\/\\\/msconectado.com.br\\\/#\\\/schema\\\/person\\\/e5585545b5687092f1041d350b6e2c16\"},\"headline\":\"Presidente da C\u00e2mara e mesa diretora supervisionam obras de reforma para moderniza\u00e7\u00e3o do pr\u00e9dio legislativo de Rio Brilhante.\",\"datePublished\":\"2024-04-16T11:46:15+00:00\",\"dateModified\":\"2024-04-16T11:46:16+00:00\",\"mainEntityOfPage\":{\"@id\":\"https:\\\/\\\/msconectado.com.br\\\/?p=21879\"},\"wordCount\":298,\"commentCount\":0,\"publisher\":{\"@id\":\"https:\\\/\\\/msconectado.com.br\\\/#organization\"},\"image\":{\"@id\":\"https:\\\/\\\/msconectado.com.br\\\/?p=21879#primaryimage\"},\"thumbnailUrl\":\"https:\\\/\\\/msconectado.com.br\\\/wp-content\\\/uploads\\\/2024\\\/04\\\/436770704_925979892863139_7301213921970139020_n.jpg\",\"articleSection\":[\"Not\u00edcia\",\"Pol\u00edtica\"],\"inLanguage\":\"pt-BR\",\"potentialAction\":[{\"@type\":\"CommentAction\",\"name\":\"Comment\",\"target\":[\"https:\\\/\\\/msconectado.com.br\\\/?p=21879#respond\"]}]},{\"@type\":\"WebPage\",\"@id\":\"https:\\\/\\\/msconectado.com.br\\\/?p=21879\",\"url\":\"https:\\\/\\\/msconectado.com.br\\\/?p=21879\",\"name\":\"Presidente da C\u00e2mara e mesa diretora supervisionam obras de reforma para moderniza\u00e7\u00e3o do pr\u00e9dio legislativo de Rio Brilhante. - MsConectado\",\"isPartOf\":{\"@id\":\"https:\\\/\\\/msconectado.com.br\\\/#website\"},\"primaryImageOfPage\":{\"@id\":\"https:\\\/\\\/msconectado.com.br\\\/?p=21879#primaryimage\"},\"image\":{\"@id\":\"https:\\\/\\\/msconectado.com.br\\\/?p=21879#primaryimage\"},\"thumbnailUrl\":\"https:\\\/\\\/msconectado.com.br\\\/wp-content\\\/uploads\\\/2024\\\/04\\\/436770704_925979892863139_7301213921970139020_n.jpg\",\"datePublished\":\"2024-04-16T11:46:15+00:00\",\"dateModified\":\"2024-04-16T11:46:16+00:00\",\"breadcrumb\":{\"@id\":\"https:\\\/\\\/msconectado.com.br\\\/?p=21879#breadcrumb\"},\"inLanguage\":\"pt-BR\",\"potentialAction\":[{\"@type\":\"ReadAction\",\"target\":[\"https:\\\/\\\/msconectado.com.br\\\/?p=21879\"]}]},{\"@type\":\"ImageObject\",\"inLanguage\":\"pt-BR\",\"@id\":\"https:\\\/\\\/msconectado.com.br\\\/?p=21879#primaryimage\",\"url\":\"https:\\\/\\\/msconectado.com.br\\\/wp-content\\\/uploads\\\/2024\\\/04\\\/436770704_925979892863139_7301213921970139020_n.jpg\",\"contentUrl\":\"https:\\\/\\\/msconectado.com.br\\\/wp-content\\\/uploads\\\/2024\\\/04\\\/436770704_925979892863139_7301213921970139020_n.jpg\",\"width\":2048,\"height\":1365},{\"@type\":\"BreadcrumbList\",\"@id\":\"https:\\\/\\\/msconectado.com.br\\\/?p=21879#breadcrumb\",\"itemListElement\":[{\"@type\":\"ListItem\",\"position\":1,\"name\":\"In\u00edcio\",\"item\":\"https:\\\/\\\/msconectado.com.br\\\/?page_id=105\"},{\"@type\":\"ListItem\",\"position\":2,\"name\":\"Presidente da C\u00e2mara e mesa diretora supervisionam obras de reforma para moderniza\u00e7\u00e3o do pr\u00e9dio legislativo de Rio Brilhante.\"}]},{\"@type\":\"WebSite\",\"@id\":\"https:\\\/\\\/msconectado.com.br\\\/#website\",\"url\":\"https:\\\/\\\/msconectado.com.br\\\/\",\"name\":\"MsConectado\",\"description\":\"Voc\u00ea Conectado com a Not\u00edcia!\",\"publisher\":{\"@id\":\"https:\\\/\\\/msconectado.com.br\\\/#organization\"},\"potentialAction\":[{\"@type\":\"SearchAction\",\"target\":{\"@type\":\"EntryPoint\",\"urlTemplate\":\"https:\\\/\\\/msconectado.com.br\\\/?s={search_term_string}\"},\"query-input\":{\"@type\":\"PropertyValueSpecification\",\"valueRequired\":true,\"valueName\":\"search_term_string\"}}],\"inLanguage\":\"pt-BR\"},{\"@type\":\"Organization\",\"@id\":\"https:\\\/\\\/msconectado.com.br\\\/#organization\",\"name\":\"MsConectado\",\"url\":\"https:\\\/\\\/msconectado.com.br\\\/\",\"logo\":{\"@type\":\"ImageObject\",\"inLanguage\":\"pt-BR\",\"@id\":\"https:\\\/\\\/msconectado.com.br\\\/#\\\/schema\\\/logo\\\/image\\\/\",\"url\":\"https:\\\/\\\/msconectado.com.br\\\/wp-content\\\/uploads\\\/2023\\\/01\\\/cropped-noticia-2.png\",\"contentUrl\":\"https:\\\/\\\/msconectado.com.br\\\/wp-content\\\/uploads\\\/2023\\\/01\\\/cropped-noticia-2.png\",\"width\":720,\"height\":157,\"caption\":\"MsConectado\"},\"image\":{\"@id\":\"https:\\\/\\\/msconectado.com.br\\\/#\\\/schema\\\/logo\\\/image\\\/\"}},{\"@type\":\"Person\",\"@id\":\"https:\\\/\\\/msconectado.com.br\\\/#\\\/schema\\\/person\\\/e5585545b5687092f1041d350b6e2c16\",\"name\":\"MsConectado\",\"image\":{\"@type\":\"ImageObject\",\"inLanguage\":\"pt-BR\",\"@id\":\"https:\\\/\\\/secure.gravatar.com\\\/avatar\\\/3b4f84a0a8a4380ac4431fa79981d073692380c5da00ae97596e794ab0db5c8c?s=96&d=mm&r=g\",\"url\":\"https:\\\/\\\/secure.gravatar.com\\\/avatar\\\/3b4f84a0a8a4380ac4431fa79981d073692380c5da00ae97596e794ab0db5c8c?s=96&d=mm&r=g\",\"contentUrl\":\"https:\\\/\\\/secure.gravatar.com\\\/avatar\\\/3b4f84a0a8a4380ac4431fa79981d073692380c5da00ae97596e794ab0db5c8c?s=96&d=mm&r=g\",\"caption\":\"MsConectado\"},\"url\":\"https:\\\/\\\/msconectado.com.br\\\/?author=2\"}]}<\/script>\n<!-- \/ Yoast SEO plugin. -->","yoast_head_json":{"title":"Presidente da C\u00e2mara e mesa diretora supervisionam obras de reforma para moderniza\u00e7\u00e3o do pr\u00e9dio legislativo de Rio Brilhante. - MsConectado","robots":{"index":"index","follow":"follow","max-snippet":"max-snippet:-1","max-image-preview":"max-image-preview:large","max-video-preview":"max-video-preview:-1"},"canonical":"https:\/\/msconectado.com.br\/?p=21879","og_locale":"pt_BR","og_type":"article","og_title":"Presidente da C\u00e2mara e mesa diretora supervisionam obras de reforma para moderniza\u00e7\u00e3o do pr\u00e9dio legislativo de Rio Brilhante. - MsConectado","og_description":"Na \u00faltima semana, o Presidente da C\u00e2mara, Paulo C\u00e9sar Alves (MDB), acompanhado pela Mesa Diretora, esteve pessoalmente supervisionando as obras de reforma em andamento no pr\u00e9dio do Legislativo municipal. Com o intuito de assegurar a qualidade e o progresso das interven\u00e7\u00f5es, o trabalho \u00e9 monitorado diariamente pela dire\u00e7\u00e3o da Casa de Leis, contando tamb\u00e9m com [&hellip;]","og_url":"https:\/\/msconectado.com.br\/?p=21879","og_site_name":"MsConectado","article_published_time":"2024-04-16T11:46:15+00:00","article_modified_time":"2024-04-16T11:46:16+00:00","og_image":[{"width":2048,"height":1365,"url":"https:\/\/msconectado.com.br\/wp-content\/uploads\/2024\/04\/436770704_925979892863139_7301213921970139020_n.jpg","type":"image\/jpeg"}],"author":"MsConectado","twitter_card":"summary_large_image","twitter_misc":{"Escrito por":"MsConectado","Est. tempo de leitura":"3 minutos"},"schema":{"@context":"https:\/\/schema.org","@graph":[{"@type":"Article","@id":"https:\/\/msconectado.com.br\/?p=21879#article","isPartOf":{"@id":"https:\/\/msconectado.com.br\/?p=21879"},"author":{"name":"MsConectado","@id":"https:\/\/msconectado.com.br\/#\/schema\/person\/e5585545b5687092f1041d350b6e2c16"},"headline":"Presidente da C\u00e2mara e mesa diretora supervisionam obras de reforma para moderniza\u00e7\u00e3o do pr\u00e9dio legislativo de Rio Brilhante.","datePublished":"2024-04-16T11:46:15+00:00","dateModified":"2024-04-16T11:46:16+00:00","mainEntityOfPage":{"@id":"https:\/\/msconectado.com.br\/?p=21879"},"wordCount":298,"commentCount":0,"publisher":{"@id":"https:\/\/msconectado.com.br\/#organization"},"image":{"@id":"https:\/\/msconectado.com.br\/?p=21879#primaryimage"},"thumbnailUrl":"https:\/\/msconectado.com.br\/wp-content\/uploads\/2024\/04\/436770704_925979892863139_7301213921970139020_n.jpg","articleSection":["Not\u00edcia","Pol\u00edtica"],"inLanguage":"pt-BR","potentialAction":[{"@type":"CommentAction","name":"Comment","target":["https:\/\/msconectado.com.br\/?p=21879#respond"]}]},{"@type":"WebPage","@id":"https:\/\/msconectado.com.br\/?p=21879","url":"https:\/\/msconectado.com.br\/?p=21879","name":"Presidente da C\u00e2mara e mesa diretora supervisionam obras de reforma para moderniza\u00e7\u00e3o do pr\u00e9dio legislativo de Rio Brilhante. - MsConectado","isPartOf":{"@id":"https:\/\/msconectado.com.br\/#website"},"primaryImageOfPage":{"@id":"https:\/\/msconectado.com.br\/?p=21879#primaryimage"},"image":{"@id":"https:\/\/msconectado.com.br\/?p=21879#primaryimage"},"thumbnailUrl":"https:\/\/msconectado.com.br\/wp-content\/uploads\/2024\/04\/436770704_925979892863139_7301213921970139020_n.jpg","datePublished":"2024-04-16T11:46:15+00:00","dateModified":"2024-04-16T11:46:16+00:00","breadcrumb":{"@id":"https:\/\/msconectado.com.br\/?p=21879#breadcrumb"},"inLanguage":"pt-BR","potentialAction":[{"@type":"ReadAction","target":["https:\/\/msconectado.com.br\/?p=21879"]}]},{"@type":"ImageObject","inLanguage":"pt-BR","@id":"https:\/\/msconectado.com.br\/?p=21879#primaryimage","url":"https:\/\/msconectado.com.br\/wp-content\/uploads\/2024\/04\/436770704_925979892863139_7301213921970139020_n.jpg","contentUrl":"https:\/\/msconectado.com.br\/wp-content\/uploads\/2024\/04\/436770704_925979892863139_7301213921970139020_n.jpg","width":2048,"height":1365},{"@type":"BreadcrumbList","@id":"https:\/\/msconectado.com.br\/?p=21879#breadcrumb","itemListElement":[{"@type":"ListItem","position":1,"name":"In\u00edcio","item":"https:\/\/msconectado.com.br\/?page_id=105"},{"@type":"ListItem","position":2,"name":"Presidente da C\u00e2mara e mesa diretora supervisionam obras de reforma para moderniza\u00e7\u00e3o do pr\u00e9dio legislativo de Rio Brilhante."}]},{"@type":"WebSite","@id":"https:\/\/msconectado.com.br\/#website","url":"https:\/\/msconectado.com.br\/","name":"MsConectado","description":"Voc\u00ea Conectado com a Not\u00edcia!","publisher":{"@id":"https:\/\/msconectado.com.br\/#organization"},"potentialAction":[{"@type":"SearchAction","target":{"@type":"EntryPoint","urlTemplate":"https:\/\/msconectado.com.br\/?s={search_term_string}"},"query-input":{"@type":"PropertyValueSpecification","valueRequired":true,"valueName":"search_term_string"}}],"inLanguage":"pt-BR"},{"@type":"Organization","@id":"https:\/\/msconectado.com.br\/#organization","name":"MsConectado","url":"https:\/\/msconectado.com.br\/","logo":{"@type":"ImageObject","inLanguage":"pt-BR","@id":"https:\/\/msconectado.com.br\/#\/schema\/logo\/image\/","url":"https:\/\/msconectado.com.br\/wp-content\/uploads\/2023\/01\/cropped-noticia-2.png","contentUrl":"https:\/\/msconectado.com.br\/wp-content\/uploads\/2023\/01\/cropped-noticia-2.png","width":720,"height":157,"caption":"MsConectado"},"image":{"@id":"https:\/\/msconectado.com.br\/#\/schema\/logo\/image\/"}},{"@type":"Person","@id":"https:\/\/msconectado.com.br\/#\/schema\/person\/e5585545b5687092f1041d350b6e2c16","name":"MsConectado","image":{"@type":"ImageObject","inLanguage":"pt-BR","@id":"https:\/\/secure.gravatar.com\/avatar\/3b4f84a0a8a4380ac4431fa79981d073692380c5da00ae97596e794ab0db5c8c?s=96&d=mm&r=g","url":"https:\/\/secure.gravatar.com\/avatar\/3b4f84a0a8a4380ac4431fa79981d073692380c5da00ae97596e794ab0db5c8c?s=96&d=mm&r=g","contentUrl":"https:\/\/secure.gravatar.com\/avatar\/3b4f84a0a8a4380ac4431fa79981d073692380c5da00ae97596e794ab0db5c8c?s=96&d=mm&r=g","caption":"MsConectado"},"url":"https:\/\/msconectado.com.br\/?author=2"}]}},"_links":{"self":[{"href":"https:\/\/msconectado.com.br\/index.php?rest_route=\/wp\/v2\/posts\/21879","targetHints":{"allow":["GET"]}}],"collection":[{"href":"https:\/\/msconectado.com.br\/index.php?rest_route=\/wp\/v2\/posts"}],"about":[{"href":"https:\/\/msconectado.com.br\/index.php?rest_route=\/wp\/v2\/types\/post"}],"author":[{"embeddable":true,"href":"https:\/\/msconectado.com.br\/index.php?rest_route=\/wp\/v2\/users\/2"}],"replies":[{"embeddable":true,"href":"https:\/\/msconectado.com.br\/index.php?rest_route=%2Fwp%2Fv2%2Fcomments&post=21879"}],"version-history":[{"count":1,"href":"https:\/\/msconectado.com.br\/index.php?rest_route=\/wp\/v2\/posts\/21879\/revisions"}],"predecessor-version":[{"id":21885,"href":"https:\/\/msconectado.com.br\/index.php?rest_route=\/wp\/v2\/posts\/21879\/revisions\/21885"}],"wp:featuredmedia":[{"embeddable":true,"href":"https:\/\/msconectado.com.br\/index.php?rest_route=\/wp\/v2\/media\/21884"}],"wp:attachment":[{"href":"https:\/\/msconectado.com.br\/index.php?rest_route=%2Fwp%2Fv2%2Fmedia&parent=21879"}],"wp:term":[{"taxonomy":"category","embeddable":true,"href":"https:\/\/msconectado.com.br\/index.php?rest_route=%2Fwp%2Fv2%2Fcategories&post=21879"},{"taxonomy":"post_tag","embeddable":true,"href":"https:\/\/msconectado.com.br\/index.php?rest_route=%2Fwp%2Fv2%2Ftags&post=21879"}],"curies":[{"name":"wp","href":"https:\/\/api.w.org\/{rel}","templated":true}]}}