{"id":21896,"date":"2024-04-16T18:34:42","date_gmt":"2024-04-16T18:34:42","guid":{"rendered":"https:\/\/msconectado.com.br\/?p=21896"},"modified":"2024-04-16T18:34:44","modified_gmt":"2024-04-16T18:34:44","slug":"reivindicacoes-da-policia-penal-de-mato-grosso-do-sul-sao-apresentadas-em-sessao-na-assembleia-legislativa","status":"publish","type":"post","link":"https:\/\/msconectado.com.br\/?p=21896","title":{"rendered":"Reivindica\u00e7\u00f5es da Pol\u00edcia Penal de Mato Grosso do Sul s\u00e3o apresentadas em sess\u00e3o na Assembleia Legislativa."},"content":{"rendered":"\n<p>Na sess\u00e3o ordin\u00e1ria desta ter\u00e7a-feira (16) na Assembleia Legislativa de Mato Grosso do Sul, as reivindica\u00e7\u00f5es da Pol\u00edcia Penal do estado foram trazidas \u00e0 tona pelo presidente do Sindicato dos Servidores de Administra\u00e7\u00e3o Penitenci\u00e1ria de MS (Sinsap\/MS), Andr\u00e9 Santiago.<\/p>\n\n\n\n<p>Durante seu pronunciamento, Santiago abordou a necessidade urgente da regulamenta\u00e7\u00e3o da carreira dos policiais penais, destacando a import\u00e2ncia dessa medida para a valoriza\u00e7\u00e3o e reconhecimento desses profissionais. Al\u00e9m disso, aproveitou a oportunidade para expressar gratid\u00e3o pelo apoio e aten\u00e7\u00e3o dedicados \u00e0 categoria.<\/p>\n\n\n\n<p>A deputada respons\u00e1vel pela autoria da Lei 6.198\/24, que instituiu o dia 04 de dezembro como o Dia Estadual do Policial Penal, tamb\u00e9m esteve presente na sess\u00e3o. Em seu discurso, ela ressaltou a relev\u00e2ncia dos policiais penais e reafirmou seu compromisso em garantir que suas demandas sejam atendidas de maneira justa e eficaz.<\/p>\n\n\n\n<p>Essa iniciativa legislativa busca n\u00e3o apenas reconhecer a import\u00e2ncia vital dos policiais penais para a seguran\u00e7a p\u00fablica do estado, mas tamb\u00e9m assegurar que suas condi\u00e7\u00f5es de trabalho sejam adequadas e suas reivindica\u00e7\u00f5es atendidas, contribuindo para um ambiente mais seguro e justo para todos.<\/p>\n\n\n<div class=\"wp-block-image\">\n<figure class=\"aligncenter size-full\"><img fetchpriority=\"high\" decoding=\"async\" width=\"900\" height=\"100\" src=\"https:\/\/msconectado.com.br\/wp-content\/uploads\/2024\/04\/900X100-PRIMEIRO.png\" alt=\"\" class=\"wp-image-21848\" srcset=\"https:\/\/msconectado.com.br\/wp-content\/uploads\/2024\/04\/900X100-PRIMEIRO.png 900w, https:\/\/msconectado.com.br\/wp-content\/uploads\/2024\/04\/900X100-PRIMEIRO-300x33.png 300w, https:\/\/msconectado.com.br\/wp-content\/uploads\/2024\/04\/900X100-PRIMEIRO-768x85.png 768w\" sizes=\"(max-width: 900px) 100vw, 900px\" \/><\/figure>\n<\/div>","protected":false},"excerpt":{"rendered":"<p>Na sess\u00e3o ordin\u00e1ria desta ter\u00e7a-feira (16) na Assembleia Legislativa de Mato Grosso do Sul, as reivindica\u00e7\u00f5es da Pol\u00edcia Penal do estado foram trazidas \u00e0 tona pelo presidente do Sindicato dos Servidores de Administra\u00e7\u00e3o Penitenci\u00e1ria de MS (Sinsap\/MS), Andr\u00e9 Santiago. Durante seu pronunciamento, Santiago abordou a necessidade urgente da regulamenta\u00e7\u00e3o da carreira dos policiais penais, destacando [&hellip;]<\/p>\n","protected":false},"author":2,"featured_media":21897,"comment_status":"open","ping_status":"closed","sticky":false,"template":"","format":"standard","meta":{"footnotes":""},"categories":[38,33],"tags":[],"class_list":["post-21896","post","type-post","status-publish","format-standard","has-post-thumbnail","hentry","category-assembleia-legislativa","category-politica"],"yoast_head":"<!-- This site is optimized with the Yoast SEO plugin v27.5 - https:\/\/yoast.com\/product\/yoast-seo-wordpress\/ -->\n<title>Reivindica\u00e7\u00f5es da Pol\u00edcia Penal de Mato Grosso do Sul s\u00e3o apresentadas em sess\u00e3o na Assembleia Legislativa. - MsConectado<\/title>\n<meta name=\"robots\" content=\"index, follow, max-snippet:-1, max-image-preview:large, max-video-preview:-1\" \/>\n<link rel=\"canonical\" href=\"https:\/\/msconectado.com.br\/?p=21896\" \/>\n<meta property=\"og:locale\" content=\"pt_BR\" \/>\n<meta property=\"og:type\" content=\"article\" \/>\n<meta property=\"og:title\" content=\"Reivindica\u00e7\u00f5es da Pol\u00edcia Penal de Mato Grosso do Sul s\u00e3o apresentadas em sess\u00e3o na Assembleia Legislativa. - MsConectado\" \/>\n<meta property=\"og:description\" content=\"Na sess\u00e3o ordin\u00e1ria desta ter\u00e7a-feira (16) na Assembleia Legislativa de Mato Grosso do Sul, as reivindica\u00e7\u00f5es da Pol\u00edcia Penal do estado foram trazidas \u00e0 tona pelo presidente do Sindicato dos Servidores de Administra\u00e7\u00e3o Penitenci\u00e1ria de MS (Sinsap\/MS), Andr\u00e9 Santiago. Durante seu pronunciamento, Santiago abordou a necessidade urgente da regulamenta\u00e7\u00e3o da carreira dos policiais penais, destacando [&hellip;]\" \/>\n<meta property=\"og:url\" content=\"https:\/\/msconectado.com.br\/?p=21896\" \/>\n<meta property=\"og:site_name\" content=\"MsConectado\" \/>\n<meta property=\"article:published_time\" content=\"2024-04-16T18:34:42+00:00\" \/>\n<meta property=\"article:modified_time\" content=\"2024-04-16T18:34:44+00:00\" \/>\n<meta property=\"og:image\" content=\"https:\/\/msconectado.com.br\/wp-content\/uploads\/2024\/04\/1.jpg\" \/>\n\t<meta property=\"og:image:width\" content=\"1080\" \/>\n\t<meta property=\"og:image:height\" content=\"720\" \/>\n\t<meta property=\"og:image:type\" content=\"image\/jpeg\" \/>\n<meta name=\"author\" content=\"MsConectado\" \/>\n<meta name=\"twitter:card\" content=\"summary_large_image\" \/>\n<meta name=\"twitter:label1\" content=\"Escrito por\" \/>\n\t<meta name=\"twitter:data1\" content=\"MsConectado\" \/>\n\t<meta name=\"twitter:label2\" content=\"Est. tempo de leitura\" \/>\n\t<meta name=\"twitter:data2\" content=\"2 minutos\" \/>\n<script type=\"application\/ld+json\" class=\"yoast-schema-graph\">{\"@context\":\"https:\\\/\\\/schema.org\",\"@graph\":[{\"@type\":\"Article\",\"@id\":\"https:\\\/\\\/msconectado.com.br\\\/?p=21896#article\",\"isPartOf\":{\"@id\":\"https:\\\/\\\/msconectado.com.br\\\/?p=21896\"},\"author\":{\"name\":\"MsConectado\",\"@id\":\"https:\\\/\\\/msconectado.com.br\\\/#\\\/schema\\\/person\\\/e5585545b5687092f1041d350b6e2c16\"},\"headline\":\"Reivindica\u00e7\u00f5es da Pol\u00edcia Penal de Mato Grosso do Sul s\u00e3o apresentadas em sess\u00e3o na Assembleia Legislativa.\",\"datePublished\":\"2024-04-16T18:34:42+00:00\",\"dateModified\":\"2024-04-16T18:34:44+00:00\",\"mainEntityOfPage\":{\"@id\":\"https:\\\/\\\/msconectado.com.br\\\/?p=21896\"},\"wordCount\":217,\"commentCount\":0,\"publisher\":{\"@id\":\"https:\\\/\\\/msconectado.com.br\\\/#organization\"},\"image\":{\"@id\":\"https:\\\/\\\/msconectado.com.br\\\/?p=21896#primaryimage\"},\"thumbnailUrl\":\"https:\\\/\\\/msconectado.com.br\\\/wp-content\\\/uploads\\\/2024\\\/04\\\/1.jpg\",\"articleSection\":[\"Assembleia Legislativa\",\"Pol\u00edtica\"],\"inLanguage\":\"pt-BR\",\"potentialAction\":[{\"@type\":\"CommentAction\",\"name\":\"Comment\",\"target\":[\"https:\\\/\\\/msconectado.com.br\\\/?p=21896#respond\"]}]},{\"@type\":\"WebPage\",\"@id\":\"https:\\\/\\\/msconectado.com.br\\\/?p=21896\",\"url\":\"https:\\\/\\\/msconectado.com.br\\\/?p=21896\",\"name\":\"Reivindica\u00e7\u00f5es da Pol\u00edcia Penal de Mato Grosso do Sul s\u00e3o apresentadas em sess\u00e3o na Assembleia Legislativa. - MsConectado\",\"isPartOf\":{\"@id\":\"https:\\\/\\\/msconectado.com.br\\\/#website\"},\"primaryImageOfPage\":{\"@id\":\"https:\\\/\\\/msconectado.com.br\\\/?p=21896#primaryimage\"},\"image\":{\"@id\":\"https:\\\/\\\/msconectado.com.br\\\/?p=21896#primaryimage\"},\"thumbnailUrl\":\"https:\\\/\\\/msconectado.com.br\\\/wp-content\\\/uploads\\\/2024\\\/04\\\/1.jpg\",\"datePublished\":\"2024-04-16T18:34:42+00:00\",\"dateModified\":\"2024-04-16T18:34:44+00:00\",\"breadcrumb\":{\"@id\":\"https:\\\/\\\/msconectado.com.br\\\/?p=21896#breadcrumb\"},\"inLanguage\":\"pt-BR\",\"potentialAction\":[{\"@type\":\"ReadAction\",\"target\":[\"https:\\\/\\\/msconectado.com.br\\\/?p=21896\"]}]},{\"@type\":\"ImageObject\",\"inLanguage\":\"pt-BR\",\"@id\":\"https:\\\/\\\/msconectado.com.br\\\/?p=21896#primaryimage\",\"url\":\"https:\\\/\\\/msconectado.com.br\\\/wp-content\\\/uploads\\\/2024\\\/04\\\/1.jpg\",\"contentUrl\":\"https:\\\/\\\/msconectado.com.br\\\/wp-content\\\/uploads\\\/2024\\\/04\\\/1.jpg\",\"width\":1080,\"height\":720},{\"@type\":\"BreadcrumbList\",\"@id\":\"https:\\\/\\\/msconectado.com.br\\\/?p=21896#breadcrumb\",\"itemListElement\":[{\"@type\":\"ListItem\",\"position\":1,\"name\":\"In\u00edcio\",\"item\":\"https:\\\/\\\/msconectado.com.br\\\/?page_id=105\"},{\"@type\":\"ListItem\",\"position\":2,\"name\":\"Reivindica\u00e7\u00f5es da Pol\u00edcia Penal de Mato Grosso do Sul s\u00e3o apresentadas em sess\u00e3o na Assembleia Legislativa.\"}]},{\"@type\":\"WebSite\",\"@id\":\"https:\\\/\\\/msconectado.com.br\\\/#website\",\"url\":\"https:\\\/\\\/msconectado.com.br\\\/\",\"name\":\"MsConectado\",\"description\":\"Voc\u00ea Conectado com a Not\u00edcia!\",\"publisher\":{\"@id\":\"https:\\\/\\\/msconectado.com.br\\\/#organization\"},\"potentialAction\":[{\"@type\":\"SearchAction\",\"target\":{\"@type\":\"EntryPoint\",\"urlTemplate\":\"https:\\\/\\\/msconectado.com.br\\\/?s={search_term_string}\"},\"query-input\":{\"@type\":\"PropertyValueSpecification\",\"valueRequired\":true,\"valueName\":\"search_term_string\"}}],\"inLanguage\":\"pt-BR\"},{\"@type\":\"Organization\",\"@id\":\"https:\\\/\\\/msconectado.com.br\\\/#organization\",\"name\":\"MsConectado\",\"url\":\"https:\\\/\\\/msconectado.com.br\\\/\",\"logo\":{\"@type\":\"ImageObject\",\"inLanguage\":\"pt-BR\",\"@id\":\"https:\\\/\\\/msconectado.com.br\\\/#\\\/schema\\\/logo\\\/image\\\/\",\"url\":\"https:\\\/\\\/msconectado.com.br\\\/wp-content\\\/uploads\\\/2023\\\/01\\\/cropped-noticia-2.png\",\"contentUrl\":\"https:\\\/\\\/msconectado.com.br\\\/wp-content\\\/uploads\\\/2023\\\/01\\\/cropped-noticia-2.png\",\"width\":720,\"height\":157,\"caption\":\"MsConectado\"},\"image\":{\"@id\":\"https:\\\/\\\/msconectado.com.br\\\/#\\\/schema\\\/logo\\\/image\\\/\"}},{\"@type\":\"Person\",\"@id\":\"https:\\\/\\\/msconectado.com.br\\\/#\\\/schema\\\/person\\\/e5585545b5687092f1041d350b6e2c16\",\"name\":\"MsConectado\",\"image\":{\"@type\":\"ImageObject\",\"inLanguage\":\"pt-BR\",\"@id\":\"https:\\\/\\\/secure.gravatar.com\\\/avatar\\\/3b4f84a0a8a4380ac4431fa79981d073692380c5da00ae97596e794ab0db5c8c?s=96&d=mm&r=g\",\"url\":\"https:\\\/\\\/secure.gravatar.com\\\/avatar\\\/3b4f84a0a8a4380ac4431fa79981d073692380c5da00ae97596e794ab0db5c8c?s=96&d=mm&r=g\",\"contentUrl\":\"https:\\\/\\\/secure.gravatar.com\\\/avatar\\\/3b4f84a0a8a4380ac4431fa79981d073692380c5da00ae97596e794ab0db5c8c?s=96&d=mm&r=g\",\"caption\":\"MsConectado\"},\"url\":\"https:\\\/\\\/msconectado.com.br\\\/?author=2\"}]}<\/script>\n<!-- \/ Yoast SEO plugin. -->","yoast_head_json":{"title":"Reivindica\u00e7\u00f5es da Pol\u00edcia Penal de Mato Grosso do Sul s\u00e3o apresentadas em sess\u00e3o na Assembleia Legislativa. - MsConectado","robots":{"index":"index","follow":"follow","max-snippet":"max-snippet:-1","max-image-preview":"max-image-preview:large","max-video-preview":"max-video-preview:-1"},"canonical":"https:\/\/msconectado.com.br\/?p=21896","og_locale":"pt_BR","og_type":"article","og_title":"Reivindica\u00e7\u00f5es da Pol\u00edcia Penal de Mato Grosso do Sul s\u00e3o apresentadas em sess\u00e3o na Assembleia Legislativa. - MsConectado","og_description":"Na sess\u00e3o ordin\u00e1ria desta ter\u00e7a-feira (16) na Assembleia Legislativa de Mato Grosso do Sul, as reivindica\u00e7\u00f5es da Pol\u00edcia Penal do estado foram trazidas \u00e0 tona pelo presidente do Sindicato dos Servidores de Administra\u00e7\u00e3o Penitenci\u00e1ria de MS (Sinsap\/MS), Andr\u00e9 Santiago. Durante seu pronunciamento, Santiago abordou a necessidade urgente da regulamenta\u00e7\u00e3o da carreira dos policiais penais, destacando [&hellip;]","og_url":"https:\/\/msconectado.com.br\/?p=21896","og_site_name":"MsConectado","article_published_time":"2024-04-16T18:34:42+00:00","article_modified_time":"2024-04-16T18:34:44+00:00","og_image":[{"width":1080,"height":720,"url":"https:\/\/msconectado.com.br\/wp-content\/uploads\/2024\/04\/1.jpg","type":"image\/jpeg"}],"author":"MsConectado","twitter_card":"summary_large_image","twitter_misc":{"Escrito por":"MsConectado","Est. tempo de leitura":"2 minutos"},"schema":{"@context":"https:\/\/schema.org","@graph":[{"@type":"Article","@id":"https:\/\/msconectado.com.br\/?p=21896#article","isPartOf":{"@id":"https:\/\/msconectado.com.br\/?p=21896"},"author":{"name":"MsConectado","@id":"https:\/\/msconectado.com.br\/#\/schema\/person\/e5585545b5687092f1041d350b6e2c16"},"headline":"Reivindica\u00e7\u00f5es da Pol\u00edcia Penal de Mato Grosso do Sul s\u00e3o apresentadas em sess\u00e3o na Assembleia Legislativa.","datePublished":"2024-04-16T18:34:42+00:00","dateModified":"2024-04-16T18:34:44+00:00","mainEntityOfPage":{"@id":"https:\/\/msconectado.com.br\/?p=21896"},"wordCount":217,"commentCount":0,"publisher":{"@id":"https:\/\/msconectado.com.br\/#organization"},"image":{"@id":"https:\/\/msconectado.com.br\/?p=21896#primaryimage"},"thumbnailUrl":"https:\/\/msconectado.com.br\/wp-content\/uploads\/2024\/04\/1.jpg","articleSection":["Assembleia Legislativa","Pol\u00edtica"],"inLanguage":"pt-BR","potentialAction":[{"@type":"CommentAction","name":"Comment","target":["https:\/\/msconectado.com.br\/?p=21896#respond"]}]},{"@type":"WebPage","@id":"https:\/\/msconectado.com.br\/?p=21896","url":"https:\/\/msconectado.com.br\/?p=21896","name":"Reivindica\u00e7\u00f5es da Pol\u00edcia Penal de Mato Grosso do Sul s\u00e3o apresentadas em sess\u00e3o na Assembleia Legislativa. - MsConectado","isPartOf":{"@id":"https:\/\/msconectado.com.br\/#website"},"primaryImageOfPage":{"@id":"https:\/\/msconectado.com.br\/?p=21896#primaryimage"},"image":{"@id":"https:\/\/msconectado.com.br\/?p=21896#primaryimage"},"thumbnailUrl":"https:\/\/msconectado.com.br\/wp-content\/uploads\/2024\/04\/1.jpg","datePublished":"2024-04-16T18:34:42+00:00","dateModified":"2024-04-16T18:34:44+00:00","breadcrumb":{"@id":"https:\/\/msconectado.com.br\/?p=21896#breadcrumb"},"inLanguage":"pt-BR","potentialAction":[{"@type":"ReadAction","target":["https:\/\/msconectado.com.br\/?p=21896"]}]},{"@type":"ImageObject","inLanguage":"pt-BR","@id":"https:\/\/msconectado.com.br\/?p=21896#primaryimage","url":"https:\/\/msconectado.com.br\/wp-content\/uploads\/2024\/04\/1.jpg","contentUrl":"https:\/\/msconectado.com.br\/wp-content\/uploads\/2024\/04\/1.jpg","width":1080,"height":720},{"@type":"BreadcrumbList","@id":"https:\/\/msconectado.com.br\/?p=21896#breadcrumb","itemListElement":[{"@type":"ListItem","position":1,"name":"In\u00edcio","item":"https:\/\/msconectado.com.br\/?page_id=105"},{"@type":"ListItem","position":2,"name":"Reivindica\u00e7\u00f5es da Pol\u00edcia Penal de Mato Grosso do Sul s\u00e3o apresentadas em sess\u00e3o na Assembleia Legislativa."}]},{"@type":"WebSite","@id":"https:\/\/msconectado.com.br\/#website","url":"https:\/\/msconectado.com.br\/","name":"MsConectado","description":"Voc\u00ea Conectado com a Not\u00edcia!","publisher":{"@id":"https:\/\/msconectado.com.br\/#organization"},"potentialAction":[{"@type":"SearchAction","target":{"@type":"EntryPoint","urlTemplate":"https:\/\/msconectado.com.br\/?s={search_term_string}"},"query-input":{"@type":"PropertyValueSpecification","valueRequired":true,"valueName":"search_term_string"}}],"inLanguage":"pt-BR"},{"@type":"Organization","@id":"https:\/\/msconectado.com.br\/#organization","name":"MsConectado","url":"https:\/\/msconectado.com.br\/","logo":{"@type":"ImageObject","inLanguage":"pt-BR","@id":"https:\/\/msconectado.com.br\/#\/schema\/logo\/image\/","url":"https:\/\/msconectado.com.br\/wp-content\/uploads\/2023\/01\/cropped-noticia-2.png","contentUrl":"https:\/\/msconectado.com.br\/wp-content\/uploads\/2023\/01\/cropped-noticia-2.png","width":720,"height":157,"caption":"MsConectado"},"image":{"@id":"https:\/\/msconectado.com.br\/#\/schema\/logo\/image\/"}},{"@type":"Person","@id":"https:\/\/msconectado.com.br\/#\/schema\/person\/e5585545b5687092f1041d350b6e2c16","name":"MsConectado","image":{"@type":"ImageObject","inLanguage":"pt-BR","@id":"https:\/\/secure.gravatar.com\/avatar\/3b4f84a0a8a4380ac4431fa79981d073692380c5da00ae97596e794ab0db5c8c?s=96&d=mm&r=g","url":"https:\/\/secure.gravatar.com\/avatar\/3b4f84a0a8a4380ac4431fa79981d073692380c5da00ae97596e794ab0db5c8c?s=96&d=mm&r=g","contentUrl":"https:\/\/secure.gravatar.com\/avatar\/3b4f84a0a8a4380ac4431fa79981d073692380c5da00ae97596e794ab0db5c8c?s=96&d=mm&r=g","caption":"MsConectado"},"url":"https:\/\/msconectado.com.br\/?author=2"}]}},"_links":{"self":[{"href":"https:\/\/msconectado.com.br\/index.php?rest_route=\/wp\/v2\/posts\/21896","targetHints":{"allow":["GET"]}}],"collection":[{"href":"https:\/\/msconectado.com.br\/index.php?rest_route=\/wp\/v2\/posts"}],"about":[{"href":"https:\/\/msconectado.com.br\/index.php?rest_route=\/wp\/v2\/types\/post"}],"author":[{"embeddable":true,"href":"https:\/\/msconectado.com.br\/index.php?rest_route=\/wp\/v2\/users\/2"}],"replies":[{"embeddable":true,"href":"https:\/\/msconectado.com.br\/index.php?rest_route=%2Fwp%2Fv2%2Fcomments&post=21896"}],"version-history":[{"count":1,"href":"https:\/\/msconectado.com.br\/index.php?rest_route=\/wp\/v2\/posts\/21896\/revisions"}],"predecessor-version":[{"id":21899,"href":"https:\/\/msconectado.com.br\/index.php?rest_route=\/wp\/v2\/posts\/21896\/revisions\/21899"}],"wp:featuredmedia":[{"embeddable":true,"href":"https:\/\/msconectado.com.br\/index.php?rest_route=\/wp\/v2\/media\/21897"}],"wp:attachment":[{"href":"https:\/\/msconectado.com.br\/index.php?rest_route=%2Fwp%2Fv2%2Fmedia&parent=21896"}],"wp:term":[{"taxonomy":"category","embeddable":true,"href":"https:\/\/msconectado.com.br\/index.php?rest_route=%2Fwp%2Fv2%2Fcategories&post=21896"},{"taxonomy":"post_tag","embeddable":true,"href":"https:\/\/msconectado.com.br\/index.php?rest_route=%2Fwp%2Fv2%2Ftags&post=21896"}],"curies":[{"name":"wp","href":"https:\/\/api.w.org\/{rel}","templated":true}]}}