
{"id":21903,"date":"2024-04-17T22:03:10","date_gmt":"2024-04-17T22:03:10","guid":{"rendered":"https:\/\/msconectado.com.br\/?p=21903"},"modified":"2024-04-17T22:03:12","modified_gmt":"2024-04-17T22:03:12","slug":"vereador-gringo-destina-emenda-impositiva-para-aquisicao-de-veiculo-spin-0km-para-atender-posto-de-saude-da-aldeia-terere","status":"publish","type":"post","link":"https:\/\/msconectado.com.br\/?p=21903","title":{"rendered":"Vereador Gringo destina emenda impositiva para aquisi\u00e7\u00e3o de ve\u00edculo Spin 0km, para atender Posto de Sa\u00fade da Aldeia Terer\u00e9."},"content":{"rendered":"\n<p>Nesta quarta-feira, dia 17, o vereador Otacir Pereira, conhecido como Gringo, participou de uma reuni\u00e3o crucial com a Secret\u00e1ria de Sa\u00fade Elaine Brito e outras autoridades, onde foi discutida a destina\u00e7\u00e3o da sua emenda impositiva. O vereador Gringo optou por destinar sua emenda para a aquisi\u00e7\u00e3o de um ve\u00edculo Spin 0km, visando atender \u00e0s necessidades do Posto de Sa\u00fade da Aldeia Terer\u00e9.<\/p>\n\n\n\n<p>A iniciativa \u00e9 uma resposta direta a uma demanda h\u00e1 muito tempo aguardada pela comunidade ind\u00edgena. A aquisi\u00e7\u00e3o deste ve\u00edculo n\u00e3o s\u00f3 facilitar\u00e1 o transporte de pacientes, mas tamb\u00e9m contribuir\u00e1 para a melhoria dos servi\u00e7os de sa\u00fade prestados na regi\u00e3o.<\/p>\n\n\n<div class=\"wp-block-image\">\n<figure class=\"aligncenter size-full\"><img fetchpriority=\"high\" decoding=\"async\" width=\"1005\" height=\"531\" src=\"https:\/\/msconectado.com.br\/wp-content\/uploads\/2024\/04\/image-30.png\" alt=\"\" class=\"wp-image-21904\" srcset=\"https:\/\/msconectado.com.br\/wp-content\/uploads\/2024\/04\/image-30.png 1005w, https:\/\/msconectado.com.br\/wp-content\/uploads\/2024\/04\/image-30-300x159.png 300w, https:\/\/msconectado.com.br\/wp-content\/uploads\/2024\/04\/image-30-768x406.png 768w\" sizes=\"(max-width: 1005px) 100vw, 1005px\" \/><\/figure>\n<\/div>\n\n\n<p>Em declara\u00e7\u00e3o ap\u00f3s a reuni\u00e3o, o vereador Gringo expressou sua satisfa\u00e7\u00e3o em poder proporcionar este momento t\u00e3o importante para a comunidade. &#8220;Estou muito feliz por poder contribuir com a melhoria dos servi\u00e7os de sa\u00fade na Aldeia Terer\u00e9. Essa conquista ser\u00e1 recebida com muita alegria por todos os membros da comunidade ind\u00edgena&#8221;, afirmou o vereador.<\/p>\n\n\n\n<p>A destina\u00e7\u00e3o da emenda impositiva para a aquisi\u00e7\u00e3o do ve\u00edculo Spin 0km demonstra o comprometimento do vereador Gringo com as demandas da popula\u00e7\u00e3o e refor\u00e7a seu papel na busca por solu\u00e7\u00f5es que promovam o bem-estar e a qualidade de vida dos cidad\u00e3os.<\/p>\n\n\n\n<p>Reda\u00e7\u00e3o<\/p>\n\n\n<div class=\"wp-block-image\">\n<figure class=\"aligncenter size-full\"><img decoding=\"async\" width=\"900\" height=\"100\" src=\"https:\/\/msconectado.com.br\/wp-content\/uploads\/2024\/04\/900X100-PRIMEIRO.png\" alt=\"\" class=\"wp-image-21848\" srcset=\"https:\/\/msconectado.com.br\/wp-content\/uploads\/2024\/04\/900X100-PRIMEIRO.png 900w, https:\/\/msconectado.com.br\/wp-content\/uploads\/2024\/04\/900X100-PRIMEIRO-300x33.png 300w, https:\/\/msconectado.com.br\/wp-content\/uploads\/2024\/04\/900X100-PRIMEIRO-768x85.png 768w\" sizes=\"(max-width: 900px) 100vw, 900px\" \/><\/figure>\n<\/div>","protected":false},"excerpt":{"rendered":"<p>Nesta quarta-feira, dia 17, o vereador Otacir Pereira, conhecido como Gringo, participou de uma reuni\u00e3o crucial com a Secret\u00e1ria de Sa\u00fade Elaine Brito e outras autoridades, onde foi discutida a destina\u00e7\u00e3o da sua emenda impositiva. O vereador Gringo optou por destinar sua emenda para a aquisi\u00e7\u00e3o de um ve\u00edculo Spin 0km, visando atender \u00e0s necessidades [&hellip;]<\/p>\n","protected":false},"author":2,"featured_media":21905,"comment_status":"open","ping_status":"closed","sticky":false,"template":"","format":"standard","meta":{"footnotes":""},"categories":[35,1,33],"tags":[],"class_list":["post-21903","post","type-post","status-publish","format-standard","has-post-thumbnail","hentry","category-cidades","category-noticia","category-politica"],"yoast_head":"<!-- This site is optimized with the Yoast SEO plugin v27.5 - https:\/\/yoast.com\/product\/yoast-seo-wordpress\/ -->\n<title>Vereador Gringo destina emenda impositiva para aquisi\u00e7\u00e3o de ve\u00edculo Spin 0km, para atender Posto de Sa\u00fade da Aldeia Terer\u00e9. - MsConectado<\/title>\n<meta name=\"robots\" content=\"index, follow, max-snippet:-1, max-image-preview:large, max-video-preview:-1\" \/>\n<link rel=\"canonical\" href=\"https:\/\/msconectado.com.br\/?p=21903\" \/>\n<meta property=\"og:locale\" content=\"pt_BR\" \/>\n<meta property=\"og:type\" content=\"article\" \/>\n<meta property=\"og:title\" content=\"Vereador Gringo destina emenda impositiva para aquisi\u00e7\u00e3o de ve\u00edculo Spin 0km, para atender Posto de Sa\u00fade da Aldeia Terer\u00e9. - MsConectado\" \/>\n<meta property=\"og:description\" content=\"Nesta quarta-feira, dia 17, o vereador Otacir Pereira, conhecido como Gringo, participou de uma reuni\u00e3o crucial com a Secret\u00e1ria de Sa\u00fade Elaine Brito e outras autoridades, onde foi discutida a destina\u00e7\u00e3o da sua emenda impositiva. O vereador Gringo optou por destinar sua emenda para a aquisi\u00e7\u00e3o de um ve\u00edculo Spin 0km, visando atender \u00e0s necessidades [&hellip;]\" \/>\n<meta property=\"og:url\" content=\"https:\/\/msconectado.com.br\/?p=21903\" \/>\n<meta property=\"og:site_name\" content=\"MsConectado\" \/>\n<meta property=\"article:published_time\" content=\"2024-04-17T22:03:10+00:00\" \/>\n<meta property=\"article:modified_time\" content=\"2024-04-17T22:03:12+00:00\" \/>\n<meta property=\"og:image\" content=\"https:\/\/msconectado.com.br\/wp-content\/uploads\/2024\/04\/6b16af7e-7440-4769-bf53-37a6af30cadb.jpg\" \/>\n\t<meta property=\"og:image:width\" content=\"828\" \/>\n\t<meta property=\"og:image:height\" content=\"460\" \/>\n\t<meta property=\"og:image:type\" content=\"image\/jpeg\" \/>\n<meta name=\"author\" content=\"MsConectado\" \/>\n<meta name=\"twitter:card\" content=\"summary_large_image\" \/>\n<meta name=\"twitter:label1\" content=\"Escrito por\" \/>\n\t<meta name=\"twitter:data1\" content=\"MsConectado\" \/>\n\t<meta name=\"twitter:label2\" content=\"Est. tempo de leitura\" \/>\n\t<meta name=\"twitter:data2\" content=\"2 minutos\" \/>\n<script type=\"application\/ld+json\" class=\"yoast-schema-graph\">{\"@context\":\"https:\\\/\\\/schema.org\",\"@graph\":[{\"@type\":\"Article\",\"@id\":\"https:\\\/\\\/msconectado.com.br\\\/?p=21903#article\",\"isPartOf\":{\"@id\":\"https:\\\/\\\/msconectado.com.br\\\/?p=21903\"},\"author\":{\"name\":\"MsConectado\",\"@id\":\"https:\\\/\\\/msconectado.com.br\\\/#\\\/schema\\\/person\\\/e5585545b5687092f1041d350b6e2c16\"},\"headline\":\"Vereador Gringo destina emenda impositiva para aquisi\u00e7\u00e3o de ve\u00edculo Spin 0km, para atender Posto de Sa\u00fade da Aldeia Terer\u00e9.\",\"datePublished\":\"2024-04-17T22:03:10+00:00\",\"dateModified\":\"2024-04-17T22:03:12+00:00\",\"mainEntityOfPage\":{\"@id\":\"https:\\\/\\\/msconectado.com.br\\\/?p=21903\"},\"wordCount\":250,\"commentCount\":0,\"publisher\":{\"@id\":\"https:\\\/\\\/msconectado.com.br\\\/#organization\"},\"image\":{\"@id\":\"https:\\\/\\\/msconectado.com.br\\\/?p=21903#primaryimage\"},\"thumbnailUrl\":\"https:\\\/\\\/msconectado.com.br\\\/wp-content\\\/uploads\\\/2024\\\/04\\\/6b16af7e-7440-4769-bf53-37a6af30cadb.jpg\",\"articleSection\":[\"Cidades\",\"Not\u00edcia\",\"Pol\u00edtica\"],\"inLanguage\":\"pt-BR\",\"potentialAction\":[{\"@type\":\"CommentAction\",\"name\":\"Comment\",\"target\":[\"https:\\\/\\\/msconectado.com.br\\\/?p=21903#respond\"]}]},{\"@type\":\"WebPage\",\"@id\":\"https:\\\/\\\/msconectado.com.br\\\/?p=21903\",\"url\":\"https:\\\/\\\/msconectado.com.br\\\/?p=21903\",\"name\":\"Vereador Gringo destina emenda impositiva para aquisi\u00e7\u00e3o de ve\u00edculo Spin 0km, para atender Posto de Sa\u00fade da Aldeia Terer\u00e9. - MsConectado\",\"isPartOf\":{\"@id\":\"https:\\\/\\\/msconectado.com.br\\\/#website\"},\"primaryImageOfPage\":{\"@id\":\"https:\\\/\\\/msconectado.com.br\\\/?p=21903#primaryimage\"},\"image\":{\"@id\":\"https:\\\/\\\/msconectado.com.br\\\/?p=21903#primaryimage\"},\"thumbnailUrl\":\"https:\\\/\\\/msconectado.com.br\\\/wp-content\\\/uploads\\\/2024\\\/04\\\/6b16af7e-7440-4769-bf53-37a6af30cadb.jpg\",\"datePublished\":\"2024-04-17T22:03:10+00:00\",\"dateModified\":\"2024-04-17T22:03:12+00:00\",\"breadcrumb\":{\"@id\":\"https:\\\/\\\/msconectado.com.br\\\/?p=21903#breadcrumb\"},\"inLanguage\":\"pt-BR\",\"potentialAction\":[{\"@type\":\"ReadAction\",\"target\":[\"https:\\\/\\\/msconectado.com.br\\\/?p=21903\"]}]},{\"@type\":\"ImageObject\",\"inLanguage\":\"pt-BR\",\"@id\":\"https:\\\/\\\/msconectado.com.br\\\/?p=21903#primaryimage\",\"url\":\"https:\\\/\\\/msconectado.com.br\\\/wp-content\\\/uploads\\\/2024\\\/04\\\/6b16af7e-7440-4769-bf53-37a6af30cadb.jpg\",\"contentUrl\":\"https:\\\/\\\/msconectado.com.br\\\/wp-content\\\/uploads\\\/2024\\\/04\\\/6b16af7e-7440-4769-bf53-37a6af30cadb.jpg\",\"width\":828,\"height\":460},{\"@type\":\"BreadcrumbList\",\"@id\":\"https:\\\/\\\/msconectado.com.br\\\/?p=21903#breadcrumb\",\"itemListElement\":[{\"@type\":\"ListItem\",\"position\":1,\"name\":\"In\u00edcio\",\"item\":\"https:\\\/\\\/msconectado.com.br\\\/?page_id=105\"},{\"@type\":\"ListItem\",\"position\":2,\"name\":\"Vereador Gringo destina emenda impositiva para aquisi\u00e7\u00e3o de ve\u00edculo Spin 0km, para atender Posto de Sa\u00fade da Aldeia Terer\u00e9.\"}]},{\"@type\":\"WebSite\",\"@id\":\"https:\\\/\\\/msconectado.com.br\\\/#website\",\"url\":\"https:\\\/\\\/msconectado.com.br\\\/\",\"name\":\"MsConectado\",\"description\":\"Voc\u00ea Conectado com a Not\u00edcia!\",\"publisher\":{\"@id\":\"https:\\\/\\\/msconectado.com.br\\\/#organization\"},\"potentialAction\":[{\"@type\":\"SearchAction\",\"target\":{\"@type\":\"EntryPoint\",\"urlTemplate\":\"https:\\\/\\\/msconectado.com.br\\\/?s={search_term_string}\"},\"query-input\":{\"@type\":\"PropertyValueSpecification\",\"valueRequired\":true,\"valueName\":\"search_term_string\"}}],\"inLanguage\":\"pt-BR\"},{\"@type\":\"Organization\",\"@id\":\"https:\\\/\\\/msconectado.com.br\\\/#organization\",\"name\":\"MsConectado\",\"url\":\"https:\\\/\\\/msconectado.com.br\\\/\",\"logo\":{\"@type\":\"ImageObject\",\"inLanguage\":\"pt-BR\",\"@id\":\"https:\\\/\\\/msconectado.com.br\\\/#\\\/schema\\\/logo\\\/image\\\/\",\"url\":\"https:\\\/\\\/msconectado.com.br\\\/wp-content\\\/uploads\\\/2023\\\/01\\\/cropped-noticia-2.png\",\"contentUrl\":\"https:\\\/\\\/msconectado.com.br\\\/wp-content\\\/uploads\\\/2023\\\/01\\\/cropped-noticia-2.png\",\"width\":720,\"height\":157,\"caption\":\"MsConectado\"},\"image\":{\"@id\":\"https:\\\/\\\/msconectado.com.br\\\/#\\\/schema\\\/logo\\\/image\\\/\"}},{\"@type\":\"Person\",\"@id\":\"https:\\\/\\\/msconectado.com.br\\\/#\\\/schema\\\/person\\\/e5585545b5687092f1041d350b6e2c16\",\"name\":\"MsConectado\",\"image\":{\"@type\":\"ImageObject\",\"inLanguage\":\"pt-BR\",\"@id\":\"https:\\\/\\\/secure.gravatar.com\\\/avatar\\\/3b4f84a0a8a4380ac4431fa79981d073692380c5da00ae97596e794ab0db5c8c?s=96&d=mm&r=g\",\"url\":\"https:\\\/\\\/secure.gravatar.com\\\/avatar\\\/3b4f84a0a8a4380ac4431fa79981d073692380c5da00ae97596e794ab0db5c8c?s=96&d=mm&r=g\",\"contentUrl\":\"https:\\\/\\\/secure.gravatar.com\\\/avatar\\\/3b4f84a0a8a4380ac4431fa79981d073692380c5da00ae97596e794ab0db5c8c?s=96&d=mm&r=g\",\"caption\":\"MsConectado\"},\"url\":\"https:\\\/\\\/msconectado.com.br\\\/?author=2\"}]}<\/script>\n<!-- \/ Yoast SEO plugin. -->","yoast_head_json":{"title":"Vereador Gringo destina emenda impositiva para aquisi\u00e7\u00e3o de ve\u00edculo Spin 0km, para atender Posto de Sa\u00fade da Aldeia Terer\u00e9. - MsConectado","robots":{"index":"index","follow":"follow","max-snippet":"max-snippet:-1","max-image-preview":"max-image-preview:large","max-video-preview":"max-video-preview:-1"},"canonical":"https:\/\/msconectado.com.br\/?p=21903","og_locale":"pt_BR","og_type":"article","og_title":"Vereador Gringo destina emenda impositiva para aquisi\u00e7\u00e3o de ve\u00edculo Spin 0km, para atender Posto de Sa\u00fade da Aldeia Terer\u00e9. - MsConectado","og_description":"Nesta quarta-feira, dia 17, o vereador Otacir Pereira, conhecido como Gringo, participou de uma reuni\u00e3o crucial com a Secret\u00e1ria de Sa\u00fade Elaine Brito e outras autoridades, onde foi discutida a destina\u00e7\u00e3o da sua emenda impositiva. O vereador Gringo optou por destinar sua emenda para a aquisi\u00e7\u00e3o de um ve\u00edculo Spin 0km, visando atender \u00e0s necessidades [&hellip;]","og_url":"https:\/\/msconectado.com.br\/?p=21903","og_site_name":"MsConectado","article_published_time":"2024-04-17T22:03:10+00:00","article_modified_time":"2024-04-17T22:03:12+00:00","og_image":[{"width":828,"height":460,"url":"https:\/\/msconectado.com.br\/wp-content\/uploads\/2024\/04\/6b16af7e-7440-4769-bf53-37a6af30cadb.jpg","type":"image\/jpeg"}],"author":"MsConectado","twitter_card":"summary_large_image","twitter_misc":{"Escrito por":"MsConectado","Est. tempo de leitura":"2 minutos"},"schema":{"@context":"https:\/\/schema.org","@graph":[{"@type":"Article","@id":"https:\/\/msconectado.com.br\/?p=21903#article","isPartOf":{"@id":"https:\/\/msconectado.com.br\/?p=21903"},"author":{"name":"MsConectado","@id":"https:\/\/msconectado.com.br\/#\/schema\/person\/e5585545b5687092f1041d350b6e2c16"},"headline":"Vereador Gringo destina emenda impositiva para aquisi\u00e7\u00e3o de ve\u00edculo Spin 0km, para atender Posto de Sa\u00fade da Aldeia Terer\u00e9.","datePublished":"2024-04-17T22:03:10+00:00","dateModified":"2024-04-17T22:03:12+00:00","mainEntityOfPage":{"@id":"https:\/\/msconectado.com.br\/?p=21903"},"wordCount":250,"commentCount":0,"publisher":{"@id":"https:\/\/msconectado.com.br\/#organization"},"image":{"@id":"https:\/\/msconectado.com.br\/?p=21903#primaryimage"},"thumbnailUrl":"https:\/\/msconectado.com.br\/wp-content\/uploads\/2024\/04\/6b16af7e-7440-4769-bf53-37a6af30cadb.jpg","articleSection":["Cidades","Not\u00edcia","Pol\u00edtica"],"inLanguage":"pt-BR","potentialAction":[{"@type":"CommentAction","name":"Comment","target":["https:\/\/msconectado.com.br\/?p=21903#respond"]}]},{"@type":"WebPage","@id":"https:\/\/msconectado.com.br\/?p=21903","url":"https:\/\/msconectado.com.br\/?p=21903","name":"Vereador Gringo destina emenda impositiva para aquisi\u00e7\u00e3o de ve\u00edculo Spin 0km, para atender Posto de Sa\u00fade da Aldeia Terer\u00e9. - MsConectado","isPartOf":{"@id":"https:\/\/msconectado.com.br\/#website"},"primaryImageOfPage":{"@id":"https:\/\/msconectado.com.br\/?p=21903#primaryimage"},"image":{"@id":"https:\/\/msconectado.com.br\/?p=21903#primaryimage"},"thumbnailUrl":"https:\/\/msconectado.com.br\/wp-content\/uploads\/2024\/04\/6b16af7e-7440-4769-bf53-37a6af30cadb.jpg","datePublished":"2024-04-17T22:03:10+00:00","dateModified":"2024-04-17T22:03:12+00:00","breadcrumb":{"@id":"https:\/\/msconectado.com.br\/?p=21903#breadcrumb"},"inLanguage":"pt-BR","potentialAction":[{"@type":"ReadAction","target":["https:\/\/msconectado.com.br\/?p=21903"]}]},{"@type":"ImageObject","inLanguage":"pt-BR","@id":"https:\/\/msconectado.com.br\/?p=21903#primaryimage","url":"https:\/\/msconectado.com.br\/wp-content\/uploads\/2024\/04\/6b16af7e-7440-4769-bf53-37a6af30cadb.jpg","contentUrl":"https:\/\/msconectado.com.br\/wp-content\/uploads\/2024\/04\/6b16af7e-7440-4769-bf53-37a6af30cadb.jpg","width":828,"height":460},{"@type":"BreadcrumbList","@id":"https:\/\/msconectado.com.br\/?p=21903#breadcrumb","itemListElement":[{"@type":"ListItem","position":1,"name":"In\u00edcio","item":"https:\/\/msconectado.com.br\/?page_id=105"},{"@type":"ListItem","position":2,"name":"Vereador Gringo destina emenda impositiva para aquisi\u00e7\u00e3o de ve\u00edculo Spin 0km, para atender Posto de Sa\u00fade da Aldeia Terer\u00e9."}]},{"@type":"WebSite","@id":"https:\/\/msconectado.com.br\/#website","url":"https:\/\/msconectado.com.br\/","name":"MsConectado","description":"Voc\u00ea Conectado com a Not\u00edcia!","publisher":{"@id":"https:\/\/msconectado.com.br\/#organization"},"potentialAction":[{"@type":"SearchAction","target":{"@type":"EntryPoint","urlTemplate":"https:\/\/msconectado.com.br\/?s={search_term_string}"},"query-input":{"@type":"PropertyValueSpecification","valueRequired":true,"valueName":"search_term_string"}}],"inLanguage":"pt-BR"},{"@type":"Organization","@id":"https:\/\/msconectado.com.br\/#organization","name":"MsConectado","url":"https:\/\/msconectado.com.br\/","logo":{"@type":"ImageObject","inLanguage":"pt-BR","@id":"https:\/\/msconectado.com.br\/#\/schema\/logo\/image\/","url":"https:\/\/msconectado.com.br\/wp-content\/uploads\/2023\/01\/cropped-noticia-2.png","contentUrl":"https:\/\/msconectado.com.br\/wp-content\/uploads\/2023\/01\/cropped-noticia-2.png","width":720,"height":157,"caption":"MsConectado"},"image":{"@id":"https:\/\/msconectado.com.br\/#\/schema\/logo\/image\/"}},{"@type":"Person","@id":"https:\/\/msconectado.com.br\/#\/schema\/person\/e5585545b5687092f1041d350b6e2c16","name":"MsConectado","image":{"@type":"ImageObject","inLanguage":"pt-BR","@id":"https:\/\/secure.gravatar.com\/avatar\/3b4f84a0a8a4380ac4431fa79981d073692380c5da00ae97596e794ab0db5c8c?s=96&d=mm&r=g","url":"https:\/\/secure.gravatar.com\/avatar\/3b4f84a0a8a4380ac4431fa79981d073692380c5da00ae97596e794ab0db5c8c?s=96&d=mm&r=g","contentUrl":"https:\/\/secure.gravatar.com\/avatar\/3b4f84a0a8a4380ac4431fa79981d073692380c5da00ae97596e794ab0db5c8c?s=96&d=mm&r=g","caption":"MsConectado"},"url":"https:\/\/msconectado.com.br\/?author=2"}]}},"_links":{"self":[{"href":"https:\/\/msconectado.com.br\/index.php?rest_route=\/wp\/v2\/posts\/21903","targetHints":{"allow":["GET"]}}],"collection":[{"href":"https:\/\/msconectado.com.br\/index.php?rest_route=\/wp\/v2\/posts"}],"about":[{"href":"https:\/\/msconectado.com.br\/index.php?rest_route=\/wp\/v2\/types\/post"}],"author":[{"embeddable":true,"href":"https:\/\/msconectado.com.br\/index.php?rest_route=\/wp\/v2\/users\/2"}],"replies":[{"embeddable":true,"href":"https:\/\/msconectado.com.br\/index.php?rest_route=%2Fwp%2Fv2%2Fcomments&post=21903"}],"version-history":[{"count":1,"href":"https:\/\/msconectado.com.br\/index.php?rest_route=\/wp\/v2\/posts\/21903\/revisions"}],"predecessor-version":[{"id":21906,"href":"https:\/\/msconectado.com.br\/index.php?rest_route=\/wp\/v2\/posts\/21903\/revisions\/21906"}],"wp:featuredmedia":[{"embeddable":true,"href":"https:\/\/msconectado.com.br\/index.php?rest_route=\/wp\/v2\/media\/21905"}],"wp:attachment":[{"href":"https:\/\/msconectado.com.br\/index.php?rest_route=%2Fwp%2Fv2%2Fmedia&parent=21903"}],"wp:term":[{"taxonomy":"category","embeddable":true,"href":"https:\/\/msconectado.com.br\/index.php?rest_route=%2Fwp%2Fv2%2Fcategories&post=21903"},{"taxonomy":"post_tag","embeddable":true,"href":"https:\/\/msconectado.com.br\/index.php?rest_route=%2Fwp%2Fv2%2Ftags&post=21903"}],"curies":[{"name":"wp","href":"https:\/\/api.w.org\/{rel}","templated":true}]}}