
{"id":21917,"date":"2024-04-18T13:28:00","date_gmt":"2024-04-18T13:28:00","guid":{"rendered":"https:\/\/msconectado.com.br\/?p=21917"},"modified":"2024-04-18T13:28:03","modified_gmt":"2024-04-18T13:28:03","slug":"2a-semana-da-educacao-especial-brilha-na-escola-civico-militar-major-alberto-rodrigues-da-costa-em-jardim","status":"publish","type":"post","link":"https:\/\/msconectado.com.br\/?p=21917","title":{"rendered":"&#8220;2\u00aa Semana da Educa\u00e7\u00e3o Especial&#8221; brilha na Escola C\u00edvico-Militar Major Alberto Rodrigues da Costa em Jardim."},"content":{"rendered":"\n<p>A Secretaria Municipal de Educa\u00e7\u00e3o de Jardim est\u00e1 promovendo a t\u00e3o aguardada 2\u00aa Semana da Educa\u00e7\u00e3o Especial, um evento dedicado a promover a inclus\u00e3o e conscientiza\u00e7\u00e3o sobre as necessidades educacionais especiais. A escola escolhida para sediar este importante evento \u00e9 a Escola C\u00edvico-Militar Major Alberto Rodrigues da Costa, um espa\u00e7o que tem se destacado por sua abordagem inclusiva e compromisso com a diversidade.<\/p>\n\n\n<div class=\"wp-block-image\">\n<figure class=\"aligncenter size-large\"><img fetchpriority=\"high\" decoding=\"async\" width=\"1024\" height=\"682\" src=\"https:\/\/msconectado.com.br\/wp-content\/uploads\/2024\/04\/image-42-1024x682.png\" alt=\"\" class=\"wp-image-21926\" srcset=\"https:\/\/msconectado.com.br\/wp-content\/uploads\/2024\/04\/image-42-1024x682.png 1024w, https:\/\/msconectado.com.br\/wp-content\/uploads\/2024\/04\/image-42-300x200.png 300w, https:\/\/msconectado.com.br\/wp-content\/uploads\/2024\/04\/image-42-768x511.png 768w, https:\/\/msconectado.com.br\/wp-content\/uploads\/2024\/04\/image-42-360x240.png 360w, https:\/\/msconectado.com.br\/wp-content\/uploads\/2024\/04\/image-42.png 1440w\" sizes=\"(max-width: 1024px) 100vw, 1024px\" \/><\/figure>\n<\/div>\n\n\n<p>Com uma programa\u00e7\u00e3o diversificada e repleta de atividades enriquecedoras, a Semana da Educa\u00e7\u00e3o Especial est\u00e1 proporcionando momentos de reflex\u00e3o, aprendizado e intera\u00e7\u00e3o para alunos, professores, pais e toda a comunidade escolar. Palestras ministradas por especialistas, din\u00e2micas de grupo, apresenta\u00e7\u00f5es musicais e outras atividades est\u00e3o sendo realizadas ao longo da semana, com o objetivo de sensibilizar e informar sobre as necessidades e potencialidades das pessoas portadoras de alguma necessidade especial.<\/p>\n\n\n\n<p>Durante as palestras, temas como acessibilidade, adapta\u00e7\u00f5es curriculares, inclus\u00e3o social e valoriza\u00e7\u00e3o das diferen\u00e7as est\u00e3o sendo abordados de maneira acess\u00edvel e din\u00e2mica, visando ampliar o entendimento e a empatia de todos os envolvidos. Al\u00e9m disso, est\u00e3o sendo apresentados casos de sucesso e experi\u00eancias inspiradoras de inclus\u00e3o, demonstrando que \u00e9 poss\u00edvel construir uma sociedade mais justa e inclusiva para todos.<\/p>\n\n\n<div class=\"wp-block-image\">\n<figure class=\"aligncenter size-large\"><img decoding=\"async\" width=\"1024\" height=\"683\" src=\"https:\/\/msconectado.com.br\/wp-content\/uploads\/2024\/04\/image-34-1024x683.png\" alt=\"\" class=\"wp-image-21918\" srcset=\"https:\/\/msconectado.com.br\/wp-content\/uploads\/2024\/04\/image-34-1024x683.png 1024w, https:\/\/msconectado.com.br\/wp-content\/uploads\/2024\/04\/image-34-300x200.png 300w, https:\/\/msconectado.com.br\/wp-content\/uploads\/2024\/04\/image-34-768x512.png 768w, https:\/\/msconectado.com.br\/wp-content\/uploads\/2024\/04\/image-34-360x240.png 360w, https:\/\/msconectado.com.br\/wp-content\/uploads\/2024\/04\/image-34.png 1440w\" sizes=\"(max-width: 1024px) 100vw, 1024px\" \/><\/figure>\n<\/div>\n\n\n<p>A m\u00fasica tamb\u00e9m est\u00e1 presente na Semana da Educa\u00e7\u00e3o Especial, proporcionando momentos de alegria e integra\u00e7\u00e3o entre os participantes. Al\u00e9m disso, atividades l\u00fadicas e recreativas est\u00e3o sendo realizadas, promovendo a intera\u00e7\u00e3o e o conv\u00edvio entre todos os alunos.<\/p>\n\n\n\n<p>Para a equipe organizadora e participantes, a Semana da Educa\u00e7\u00e3o Especial \u00e9 mais do que um evento, \u00e9 uma oportunidade de promover a conscientiza\u00e7\u00e3o e o respeito \u00e0s diferen\u00e7as, construindo uma sociedade mais inclusiva e acolhedora para todos. O compromisso da Secretaria Municipal de Educa\u00e7\u00e3o de Jardim com a educa\u00e7\u00e3o inclusiva e de qualidade \u00e9 reafirmado por meio de iniciativas como esta, que buscam valorizar o potencial de cada indiv\u00edduo e promover uma educa\u00e7\u00e3o que respeite a diversidade.<\/p>\n\n\n<div class=\"wp-block-image\">\n<figure class=\"aligncenter size-large\"><img decoding=\"async\" width=\"1024\" height=\"683\" src=\"https:\/\/msconectado.com.br\/wp-content\/uploads\/2024\/04\/image-36-1024x683.png\" alt=\"\" class=\"wp-image-21920\" srcset=\"https:\/\/msconectado.com.br\/wp-content\/uploads\/2024\/04\/image-36-1024x683.png 1024w, https:\/\/msconectado.com.br\/wp-content\/uploads\/2024\/04\/image-36-300x200.png 300w, https:\/\/msconectado.com.br\/wp-content\/uploads\/2024\/04\/image-36-768x512.png 768w, https:\/\/msconectado.com.br\/wp-content\/uploads\/2024\/04\/image-36-360x240.png 360w, https:\/\/msconectado.com.br\/wp-content\/uploads\/2024\/04\/image-36.png 1440w\" sizes=\"(max-width: 1024px) 100vw, 1024px\" \/><\/figure>\n<\/div>\n\n\n<p>Ao finalizar esta emocionante semana, fica o desejo de que as reflex\u00f5es e aprendizados compartilhados possam ecoar al\u00e9m dos muros da escola, inspirando toda a comunidade a se engajar na constru\u00e7\u00e3o de um futuro mais inclusivo e igualit\u00e1rio para todos.<\/p>\n\n\n<div class=\"wp-block-image\">\n<figure class=\"aligncenter size-large\"><img loading=\"lazy\" decoding=\"async\" width=\"1024\" height=\"683\" src=\"https:\/\/msconectado.com.br\/wp-content\/uploads\/2024\/04\/image-40-1024x683.png\" alt=\"\" class=\"wp-image-21924\" srcset=\"https:\/\/msconectado.com.br\/wp-content\/uploads\/2024\/04\/image-40-1024x683.png 1024w, https:\/\/msconectado.com.br\/wp-content\/uploads\/2024\/04\/image-40-300x200.png 300w, https:\/\/msconectado.com.br\/wp-content\/uploads\/2024\/04\/image-40-768x512.png 768w, https:\/\/msconectado.com.br\/wp-content\/uploads\/2024\/04\/image-40-360x240.png 360w, https:\/\/msconectado.com.br\/wp-content\/uploads\/2024\/04\/image-40.png 1440w\" sizes=\"(max-width: 1024px) 100vw, 1024px\" \/><\/figure>\n<\/div>\n\n\n<p>Reda\u00e7\u00e3o<\/p>\n\n\n<div class=\"wp-block-image\">\n<figure class=\"aligncenter size-full\"><img loading=\"lazy\" decoding=\"async\" width=\"900\" height=\"100\" src=\"https:\/\/msconectado.com.br\/wp-content\/uploads\/2024\/04\/900X100-PRIMEIRO.png\" alt=\"\" class=\"wp-image-21848\" srcset=\"https:\/\/msconectado.com.br\/wp-content\/uploads\/2024\/04\/900X100-PRIMEIRO.png 900w, https:\/\/msconectado.com.br\/wp-content\/uploads\/2024\/04\/900X100-PRIMEIRO-300x33.png 300w, https:\/\/msconectado.com.br\/wp-content\/uploads\/2024\/04\/900X100-PRIMEIRO-768x85.png 768w\" sizes=\"(max-width: 900px) 100vw, 900px\" \/><\/figure>\n<\/div>","protected":false},"excerpt":{"rendered":"<p>A Secretaria Municipal de Educa\u00e7\u00e3o de Jardim est\u00e1 promovendo a t\u00e3o aguardada 2\u00aa Semana da Educa\u00e7\u00e3o Especial, um evento dedicado a promover a inclus\u00e3o e conscientiza\u00e7\u00e3o sobre as necessidades educacionais especiais. A escola escolhida para sediar este importante evento \u00e9 a Escola C\u00edvico-Militar Major Alberto Rodrigues da Costa, um espa\u00e7o que tem se destacado por [&hellip;]<\/p>\n","protected":false},"author":2,"featured_media":21922,"comment_status":"open","ping_status":"closed","sticky":false,"template":"","format":"standard","meta":{"footnotes":""},"categories":[35,1],"tags":[],"class_list":["post-21917","post","type-post","status-publish","format-standard","has-post-thumbnail","hentry","category-cidades","category-noticia"],"yoast_head":"<!-- This site is optimized with the Yoast SEO plugin v27.5 - https:\/\/yoast.com\/product\/yoast-seo-wordpress\/ -->\n<title>&quot;2\u00aa Semana da Educa\u00e7\u00e3o Especial&quot; brilha na Escola C\u00edvico-Militar Major Alberto Rodrigues da Costa em Jardim. - MsConectado<\/title>\n<meta name=\"robots\" content=\"index, follow, max-snippet:-1, max-image-preview:large, max-video-preview:-1\" \/>\n<link rel=\"canonical\" href=\"https:\/\/msconectado.com.br\/?p=21917\" \/>\n<meta property=\"og:locale\" content=\"pt_BR\" \/>\n<meta property=\"og:type\" content=\"article\" \/>\n<meta property=\"og:title\" content=\"&quot;2\u00aa Semana da Educa\u00e7\u00e3o Especial&quot; brilha na Escola C\u00edvico-Militar Major Alberto Rodrigues da Costa em Jardim. - MsConectado\" \/>\n<meta property=\"og:description\" content=\"A Secretaria Municipal de Educa\u00e7\u00e3o de Jardim est\u00e1 promovendo a t\u00e3o aguardada 2\u00aa Semana da Educa\u00e7\u00e3o Especial, um evento dedicado a promover a inclus\u00e3o e conscientiza\u00e7\u00e3o sobre as necessidades educacionais especiais. A escola escolhida para sediar este importante evento \u00e9 a Escola C\u00edvico-Militar Major Alberto Rodrigues da Costa, um espa\u00e7o que tem se destacado por [&hellip;]\" \/>\n<meta property=\"og:url\" content=\"https:\/\/msconectado.com.br\/?p=21917\" \/>\n<meta property=\"og:site_name\" content=\"MsConectado\" \/>\n<meta property=\"article:published_time\" content=\"2024-04-18T13:28:00+00:00\" \/>\n<meta property=\"article:modified_time\" content=\"2024-04-18T13:28:03+00:00\" \/>\n<meta property=\"og:image\" content=\"https:\/\/msconectado.com.br\/wp-content\/uploads\/2024\/04\/image-38-1024x683.png\" \/>\n\t<meta property=\"og:image:width\" content=\"1024\" \/>\n\t<meta property=\"og:image:height\" content=\"683\" \/>\n\t<meta property=\"og:image:type\" content=\"image\/png\" \/>\n<meta name=\"author\" content=\"MsConectado\" \/>\n<meta name=\"twitter:card\" content=\"summary_large_image\" \/>\n<meta name=\"twitter:label1\" content=\"Escrito por\" \/>\n\t<meta name=\"twitter:data1\" content=\"MsConectado\" \/>\n\t<meta name=\"twitter:label2\" content=\"Est. tempo de leitura\" \/>\n\t<meta name=\"twitter:data2\" content=\"4 minutos\" \/>\n<script type=\"application\/ld+json\" class=\"yoast-schema-graph\">{\"@context\":\"https:\\\/\\\/schema.org\",\"@graph\":[{\"@type\":\"Article\",\"@id\":\"https:\\\/\\\/msconectado.com.br\\\/?p=21917#article\",\"isPartOf\":{\"@id\":\"https:\\\/\\\/msconectado.com.br\\\/?p=21917\"},\"author\":{\"name\":\"MsConectado\",\"@id\":\"https:\\\/\\\/msconectado.com.br\\\/#\\\/schema\\\/person\\\/e5585545b5687092f1041d350b6e2c16\"},\"headline\":\"&#8220;2\u00aa Semana da Educa\u00e7\u00e3o Especial&#8221; brilha na Escola C\u00edvico-Militar Major Alberto Rodrigues da Costa em Jardim.\",\"datePublished\":\"2024-04-18T13:28:00+00:00\",\"dateModified\":\"2024-04-18T13:28:03+00:00\",\"mainEntityOfPage\":{\"@id\":\"https:\\\/\\\/msconectado.com.br\\\/?p=21917\"},\"wordCount\":406,\"commentCount\":0,\"publisher\":{\"@id\":\"https:\\\/\\\/msconectado.com.br\\\/#organization\"},\"image\":{\"@id\":\"https:\\\/\\\/msconectado.com.br\\\/?p=21917#primaryimage\"},\"thumbnailUrl\":\"https:\\\/\\\/msconectado.com.br\\\/wp-content\\\/uploads\\\/2024\\\/04\\\/image-38.png\",\"articleSection\":[\"Cidades\",\"Not\u00edcia\"],\"inLanguage\":\"pt-BR\",\"potentialAction\":[{\"@type\":\"CommentAction\",\"name\":\"Comment\",\"target\":[\"https:\\\/\\\/msconectado.com.br\\\/?p=21917#respond\"]}]},{\"@type\":\"WebPage\",\"@id\":\"https:\\\/\\\/msconectado.com.br\\\/?p=21917\",\"url\":\"https:\\\/\\\/msconectado.com.br\\\/?p=21917\",\"name\":\"\\\"2\u00aa Semana da Educa\u00e7\u00e3o Especial\\\" brilha na Escola C\u00edvico-Militar Major Alberto Rodrigues da Costa em Jardim. - MsConectado\",\"isPartOf\":{\"@id\":\"https:\\\/\\\/msconectado.com.br\\\/#website\"},\"primaryImageOfPage\":{\"@id\":\"https:\\\/\\\/msconectado.com.br\\\/?p=21917#primaryimage\"},\"image\":{\"@id\":\"https:\\\/\\\/msconectado.com.br\\\/?p=21917#primaryimage\"},\"thumbnailUrl\":\"https:\\\/\\\/msconectado.com.br\\\/wp-content\\\/uploads\\\/2024\\\/04\\\/image-38.png\",\"datePublished\":\"2024-04-18T13:28:00+00:00\",\"dateModified\":\"2024-04-18T13:28:03+00:00\",\"breadcrumb\":{\"@id\":\"https:\\\/\\\/msconectado.com.br\\\/?p=21917#breadcrumb\"},\"inLanguage\":\"pt-BR\",\"potentialAction\":[{\"@type\":\"ReadAction\",\"target\":[\"https:\\\/\\\/msconectado.com.br\\\/?p=21917\"]}]},{\"@type\":\"ImageObject\",\"inLanguage\":\"pt-BR\",\"@id\":\"https:\\\/\\\/msconectado.com.br\\\/?p=21917#primaryimage\",\"url\":\"https:\\\/\\\/msconectado.com.br\\\/wp-content\\\/uploads\\\/2024\\\/04\\\/image-38.png\",\"contentUrl\":\"https:\\\/\\\/msconectado.com.br\\\/wp-content\\\/uploads\\\/2024\\\/04\\\/image-38.png\",\"width\":1440,\"height\":960},{\"@type\":\"BreadcrumbList\",\"@id\":\"https:\\\/\\\/msconectado.com.br\\\/?p=21917#breadcrumb\",\"itemListElement\":[{\"@type\":\"ListItem\",\"position\":1,\"name\":\"In\u00edcio\",\"item\":\"https:\\\/\\\/msconectado.com.br\\\/?page_id=105\"},{\"@type\":\"ListItem\",\"position\":2,\"name\":\"&#8220;2\u00aa Semana da Educa\u00e7\u00e3o Especial&#8221; brilha na Escola C\u00edvico-Militar Major Alberto Rodrigues da Costa em Jardim.\"}]},{\"@type\":\"WebSite\",\"@id\":\"https:\\\/\\\/msconectado.com.br\\\/#website\",\"url\":\"https:\\\/\\\/msconectado.com.br\\\/\",\"name\":\"MsConectado\",\"description\":\"Voc\u00ea Conectado com a Not\u00edcia!\",\"publisher\":{\"@id\":\"https:\\\/\\\/msconectado.com.br\\\/#organization\"},\"potentialAction\":[{\"@type\":\"SearchAction\",\"target\":{\"@type\":\"EntryPoint\",\"urlTemplate\":\"https:\\\/\\\/msconectado.com.br\\\/?s={search_term_string}\"},\"query-input\":{\"@type\":\"PropertyValueSpecification\",\"valueRequired\":true,\"valueName\":\"search_term_string\"}}],\"inLanguage\":\"pt-BR\"},{\"@type\":\"Organization\",\"@id\":\"https:\\\/\\\/msconectado.com.br\\\/#organization\",\"name\":\"MsConectado\",\"url\":\"https:\\\/\\\/msconectado.com.br\\\/\",\"logo\":{\"@type\":\"ImageObject\",\"inLanguage\":\"pt-BR\",\"@id\":\"https:\\\/\\\/msconectado.com.br\\\/#\\\/schema\\\/logo\\\/image\\\/\",\"url\":\"https:\\\/\\\/msconectado.com.br\\\/wp-content\\\/uploads\\\/2023\\\/01\\\/cropped-noticia-2.png\",\"contentUrl\":\"https:\\\/\\\/msconectado.com.br\\\/wp-content\\\/uploads\\\/2023\\\/01\\\/cropped-noticia-2.png\",\"width\":720,\"height\":157,\"caption\":\"MsConectado\"},\"image\":{\"@id\":\"https:\\\/\\\/msconectado.com.br\\\/#\\\/schema\\\/logo\\\/image\\\/\"}},{\"@type\":\"Person\",\"@id\":\"https:\\\/\\\/msconectado.com.br\\\/#\\\/schema\\\/person\\\/e5585545b5687092f1041d350b6e2c16\",\"name\":\"MsConectado\",\"image\":{\"@type\":\"ImageObject\",\"inLanguage\":\"pt-BR\",\"@id\":\"https:\\\/\\\/secure.gravatar.com\\\/avatar\\\/3b4f84a0a8a4380ac4431fa79981d073692380c5da00ae97596e794ab0db5c8c?s=96&d=mm&r=g\",\"url\":\"https:\\\/\\\/secure.gravatar.com\\\/avatar\\\/3b4f84a0a8a4380ac4431fa79981d073692380c5da00ae97596e794ab0db5c8c?s=96&d=mm&r=g\",\"contentUrl\":\"https:\\\/\\\/secure.gravatar.com\\\/avatar\\\/3b4f84a0a8a4380ac4431fa79981d073692380c5da00ae97596e794ab0db5c8c?s=96&d=mm&r=g\",\"caption\":\"MsConectado\"},\"url\":\"https:\\\/\\\/msconectado.com.br\\\/?author=2\"}]}<\/script>\n<!-- \/ Yoast SEO plugin. -->","yoast_head_json":{"title":"\"2\u00aa Semana da Educa\u00e7\u00e3o Especial\" brilha na Escola C\u00edvico-Militar Major Alberto Rodrigues da Costa em Jardim. - MsConectado","robots":{"index":"index","follow":"follow","max-snippet":"max-snippet:-1","max-image-preview":"max-image-preview:large","max-video-preview":"max-video-preview:-1"},"canonical":"https:\/\/msconectado.com.br\/?p=21917","og_locale":"pt_BR","og_type":"article","og_title":"\"2\u00aa Semana da Educa\u00e7\u00e3o Especial\" brilha na Escola C\u00edvico-Militar Major Alberto Rodrigues da Costa em Jardim. - MsConectado","og_description":"A Secretaria Municipal de Educa\u00e7\u00e3o de Jardim est\u00e1 promovendo a t\u00e3o aguardada 2\u00aa Semana da Educa\u00e7\u00e3o Especial, um evento dedicado a promover a inclus\u00e3o e conscientiza\u00e7\u00e3o sobre as necessidades educacionais especiais. A escola escolhida para sediar este importante evento \u00e9 a Escola C\u00edvico-Militar Major Alberto Rodrigues da Costa, um espa\u00e7o que tem se destacado por [&hellip;]","og_url":"https:\/\/msconectado.com.br\/?p=21917","og_site_name":"MsConectado","article_published_time":"2024-04-18T13:28:00+00:00","article_modified_time":"2024-04-18T13:28:03+00:00","og_image":[{"width":1024,"height":683,"url":"https:\/\/msconectado.com.br\/wp-content\/uploads\/2024\/04\/image-38-1024x683.png","type":"image\/png"}],"author":"MsConectado","twitter_card":"summary_large_image","twitter_misc":{"Escrito por":"MsConectado","Est. tempo de leitura":"4 minutos"},"schema":{"@context":"https:\/\/schema.org","@graph":[{"@type":"Article","@id":"https:\/\/msconectado.com.br\/?p=21917#article","isPartOf":{"@id":"https:\/\/msconectado.com.br\/?p=21917"},"author":{"name":"MsConectado","@id":"https:\/\/msconectado.com.br\/#\/schema\/person\/e5585545b5687092f1041d350b6e2c16"},"headline":"&#8220;2\u00aa Semana da Educa\u00e7\u00e3o Especial&#8221; brilha na Escola C\u00edvico-Militar Major Alberto Rodrigues da Costa em Jardim.","datePublished":"2024-04-18T13:28:00+00:00","dateModified":"2024-04-18T13:28:03+00:00","mainEntityOfPage":{"@id":"https:\/\/msconectado.com.br\/?p=21917"},"wordCount":406,"commentCount":0,"publisher":{"@id":"https:\/\/msconectado.com.br\/#organization"},"image":{"@id":"https:\/\/msconectado.com.br\/?p=21917#primaryimage"},"thumbnailUrl":"https:\/\/msconectado.com.br\/wp-content\/uploads\/2024\/04\/image-38.png","articleSection":["Cidades","Not\u00edcia"],"inLanguage":"pt-BR","potentialAction":[{"@type":"CommentAction","name":"Comment","target":["https:\/\/msconectado.com.br\/?p=21917#respond"]}]},{"@type":"WebPage","@id":"https:\/\/msconectado.com.br\/?p=21917","url":"https:\/\/msconectado.com.br\/?p=21917","name":"\"2\u00aa Semana da Educa\u00e7\u00e3o Especial\" brilha na Escola C\u00edvico-Militar Major Alberto Rodrigues da Costa em Jardim. - MsConectado","isPartOf":{"@id":"https:\/\/msconectado.com.br\/#website"},"primaryImageOfPage":{"@id":"https:\/\/msconectado.com.br\/?p=21917#primaryimage"},"image":{"@id":"https:\/\/msconectado.com.br\/?p=21917#primaryimage"},"thumbnailUrl":"https:\/\/msconectado.com.br\/wp-content\/uploads\/2024\/04\/image-38.png","datePublished":"2024-04-18T13:28:00+00:00","dateModified":"2024-04-18T13:28:03+00:00","breadcrumb":{"@id":"https:\/\/msconectado.com.br\/?p=21917#breadcrumb"},"inLanguage":"pt-BR","potentialAction":[{"@type":"ReadAction","target":["https:\/\/msconectado.com.br\/?p=21917"]}]},{"@type":"ImageObject","inLanguage":"pt-BR","@id":"https:\/\/msconectado.com.br\/?p=21917#primaryimage","url":"https:\/\/msconectado.com.br\/wp-content\/uploads\/2024\/04\/image-38.png","contentUrl":"https:\/\/msconectado.com.br\/wp-content\/uploads\/2024\/04\/image-38.png","width":1440,"height":960},{"@type":"BreadcrumbList","@id":"https:\/\/msconectado.com.br\/?p=21917#breadcrumb","itemListElement":[{"@type":"ListItem","position":1,"name":"In\u00edcio","item":"https:\/\/msconectado.com.br\/?page_id=105"},{"@type":"ListItem","position":2,"name":"&#8220;2\u00aa Semana da Educa\u00e7\u00e3o Especial&#8221; brilha na Escola C\u00edvico-Militar Major Alberto Rodrigues da Costa em Jardim."}]},{"@type":"WebSite","@id":"https:\/\/msconectado.com.br\/#website","url":"https:\/\/msconectado.com.br\/","name":"MsConectado","description":"Voc\u00ea Conectado com a Not\u00edcia!","publisher":{"@id":"https:\/\/msconectado.com.br\/#organization"},"potentialAction":[{"@type":"SearchAction","target":{"@type":"EntryPoint","urlTemplate":"https:\/\/msconectado.com.br\/?s={search_term_string}"},"query-input":{"@type":"PropertyValueSpecification","valueRequired":true,"valueName":"search_term_string"}}],"inLanguage":"pt-BR"},{"@type":"Organization","@id":"https:\/\/msconectado.com.br\/#organization","name":"MsConectado","url":"https:\/\/msconectado.com.br\/","logo":{"@type":"ImageObject","inLanguage":"pt-BR","@id":"https:\/\/msconectado.com.br\/#\/schema\/logo\/image\/","url":"https:\/\/msconectado.com.br\/wp-content\/uploads\/2023\/01\/cropped-noticia-2.png","contentUrl":"https:\/\/msconectado.com.br\/wp-content\/uploads\/2023\/01\/cropped-noticia-2.png","width":720,"height":157,"caption":"MsConectado"},"image":{"@id":"https:\/\/msconectado.com.br\/#\/schema\/logo\/image\/"}},{"@type":"Person","@id":"https:\/\/msconectado.com.br\/#\/schema\/person\/e5585545b5687092f1041d350b6e2c16","name":"MsConectado","image":{"@type":"ImageObject","inLanguage":"pt-BR","@id":"https:\/\/secure.gravatar.com\/avatar\/3b4f84a0a8a4380ac4431fa79981d073692380c5da00ae97596e794ab0db5c8c?s=96&d=mm&r=g","url":"https:\/\/secure.gravatar.com\/avatar\/3b4f84a0a8a4380ac4431fa79981d073692380c5da00ae97596e794ab0db5c8c?s=96&d=mm&r=g","contentUrl":"https:\/\/secure.gravatar.com\/avatar\/3b4f84a0a8a4380ac4431fa79981d073692380c5da00ae97596e794ab0db5c8c?s=96&d=mm&r=g","caption":"MsConectado"},"url":"https:\/\/msconectado.com.br\/?author=2"}]}},"_links":{"self":[{"href":"https:\/\/msconectado.com.br\/index.php?rest_route=\/wp\/v2\/posts\/21917","targetHints":{"allow":["GET"]}}],"collection":[{"href":"https:\/\/msconectado.com.br\/index.php?rest_route=\/wp\/v2\/posts"}],"about":[{"href":"https:\/\/msconectado.com.br\/index.php?rest_route=\/wp\/v2\/types\/post"}],"author":[{"embeddable":true,"href":"https:\/\/msconectado.com.br\/index.php?rest_route=\/wp\/v2\/users\/2"}],"replies":[{"embeddable":true,"href":"https:\/\/msconectado.com.br\/index.php?rest_route=%2Fwp%2Fv2%2Fcomments&post=21917"}],"version-history":[{"count":1,"href":"https:\/\/msconectado.com.br\/index.php?rest_route=\/wp\/v2\/posts\/21917\/revisions"}],"predecessor-version":[{"id":21927,"href":"https:\/\/msconectado.com.br\/index.php?rest_route=\/wp\/v2\/posts\/21917\/revisions\/21927"}],"wp:featuredmedia":[{"embeddable":true,"href":"https:\/\/msconectado.com.br\/index.php?rest_route=\/wp\/v2\/media\/21922"}],"wp:attachment":[{"href":"https:\/\/msconectado.com.br\/index.php?rest_route=%2Fwp%2Fv2%2Fmedia&parent=21917"}],"wp:term":[{"taxonomy":"category","embeddable":true,"href":"https:\/\/msconectado.com.br\/index.php?rest_route=%2Fwp%2Fv2%2Fcategories&post=21917"},{"taxonomy":"post_tag","embeddable":true,"href":"https:\/\/msconectado.com.br\/index.php?rest_route=%2Fwp%2Fv2%2Ftags&post=21917"}],"curies":[{"name":"wp","href":"https:\/\/api.w.org\/{rel}","templated":true}]}}