
{"id":21939,"date":"2024-04-19T11:38:28","date_gmt":"2024-04-19T11:38:28","guid":{"rendered":"https:\/\/msconectado.com.br\/?p=21939"},"modified":"2024-04-19T11:38:30","modified_gmt":"2024-04-19T11:38:30","slug":"vereador-gringo-e-comunidade-indigena-de-sidrolandia-celebram-conquista-de-centro-comunitario-na-aldeia-corrego-do-meio","status":"publish","type":"post","link":"https:\/\/msconectado.com.br\/?p=21939","title":{"rendered":"Vereador Gringo e comunidade ind\u00edgena de Sidrol\u00e2ndia celebram conquista de centro comunit\u00e1rio na &#8220;Aldeia C\u00f3rrego do Meio&#8221;"},"content":{"rendered":"<div class=\"wp-block-image\">\n<figure class=\"aligncenter size-full\"><img fetchpriority=\"high\" decoding=\"async\" width=\"900\" height=\"100\" src=\"https:\/\/msconectado.com.br\/wp-content\/uploads\/2024\/03\/Planos_que_atendem_todos_os_gostos.png\" alt=\"\" class=\"wp-image-21399\" srcset=\"https:\/\/msconectado.com.br\/wp-content\/uploads\/2024\/03\/Planos_que_atendem_todos_os_gostos.png 900w, https:\/\/msconectado.com.br\/wp-content\/uploads\/2024\/03\/Planos_que_atendem_todos_os_gostos-300x33.png 300w, https:\/\/msconectado.com.br\/wp-content\/uploads\/2024\/03\/Planos_que_atendem_todos_os_gostos-768x85.png 768w\" sizes=\"(max-width: 900px) 100vw, 900px\" \/><\/figure>\n<\/div>\n\n\n<p>Enquanto o Brasil celebra o Dia do \u00cdndio, a comunidade de Sidrol\u00e2ndia tem ainda mais motivos para comemorar. O vereador Gringo, reconhecido como uma lideran\u00e7a ind\u00edgena em sua regi\u00e3o, se une \u00e0 comunidade para celebrar a conquista de um barrac\u00e3o que em breve se transformar\u00e1 em um centro comunit\u00e1rio vital na Aldeia C\u00f3rrego do Meio. Essa realiza\u00e7\u00e3o \u00e9 fruto de uma parceria exemplar entre a prefeita Vanda Camilo, C\u00e2mara Municipal atrav\u00e9s da emenda impositiva do vereador Gringo,  Funda\u00e7\u00e3o Municipal Ind\u00edgena e o Cacique Daniel.<\/p>\n\n\n<div class=\"wp-block-image\">\n<figure class=\"aligncenter size-large\"><img decoding=\"async\" width=\"1024\" height=\"768\" src=\"https:\/\/msconectado.com.br\/wp-content\/uploads\/2024\/04\/image-45-1024x768.png\" alt=\"\" class=\"wp-image-21944\" srcset=\"https:\/\/msconectado.com.br\/wp-content\/uploads\/2024\/04\/image-45-1024x768.png 1024w, https:\/\/msconectado.com.br\/wp-content\/uploads\/2024\/04\/image-45-300x225.png 300w, https:\/\/msconectado.com.br\/wp-content\/uploads\/2024\/04\/image-45-768x576.png 768w, https:\/\/msconectado.com.br\/wp-content\/uploads\/2024\/04\/image-45-1536x1152.png 1536w, https:\/\/msconectado.com.br\/wp-content\/uploads\/2024\/04\/image-45.png 1600w\" sizes=\"(max-width: 1024px) 100vw, 1024px\" \/><\/figure>\n<\/div>\n\n\n<p>A aquisi\u00e7\u00e3o desse espa\u00e7o representa n\u00e3o apenas a conquista de um local f\u00edsico, mas tamb\u00e9m o fortalecimento da identidade e da uni\u00e3o da comunidade ind\u00edgena. O centro comunit\u00e1rio se tornar\u00e1 um ponto de encontro e de realiza\u00e7\u00e3o de atividades culturais, educacionais e sociais, promovendo o bem-estar e o desenvolvimento integral dos moradores da Aldeia C\u00f3rrego do Meio.<\/p>\n\n\n<div class=\"wp-block-image\">\n<figure class=\"aligncenter size-large\"><img decoding=\"async\" width=\"1024\" height=\"768\" src=\"https:\/\/msconectado.com.br\/wp-content\/uploads\/2024\/04\/image-43-1024x768.png\" alt=\"\" class=\"wp-image-21942\" srcset=\"https:\/\/msconectado.com.br\/wp-content\/uploads\/2024\/04\/image-43-1024x768.png 1024w, https:\/\/msconectado.com.br\/wp-content\/uploads\/2024\/04\/image-43-300x225.png 300w, https:\/\/msconectado.com.br\/wp-content\/uploads\/2024\/04\/image-43-768x576.png 768w, https:\/\/msconectado.com.br\/wp-content\/uploads\/2024\/04\/image-43-1536x1152.png 1536w, https:\/\/msconectado.com.br\/wp-content\/uploads\/2024\/04\/image-43.png 1600w\" sizes=\"(max-width: 1024px) 100vw, 1024px\" \/><\/figure>\n<\/div>\n\n\n<p>A iniciativa \u00e9 um exemplo inspirador de como a colabora\u00e7\u00e3o entre diferentes esferas da administra\u00e7\u00e3o p\u00fablica e lideran\u00e7as comunit\u00e1rias pode resultar em benef\u00edcios tang\u00edveis para a popula\u00e7\u00e3o. O vereador Gringo, com seu compromisso e dedica\u00e7\u00e3o \u00e0 causa ind\u00edgena, desempenhou um papel fundamental nesse processo, atuando como um elo entre a comunidade e as institui\u00e7\u00f5es governamentais.<\/p>\n\n\n\n<p>A prefeita Vanda Camilo, por sua vez, demonstra mais uma vez seu comprometimento com a promo\u00e7\u00e3o da inclus\u00e3o e do desenvolvimento sustent\u00e1vel em Sidrol\u00e2ndia, apoiando iniciativas que valorizam e respeitam a cultura e os direitos dos povos ind\u00edgenas.<\/p>\n\n\n<div class=\"wp-block-image\">\n<figure class=\"aligncenter size-large\"><img loading=\"lazy\" decoding=\"async\" width=\"819\" height=\"1024\" src=\"https:\/\/msconectado.com.br\/wp-content\/uploads\/2024\/04\/347419616_969939537771789_8515423409235124483_n-819x1024.jpg\" alt=\"\" class=\"wp-image-21941\" srcset=\"https:\/\/msconectado.com.br\/wp-content\/uploads\/2024\/04\/347419616_969939537771789_8515423409235124483_n-819x1024.jpg 819w, https:\/\/msconectado.com.br\/wp-content\/uploads\/2024\/04\/347419616_969939537771789_8515423409235124483_n-240x300.jpg 240w, https:\/\/msconectado.com.br\/wp-content\/uploads\/2024\/04\/347419616_969939537771789_8515423409235124483_n-768x960.jpg 768w, https:\/\/msconectado.com.br\/wp-content\/uploads\/2024\/04\/347419616_969939537771789_8515423409235124483_n.jpg 1080w\" sizes=\"(max-width: 819px) 100vw, 819px\" \/><\/figure>\n<\/div>\n\n\n<p>\u00c0 medida que o centro comunit\u00e1rio come\u00e7a a ser instalado, a comunidade ind\u00edgena aguarda com expectativa a oportunidade de utilizar esse espa\u00e7o para fortalecer ainda mais seus la\u00e7os, preservar sua cultura e promover o bem-estar de seus membros.<\/p>\n\n\n\n<p>Neste Dia do \u00cdndio, a conquista do centro comunit\u00e1rio na Aldeia C\u00f3rrego do Meio \u00e9 motivo de celebra\u00e7\u00e3o n\u00e3o apenas para os ind\u00edgenas de Sidrol\u00e2ndia, mas para todos aqueles que valorizam a diversidade cultural e reconhecem a import\u00e2ncia de garantir espa\u00e7os e oportunidades para que todas as comunidades possam prosperar.<\/p>\n\n\n\n<p><\/p>\n\n\n\n<p>Reda\u00e7\u00e3o<\/p>\n\n\n<div class=\"wp-block-image\">\n<figure class=\"aligncenter size-full\"><img loading=\"lazy\" decoding=\"async\" width=\"900\" height=\"100\" src=\"https:\/\/msconectado.com.br\/wp-content\/uploads\/2024\/04\/ezgif.com-animated-gif-maker-1.gif\" alt=\"\" class=\"wp-image-21936\"\/><\/figure>\n<\/div>\n\n<div class=\"wp-block-image\">\n<figure class=\"aligncenter size-full\"><img loading=\"lazy\" decoding=\"async\" width=\"900\" height=\"100\" src=\"https:\/\/msconectado.com.br\/wp-content\/uploads\/2024\/04\/900X100-PRIMEIRO.png\" alt=\"\" class=\"wp-image-21848\" srcset=\"https:\/\/msconectado.com.br\/wp-content\/uploads\/2024\/04\/900X100-PRIMEIRO.png 900w, https:\/\/msconectado.com.br\/wp-content\/uploads\/2024\/04\/900X100-PRIMEIRO-300x33.png 300w, https:\/\/msconectado.com.br\/wp-content\/uploads\/2024\/04\/900X100-PRIMEIRO-768x85.png 768w\" sizes=\"(max-width: 900px) 100vw, 900px\" \/><\/figure>\n<\/div>","protected":false},"excerpt":{"rendered":"<p>Enquanto o Brasil celebra o Dia do \u00cdndio, a comunidade de Sidrol\u00e2ndia tem ainda mais motivos para comemorar. O vereador Gringo, reconhecido como uma lideran\u00e7a ind\u00edgena em sua regi\u00e3o, se une \u00e0 comunidade para celebrar a conquista de um barrac\u00e3o que em breve se transformar\u00e1 em um centro comunit\u00e1rio vital na Aldeia C\u00f3rrego do Meio. [&hellip;]<\/p>\n","protected":false},"author":2,"featured_media":21945,"comment_status":"open","ping_status":"closed","sticky":false,"template":"","format":"standard","meta":{"footnotes":""},"categories":[35,1],"tags":[],"class_list":["post-21939","post","type-post","status-publish","format-standard","has-post-thumbnail","hentry","category-cidades","category-noticia"],"yoast_head":"<!-- This site is optimized with the Yoast SEO plugin v27.5 - https:\/\/yoast.com\/product\/yoast-seo-wordpress\/ -->\n<title>Vereador Gringo e comunidade ind\u00edgena de Sidrol\u00e2ndia celebram conquista de centro comunit\u00e1rio na &quot;Aldeia C\u00f3rrego do Meio&quot; - MsConectado<\/title>\n<meta name=\"robots\" content=\"index, follow, max-snippet:-1, max-image-preview:large, max-video-preview:-1\" \/>\n<link rel=\"canonical\" href=\"https:\/\/msconectado.com.br\/?p=21939\" \/>\n<meta property=\"og:locale\" content=\"pt_BR\" \/>\n<meta property=\"og:type\" content=\"article\" \/>\n<meta property=\"og:title\" content=\"Vereador Gringo e comunidade ind\u00edgena de Sidrol\u00e2ndia celebram conquista de centro comunit\u00e1rio na &quot;Aldeia C\u00f3rrego do Meio&quot; - MsConectado\" \/>\n<meta property=\"og:description\" content=\"Enquanto o Brasil celebra o Dia do \u00cdndio, a comunidade de Sidrol\u00e2ndia tem ainda mais motivos para comemorar. O vereador Gringo, reconhecido como uma lideran\u00e7a ind\u00edgena em sua regi\u00e3o, se une \u00e0 comunidade para celebrar a conquista de um barrac\u00e3o que em breve se transformar\u00e1 em um centro comunit\u00e1rio vital na Aldeia C\u00f3rrego do Meio. [&hellip;]\" \/>\n<meta property=\"og:url\" content=\"https:\/\/msconectado.com.br\/?p=21939\" \/>\n<meta property=\"og:site_name\" content=\"MsConectado\" \/>\n<meta property=\"article:published_time\" content=\"2024-04-19T11:38:28+00:00\" \/>\n<meta property=\"article:modified_time\" content=\"2024-04-19T11:38:30+00:00\" \/>\n<meta property=\"og:image\" content=\"https:\/\/msconectado.com.br\/wp-content\/uploads\/2024\/04\/e7239fc5-cd92-4687-badf-05e5421ff4f8.jpg\" \/>\n\t<meta property=\"og:image:width\" content=\"1600\" \/>\n\t<meta property=\"og:image:height\" content=\"1066\" \/>\n\t<meta property=\"og:image:type\" content=\"image\/jpeg\" \/>\n<meta name=\"author\" content=\"MsConectado\" \/>\n<meta name=\"twitter:card\" content=\"summary_large_image\" \/>\n<meta name=\"twitter:label1\" content=\"Escrito por\" \/>\n\t<meta name=\"twitter:data1\" content=\"MsConectado\" \/>\n\t<meta name=\"twitter:label2\" content=\"Est. tempo de leitura\" \/>\n\t<meta name=\"twitter:data2\" content=\"4 minutos\" \/>\n<script type=\"application\/ld+json\" class=\"yoast-schema-graph\">{\"@context\":\"https:\\\/\\\/schema.org\",\"@graph\":[{\"@type\":\"Article\",\"@id\":\"https:\\\/\\\/msconectado.com.br\\\/?p=21939#article\",\"isPartOf\":{\"@id\":\"https:\\\/\\\/msconectado.com.br\\\/?p=21939\"},\"author\":{\"name\":\"MsConectado\",\"@id\":\"https:\\\/\\\/msconectado.com.br\\\/#\\\/schema\\\/person\\\/e5585545b5687092f1041d350b6e2c16\"},\"headline\":\"Vereador Gringo e comunidade ind\u00edgena de Sidrol\u00e2ndia celebram conquista de centro comunit\u00e1rio na &#8220;Aldeia C\u00f3rrego do Meio&#8221;\",\"datePublished\":\"2024-04-19T11:38:28+00:00\",\"dateModified\":\"2024-04-19T11:38:30+00:00\",\"mainEntityOfPage\":{\"@id\":\"https:\\\/\\\/msconectado.com.br\\\/?p=21939\"},\"wordCount\":390,\"commentCount\":0,\"publisher\":{\"@id\":\"https:\\\/\\\/msconectado.com.br\\\/#organization\"},\"image\":{\"@id\":\"https:\\\/\\\/msconectado.com.br\\\/?p=21939#primaryimage\"},\"thumbnailUrl\":\"https:\\\/\\\/msconectado.com.br\\\/wp-content\\\/uploads\\\/2024\\\/04\\\/e7239fc5-cd92-4687-badf-05e5421ff4f8.jpg\",\"articleSection\":[\"Cidades\",\"Not\u00edcia\"],\"inLanguage\":\"pt-BR\",\"potentialAction\":[{\"@type\":\"CommentAction\",\"name\":\"Comment\",\"target\":[\"https:\\\/\\\/msconectado.com.br\\\/?p=21939#respond\"]}]},{\"@type\":\"WebPage\",\"@id\":\"https:\\\/\\\/msconectado.com.br\\\/?p=21939\",\"url\":\"https:\\\/\\\/msconectado.com.br\\\/?p=21939\",\"name\":\"Vereador Gringo e comunidade ind\u00edgena de Sidrol\u00e2ndia celebram conquista de centro comunit\u00e1rio na \\\"Aldeia C\u00f3rrego do Meio\\\" - MsConectado\",\"isPartOf\":{\"@id\":\"https:\\\/\\\/msconectado.com.br\\\/#website\"},\"primaryImageOfPage\":{\"@id\":\"https:\\\/\\\/msconectado.com.br\\\/?p=21939#primaryimage\"},\"image\":{\"@id\":\"https:\\\/\\\/msconectado.com.br\\\/?p=21939#primaryimage\"},\"thumbnailUrl\":\"https:\\\/\\\/msconectado.com.br\\\/wp-content\\\/uploads\\\/2024\\\/04\\\/e7239fc5-cd92-4687-badf-05e5421ff4f8.jpg\",\"datePublished\":\"2024-04-19T11:38:28+00:00\",\"dateModified\":\"2024-04-19T11:38:30+00:00\",\"breadcrumb\":{\"@id\":\"https:\\\/\\\/msconectado.com.br\\\/?p=21939#breadcrumb\"},\"inLanguage\":\"pt-BR\",\"potentialAction\":[{\"@type\":\"ReadAction\",\"target\":[\"https:\\\/\\\/msconectado.com.br\\\/?p=21939\"]}]},{\"@type\":\"ImageObject\",\"inLanguage\":\"pt-BR\",\"@id\":\"https:\\\/\\\/msconectado.com.br\\\/?p=21939#primaryimage\",\"url\":\"https:\\\/\\\/msconectado.com.br\\\/wp-content\\\/uploads\\\/2024\\\/04\\\/e7239fc5-cd92-4687-badf-05e5421ff4f8.jpg\",\"contentUrl\":\"https:\\\/\\\/msconectado.com.br\\\/wp-content\\\/uploads\\\/2024\\\/04\\\/e7239fc5-cd92-4687-badf-05e5421ff4f8.jpg\",\"width\":1600,\"height\":1066},{\"@type\":\"BreadcrumbList\",\"@id\":\"https:\\\/\\\/msconectado.com.br\\\/?p=21939#breadcrumb\",\"itemListElement\":[{\"@type\":\"ListItem\",\"position\":1,\"name\":\"In\u00edcio\",\"item\":\"https:\\\/\\\/msconectado.com.br\\\/?page_id=105\"},{\"@type\":\"ListItem\",\"position\":2,\"name\":\"Vereador Gringo e comunidade ind\u00edgena de Sidrol\u00e2ndia celebram conquista de centro comunit\u00e1rio na &#8220;Aldeia C\u00f3rrego do Meio&#8221;\"}]},{\"@type\":\"WebSite\",\"@id\":\"https:\\\/\\\/msconectado.com.br\\\/#website\",\"url\":\"https:\\\/\\\/msconectado.com.br\\\/\",\"name\":\"MsConectado\",\"description\":\"Voc\u00ea Conectado com a Not\u00edcia!\",\"publisher\":{\"@id\":\"https:\\\/\\\/msconectado.com.br\\\/#organization\"},\"potentialAction\":[{\"@type\":\"SearchAction\",\"target\":{\"@type\":\"EntryPoint\",\"urlTemplate\":\"https:\\\/\\\/msconectado.com.br\\\/?s={search_term_string}\"},\"query-input\":{\"@type\":\"PropertyValueSpecification\",\"valueRequired\":true,\"valueName\":\"search_term_string\"}}],\"inLanguage\":\"pt-BR\"},{\"@type\":\"Organization\",\"@id\":\"https:\\\/\\\/msconectado.com.br\\\/#organization\",\"name\":\"MsConectado\",\"url\":\"https:\\\/\\\/msconectado.com.br\\\/\",\"logo\":{\"@type\":\"ImageObject\",\"inLanguage\":\"pt-BR\",\"@id\":\"https:\\\/\\\/msconectado.com.br\\\/#\\\/schema\\\/logo\\\/image\\\/\",\"url\":\"https:\\\/\\\/msconectado.com.br\\\/wp-content\\\/uploads\\\/2023\\\/01\\\/cropped-noticia-2.png\",\"contentUrl\":\"https:\\\/\\\/msconectado.com.br\\\/wp-content\\\/uploads\\\/2023\\\/01\\\/cropped-noticia-2.png\",\"width\":720,\"height\":157,\"caption\":\"MsConectado\"},\"image\":{\"@id\":\"https:\\\/\\\/msconectado.com.br\\\/#\\\/schema\\\/logo\\\/image\\\/\"}},{\"@type\":\"Person\",\"@id\":\"https:\\\/\\\/msconectado.com.br\\\/#\\\/schema\\\/person\\\/e5585545b5687092f1041d350b6e2c16\",\"name\":\"MsConectado\",\"image\":{\"@type\":\"ImageObject\",\"inLanguage\":\"pt-BR\",\"@id\":\"https:\\\/\\\/secure.gravatar.com\\\/avatar\\\/3b4f84a0a8a4380ac4431fa79981d073692380c5da00ae97596e794ab0db5c8c?s=96&d=mm&r=g\",\"url\":\"https:\\\/\\\/secure.gravatar.com\\\/avatar\\\/3b4f84a0a8a4380ac4431fa79981d073692380c5da00ae97596e794ab0db5c8c?s=96&d=mm&r=g\",\"contentUrl\":\"https:\\\/\\\/secure.gravatar.com\\\/avatar\\\/3b4f84a0a8a4380ac4431fa79981d073692380c5da00ae97596e794ab0db5c8c?s=96&d=mm&r=g\",\"caption\":\"MsConectado\"},\"url\":\"https:\\\/\\\/msconectado.com.br\\\/?author=2\"}]}<\/script>\n<!-- \/ Yoast SEO plugin. -->","yoast_head_json":{"title":"Vereador Gringo e comunidade ind\u00edgena de Sidrol\u00e2ndia celebram conquista de centro comunit\u00e1rio na \"Aldeia C\u00f3rrego do Meio\" - MsConectado","robots":{"index":"index","follow":"follow","max-snippet":"max-snippet:-1","max-image-preview":"max-image-preview:large","max-video-preview":"max-video-preview:-1"},"canonical":"https:\/\/msconectado.com.br\/?p=21939","og_locale":"pt_BR","og_type":"article","og_title":"Vereador Gringo e comunidade ind\u00edgena de Sidrol\u00e2ndia celebram conquista de centro comunit\u00e1rio na \"Aldeia C\u00f3rrego do Meio\" - MsConectado","og_description":"Enquanto o Brasil celebra o Dia do \u00cdndio, a comunidade de Sidrol\u00e2ndia tem ainda mais motivos para comemorar. O vereador Gringo, reconhecido como uma lideran\u00e7a ind\u00edgena em sua regi\u00e3o, se une \u00e0 comunidade para celebrar a conquista de um barrac\u00e3o que em breve se transformar\u00e1 em um centro comunit\u00e1rio vital na Aldeia C\u00f3rrego do Meio. [&hellip;]","og_url":"https:\/\/msconectado.com.br\/?p=21939","og_site_name":"MsConectado","article_published_time":"2024-04-19T11:38:28+00:00","article_modified_time":"2024-04-19T11:38:30+00:00","og_image":[{"width":1600,"height":1066,"url":"https:\/\/msconectado.com.br\/wp-content\/uploads\/2024\/04\/e7239fc5-cd92-4687-badf-05e5421ff4f8.jpg","type":"image\/jpeg"}],"author":"MsConectado","twitter_card":"summary_large_image","twitter_misc":{"Escrito por":"MsConectado","Est. tempo de leitura":"4 minutos"},"schema":{"@context":"https:\/\/schema.org","@graph":[{"@type":"Article","@id":"https:\/\/msconectado.com.br\/?p=21939#article","isPartOf":{"@id":"https:\/\/msconectado.com.br\/?p=21939"},"author":{"name":"MsConectado","@id":"https:\/\/msconectado.com.br\/#\/schema\/person\/e5585545b5687092f1041d350b6e2c16"},"headline":"Vereador Gringo e comunidade ind\u00edgena de Sidrol\u00e2ndia celebram conquista de centro comunit\u00e1rio na &#8220;Aldeia C\u00f3rrego do Meio&#8221;","datePublished":"2024-04-19T11:38:28+00:00","dateModified":"2024-04-19T11:38:30+00:00","mainEntityOfPage":{"@id":"https:\/\/msconectado.com.br\/?p=21939"},"wordCount":390,"commentCount":0,"publisher":{"@id":"https:\/\/msconectado.com.br\/#organization"},"image":{"@id":"https:\/\/msconectado.com.br\/?p=21939#primaryimage"},"thumbnailUrl":"https:\/\/msconectado.com.br\/wp-content\/uploads\/2024\/04\/e7239fc5-cd92-4687-badf-05e5421ff4f8.jpg","articleSection":["Cidades","Not\u00edcia"],"inLanguage":"pt-BR","potentialAction":[{"@type":"CommentAction","name":"Comment","target":["https:\/\/msconectado.com.br\/?p=21939#respond"]}]},{"@type":"WebPage","@id":"https:\/\/msconectado.com.br\/?p=21939","url":"https:\/\/msconectado.com.br\/?p=21939","name":"Vereador Gringo e comunidade ind\u00edgena de Sidrol\u00e2ndia celebram conquista de centro comunit\u00e1rio na \"Aldeia C\u00f3rrego do Meio\" - MsConectado","isPartOf":{"@id":"https:\/\/msconectado.com.br\/#website"},"primaryImageOfPage":{"@id":"https:\/\/msconectado.com.br\/?p=21939#primaryimage"},"image":{"@id":"https:\/\/msconectado.com.br\/?p=21939#primaryimage"},"thumbnailUrl":"https:\/\/msconectado.com.br\/wp-content\/uploads\/2024\/04\/e7239fc5-cd92-4687-badf-05e5421ff4f8.jpg","datePublished":"2024-04-19T11:38:28+00:00","dateModified":"2024-04-19T11:38:30+00:00","breadcrumb":{"@id":"https:\/\/msconectado.com.br\/?p=21939#breadcrumb"},"inLanguage":"pt-BR","potentialAction":[{"@type":"ReadAction","target":["https:\/\/msconectado.com.br\/?p=21939"]}]},{"@type":"ImageObject","inLanguage":"pt-BR","@id":"https:\/\/msconectado.com.br\/?p=21939#primaryimage","url":"https:\/\/msconectado.com.br\/wp-content\/uploads\/2024\/04\/e7239fc5-cd92-4687-badf-05e5421ff4f8.jpg","contentUrl":"https:\/\/msconectado.com.br\/wp-content\/uploads\/2024\/04\/e7239fc5-cd92-4687-badf-05e5421ff4f8.jpg","width":1600,"height":1066},{"@type":"BreadcrumbList","@id":"https:\/\/msconectado.com.br\/?p=21939#breadcrumb","itemListElement":[{"@type":"ListItem","position":1,"name":"In\u00edcio","item":"https:\/\/msconectado.com.br\/?page_id=105"},{"@type":"ListItem","position":2,"name":"Vereador Gringo e comunidade ind\u00edgena de Sidrol\u00e2ndia celebram conquista de centro comunit\u00e1rio na &#8220;Aldeia C\u00f3rrego do Meio&#8221;"}]},{"@type":"WebSite","@id":"https:\/\/msconectado.com.br\/#website","url":"https:\/\/msconectado.com.br\/","name":"MsConectado","description":"Voc\u00ea Conectado com a Not\u00edcia!","publisher":{"@id":"https:\/\/msconectado.com.br\/#organization"},"potentialAction":[{"@type":"SearchAction","target":{"@type":"EntryPoint","urlTemplate":"https:\/\/msconectado.com.br\/?s={search_term_string}"},"query-input":{"@type":"PropertyValueSpecification","valueRequired":true,"valueName":"search_term_string"}}],"inLanguage":"pt-BR"},{"@type":"Organization","@id":"https:\/\/msconectado.com.br\/#organization","name":"MsConectado","url":"https:\/\/msconectado.com.br\/","logo":{"@type":"ImageObject","inLanguage":"pt-BR","@id":"https:\/\/msconectado.com.br\/#\/schema\/logo\/image\/","url":"https:\/\/msconectado.com.br\/wp-content\/uploads\/2023\/01\/cropped-noticia-2.png","contentUrl":"https:\/\/msconectado.com.br\/wp-content\/uploads\/2023\/01\/cropped-noticia-2.png","width":720,"height":157,"caption":"MsConectado"},"image":{"@id":"https:\/\/msconectado.com.br\/#\/schema\/logo\/image\/"}},{"@type":"Person","@id":"https:\/\/msconectado.com.br\/#\/schema\/person\/e5585545b5687092f1041d350b6e2c16","name":"MsConectado","image":{"@type":"ImageObject","inLanguage":"pt-BR","@id":"https:\/\/secure.gravatar.com\/avatar\/3b4f84a0a8a4380ac4431fa79981d073692380c5da00ae97596e794ab0db5c8c?s=96&d=mm&r=g","url":"https:\/\/secure.gravatar.com\/avatar\/3b4f84a0a8a4380ac4431fa79981d073692380c5da00ae97596e794ab0db5c8c?s=96&d=mm&r=g","contentUrl":"https:\/\/secure.gravatar.com\/avatar\/3b4f84a0a8a4380ac4431fa79981d073692380c5da00ae97596e794ab0db5c8c?s=96&d=mm&r=g","caption":"MsConectado"},"url":"https:\/\/msconectado.com.br\/?author=2"}]}},"_links":{"self":[{"href":"https:\/\/msconectado.com.br\/index.php?rest_route=\/wp\/v2\/posts\/21939","targetHints":{"allow":["GET"]}}],"collection":[{"href":"https:\/\/msconectado.com.br\/index.php?rest_route=\/wp\/v2\/posts"}],"about":[{"href":"https:\/\/msconectado.com.br\/index.php?rest_route=\/wp\/v2\/types\/post"}],"author":[{"embeddable":true,"href":"https:\/\/msconectado.com.br\/index.php?rest_route=\/wp\/v2\/users\/2"}],"replies":[{"embeddable":true,"href":"https:\/\/msconectado.com.br\/index.php?rest_route=%2Fwp%2Fv2%2Fcomments&post=21939"}],"version-history":[{"count":1,"href":"https:\/\/msconectado.com.br\/index.php?rest_route=\/wp\/v2\/posts\/21939\/revisions"}],"predecessor-version":[{"id":21946,"href":"https:\/\/msconectado.com.br\/index.php?rest_route=\/wp\/v2\/posts\/21939\/revisions\/21946"}],"wp:featuredmedia":[{"embeddable":true,"href":"https:\/\/msconectado.com.br\/index.php?rest_route=\/wp\/v2\/media\/21945"}],"wp:attachment":[{"href":"https:\/\/msconectado.com.br\/index.php?rest_route=%2Fwp%2Fv2%2Fmedia&parent=21939"}],"wp:term":[{"taxonomy":"category","embeddable":true,"href":"https:\/\/msconectado.com.br\/index.php?rest_route=%2Fwp%2Fv2%2Fcategories&post=21939"},{"taxonomy":"post_tag","embeddable":true,"href":"https:\/\/msconectado.com.br\/index.php?rest_route=%2Fwp%2Fv2%2Ftags&post=21939"}],"curies":[{"name":"wp","href":"https:\/\/api.w.org\/{rel}","templated":true}]}}