
{"id":21947,"date":"2024-04-20T13:16:39","date_gmt":"2024-04-20T13:16:39","guid":{"rendered":"https:\/\/msconectado.com.br\/?p=21947"},"modified":"2024-04-20T13:16:41","modified_gmt":"2024-04-20T13:16:41","slug":"presidente-da-camara-municipal-de-jardim-vereador-glaucio-cabreira-prestigia-evento-militar-ao-lado-da-prefeita-clediane","status":"publish","type":"post","link":"https:\/\/msconectado.com.br\/?p=21947","title":{"rendered":"Presidente da C\u00e2mara Municipal de Jardim, vereador Glaucio Cabreira, prestigia evento militar ao lado da prefeita Clediane."},"content":{"rendered":"\n<p>Na manh\u00e3 da \u00faltima sexta-feira (19), o presidente da C\u00e2mara Municipal de Jardim, vereador Glaucio Cabreira, marcou presen\u00e7a em um evento de grande relev\u00e2ncia para a comunidade local. Ao lado da prefeita Clediane, ele participou da solenidade militar em celebra\u00e7\u00e3o ao Dia do Ex\u00e9rcito, realizada na 4\u00aa Companhia de Engenharia de Combate Mecanizada de Jardim.<\/p>\n\n\n\n<p>O evento n\u00e3o apenas comemorou a data significativa, mas tamb\u00e9m foi marcado pela entrega das Boinas Pretas aos novos soldados, simbolizando sua integra\u00e7\u00e3o na unidade, e pela Diploma\u00e7\u00e3o dos Amigos da Companhia, reconhecendo aqueles que t\u00eam contribu\u00eddo de maneira destacada para o fortalecimento e apoio \u00e0 institui\u00e7\u00e3o militar.<\/p>\n\n\n\n<p>Em meio aos homenageados e militares, destacou-se o comandante da 4\u00aa Companhia de Engenharia de Combate Mecanizada de Jardim, Capit\u00e3o Vitor Pacheco Soares. O presidente da C\u00e2mara Municipal de Jardim, Vereador Glaucio Cabreira, n\u00e3o poupou elogios ao trabalho do Capit\u00e3o Soares, reconhecendo-o como uma refer\u00eancia na lideran\u00e7a e enaltecendo a parceria desenvolvida em prol do desenvolvimento e seguran\u00e7a da comunidade jardinense.<\/p>\n\n\n\n<p>&#8220;Parab\u00e9ns ao comandante, Capit\u00e3o Vitor Pacheco Soares, pelo trabalho de refer\u00eancia e parceria \u00e0 frente dessa importante institui\u00e7\u00e3o jardinense. Sua dedica\u00e7\u00e3o e comprometimento s\u00e3o fundamentais para garantir a efici\u00eancia e a excel\u00eancia das opera\u00e7\u00f5es do Ex\u00e9rcito em nossa regi\u00e3o&#8221;, afirmou o vereador Glaucio Cabreira.<\/p>\n\n\n\n<p>A presen\u00e7a do presidente da C\u00e2mara Municipal de Jardim, juntamente com a prefeita Clediane, refor\u00e7a o apoio e a valoriza\u00e7\u00e3o das institui\u00e7\u00f5es militares pelo poder p\u00fablico local, destacando a import\u00e2ncia da integra\u00e7\u00e3o entre as esferas governamentais para o bem-estar e a seguran\u00e7a da popula\u00e7\u00e3o.<\/p>\n\n\n\n<p>Reda\u00e7\u00e3o<\/p>\n\n\n<div class=\"wp-block-image\">\n<figure class=\"aligncenter size-full\"><img fetchpriority=\"high\" decoding=\"async\" width=\"900\" height=\"100\" src=\"https:\/\/msconectado.com.br\/wp-content\/uploads\/2024\/04\/ezgif.com-animated-gif-maker-1.gif\" alt=\"\" class=\"wp-image-21936\"\/><\/figure>\n<\/div>","protected":false},"excerpt":{"rendered":"<p>Na manh\u00e3 da \u00faltima sexta-feira (19), o presidente da C\u00e2mara Municipal de Jardim, vereador Glaucio Cabreira, marcou presen\u00e7a em um evento de grande relev\u00e2ncia para a comunidade local. Ao lado da prefeita Clediane, ele participou da solenidade militar em celebra\u00e7\u00e3o ao Dia do Ex\u00e9rcito, realizada na 4\u00aa Companhia de Engenharia de Combate Mecanizada de Jardim. [&hellip;]<\/p>\n","protected":false},"author":2,"featured_media":21948,"comment_status":"open","ping_status":"closed","sticky":false,"template":"","format":"standard","meta":{"footnotes":""},"categories":[1,33],"tags":[],"class_list":["post-21947","post","type-post","status-publish","format-standard","has-post-thumbnail","hentry","category-noticia","category-politica"],"yoast_head":"<!-- This site is optimized with the Yoast SEO plugin v27.5 - https:\/\/yoast.com\/product\/yoast-seo-wordpress\/ -->\n<title>Presidente da C\u00e2mara Municipal de Jardim, vereador Glaucio Cabreira, prestigia evento militar ao lado da prefeita Clediane. - MsConectado<\/title>\n<meta name=\"robots\" content=\"index, follow, max-snippet:-1, max-image-preview:large, max-video-preview:-1\" \/>\n<link rel=\"canonical\" href=\"https:\/\/msconectado.com.br\/?p=21947\" \/>\n<meta property=\"og:locale\" content=\"pt_BR\" \/>\n<meta property=\"og:type\" content=\"article\" \/>\n<meta property=\"og:title\" content=\"Presidente da C\u00e2mara Municipal de Jardim, vereador Glaucio Cabreira, prestigia evento militar ao lado da prefeita Clediane. - MsConectado\" \/>\n<meta property=\"og:description\" content=\"Na manh\u00e3 da \u00faltima sexta-feira (19), o presidente da C\u00e2mara Municipal de Jardim, vereador Glaucio Cabreira, marcou presen\u00e7a em um evento de grande relev\u00e2ncia para a comunidade local. Ao lado da prefeita Clediane, ele participou da solenidade militar em celebra\u00e7\u00e3o ao Dia do Ex\u00e9rcito, realizada na 4\u00aa Companhia de Engenharia de Combate Mecanizada de Jardim. [&hellip;]\" \/>\n<meta property=\"og:url\" content=\"https:\/\/msconectado.com.br\/?p=21947\" \/>\n<meta property=\"og:site_name\" content=\"MsConectado\" \/>\n<meta property=\"article:published_time\" content=\"2024-04-20T13:16:39+00:00\" \/>\n<meta property=\"article:modified_time\" content=\"2024-04-20T13:16:41+00:00\" \/>\n<meta property=\"og:image\" content=\"https:\/\/msconectado.com.br\/wp-content\/uploads\/2024\/04\/Snapinsta.app_439262772_777489970996492_6250759196381336643_n_1080.jpg\" \/>\n\t<meta property=\"og:image:width\" content=\"1080\" \/>\n\t<meta property=\"og:image:height\" content=\"710\" \/>\n\t<meta property=\"og:image:type\" content=\"image\/jpeg\" \/>\n<meta name=\"author\" content=\"MsConectado\" \/>\n<meta name=\"twitter:card\" content=\"summary_large_image\" \/>\n<meta name=\"twitter:label1\" content=\"Escrito por\" \/>\n\t<meta name=\"twitter:data1\" content=\"MsConectado\" \/>\n\t<meta name=\"twitter:label2\" content=\"Est. tempo de leitura\" \/>\n\t<meta name=\"twitter:data2\" content=\"2 minutos\" \/>\n<script type=\"application\/ld+json\" class=\"yoast-schema-graph\">{\"@context\":\"https:\\\/\\\/schema.org\",\"@graph\":[{\"@type\":\"Article\",\"@id\":\"https:\\\/\\\/msconectado.com.br\\\/?p=21947#article\",\"isPartOf\":{\"@id\":\"https:\\\/\\\/msconectado.com.br\\\/?p=21947\"},\"author\":{\"name\":\"MsConectado\",\"@id\":\"https:\\\/\\\/msconectado.com.br\\\/#\\\/schema\\\/person\\\/e5585545b5687092f1041d350b6e2c16\"},\"headline\":\"Presidente da C\u00e2mara Municipal de Jardim, vereador Glaucio Cabreira, prestigia evento militar ao lado da prefeita Clediane.\",\"datePublished\":\"2024-04-20T13:16:39+00:00\",\"dateModified\":\"2024-04-20T13:16:41+00:00\",\"mainEntityOfPage\":{\"@id\":\"https:\\\/\\\/msconectado.com.br\\\/?p=21947\"},\"wordCount\":307,\"commentCount\":0,\"publisher\":{\"@id\":\"https:\\\/\\\/msconectado.com.br\\\/#organization\"},\"image\":{\"@id\":\"https:\\\/\\\/msconectado.com.br\\\/?p=21947#primaryimage\"},\"thumbnailUrl\":\"https:\\\/\\\/msconectado.com.br\\\/wp-content\\\/uploads\\\/2024\\\/04\\\/Snapinsta.app_439262772_777489970996492_6250759196381336643_n_1080.jpg\",\"articleSection\":[\"Not\u00edcia\",\"Pol\u00edtica\"],\"inLanguage\":\"pt-BR\",\"potentialAction\":[{\"@type\":\"CommentAction\",\"name\":\"Comment\",\"target\":[\"https:\\\/\\\/msconectado.com.br\\\/?p=21947#respond\"]}]},{\"@type\":\"WebPage\",\"@id\":\"https:\\\/\\\/msconectado.com.br\\\/?p=21947\",\"url\":\"https:\\\/\\\/msconectado.com.br\\\/?p=21947\",\"name\":\"Presidente da C\u00e2mara Municipal de Jardim, vereador Glaucio Cabreira, prestigia evento militar ao lado da prefeita Clediane. - MsConectado\",\"isPartOf\":{\"@id\":\"https:\\\/\\\/msconectado.com.br\\\/#website\"},\"primaryImageOfPage\":{\"@id\":\"https:\\\/\\\/msconectado.com.br\\\/?p=21947#primaryimage\"},\"image\":{\"@id\":\"https:\\\/\\\/msconectado.com.br\\\/?p=21947#primaryimage\"},\"thumbnailUrl\":\"https:\\\/\\\/msconectado.com.br\\\/wp-content\\\/uploads\\\/2024\\\/04\\\/Snapinsta.app_439262772_777489970996492_6250759196381336643_n_1080.jpg\",\"datePublished\":\"2024-04-20T13:16:39+00:00\",\"dateModified\":\"2024-04-20T13:16:41+00:00\",\"breadcrumb\":{\"@id\":\"https:\\\/\\\/msconectado.com.br\\\/?p=21947#breadcrumb\"},\"inLanguage\":\"pt-BR\",\"potentialAction\":[{\"@type\":\"ReadAction\",\"target\":[\"https:\\\/\\\/msconectado.com.br\\\/?p=21947\"]}]},{\"@type\":\"ImageObject\",\"inLanguage\":\"pt-BR\",\"@id\":\"https:\\\/\\\/msconectado.com.br\\\/?p=21947#primaryimage\",\"url\":\"https:\\\/\\\/msconectado.com.br\\\/wp-content\\\/uploads\\\/2024\\\/04\\\/Snapinsta.app_439262772_777489970996492_6250759196381336643_n_1080.jpg\",\"contentUrl\":\"https:\\\/\\\/msconectado.com.br\\\/wp-content\\\/uploads\\\/2024\\\/04\\\/Snapinsta.app_439262772_777489970996492_6250759196381336643_n_1080.jpg\",\"width\":1080,\"height\":710},{\"@type\":\"BreadcrumbList\",\"@id\":\"https:\\\/\\\/msconectado.com.br\\\/?p=21947#breadcrumb\",\"itemListElement\":[{\"@type\":\"ListItem\",\"position\":1,\"name\":\"In\u00edcio\",\"item\":\"https:\\\/\\\/msconectado.com.br\\\/?page_id=105\"},{\"@type\":\"ListItem\",\"position\":2,\"name\":\"Presidente da C\u00e2mara Municipal de Jardim, vereador Glaucio Cabreira, prestigia evento militar ao lado da prefeita Clediane.\"}]},{\"@type\":\"WebSite\",\"@id\":\"https:\\\/\\\/msconectado.com.br\\\/#website\",\"url\":\"https:\\\/\\\/msconectado.com.br\\\/\",\"name\":\"MsConectado\",\"description\":\"Voc\u00ea Conectado com a Not\u00edcia!\",\"publisher\":{\"@id\":\"https:\\\/\\\/msconectado.com.br\\\/#organization\"},\"potentialAction\":[{\"@type\":\"SearchAction\",\"target\":{\"@type\":\"EntryPoint\",\"urlTemplate\":\"https:\\\/\\\/msconectado.com.br\\\/?s={search_term_string}\"},\"query-input\":{\"@type\":\"PropertyValueSpecification\",\"valueRequired\":true,\"valueName\":\"search_term_string\"}}],\"inLanguage\":\"pt-BR\"},{\"@type\":\"Organization\",\"@id\":\"https:\\\/\\\/msconectado.com.br\\\/#organization\",\"name\":\"MsConectado\",\"url\":\"https:\\\/\\\/msconectado.com.br\\\/\",\"logo\":{\"@type\":\"ImageObject\",\"inLanguage\":\"pt-BR\",\"@id\":\"https:\\\/\\\/msconectado.com.br\\\/#\\\/schema\\\/logo\\\/image\\\/\",\"url\":\"https:\\\/\\\/msconectado.com.br\\\/wp-content\\\/uploads\\\/2023\\\/01\\\/cropped-noticia-2.png\",\"contentUrl\":\"https:\\\/\\\/msconectado.com.br\\\/wp-content\\\/uploads\\\/2023\\\/01\\\/cropped-noticia-2.png\",\"width\":720,\"height\":157,\"caption\":\"MsConectado\"},\"image\":{\"@id\":\"https:\\\/\\\/msconectado.com.br\\\/#\\\/schema\\\/logo\\\/image\\\/\"}},{\"@type\":\"Person\",\"@id\":\"https:\\\/\\\/msconectado.com.br\\\/#\\\/schema\\\/person\\\/e5585545b5687092f1041d350b6e2c16\",\"name\":\"MsConectado\",\"image\":{\"@type\":\"ImageObject\",\"inLanguage\":\"pt-BR\",\"@id\":\"https:\\\/\\\/secure.gravatar.com\\\/avatar\\\/3b4f84a0a8a4380ac4431fa79981d073692380c5da00ae97596e794ab0db5c8c?s=96&d=mm&r=g\",\"url\":\"https:\\\/\\\/secure.gravatar.com\\\/avatar\\\/3b4f84a0a8a4380ac4431fa79981d073692380c5da00ae97596e794ab0db5c8c?s=96&d=mm&r=g\",\"contentUrl\":\"https:\\\/\\\/secure.gravatar.com\\\/avatar\\\/3b4f84a0a8a4380ac4431fa79981d073692380c5da00ae97596e794ab0db5c8c?s=96&d=mm&r=g\",\"caption\":\"MsConectado\"},\"url\":\"https:\\\/\\\/msconectado.com.br\\\/?author=2\"}]}<\/script>\n<!-- \/ Yoast SEO plugin. -->","yoast_head_json":{"title":"Presidente da C\u00e2mara Municipal de Jardim, vereador Glaucio Cabreira, prestigia evento militar ao lado da prefeita Clediane. - MsConectado","robots":{"index":"index","follow":"follow","max-snippet":"max-snippet:-1","max-image-preview":"max-image-preview:large","max-video-preview":"max-video-preview:-1"},"canonical":"https:\/\/msconectado.com.br\/?p=21947","og_locale":"pt_BR","og_type":"article","og_title":"Presidente da C\u00e2mara Municipal de Jardim, vereador Glaucio Cabreira, prestigia evento militar ao lado da prefeita Clediane. - MsConectado","og_description":"Na manh\u00e3 da \u00faltima sexta-feira (19), o presidente da C\u00e2mara Municipal de Jardim, vereador Glaucio Cabreira, marcou presen\u00e7a em um evento de grande relev\u00e2ncia para a comunidade local. Ao lado da prefeita Clediane, ele participou da solenidade militar em celebra\u00e7\u00e3o ao Dia do Ex\u00e9rcito, realizada na 4\u00aa Companhia de Engenharia de Combate Mecanizada de Jardim. [&hellip;]","og_url":"https:\/\/msconectado.com.br\/?p=21947","og_site_name":"MsConectado","article_published_time":"2024-04-20T13:16:39+00:00","article_modified_time":"2024-04-20T13:16:41+00:00","og_image":[{"width":1080,"height":710,"url":"https:\/\/msconectado.com.br\/wp-content\/uploads\/2024\/04\/Snapinsta.app_439262772_777489970996492_6250759196381336643_n_1080.jpg","type":"image\/jpeg"}],"author":"MsConectado","twitter_card":"summary_large_image","twitter_misc":{"Escrito por":"MsConectado","Est. tempo de leitura":"2 minutos"},"schema":{"@context":"https:\/\/schema.org","@graph":[{"@type":"Article","@id":"https:\/\/msconectado.com.br\/?p=21947#article","isPartOf":{"@id":"https:\/\/msconectado.com.br\/?p=21947"},"author":{"name":"MsConectado","@id":"https:\/\/msconectado.com.br\/#\/schema\/person\/e5585545b5687092f1041d350b6e2c16"},"headline":"Presidente da C\u00e2mara Municipal de Jardim, vereador Glaucio Cabreira, prestigia evento militar ao lado da prefeita Clediane.","datePublished":"2024-04-20T13:16:39+00:00","dateModified":"2024-04-20T13:16:41+00:00","mainEntityOfPage":{"@id":"https:\/\/msconectado.com.br\/?p=21947"},"wordCount":307,"commentCount":0,"publisher":{"@id":"https:\/\/msconectado.com.br\/#organization"},"image":{"@id":"https:\/\/msconectado.com.br\/?p=21947#primaryimage"},"thumbnailUrl":"https:\/\/msconectado.com.br\/wp-content\/uploads\/2024\/04\/Snapinsta.app_439262772_777489970996492_6250759196381336643_n_1080.jpg","articleSection":["Not\u00edcia","Pol\u00edtica"],"inLanguage":"pt-BR","potentialAction":[{"@type":"CommentAction","name":"Comment","target":["https:\/\/msconectado.com.br\/?p=21947#respond"]}]},{"@type":"WebPage","@id":"https:\/\/msconectado.com.br\/?p=21947","url":"https:\/\/msconectado.com.br\/?p=21947","name":"Presidente da C\u00e2mara Municipal de Jardim, vereador Glaucio Cabreira, prestigia evento militar ao lado da prefeita Clediane. - MsConectado","isPartOf":{"@id":"https:\/\/msconectado.com.br\/#website"},"primaryImageOfPage":{"@id":"https:\/\/msconectado.com.br\/?p=21947#primaryimage"},"image":{"@id":"https:\/\/msconectado.com.br\/?p=21947#primaryimage"},"thumbnailUrl":"https:\/\/msconectado.com.br\/wp-content\/uploads\/2024\/04\/Snapinsta.app_439262772_777489970996492_6250759196381336643_n_1080.jpg","datePublished":"2024-04-20T13:16:39+00:00","dateModified":"2024-04-20T13:16:41+00:00","breadcrumb":{"@id":"https:\/\/msconectado.com.br\/?p=21947#breadcrumb"},"inLanguage":"pt-BR","potentialAction":[{"@type":"ReadAction","target":["https:\/\/msconectado.com.br\/?p=21947"]}]},{"@type":"ImageObject","inLanguage":"pt-BR","@id":"https:\/\/msconectado.com.br\/?p=21947#primaryimage","url":"https:\/\/msconectado.com.br\/wp-content\/uploads\/2024\/04\/Snapinsta.app_439262772_777489970996492_6250759196381336643_n_1080.jpg","contentUrl":"https:\/\/msconectado.com.br\/wp-content\/uploads\/2024\/04\/Snapinsta.app_439262772_777489970996492_6250759196381336643_n_1080.jpg","width":1080,"height":710},{"@type":"BreadcrumbList","@id":"https:\/\/msconectado.com.br\/?p=21947#breadcrumb","itemListElement":[{"@type":"ListItem","position":1,"name":"In\u00edcio","item":"https:\/\/msconectado.com.br\/?page_id=105"},{"@type":"ListItem","position":2,"name":"Presidente da C\u00e2mara Municipal de Jardim, vereador Glaucio Cabreira, prestigia evento militar ao lado da prefeita Clediane."}]},{"@type":"WebSite","@id":"https:\/\/msconectado.com.br\/#website","url":"https:\/\/msconectado.com.br\/","name":"MsConectado","description":"Voc\u00ea Conectado com a Not\u00edcia!","publisher":{"@id":"https:\/\/msconectado.com.br\/#organization"},"potentialAction":[{"@type":"SearchAction","target":{"@type":"EntryPoint","urlTemplate":"https:\/\/msconectado.com.br\/?s={search_term_string}"},"query-input":{"@type":"PropertyValueSpecification","valueRequired":true,"valueName":"search_term_string"}}],"inLanguage":"pt-BR"},{"@type":"Organization","@id":"https:\/\/msconectado.com.br\/#organization","name":"MsConectado","url":"https:\/\/msconectado.com.br\/","logo":{"@type":"ImageObject","inLanguage":"pt-BR","@id":"https:\/\/msconectado.com.br\/#\/schema\/logo\/image\/","url":"https:\/\/msconectado.com.br\/wp-content\/uploads\/2023\/01\/cropped-noticia-2.png","contentUrl":"https:\/\/msconectado.com.br\/wp-content\/uploads\/2023\/01\/cropped-noticia-2.png","width":720,"height":157,"caption":"MsConectado"},"image":{"@id":"https:\/\/msconectado.com.br\/#\/schema\/logo\/image\/"}},{"@type":"Person","@id":"https:\/\/msconectado.com.br\/#\/schema\/person\/e5585545b5687092f1041d350b6e2c16","name":"MsConectado","image":{"@type":"ImageObject","inLanguage":"pt-BR","@id":"https:\/\/secure.gravatar.com\/avatar\/3b4f84a0a8a4380ac4431fa79981d073692380c5da00ae97596e794ab0db5c8c?s=96&d=mm&r=g","url":"https:\/\/secure.gravatar.com\/avatar\/3b4f84a0a8a4380ac4431fa79981d073692380c5da00ae97596e794ab0db5c8c?s=96&d=mm&r=g","contentUrl":"https:\/\/secure.gravatar.com\/avatar\/3b4f84a0a8a4380ac4431fa79981d073692380c5da00ae97596e794ab0db5c8c?s=96&d=mm&r=g","caption":"MsConectado"},"url":"https:\/\/msconectado.com.br\/?author=2"}]}},"_links":{"self":[{"href":"https:\/\/msconectado.com.br\/index.php?rest_route=\/wp\/v2\/posts\/21947","targetHints":{"allow":["GET"]}}],"collection":[{"href":"https:\/\/msconectado.com.br\/index.php?rest_route=\/wp\/v2\/posts"}],"about":[{"href":"https:\/\/msconectado.com.br\/index.php?rest_route=\/wp\/v2\/types\/post"}],"author":[{"embeddable":true,"href":"https:\/\/msconectado.com.br\/index.php?rest_route=\/wp\/v2\/users\/2"}],"replies":[{"embeddable":true,"href":"https:\/\/msconectado.com.br\/index.php?rest_route=%2Fwp%2Fv2%2Fcomments&post=21947"}],"version-history":[{"count":1,"href":"https:\/\/msconectado.com.br\/index.php?rest_route=\/wp\/v2\/posts\/21947\/revisions"}],"predecessor-version":[{"id":21949,"href":"https:\/\/msconectado.com.br\/index.php?rest_route=\/wp\/v2\/posts\/21947\/revisions\/21949"}],"wp:featuredmedia":[{"embeddable":true,"href":"https:\/\/msconectado.com.br\/index.php?rest_route=\/wp\/v2\/media\/21948"}],"wp:attachment":[{"href":"https:\/\/msconectado.com.br\/index.php?rest_route=%2Fwp%2Fv2%2Fmedia&parent=21947"}],"wp:term":[{"taxonomy":"category","embeddable":true,"href":"https:\/\/msconectado.com.br\/index.php?rest_route=%2Fwp%2Fv2%2Fcategories&post=21947"},{"taxonomy":"post_tag","embeddable":true,"href":"https:\/\/msconectado.com.br\/index.php?rest_route=%2Fwp%2Fv2%2Ftags&post=21947"}],"curies":[{"name":"wp","href":"https:\/\/api.w.org\/{rel}","templated":true}]}}