
{"id":21961,"date":"2024-04-23T14:50:45","date_gmt":"2024-04-23T14:50:45","guid":{"rendered":"https:\/\/msconectado.com.br\/?p=21961"},"modified":"2024-04-23T14:50:47","modified_gmt":"2024-04-23T14:50:47","slug":"vereador-robert-participa-de-imersao-sobre-prefeituras-eficientes-em-brasilia","status":"publish","type":"post","link":"https:\/\/msconectado.com.br\/?p=21961","title":{"rendered":"Vereador Robert participa de imers\u00e3o sobre prefeituras eficientes em Bras\u00edlia."},"content":{"rendered":"\n<p>Durante os dias 17 a 19 de abril, o vereador e presidente da C\u00e2mara Municipal de Maracaju, Robert Ziemann, marcou presen\u00e7a em uma importante imers\u00e3o realizada em Bras\u00edlia denominada \u201cPrefeitos do Futuro\u201d. O evento, voltado para prefeituras eficientes, reuniu autoridades e especialistas para discutir temas cruciais para o desenvolvimento municipal.<\/p>\n\n\n\n<p>Com uma agenda repleta de palestras e debates, a imers\u00e3o abordou assuntos como Gest\u00e3o Estrat\u00e9gica, Intelig\u00eancia Artificial na Gest\u00e3o P\u00fablica, Arrecada\u00e7\u00e3o, Lideran\u00e7a, entre outros temas fundamentais para a constru\u00e7\u00e3o de uma cidade inteligente e sustent\u00e1vel.<\/p>\n\n\n<div class=\"wp-block-image\">\n<figure class=\"aligncenter size-large\"><img fetchpriority=\"high\" decoding=\"async\" width=\"1024\" height=\"682\" src=\"https:\/\/msconectado.com.br\/wp-content\/uploads\/2024\/04\/image-46-1024x682.png\" alt=\"\" class=\"wp-image-21962\" srcset=\"https:\/\/msconectado.com.br\/wp-content\/uploads\/2024\/04\/image-46-1024x682.png 1024w, https:\/\/msconectado.com.br\/wp-content\/uploads\/2024\/04\/image-46-300x200.png 300w, https:\/\/msconectado.com.br\/wp-content\/uploads\/2024\/04\/image-46-768x512.png 768w, https:\/\/msconectado.com.br\/wp-content\/uploads\/2024\/04\/image-46-1536x1023.png 1536w, https:\/\/msconectado.com.br\/wp-content\/uploads\/2024\/04\/image-46-360x240.png 360w, https:\/\/msconectado.com.br\/wp-content\/uploads\/2024\/04\/image-46.png 1600w\" sizes=\"(max-width: 1024px) 100vw, 1024px\" \/><\/figure>\n<\/div>\n\n\n<p>Para Ziemann, a participa\u00e7\u00e3o nesse evento foi uma oportunidade \u00fanica e inovadora para a capacita\u00e7\u00e3o das cidades visando o futuro. &#8220;Estou empolgado em trazer para Maracaju ideias inovadoras e inspiradoras que contribuir\u00e3o significativamente para o nosso progresso&#8221;, destacou o vereador.<\/p>\n\n\n\n<p>Al\u00e9m disso, o prefeito de Maracaju, senhor Marcos Calderan, tamb\u00e9m marcou presen\u00e7a no primeiro dia de evento a convite de Ziemann. Calderan expressou entusiasmo com os temas abordados, ressaltando a import\u00e2ncia de investir em conhecimento e capacita\u00e7\u00e3o para o desenvolvimento do munic\u00edpio.<\/p>\n\n\n<div class=\"wp-block-image\">\n<figure class=\"aligncenter size-large\"><img decoding=\"async\" width=\"1024\" height=\"682\" src=\"https:\/\/msconectado.com.br\/wp-content\/uploads\/2024\/04\/image-47-1024x682.png\" alt=\"\" class=\"wp-image-21963\" srcset=\"https:\/\/msconectado.com.br\/wp-content\/uploads\/2024\/04\/image-47-1024x682.png 1024w, https:\/\/msconectado.com.br\/wp-content\/uploads\/2024\/04\/image-47-300x200.png 300w, https:\/\/msconectado.com.br\/wp-content\/uploads\/2024\/04\/image-47-768x512.png 768w, https:\/\/msconectado.com.br\/wp-content\/uploads\/2024\/04\/image-47-1536x1023.png 1536w, https:\/\/msconectado.com.br\/wp-content\/uploads\/2024\/04\/image-47-360x240.png 360w, https:\/\/msconectado.com.br\/wp-content\/uploads\/2024\/04\/image-47.png 1600w\" sizes=\"(max-width: 1024px) 100vw, 1024px\" \/><\/figure>\n<\/div>\n\n\n<p>Com essa participa\u00e7\u00e3o ativa em eventos de grande relev\u00e2ncia, Maracaju se posiciona como uma cidade comprometida com o futuro, buscando constantemente aprimorar suas pr\u00e1ticas e adotar solu\u00e7\u00f5es inovadoras para os desafios municipais.<\/p>\n\n\n<div class=\"wp-block-image\">\n<figure class=\"aligncenter size-large\"><img decoding=\"async\" width=\"1024\" height=\"682\" src=\"https:\/\/msconectado.com.br\/wp-content\/uploads\/2024\/04\/image-49-1024x682.png\" alt=\"\" class=\"wp-image-21965\" srcset=\"https:\/\/msconectado.com.br\/wp-content\/uploads\/2024\/04\/image-49-1024x682.png 1024w, https:\/\/msconectado.com.br\/wp-content\/uploads\/2024\/04\/image-49-300x200.png 300w, https:\/\/msconectado.com.br\/wp-content\/uploads\/2024\/04\/image-49-768x512.png 768w, https:\/\/msconectado.com.br\/wp-content\/uploads\/2024\/04\/image-49-1536x1023.png 1536w, https:\/\/msconectado.com.br\/wp-content\/uploads\/2024\/04\/image-49-360x240.png 360w, https:\/\/msconectado.com.br\/wp-content\/uploads\/2024\/04\/image-49.png 1600w\" sizes=\"(max-width: 1024px) 100vw, 1024px\" \/><\/figure>\n<\/div>\n\n\n<p>Reda\u00e7\u00e3o<\/p>\n\n\n<div class=\"wp-block-image\">\n<figure class=\"aligncenter size-full\"><img loading=\"lazy\" decoding=\"async\" width=\"900\" height=\"100\" src=\"https:\/\/msconectado.com.br\/wp-content\/uploads\/2024\/04\/MS-conectato-900-x-100-px.gif\" alt=\"\" class=\"wp-image-21951\"\/><\/figure>\n<\/div>","protected":false},"excerpt":{"rendered":"<p>Durante os dias 17 a 19 de abril, o vereador e presidente da C\u00e2mara Municipal de Maracaju, Robert Ziemann, marcou presen\u00e7a em uma importante imers\u00e3o realizada em Bras\u00edlia denominada \u201cPrefeitos do Futuro\u201d. O evento, voltado para prefeituras eficientes, reuniu autoridades e especialistas para discutir temas cruciais para o desenvolvimento municipal. Com uma agenda repleta de [&hellip;]<\/p>\n","protected":false},"author":2,"featured_media":21966,"comment_status":"open","ping_status":"closed","sticky":false,"template":"","format":"standard","meta":{"footnotes":""},"categories":[35,1],"tags":[],"class_list":["post-21961","post","type-post","status-publish","format-standard","has-post-thumbnail","hentry","category-cidades","category-noticia"],"yoast_head":"<!-- This site is optimized with the Yoast SEO plugin v27.5 - https:\/\/yoast.com\/product\/yoast-seo-wordpress\/ -->\n<title>Vereador Robert participa de imers\u00e3o sobre prefeituras eficientes em Bras\u00edlia. - MsConectado<\/title>\n<meta name=\"robots\" content=\"index, follow, max-snippet:-1, max-image-preview:large, max-video-preview:-1\" \/>\n<link rel=\"canonical\" href=\"https:\/\/msconectado.com.br\/?p=21961\" \/>\n<meta property=\"og:locale\" content=\"pt_BR\" \/>\n<meta property=\"og:type\" content=\"article\" \/>\n<meta property=\"og:title\" content=\"Vereador Robert participa de imers\u00e3o sobre prefeituras eficientes em Bras\u00edlia. - MsConectado\" \/>\n<meta property=\"og:description\" content=\"Durante os dias 17 a 19 de abril, o vereador e presidente da C\u00e2mara Municipal de Maracaju, Robert Ziemann, marcou presen\u00e7a em uma importante imers\u00e3o realizada em Bras\u00edlia denominada \u201cPrefeitos do Futuro\u201d. O evento, voltado para prefeituras eficientes, reuniu autoridades e especialistas para discutir temas cruciais para o desenvolvimento municipal. Com uma agenda repleta de [&hellip;]\" \/>\n<meta property=\"og:url\" content=\"https:\/\/msconectado.com.br\/?p=21961\" \/>\n<meta property=\"og:site_name\" content=\"MsConectado\" \/>\n<meta property=\"article:published_time\" content=\"2024-04-23T14:50:45+00:00\" \/>\n<meta property=\"article:modified_time\" content=\"2024-04-23T14:50:47+00:00\" \/>\n<meta property=\"og:image\" content=\"https:\/\/msconectado.com.br\/wp-content\/uploads\/2024\/04\/image-50-1024x631.png\" \/>\n\t<meta property=\"og:image:width\" content=\"1024\" \/>\n\t<meta property=\"og:image:height\" content=\"631\" \/>\n\t<meta property=\"og:image:type\" content=\"image\/png\" \/>\n<meta name=\"author\" content=\"MsConectado\" \/>\n<meta name=\"twitter:card\" content=\"summary_large_image\" \/>\n<meta name=\"twitter:label1\" content=\"Escrito por\" \/>\n\t<meta name=\"twitter:data1\" content=\"MsConectado\" \/>\n\t<meta name=\"twitter:label2\" content=\"Est. tempo de leitura\" \/>\n\t<meta name=\"twitter:data2\" content=\"3 minutos\" \/>\n<script type=\"application\/ld+json\" class=\"yoast-schema-graph\">{\"@context\":\"https:\\\/\\\/schema.org\",\"@graph\":[{\"@type\":\"Article\",\"@id\":\"https:\\\/\\\/msconectado.com.br\\\/?p=21961#article\",\"isPartOf\":{\"@id\":\"https:\\\/\\\/msconectado.com.br\\\/?p=21961\"},\"author\":{\"name\":\"MsConectado\",\"@id\":\"https:\\\/\\\/msconectado.com.br\\\/#\\\/schema\\\/person\\\/e5585545b5687092f1041d350b6e2c16\"},\"headline\":\"Vereador Robert participa de imers\u00e3o sobre prefeituras eficientes em Bras\u00edlia.\",\"datePublished\":\"2024-04-23T14:50:45+00:00\",\"dateModified\":\"2024-04-23T14:50:47+00:00\",\"mainEntityOfPage\":{\"@id\":\"https:\\\/\\\/msconectado.com.br\\\/?p=21961\"},\"wordCount\":238,\"commentCount\":0,\"publisher\":{\"@id\":\"https:\\\/\\\/msconectado.com.br\\\/#organization\"},\"image\":{\"@id\":\"https:\\\/\\\/msconectado.com.br\\\/?p=21961#primaryimage\"},\"thumbnailUrl\":\"https:\\\/\\\/msconectado.com.br\\\/wp-content\\\/uploads\\\/2024\\\/04\\\/image-50.png\",\"articleSection\":[\"Cidades\",\"Not\u00edcia\"],\"inLanguage\":\"pt-BR\",\"potentialAction\":[{\"@type\":\"CommentAction\",\"name\":\"Comment\",\"target\":[\"https:\\\/\\\/msconectado.com.br\\\/?p=21961#respond\"]}]},{\"@type\":\"WebPage\",\"@id\":\"https:\\\/\\\/msconectado.com.br\\\/?p=21961\",\"url\":\"https:\\\/\\\/msconectado.com.br\\\/?p=21961\",\"name\":\"Vereador Robert participa de imers\u00e3o sobre prefeituras eficientes em Bras\u00edlia. - MsConectado\",\"isPartOf\":{\"@id\":\"https:\\\/\\\/msconectado.com.br\\\/#website\"},\"primaryImageOfPage\":{\"@id\":\"https:\\\/\\\/msconectado.com.br\\\/?p=21961#primaryimage\"},\"image\":{\"@id\":\"https:\\\/\\\/msconectado.com.br\\\/?p=21961#primaryimage\"},\"thumbnailUrl\":\"https:\\\/\\\/msconectado.com.br\\\/wp-content\\\/uploads\\\/2024\\\/04\\\/image-50.png\",\"datePublished\":\"2024-04-23T14:50:45+00:00\",\"dateModified\":\"2024-04-23T14:50:47+00:00\",\"breadcrumb\":{\"@id\":\"https:\\\/\\\/msconectado.com.br\\\/?p=21961#breadcrumb\"},\"inLanguage\":\"pt-BR\",\"potentialAction\":[{\"@type\":\"ReadAction\",\"target\":[\"https:\\\/\\\/msconectado.com.br\\\/?p=21961\"]}]},{\"@type\":\"ImageObject\",\"inLanguage\":\"pt-BR\",\"@id\":\"https:\\\/\\\/msconectado.com.br\\\/?p=21961#primaryimage\",\"url\":\"https:\\\/\\\/msconectado.com.br\\\/wp-content\\\/uploads\\\/2024\\\/04\\\/image-50.png\",\"contentUrl\":\"https:\\\/\\\/msconectado.com.br\\\/wp-content\\\/uploads\\\/2024\\\/04\\\/image-50.png\",\"width\":1600,\"height\":986},{\"@type\":\"BreadcrumbList\",\"@id\":\"https:\\\/\\\/msconectado.com.br\\\/?p=21961#breadcrumb\",\"itemListElement\":[{\"@type\":\"ListItem\",\"position\":1,\"name\":\"In\u00edcio\",\"item\":\"https:\\\/\\\/msconectado.com.br\\\/?page_id=105\"},{\"@type\":\"ListItem\",\"position\":2,\"name\":\"Vereador Robert participa de imers\u00e3o sobre prefeituras eficientes em Bras\u00edlia.\"}]},{\"@type\":\"WebSite\",\"@id\":\"https:\\\/\\\/msconectado.com.br\\\/#website\",\"url\":\"https:\\\/\\\/msconectado.com.br\\\/\",\"name\":\"MsConectado\",\"description\":\"Voc\u00ea Conectado com a Not\u00edcia!\",\"publisher\":{\"@id\":\"https:\\\/\\\/msconectado.com.br\\\/#organization\"},\"potentialAction\":[{\"@type\":\"SearchAction\",\"target\":{\"@type\":\"EntryPoint\",\"urlTemplate\":\"https:\\\/\\\/msconectado.com.br\\\/?s={search_term_string}\"},\"query-input\":{\"@type\":\"PropertyValueSpecification\",\"valueRequired\":true,\"valueName\":\"search_term_string\"}}],\"inLanguage\":\"pt-BR\"},{\"@type\":\"Organization\",\"@id\":\"https:\\\/\\\/msconectado.com.br\\\/#organization\",\"name\":\"MsConectado\",\"url\":\"https:\\\/\\\/msconectado.com.br\\\/\",\"logo\":{\"@type\":\"ImageObject\",\"inLanguage\":\"pt-BR\",\"@id\":\"https:\\\/\\\/msconectado.com.br\\\/#\\\/schema\\\/logo\\\/image\\\/\",\"url\":\"https:\\\/\\\/msconectado.com.br\\\/wp-content\\\/uploads\\\/2023\\\/01\\\/cropped-noticia-2.png\",\"contentUrl\":\"https:\\\/\\\/msconectado.com.br\\\/wp-content\\\/uploads\\\/2023\\\/01\\\/cropped-noticia-2.png\",\"width\":720,\"height\":157,\"caption\":\"MsConectado\"},\"image\":{\"@id\":\"https:\\\/\\\/msconectado.com.br\\\/#\\\/schema\\\/logo\\\/image\\\/\"}},{\"@type\":\"Person\",\"@id\":\"https:\\\/\\\/msconectado.com.br\\\/#\\\/schema\\\/person\\\/e5585545b5687092f1041d350b6e2c16\",\"name\":\"MsConectado\",\"image\":{\"@type\":\"ImageObject\",\"inLanguage\":\"pt-BR\",\"@id\":\"https:\\\/\\\/secure.gravatar.com\\\/avatar\\\/3b4f84a0a8a4380ac4431fa79981d073692380c5da00ae97596e794ab0db5c8c?s=96&d=mm&r=g\",\"url\":\"https:\\\/\\\/secure.gravatar.com\\\/avatar\\\/3b4f84a0a8a4380ac4431fa79981d073692380c5da00ae97596e794ab0db5c8c?s=96&d=mm&r=g\",\"contentUrl\":\"https:\\\/\\\/secure.gravatar.com\\\/avatar\\\/3b4f84a0a8a4380ac4431fa79981d073692380c5da00ae97596e794ab0db5c8c?s=96&d=mm&r=g\",\"caption\":\"MsConectado\"},\"url\":\"https:\\\/\\\/msconectado.com.br\\\/?author=2\"}]}<\/script>\n<!-- \/ Yoast SEO plugin. -->","yoast_head_json":{"title":"Vereador Robert participa de imers\u00e3o sobre prefeituras eficientes em Bras\u00edlia. - MsConectado","robots":{"index":"index","follow":"follow","max-snippet":"max-snippet:-1","max-image-preview":"max-image-preview:large","max-video-preview":"max-video-preview:-1"},"canonical":"https:\/\/msconectado.com.br\/?p=21961","og_locale":"pt_BR","og_type":"article","og_title":"Vereador Robert participa de imers\u00e3o sobre prefeituras eficientes em Bras\u00edlia. - MsConectado","og_description":"Durante os dias 17 a 19 de abril, o vereador e presidente da C\u00e2mara Municipal de Maracaju, Robert Ziemann, marcou presen\u00e7a em uma importante imers\u00e3o realizada em Bras\u00edlia denominada \u201cPrefeitos do Futuro\u201d. O evento, voltado para prefeituras eficientes, reuniu autoridades e especialistas para discutir temas cruciais para o desenvolvimento municipal. Com uma agenda repleta de [&hellip;]","og_url":"https:\/\/msconectado.com.br\/?p=21961","og_site_name":"MsConectado","article_published_time":"2024-04-23T14:50:45+00:00","article_modified_time":"2024-04-23T14:50:47+00:00","og_image":[{"width":1024,"height":631,"url":"https:\/\/msconectado.com.br\/wp-content\/uploads\/2024\/04\/image-50-1024x631.png","type":"image\/png"}],"author":"MsConectado","twitter_card":"summary_large_image","twitter_misc":{"Escrito por":"MsConectado","Est. tempo de leitura":"3 minutos"},"schema":{"@context":"https:\/\/schema.org","@graph":[{"@type":"Article","@id":"https:\/\/msconectado.com.br\/?p=21961#article","isPartOf":{"@id":"https:\/\/msconectado.com.br\/?p=21961"},"author":{"name":"MsConectado","@id":"https:\/\/msconectado.com.br\/#\/schema\/person\/e5585545b5687092f1041d350b6e2c16"},"headline":"Vereador Robert participa de imers\u00e3o sobre prefeituras eficientes em Bras\u00edlia.","datePublished":"2024-04-23T14:50:45+00:00","dateModified":"2024-04-23T14:50:47+00:00","mainEntityOfPage":{"@id":"https:\/\/msconectado.com.br\/?p=21961"},"wordCount":238,"commentCount":0,"publisher":{"@id":"https:\/\/msconectado.com.br\/#organization"},"image":{"@id":"https:\/\/msconectado.com.br\/?p=21961#primaryimage"},"thumbnailUrl":"https:\/\/msconectado.com.br\/wp-content\/uploads\/2024\/04\/image-50.png","articleSection":["Cidades","Not\u00edcia"],"inLanguage":"pt-BR","potentialAction":[{"@type":"CommentAction","name":"Comment","target":["https:\/\/msconectado.com.br\/?p=21961#respond"]}]},{"@type":"WebPage","@id":"https:\/\/msconectado.com.br\/?p=21961","url":"https:\/\/msconectado.com.br\/?p=21961","name":"Vereador Robert participa de imers\u00e3o sobre prefeituras eficientes em Bras\u00edlia. - MsConectado","isPartOf":{"@id":"https:\/\/msconectado.com.br\/#website"},"primaryImageOfPage":{"@id":"https:\/\/msconectado.com.br\/?p=21961#primaryimage"},"image":{"@id":"https:\/\/msconectado.com.br\/?p=21961#primaryimage"},"thumbnailUrl":"https:\/\/msconectado.com.br\/wp-content\/uploads\/2024\/04\/image-50.png","datePublished":"2024-04-23T14:50:45+00:00","dateModified":"2024-04-23T14:50:47+00:00","breadcrumb":{"@id":"https:\/\/msconectado.com.br\/?p=21961#breadcrumb"},"inLanguage":"pt-BR","potentialAction":[{"@type":"ReadAction","target":["https:\/\/msconectado.com.br\/?p=21961"]}]},{"@type":"ImageObject","inLanguage":"pt-BR","@id":"https:\/\/msconectado.com.br\/?p=21961#primaryimage","url":"https:\/\/msconectado.com.br\/wp-content\/uploads\/2024\/04\/image-50.png","contentUrl":"https:\/\/msconectado.com.br\/wp-content\/uploads\/2024\/04\/image-50.png","width":1600,"height":986},{"@type":"BreadcrumbList","@id":"https:\/\/msconectado.com.br\/?p=21961#breadcrumb","itemListElement":[{"@type":"ListItem","position":1,"name":"In\u00edcio","item":"https:\/\/msconectado.com.br\/?page_id=105"},{"@type":"ListItem","position":2,"name":"Vereador Robert participa de imers\u00e3o sobre prefeituras eficientes em Bras\u00edlia."}]},{"@type":"WebSite","@id":"https:\/\/msconectado.com.br\/#website","url":"https:\/\/msconectado.com.br\/","name":"MsConectado","description":"Voc\u00ea Conectado com a Not\u00edcia!","publisher":{"@id":"https:\/\/msconectado.com.br\/#organization"},"potentialAction":[{"@type":"SearchAction","target":{"@type":"EntryPoint","urlTemplate":"https:\/\/msconectado.com.br\/?s={search_term_string}"},"query-input":{"@type":"PropertyValueSpecification","valueRequired":true,"valueName":"search_term_string"}}],"inLanguage":"pt-BR"},{"@type":"Organization","@id":"https:\/\/msconectado.com.br\/#organization","name":"MsConectado","url":"https:\/\/msconectado.com.br\/","logo":{"@type":"ImageObject","inLanguage":"pt-BR","@id":"https:\/\/msconectado.com.br\/#\/schema\/logo\/image\/","url":"https:\/\/msconectado.com.br\/wp-content\/uploads\/2023\/01\/cropped-noticia-2.png","contentUrl":"https:\/\/msconectado.com.br\/wp-content\/uploads\/2023\/01\/cropped-noticia-2.png","width":720,"height":157,"caption":"MsConectado"},"image":{"@id":"https:\/\/msconectado.com.br\/#\/schema\/logo\/image\/"}},{"@type":"Person","@id":"https:\/\/msconectado.com.br\/#\/schema\/person\/e5585545b5687092f1041d350b6e2c16","name":"MsConectado","image":{"@type":"ImageObject","inLanguage":"pt-BR","@id":"https:\/\/secure.gravatar.com\/avatar\/3b4f84a0a8a4380ac4431fa79981d073692380c5da00ae97596e794ab0db5c8c?s=96&d=mm&r=g","url":"https:\/\/secure.gravatar.com\/avatar\/3b4f84a0a8a4380ac4431fa79981d073692380c5da00ae97596e794ab0db5c8c?s=96&d=mm&r=g","contentUrl":"https:\/\/secure.gravatar.com\/avatar\/3b4f84a0a8a4380ac4431fa79981d073692380c5da00ae97596e794ab0db5c8c?s=96&d=mm&r=g","caption":"MsConectado"},"url":"https:\/\/msconectado.com.br\/?author=2"}]}},"_links":{"self":[{"href":"https:\/\/msconectado.com.br\/index.php?rest_route=\/wp\/v2\/posts\/21961","targetHints":{"allow":["GET"]}}],"collection":[{"href":"https:\/\/msconectado.com.br\/index.php?rest_route=\/wp\/v2\/posts"}],"about":[{"href":"https:\/\/msconectado.com.br\/index.php?rest_route=\/wp\/v2\/types\/post"}],"author":[{"embeddable":true,"href":"https:\/\/msconectado.com.br\/index.php?rest_route=\/wp\/v2\/users\/2"}],"replies":[{"embeddable":true,"href":"https:\/\/msconectado.com.br\/index.php?rest_route=%2Fwp%2Fv2%2Fcomments&post=21961"}],"version-history":[{"count":1,"href":"https:\/\/msconectado.com.br\/index.php?rest_route=\/wp\/v2\/posts\/21961\/revisions"}],"predecessor-version":[{"id":21967,"href":"https:\/\/msconectado.com.br\/index.php?rest_route=\/wp\/v2\/posts\/21961\/revisions\/21967"}],"wp:featuredmedia":[{"embeddable":true,"href":"https:\/\/msconectado.com.br\/index.php?rest_route=\/wp\/v2\/media\/21966"}],"wp:attachment":[{"href":"https:\/\/msconectado.com.br\/index.php?rest_route=%2Fwp%2Fv2%2Fmedia&parent=21961"}],"wp:term":[{"taxonomy":"category","embeddable":true,"href":"https:\/\/msconectado.com.br\/index.php?rest_route=%2Fwp%2Fv2%2Fcategories&post=21961"},{"taxonomy":"post_tag","embeddable":true,"href":"https:\/\/msconectado.com.br\/index.php?rest_route=%2Fwp%2Fv2%2Ftags&post=21961"}],"curies":[{"name":"wp","href":"https:\/\/api.w.org\/{rel}","templated":true}]}}