
{"id":21976,"date":"2024-04-24T15:11:27","date_gmt":"2024-04-24T15:11:27","guid":{"rendered":"https:\/\/msconectado.com.br\/?p=21976"},"modified":"2024-04-24T15:11:29","modified_gmt":"2024-04-24T15:11:29","slug":"governo-do-estado-investe-em-maracaju-vereador-robert-ziemann-celebra-parceria-com-o-ms-ativo","status":"publish","type":"post","link":"https:\/\/msconectado.com.br\/?p=21976","title":{"rendered":"Governo do estado investe em Maracaju: vereador Robert Ziemann celebra parceria com o MS Ativo"},"content":{"rendered":"\n<p>Na \u00faltima segunda-feira, o vereador e presidente da C\u00e2mara Municipal de Maracaju, Robert Ziemann, marcou presen\u00e7a no Centro de Conven\u00e7\u00f5es Arquiteto Rubens Gil de Camillo, em Campo Grande, para o lan\u00e7amento do programa &#8220;MS Ativo Municipalismo&#8221;. Idealizado pelo governador Eduardo Riedel, o programa tem como foco quatro \u00e1reas priorit\u00e1rias: Educa\u00e7\u00e3o, Infraestrutura, Sa\u00fade e Assist\u00eancia Social.<\/p>\n\n\n\n<p>Com o objetivo de fortalecer a parceria entre o Estado e os munic\u00edpios, o MS Ativo Municipalismo visa promover uma gest\u00e3o eficiente, orientada por metas, que garanta entregas e melhores servi\u00e7os \u00e0 popula\u00e7\u00e3o. Esta iniciativa representa uma abordagem inovadora na gest\u00e3o p\u00fablica, possibilitando uma colabora\u00e7\u00e3o direta entre a administra\u00e7\u00e3o estadual e os munic\u00edpios para enfrentar os desafios espec\u00edficos de cada cidade.<\/p>\n\n\n<div class=\"wp-block-image\">\n<figure class=\"aligncenter size-large\"><img fetchpriority=\"high\" decoding=\"async\" width=\"1024\" height=\"682\" src=\"https:\/\/msconectado.com.br\/wp-content\/uploads\/2024\/04\/image-58-1024x682.png\" alt=\"\" class=\"wp-image-21981\" srcset=\"https:\/\/msconectado.com.br\/wp-content\/uploads\/2024\/04\/image-58-1024x682.png 1024w, https:\/\/msconectado.com.br\/wp-content\/uploads\/2024\/04\/image-58-300x200.png 300w, https:\/\/msconectado.com.br\/wp-content\/uploads\/2024\/04\/image-58-768x512.png 768w, https:\/\/msconectado.com.br\/wp-content\/uploads\/2024\/04\/image-58-1536x1023.png 1536w, https:\/\/msconectado.com.br\/wp-content\/uploads\/2024\/04\/image-58-360x240.png 360w, https:\/\/msconectado.com.br\/wp-content\/uploads\/2024\/04\/image-58.png 1600w\" sizes=\"(max-width: 1024px) 100vw, 1024px\" \/><\/figure>\n<\/div>\n\n\n<p>O lan\u00e7amento do MS Ativo contou com a presen\u00e7a de diversas autoridades de todo estado de Mato Grosso do Sul, demonstrando o compromisso conjunto com o desenvolvimento do estado. Ser\u00e3o mais de 7,6 bilh\u00f5es de reais investidos at\u00e9 2026, com o intuito de impulsionar projetos que promovam o bem-estar e o progresso das comunidades sul-mato-grossenses.<\/p>\n\n\n\n<p>Para Maracaju, est\u00e3o previstos investimentos significativos, incluindo a constru\u00e7\u00e3o de uma pra\u00e7a moderna em Vista Alegre, o prolongamento da rua 11 de Junho e da avenida Senador Felinto Muller, entre outros. Para o vereador Robert Ziemann, este \u00e9 um momento de celebra\u00e7\u00e3o e gratid\u00e3o ao governador Eduardo Riedel pelo comprometimento demonstrado com o desenvolvimento de Maracaju.<\/p>\n\n\n<div class=\"wp-block-image\">\n<figure class=\"aligncenter size-large\"><img decoding=\"async\" width=\"1024\" height=\"683\" src=\"https:\/\/msconectado.com.br\/wp-content\/uploads\/2024\/04\/image-57-1024x683.png\" alt=\"\" class=\"wp-image-21980\" srcset=\"https:\/\/msconectado.com.br\/wp-content\/uploads\/2024\/04\/image-57-1024x683.png 1024w, https:\/\/msconectado.com.br\/wp-content\/uploads\/2024\/04\/image-57-300x200.png 300w, https:\/\/msconectado.com.br\/wp-content\/uploads\/2024\/04\/image-57-768x512.png 768w, https:\/\/msconectado.com.br\/wp-content\/uploads\/2024\/04\/image-57-1536x1024.png 1536w, https:\/\/msconectado.com.br\/wp-content\/uploads\/2024\/04\/image-57-360x240.png 360w, https:\/\/msconectado.com.br\/wp-content\/uploads\/2024\/04\/image-57.png 2048w\" sizes=\"(max-width: 1024px) 100vw, 1024px\" \/><\/figure>\n<\/div>\n\n\n<p>&#8220;Estou extremamente feliz em ver o empenho do nosso governador em beneficiar Maracaju. O programa MS Ativo representa uma oportunidade \u00fanica para impulsionar o progresso de nossa cidade e melhorar a qualidade de vida de nossa popula\u00e7\u00e3o. Agrade\u00e7o ao governador Eduardo Riedel por seu compromisso com nosso munic\u00edpio e por investir em nosso futuro&#8221;, destacou Ziemann.<\/p>\n\n\n\n<p>Reda\u00e7\u00e3o<\/p>\n\n\n<div class=\"wp-block-image\">\n<figure class=\"aligncenter size-full\"><img decoding=\"async\" width=\"900\" height=\"100\" src=\"https:\/\/msconectado.com.br\/wp-content\/uploads\/2024\/04\/900X100-PRIMEIRO.png\" alt=\"\" class=\"wp-image-21848\" srcset=\"https:\/\/msconectado.com.br\/wp-content\/uploads\/2024\/04\/900X100-PRIMEIRO.png 900w, https:\/\/msconectado.com.br\/wp-content\/uploads\/2024\/04\/900X100-PRIMEIRO-300x33.png 300w, https:\/\/msconectado.com.br\/wp-content\/uploads\/2024\/04\/900X100-PRIMEIRO-768x85.png 768w\" sizes=\"(max-width: 900px) 100vw, 900px\" \/><\/figure>\n<\/div>","protected":false},"excerpt":{"rendered":"<p>Na \u00faltima segunda-feira, o vereador e presidente da C\u00e2mara Municipal de Maracaju, Robert Ziemann, marcou presen\u00e7a no Centro de Conven\u00e7\u00f5es Arquiteto Rubens Gil de Camillo, em Campo Grande, para o lan\u00e7amento do programa &#8220;MS Ativo Municipalismo&#8221;. Idealizado pelo governador Eduardo Riedel, o programa tem como foco quatro \u00e1reas priorit\u00e1rias: Educa\u00e7\u00e3o, Infraestrutura, Sa\u00fade e Assist\u00eancia Social. [&hellip;]<\/p>\n","protected":false},"author":2,"featured_media":21977,"comment_status":"open","ping_status":"closed","sticky":false,"template":"","format":"standard","meta":{"footnotes":""},"categories":[35,1,33],"tags":[],"class_list":["post-21976","post","type-post","status-publish","format-standard","has-post-thumbnail","hentry","category-cidades","category-noticia","category-politica"],"yoast_head":"<!-- This site is optimized with the Yoast SEO plugin v27.5 - https:\/\/yoast.com\/product\/yoast-seo-wordpress\/ -->\n<title>Governo do estado investe em Maracaju: vereador Robert Ziemann celebra parceria com o MS Ativo - MsConectado<\/title>\n<meta name=\"robots\" content=\"index, follow, max-snippet:-1, max-image-preview:large, max-video-preview:-1\" \/>\n<link rel=\"canonical\" href=\"https:\/\/msconectado.com.br\/?p=21976\" \/>\n<meta property=\"og:locale\" content=\"pt_BR\" \/>\n<meta property=\"og:type\" content=\"article\" \/>\n<meta property=\"og:title\" content=\"Governo do estado investe em Maracaju: vereador Robert Ziemann celebra parceria com o MS Ativo - MsConectado\" \/>\n<meta property=\"og:description\" content=\"Na \u00faltima segunda-feira, o vereador e presidente da C\u00e2mara Municipal de Maracaju, Robert Ziemann, marcou presen\u00e7a no Centro de Conven\u00e7\u00f5es Arquiteto Rubens Gil de Camillo, em Campo Grande, para o lan\u00e7amento do programa &#8220;MS Ativo Municipalismo&#8221;. Idealizado pelo governador Eduardo Riedel, o programa tem como foco quatro \u00e1reas priorit\u00e1rias: Educa\u00e7\u00e3o, Infraestrutura, Sa\u00fade e Assist\u00eancia Social. [&hellip;]\" \/>\n<meta property=\"og:url\" content=\"https:\/\/msconectado.com.br\/?p=21976\" \/>\n<meta property=\"og:site_name\" content=\"MsConectado\" \/>\n<meta property=\"article:published_time\" content=\"2024-04-24T15:11:27+00:00\" \/>\n<meta property=\"article:modified_time\" content=\"2024-04-24T15:11:29+00:00\" \/>\n<meta property=\"og:image\" content=\"https:\/\/msconectado.com.br\/wp-content\/uploads\/2024\/04\/image-54-1024x716.png\" \/>\n\t<meta property=\"og:image:width\" content=\"1024\" \/>\n\t<meta property=\"og:image:height\" content=\"716\" \/>\n\t<meta property=\"og:image:type\" content=\"image\/png\" \/>\n<meta name=\"author\" content=\"MsConectado\" \/>\n<meta name=\"twitter:card\" content=\"summary_large_image\" \/>\n<meta name=\"twitter:label1\" content=\"Escrito por\" \/>\n\t<meta name=\"twitter:data1\" content=\"MsConectado\" \/>\n\t<meta name=\"twitter:label2\" content=\"Est. tempo de leitura\" \/>\n\t<meta name=\"twitter:data2\" content=\"3 minutos\" \/>\n<script type=\"application\/ld+json\" class=\"yoast-schema-graph\">{\"@context\":\"https:\\\/\\\/schema.org\",\"@graph\":[{\"@type\":\"Article\",\"@id\":\"https:\\\/\\\/msconectado.com.br\\\/?p=21976#article\",\"isPartOf\":{\"@id\":\"https:\\\/\\\/msconectado.com.br\\\/?p=21976\"},\"author\":{\"name\":\"MsConectado\",\"@id\":\"https:\\\/\\\/msconectado.com.br\\\/#\\\/schema\\\/person\\\/e5585545b5687092f1041d350b6e2c16\"},\"headline\":\"Governo do estado investe em Maracaju: vereador Robert Ziemann celebra parceria com o MS Ativo\",\"datePublished\":\"2024-04-24T15:11:27+00:00\",\"dateModified\":\"2024-04-24T15:11:29+00:00\",\"mainEntityOfPage\":{\"@id\":\"https:\\\/\\\/msconectado.com.br\\\/?p=21976\"},\"wordCount\":325,\"commentCount\":0,\"publisher\":{\"@id\":\"https:\\\/\\\/msconectado.com.br\\\/#organization\"},\"image\":{\"@id\":\"https:\\\/\\\/msconectado.com.br\\\/?p=21976#primaryimage\"},\"thumbnailUrl\":\"https:\\\/\\\/msconectado.com.br\\\/wp-content\\\/uploads\\\/2024\\\/04\\\/image-54.png\",\"articleSection\":[\"Cidades\",\"Not\u00edcia\",\"Pol\u00edtica\"],\"inLanguage\":\"pt-BR\",\"potentialAction\":[{\"@type\":\"CommentAction\",\"name\":\"Comment\",\"target\":[\"https:\\\/\\\/msconectado.com.br\\\/?p=21976#respond\"]}]},{\"@type\":\"WebPage\",\"@id\":\"https:\\\/\\\/msconectado.com.br\\\/?p=21976\",\"url\":\"https:\\\/\\\/msconectado.com.br\\\/?p=21976\",\"name\":\"Governo do estado investe em Maracaju: vereador Robert Ziemann celebra parceria com o MS Ativo - MsConectado\",\"isPartOf\":{\"@id\":\"https:\\\/\\\/msconectado.com.br\\\/#website\"},\"primaryImageOfPage\":{\"@id\":\"https:\\\/\\\/msconectado.com.br\\\/?p=21976#primaryimage\"},\"image\":{\"@id\":\"https:\\\/\\\/msconectado.com.br\\\/?p=21976#primaryimage\"},\"thumbnailUrl\":\"https:\\\/\\\/msconectado.com.br\\\/wp-content\\\/uploads\\\/2024\\\/04\\\/image-54.png\",\"datePublished\":\"2024-04-24T15:11:27+00:00\",\"dateModified\":\"2024-04-24T15:11:29+00:00\",\"breadcrumb\":{\"@id\":\"https:\\\/\\\/msconectado.com.br\\\/?p=21976#breadcrumb\"},\"inLanguage\":\"pt-BR\",\"potentialAction\":[{\"@type\":\"ReadAction\",\"target\":[\"https:\\\/\\\/msconectado.com.br\\\/?p=21976\"]}]},{\"@type\":\"ImageObject\",\"inLanguage\":\"pt-BR\",\"@id\":\"https:\\\/\\\/msconectado.com.br\\\/?p=21976#primaryimage\",\"url\":\"https:\\\/\\\/msconectado.com.br\\\/wp-content\\\/uploads\\\/2024\\\/04\\\/image-54.png\",\"contentUrl\":\"https:\\\/\\\/msconectado.com.br\\\/wp-content\\\/uploads\\\/2024\\\/04\\\/image-54.png\",\"width\":1600,\"height\":1118},{\"@type\":\"BreadcrumbList\",\"@id\":\"https:\\\/\\\/msconectado.com.br\\\/?p=21976#breadcrumb\",\"itemListElement\":[{\"@type\":\"ListItem\",\"position\":1,\"name\":\"In\u00edcio\",\"item\":\"https:\\\/\\\/msconectado.com.br\\\/?page_id=105\"},{\"@type\":\"ListItem\",\"position\":2,\"name\":\"Governo do estado investe em Maracaju: vereador Robert Ziemann celebra parceria com o MS Ativo\"}]},{\"@type\":\"WebSite\",\"@id\":\"https:\\\/\\\/msconectado.com.br\\\/#website\",\"url\":\"https:\\\/\\\/msconectado.com.br\\\/\",\"name\":\"MsConectado\",\"description\":\"Voc\u00ea Conectado com a Not\u00edcia!\",\"publisher\":{\"@id\":\"https:\\\/\\\/msconectado.com.br\\\/#organization\"},\"potentialAction\":[{\"@type\":\"SearchAction\",\"target\":{\"@type\":\"EntryPoint\",\"urlTemplate\":\"https:\\\/\\\/msconectado.com.br\\\/?s={search_term_string}\"},\"query-input\":{\"@type\":\"PropertyValueSpecification\",\"valueRequired\":true,\"valueName\":\"search_term_string\"}}],\"inLanguage\":\"pt-BR\"},{\"@type\":\"Organization\",\"@id\":\"https:\\\/\\\/msconectado.com.br\\\/#organization\",\"name\":\"MsConectado\",\"url\":\"https:\\\/\\\/msconectado.com.br\\\/\",\"logo\":{\"@type\":\"ImageObject\",\"inLanguage\":\"pt-BR\",\"@id\":\"https:\\\/\\\/msconectado.com.br\\\/#\\\/schema\\\/logo\\\/image\\\/\",\"url\":\"https:\\\/\\\/msconectado.com.br\\\/wp-content\\\/uploads\\\/2023\\\/01\\\/cropped-noticia-2.png\",\"contentUrl\":\"https:\\\/\\\/msconectado.com.br\\\/wp-content\\\/uploads\\\/2023\\\/01\\\/cropped-noticia-2.png\",\"width\":720,\"height\":157,\"caption\":\"MsConectado\"},\"image\":{\"@id\":\"https:\\\/\\\/msconectado.com.br\\\/#\\\/schema\\\/logo\\\/image\\\/\"}},{\"@type\":\"Person\",\"@id\":\"https:\\\/\\\/msconectado.com.br\\\/#\\\/schema\\\/person\\\/e5585545b5687092f1041d350b6e2c16\",\"name\":\"MsConectado\",\"image\":{\"@type\":\"ImageObject\",\"inLanguage\":\"pt-BR\",\"@id\":\"https:\\\/\\\/secure.gravatar.com\\\/avatar\\\/3b4f84a0a8a4380ac4431fa79981d073692380c5da00ae97596e794ab0db5c8c?s=96&d=mm&r=g\",\"url\":\"https:\\\/\\\/secure.gravatar.com\\\/avatar\\\/3b4f84a0a8a4380ac4431fa79981d073692380c5da00ae97596e794ab0db5c8c?s=96&d=mm&r=g\",\"contentUrl\":\"https:\\\/\\\/secure.gravatar.com\\\/avatar\\\/3b4f84a0a8a4380ac4431fa79981d073692380c5da00ae97596e794ab0db5c8c?s=96&d=mm&r=g\",\"caption\":\"MsConectado\"},\"url\":\"https:\\\/\\\/msconectado.com.br\\\/?author=2\"}]}<\/script>\n<!-- \/ Yoast SEO plugin. -->","yoast_head_json":{"title":"Governo do estado investe em Maracaju: vereador Robert Ziemann celebra parceria com o MS Ativo - MsConectado","robots":{"index":"index","follow":"follow","max-snippet":"max-snippet:-1","max-image-preview":"max-image-preview:large","max-video-preview":"max-video-preview:-1"},"canonical":"https:\/\/msconectado.com.br\/?p=21976","og_locale":"pt_BR","og_type":"article","og_title":"Governo do estado investe em Maracaju: vereador Robert Ziemann celebra parceria com o MS Ativo - MsConectado","og_description":"Na \u00faltima segunda-feira, o vereador e presidente da C\u00e2mara Municipal de Maracaju, Robert Ziemann, marcou presen\u00e7a no Centro de Conven\u00e7\u00f5es Arquiteto Rubens Gil de Camillo, em Campo Grande, para o lan\u00e7amento do programa &#8220;MS Ativo Municipalismo&#8221;. Idealizado pelo governador Eduardo Riedel, o programa tem como foco quatro \u00e1reas priorit\u00e1rias: Educa\u00e7\u00e3o, Infraestrutura, Sa\u00fade e Assist\u00eancia Social. [&hellip;]","og_url":"https:\/\/msconectado.com.br\/?p=21976","og_site_name":"MsConectado","article_published_time":"2024-04-24T15:11:27+00:00","article_modified_time":"2024-04-24T15:11:29+00:00","og_image":[{"width":1024,"height":716,"url":"https:\/\/msconectado.com.br\/wp-content\/uploads\/2024\/04\/image-54-1024x716.png","type":"image\/png"}],"author":"MsConectado","twitter_card":"summary_large_image","twitter_misc":{"Escrito por":"MsConectado","Est. tempo de leitura":"3 minutos"},"schema":{"@context":"https:\/\/schema.org","@graph":[{"@type":"Article","@id":"https:\/\/msconectado.com.br\/?p=21976#article","isPartOf":{"@id":"https:\/\/msconectado.com.br\/?p=21976"},"author":{"name":"MsConectado","@id":"https:\/\/msconectado.com.br\/#\/schema\/person\/e5585545b5687092f1041d350b6e2c16"},"headline":"Governo do estado investe em Maracaju: vereador Robert Ziemann celebra parceria com o MS Ativo","datePublished":"2024-04-24T15:11:27+00:00","dateModified":"2024-04-24T15:11:29+00:00","mainEntityOfPage":{"@id":"https:\/\/msconectado.com.br\/?p=21976"},"wordCount":325,"commentCount":0,"publisher":{"@id":"https:\/\/msconectado.com.br\/#organization"},"image":{"@id":"https:\/\/msconectado.com.br\/?p=21976#primaryimage"},"thumbnailUrl":"https:\/\/msconectado.com.br\/wp-content\/uploads\/2024\/04\/image-54.png","articleSection":["Cidades","Not\u00edcia","Pol\u00edtica"],"inLanguage":"pt-BR","potentialAction":[{"@type":"CommentAction","name":"Comment","target":["https:\/\/msconectado.com.br\/?p=21976#respond"]}]},{"@type":"WebPage","@id":"https:\/\/msconectado.com.br\/?p=21976","url":"https:\/\/msconectado.com.br\/?p=21976","name":"Governo do estado investe em Maracaju: vereador Robert Ziemann celebra parceria com o MS Ativo - MsConectado","isPartOf":{"@id":"https:\/\/msconectado.com.br\/#website"},"primaryImageOfPage":{"@id":"https:\/\/msconectado.com.br\/?p=21976#primaryimage"},"image":{"@id":"https:\/\/msconectado.com.br\/?p=21976#primaryimage"},"thumbnailUrl":"https:\/\/msconectado.com.br\/wp-content\/uploads\/2024\/04\/image-54.png","datePublished":"2024-04-24T15:11:27+00:00","dateModified":"2024-04-24T15:11:29+00:00","breadcrumb":{"@id":"https:\/\/msconectado.com.br\/?p=21976#breadcrumb"},"inLanguage":"pt-BR","potentialAction":[{"@type":"ReadAction","target":["https:\/\/msconectado.com.br\/?p=21976"]}]},{"@type":"ImageObject","inLanguage":"pt-BR","@id":"https:\/\/msconectado.com.br\/?p=21976#primaryimage","url":"https:\/\/msconectado.com.br\/wp-content\/uploads\/2024\/04\/image-54.png","contentUrl":"https:\/\/msconectado.com.br\/wp-content\/uploads\/2024\/04\/image-54.png","width":1600,"height":1118},{"@type":"BreadcrumbList","@id":"https:\/\/msconectado.com.br\/?p=21976#breadcrumb","itemListElement":[{"@type":"ListItem","position":1,"name":"In\u00edcio","item":"https:\/\/msconectado.com.br\/?page_id=105"},{"@type":"ListItem","position":2,"name":"Governo do estado investe em Maracaju: vereador Robert Ziemann celebra parceria com o MS Ativo"}]},{"@type":"WebSite","@id":"https:\/\/msconectado.com.br\/#website","url":"https:\/\/msconectado.com.br\/","name":"MsConectado","description":"Voc\u00ea Conectado com a Not\u00edcia!","publisher":{"@id":"https:\/\/msconectado.com.br\/#organization"},"potentialAction":[{"@type":"SearchAction","target":{"@type":"EntryPoint","urlTemplate":"https:\/\/msconectado.com.br\/?s={search_term_string}"},"query-input":{"@type":"PropertyValueSpecification","valueRequired":true,"valueName":"search_term_string"}}],"inLanguage":"pt-BR"},{"@type":"Organization","@id":"https:\/\/msconectado.com.br\/#organization","name":"MsConectado","url":"https:\/\/msconectado.com.br\/","logo":{"@type":"ImageObject","inLanguage":"pt-BR","@id":"https:\/\/msconectado.com.br\/#\/schema\/logo\/image\/","url":"https:\/\/msconectado.com.br\/wp-content\/uploads\/2023\/01\/cropped-noticia-2.png","contentUrl":"https:\/\/msconectado.com.br\/wp-content\/uploads\/2023\/01\/cropped-noticia-2.png","width":720,"height":157,"caption":"MsConectado"},"image":{"@id":"https:\/\/msconectado.com.br\/#\/schema\/logo\/image\/"}},{"@type":"Person","@id":"https:\/\/msconectado.com.br\/#\/schema\/person\/e5585545b5687092f1041d350b6e2c16","name":"MsConectado","image":{"@type":"ImageObject","inLanguage":"pt-BR","@id":"https:\/\/secure.gravatar.com\/avatar\/3b4f84a0a8a4380ac4431fa79981d073692380c5da00ae97596e794ab0db5c8c?s=96&d=mm&r=g","url":"https:\/\/secure.gravatar.com\/avatar\/3b4f84a0a8a4380ac4431fa79981d073692380c5da00ae97596e794ab0db5c8c?s=96&d=mm&r=g","contentUrl":"https:\/\/secure.gravatar.com\/avatar\/3b4f84a0a8a4380ac4431fa79981d073692380c5da00ae97596e794ab0db5c8c?s=96&d=mm&r=g","caption":"MsConectado"},"url":"https:\/\/msconectado.com.br\/?author=2"}]}},"_links":{"self":[{"href":"https:\/\/msconectado.com.br\/index.php?rest_route=\/wp\/v2\/posts\/21976","targetHints":{"allow":["GET"]}}],"collection":[{"href":"https:\/\/msconectado.com.br\/index.php?rest_route=\/wp\/v2\/posts"}],"about":[{"href":"https:\/\/msconectado.com.br\/index.php?rest_route=\/wp\/v2\/types\/post"}],"author":[{"embeddable":true,"href":"https:\/\/msconectado.com.br\/index.php?rest_route=\/wp\/v2\/users\/2"}],"replies":[{"embeddable":true,"href":"https:\/\/msconectado.com.br\/index.php?rest_route=%2Fwp%2Fv2%2Fcomments&post=21976"}],"version-history":[{"count":1,"href":"https:\/\/msconectado.com.br\/index.php?rest_route=\/wp\/v2\/posts\/21976\/revisions"}],"predecessor-version":[{"id":21982,"href":"https:\/\/msconectado.com.br\/index.php?rest_route=\/wp\/v2\/posts\/21976\/revisions\/21982"}],"wp:featuredmedia":[{"embeddable":true,"href":"https:\/\/msconectado.com.br\/index.php?rest_route=\/wp\/v2\/media\/21977"}],"wp:attachment":[{"href":"https:\/\/msconectado.com.br\/index.php?rest_route=%2Fwp%2Fv2%2Fmedia&parent=21976"}],"wp:term":[{"taxonomy":"category","embeddable":true,"href":"https:\/\/msconectado.com.br\/index.php?rest_route=%2Fwp%2Fv2%2Fcategories&post=21976"},{"taxonomy":"post_tag","embeddable":true,"href":"https:\/\/msconectado.com.br\/index.php?rest_route=%2Fwp%2Fv2%2Ftags&post=21976"}],"curies":[{"name":"wp","href":"https:\/\/api.w.org\/{rel}","templated":true}]}}