
{"id":21992,"date":"2024-04-25T17:52:53","date_gmt":"2024-04-25T17:52:53","guid":{"rendered":"https:\/\/msconectado.com.br\/?p=21992"},"modified":"2024-04-25T17:52:55","modified_gmt":"2024-04-25T17:52:55","slug":"vereador-rodrigo-laboissier-integra-mesa-de-debates-na-assomasul-em-campo-grande","status":"publish","type":"post","link":"https:\/\/msconectado.com.br\/?p=21992","title":{"rendered":"Vereador Rodrigo Laboissier integra mesa de debates na ASSOMASUL em Campo Grande."},"content":{"rendered":"\n<p>O vereador Rodrigo Martins Laboissier Ramos foi destaque ao integrar a mesa de autoridades durante um evento de grande relev\u00e2ncia na Associa\u00e7\u00e3o dos Munic\u00edpios de Mato Grosso do Sul (ASSOMASUL), sediado na capital Campo Grande. O evento teve in\u00edcio no dia 24 e seguir\u00e1 at\u00e9 o dia 26.<\/p>\n\n\n\n<p>Sob o tema &#8220;Desafios e perspectivas dos principais problemas enfrentados na elabora\u00e7\u00e3o e exerc\u00edcio do PPA, LDO e LOA&#8221;, a palestra teve como objetivo aprimorar o processo or\u00e7ament\u00e1rio, especialmente no \u00e2mbito do Poder Legislativo Municipal.<\/p>\n\n\n\n<p>O vereador Rodrigo expressou profunda gratid\u00e3o pelo convite recebido, ressaltando a import\u00e2ncia da ASSOMASUL como um espa\u00e7o fundamental para os prefeitos, onde diariamente se discute o fortalecimento do municipalismo e do estado como um todo.<\/p>\n\n\n\n<p>O evento proporcionou uma oportunidade \u00fanica para a troca de experi\u00eancias e a busca por solu\u00e7\u00f5es para os desafios enfrentados na gest\u00e3o p\u00fablica municipal. A presen\u00e7a do vereador Ramos na mesa de debates evidencia seu compromisso inabal\u00e1vel com o desenvolvimento e o aprimoramento do processo legislativo em benef\u00edcio do bem-estar da comunidade.<\/p>\n\n\n\n<p>Reda\u00e7\u00e3o<\/p>\n\n\n<div class=\"wp-block-image\">\n<figure class=\"aligncenter size-full\"><img fetchpriority=\"high\" decoding=\"async\" width=\"900\" height=\"100\" src=\"https:\/\/msconectado.com.br\/wp-content\/uploads\/2024\/04\/MS-conectato-900-x-100-px.gif\" alt=\"\" class=\"wp-image-21951\"\/><\/figure>\n<\/div>","protected":false},"excerpt":{"rendered":"<p>O vereador Rodrigo Martins Laboissier Ramos foi destaque ao integrar a mesa de autoridades durante um evento de grande relev\u00e2ncia na Associa\u00e7\u00e3o dos Munic\u00edpios de Mato Grosso do Sul (ASSOMASUL), sediado na capital Campo Grande. O evento teve in\u00edcio no dia 24 e seguir\u00e1 at\u00e9 o dia 26. Sob o tema &#8220;Desafios e perspectivas dos [&hellip;]<\/p>\n","protected":false},"author":2,"featured_media":21993,"comment_status":"open","ping_status":"closed","sticky":false,"template":"","format":"standard","meta":{"footnotes":""},"categories":[35,1],"tags":[],"class_list":["post-21992","post","type-post","status-publish","format-standard","has-post-thumbnail","hentry","category-cidades","category-noticia"],"yoast_head":"<!-- This site is optimized with the Yoast SEO plugin v27.5 - https:\/\/yoast.com\/product\/yoast-seo-wordpress\/ -->\n<title>Vereador Rodrigo Laboissier integra mesa de debates na ASSOMASUL em Campo Grande. - MsConectado<\/title>\n<meta name=\"robots\" content=\"index, follow, max-snippet:-1, max-image-preview:large, max-video-preview:-1\" \/>\n<link rel=\"canonical\" href=\"https:\/\/msconectado.com.br\/?p=21992\" \/>\n<meta property=\"og:locale\" content=\"pt_BR\" \/>\n<meta property=\"og:type\" content=\"article\" \/>\n<meta property=\"og:title\" content=\"Vereador Rodrigo Laboissier integra mesa de debates na ASSOMASUL em Campo Grande. - MsConectado\" \/>\n<meta property=\"og:description\" content=\"O vereador Rodrigo Martins Laboissier Ramos foi destaque ao integrar a mesa de autoridades durante um evento de grande relev\u00e2ncia na Associa\u00e7\u00e3o dos Munic\u00edpios de Mato Grosso do Sul (ASSOMASUL), sediado na capital Campo Grande. O evento teve in\u00edcio no dia 24 e seguir\u00e1 at\u00e9 o dia 26. Sob o tema &#8220;Desafios e perspectivas dos [&hellip;]\" \/>\n<meta property=\"og:url\" content=\"https:\/\/msconectado.com.br\/?p=21992\" \/>\n<meta property=\"og:site_name\" content=\"MsConectado\" \/>\n<meta property=\"article:published_time\" content=\"2024-04-25T17:52:53+00:00\" \/>\n<meta property=\"article:modified_time\" content=\"2024-04-25T17:52:55+00:00\" \/>\n<meta property=\"og:image\" content=\"https:\/\/msconectado.com.br\/wp-content\/uploads\/2024\/04\/21ca32c4-ad07-4362-b2ff-71287addbabd.jpg\" \/>\n\t<meta property=\"og:image:width\" content=\"1600\" \/>\n\t<meta property=\"og:image:height\" content=\"1200\" \/>\n\t<meta property=\"og:image:type\" content=\"image\/jpeg\" \/>\n<meta name=\"author\" content=\"MsConectado\" \/>\n<meta name=\"twitter:card\" content=\"summary_large_image\" \/>\n<meta name=\"twitter:label1\" content=\"Escrito por\" \/>\n\t<meta name=\"twitter:data1\" content=\"MsConectado\" \/>\n\t<meta name=\"twitter:label2\" content=\"Est. tempo de leitura\" \/>\n\t<meta name=\"twitter:data2\" content=\"2 minutos\" \/>\n<script type=\"application\/ld+json\" class=\"yoast-schema-graph\">{\"@context\":\"https:\\\/\\\/schema.org\",\"@graph\":[{\"@type\":\"Article\",\"@id\":\"https:\\\/\\\/msconectado.com.br\\\/?p=21992#article\",\"isPartOf\":{\"@id\":\"https:\\\/\\\/msconectado.com.br\\\/?p=21992\"},\"author\":{\"name\":\"MsConectado\",\"@id\":\"https:\\\/\\\/msconectado.com.br\\\/#\\\/schema\\\/person\\\/e5585545b5687092f1041d350b6e2c16\"},\"headline\":\"Vereador Rodrigo Laboissier integra mesa de debates na ASSOMASUL em Campo Grande.\",\"datePublished\":\"2024-04-25T17:52:53+00:00\",\"dateModified\":\"2024-04-25T17:52:55+00:00\",\"mainEntityOfPage\":{\"@id\":\"https:\\\/\\\/msconectado.com.br\\\/?p=21992\"},\"wordCount\":200,\"commentCount\":0,\"publisher\":{\"@id\":\"https:\\\/\\\/msconectado.com.br\\\/#organization\"},\"image\":{\"@id\":\"https:\\\/\\\/msconectado.com.br\\\/?p=21992#primaryimage\"},\"thumbnailUrl\":\"https:\\\/\\\/msconectado.com.br\\\/wp-content\\\/uploads\\\/2024\\\/04\\\/21ca32c4-ad07-4362-b2ff-71287addbabd.jpg\",\"articleSection\":[\"Cidades\",\"Not\u00edcia\"],\"inLanguage\":\"pt-BR\",\"potentialAction\":[{\"@type\":\"CommentAction\",\"name\":\"Comment\",\"target\":[\"https:\\\/\\\/msconectado.com.br\\\/?p=21992#respond\"]}]},{\"@type\":\"WebPage\",\"@id\":\"https:\\\/\\\/msconectado.com.br\\\/?p=21992\",\"url\":\"https:\\\/\\\/msconectado.com.br\\\/?p=21992\",\"name\":\"Vereador Rodrigo Laboissier integra mesa de debates na ASSOMASUL em Campo Grande. - MsConectado\",\"isPartOf\":{\"@id\":\"https:\\\/\\\/msconectado.com.br\\\/#website\"},\"primaryImageOfPage\":{\"@id\":\"https:\\\/\\\/msconectado.com.br\\\/?p=21992#primaryimage\"},\"image\":{\"@id\":\"https:\\\/\\\/msconectado.com.br\\\/?p=21992#primaryimage\"},\"thumbnailUrl\":\"https:\\\/\\\/msconectado.com.br\\\/wp-content\\\/uploads\\\/2024\\\/04\\\/21ca32c4-ad07-4362-b2ff-71287addbabd.jpg\",\"datePublished\":\"2024-04-25T17:52:53+00:00\",\"dateModified\":\"2024-04-25T17:52:55+00:00\",\"breadcrumb\":{\"@id\":\"https:\\\/\\\/msconectado.com.br\\\/?p=21992#breadcrumb\"},\"inLanguage\":\"pt-BR\",\"potentialAction\":[{\"@type\":\"ReadAction\",\"target\":[\"https:\\\/\\\/msconectado.com.br\\\/?p=21992\"]}]},{\"@type\":\"ImageObject\",\"inLanguage\":\"pt-BR\",\"@id\":\"https:\\\/\\\/msconectado.com.br\\\/?p=21992#primaryimage\",\"url\":\"https:\\\/\\\/msconectado.com.br\\\/wp-content\\\/uploads\\\/2024\\\/04\\\/21ca32c4-ad07-4362-b2ff-71287addbabd.jpg\",\"contentUrl\":\"https:\\\/\\\/msconectado.com.br\\\/wp-content\\\/uploads\\\/2024\\\/04\\\/21ca32c4-ad07-4362-b2ff-71287addbabd.jpg\",\"width\":1600,\"height\":1200},{\"@type\":\"BreadcrumbList\",\"@id\":\"https:\\\/\\\/msconectado.com.br\\\/?p=21992#breadcrumb\",\"itemListElement\":[{\"@type\":\"ListItem\",\"position\":1,\"name\":\"In\u00edcio\",\"item\":\"https:\\\/\\\/msconectado.com.br\\\/?page_id=105\"},{\"@type\":\"ListItem\",\"position\":2,\"name\":\"Vereador Rodrigo Laboissier integra mesa de debates na ASSOMASUL em Campo Grande.\"}]},{\"@type\":\"WebSite\",\"@id\":\"https:\\\/\\\/msconectado.com.br\\\/#website\",\"url\":\"https:\\\/\\\/msconectado.com.br\\\/\",\"name\":\"MsConectado\",\"description\":\"Voc\u00ea Conectado com a Not\u00edcia!\",\"publisher\":{\"@id\":\"https:\\\/\\\/msconectado.com.br\\\/#organization\"},\"potentialAction\":[{\"@type\":\"SearchAction\",\"target\":{\"@type\":\"EntryPoint\",\"urlTemplate\":\"https:\\\/\\\/msconectado.com.br\\\/?s={search_term_string}\"},\"query-input\":{\"@type\":\"PropertyValueSpecification\",\"valueRequired\":true,\"valueName\":\"search_term_string\"}}],\"inLanguage\":\"pt-BR\"},{\"@type\":\"Organization\",\"@id\":\"https:\\\/\\\/msconectado.com.br\\\/#organization\",\"name\":\"MsConectado\",\"url\":\"https:\\\/\\\/msconectado.com.br\\\/\",\"logo\":{\"@type\":\"ImageObject\",\"inLanguage\":\"pt-BR\",\"@id\":\"https:\\\/\\\/msconectado.com.br\\\/#\\\/schema\\\/logo\\\/image\\\/\",\"url\":\"https:\\\/\\\/msconectado.com.br\\\/wp-content\\\/uploads\\\/2023\\\/01\\\/cropped-noticia-2.png\",\"contentUrl\":\"https:\\\/\\\/msconectado.com.br\\\/wp-content\\\/uploads\\\/2023\\\/01\\\/cropped-noticia-2.png\",\"width\":720,\"height\":157,\"caption\":\"MsConectado\"},\"image\":{\"@id\":\"https:\\\/\\\/msconectado.com.br\\\/#\\\/schema\\\/logo\\\/image\\\/\"}},{\"@type\":\"Person\",\"@id\":\"https:\\\/\\\/msconectado.com.br\\\/#\\\/schema\\\/person\\\/e5585545b5687092f1041d350b6e2c16\",\"name\":\"MsConectado\",\"image\":{\"@type\":\"ImageObject\",\"inLanguage\":\"pt-BR\",\"@id\":\"https:\\\/\\\/secure.gravatar.com\\\/avatar\\\/3b4f84a0a8a4380ac4431fa79981d073692380c5da00ae97596e794ab0db5c8c?s=96&d=mm&r=g\",\"url\":\"https:\\\/\\\/secure.gravatar.com\\\/avatar\\\/3b4f84a0a8a4380ac4431fa79981d073692380c5da00ae97596e794ab0db5c8c?s=96&d=mm&r=g\",\"contentUrl\":\"https:\\\/\\\/secure.gravatar.com\\\/avatar\\\/3b4f84a0a8a4380ac4431fa79981d073692380c5da00ae97596e794ab0db5c8c?s=96&d=mm&r=g\",\"caption\":\"MsConectado\"},\"url\":\"https:\\\/\\\/msconectado.com.br\\\/?author=2\"}]}<\/script>\n<!-- \/ Yoast SEO plugin. -->","yoast_head_json":{"title":"Vereador Rodrigo Laboissier integra mesa de debates na ASSOMASUL em Campo Grande. - MsConectado","robots":{"index":"index","follow":"follow","max-snippet":"max-snippet:-1","max-image-preview":"max-image-preview:large","max-video-preview":"max-video-preview:-1"},"canonical":"https:\/\/msconectado.com.br\/?p=21992","og_locale":"pt_BR","og_type":"article","og_title":"Vereador Rodrigo Laboissier integra mesa de debates na ASSOMASUL em Campo Grande. - MsConectado","og_description":"O vereador Rodrigo Martins Laboissier Ramos foi destaque ao integrar a mesa de autoridades durante um evento de grande relev\u00e2ncia na Associa\u00e7\u00e3o dos Munic\u00edpios de Mato Grosso do Sul (ASSOMASUL), sediado na capital Campo Grande. O evento teve in\u00edcio no dia 24 e seguir\u00e1 at\u00e9 o dia 26. Sob o tema &#8220;Desafios e perspectivas dos [&hellip;]","og_url":"https:\/\/msconectado.com.br\/?p=21992","og_site_name":"MsConectado","article_published_time":"2024-04-25T17:52:53+00:00","article_modified_time":"2024-04-25T17:52:55+00:00","og_image":[{"width":1600,"height":1200,"url":"https:\/\/msconectado.com.br\/wp-content\/uploads\/2024\/04\/21ca32c4-ad07-4362-b2ff-71287addbabd.jpg","type":"image\/jpeg"}],"author":"MsConectado","twitter_card":"summary_large_image","twitter_misc":{"Escrito por":"MsConectado","Est. tempo de leitura":"2 minutos"},"schema":{"@context":"https:\/\/schema.org","@graph":[{"@type":"Article","@id":"https:\/\/msconectado.com.br\/?p=21992#article","isPartOf":{"@id":"https:\/\/msconectado.com.br\/?p=21992"},"author":{"name":"MsConectado","@id":"https:\/\/msconectado.com.br\/#\/schema\/person\/e5585545b5687092f1041d350b6e2c16"},"headline":"Vereador Rodrigo Laboissier integra mesa de debates na ASSOMASUL em Campo Grande.","datePublished":"2024-04-25T17:52:53+00:00","dateModified":"2024-04-25T17:52:55+00:00","mainEntityOfPage":{"@id":"https:\/\/msconectado.com.br\/?p=21992"},"wordCount":200,"commentCount":0,"publisher":{"@id":"https:\/\/msconectado.com.br\/#organization"},"image":{"@id":"https:\/\/msconectado.com.br\/?p=21992#primaryimage"},"thumbnailUrl":"https:\/\/msconectado.com.br\/wp-content\/uploads\/2024\/04\/21ca32c4-ad07-4362-b2ff-71287addbabd.jpg","articleSection":["Cidades","Not\u00edcia"],"inLanguage":"pt-BR","potentialAction":[{"@type":"CommentAction","name":"Comment","target":["https:\/\/msconectado.com.br\/?p=21992#respond"]}]},{"@type":"WebPage","@id":"https:\/\/msconectado.com.br\/?p=21992","url":"https:\/\/msconectado.com.br\/?p=21992","name":"Vereador Rodrigo Laboissier integra mesa de debates na ASSOMASUL em Campo Grande. - MsConectado","isPartOf":{"@id":"https:\/\/msconectado.com.br\/#website"},"primaryImageOfPage":{"@id":"https:\/\/msconectado.com.br\/?p=21992#primaryimage"},"image":{"@id":"https:\/\/msconectado.com.br\/?p=21992#primaryimage"},"thumbnailUrl":"https:\/\/msconectado.com.br\/wp-content\/uploads\/2024\/04\/21ca32c4-ad07-4362-b2ff-71287addbabd.jpg","datePublished":"2024-04-25T17:52:53+00:00","dateModified":"2024-04-25T17:52:55+00:00","breadcrumb":{"@id":"https:\/\/msconectado.com.br\/?p=21992#breadcrumb"},"inLanguage":"pt-BR","potentialAction":[{"@type":"ReadAction","target":["https:\/\/msconectado.com.br\/?p=21992"]}]},{"@type":"ImageObject","inLanguage":"pt-BR","@id":"https:\/\/msconectado.com.br\/?p=21992#primaryimage","url":"https:\/\/msconectado.com.br\/wp-content\/uploads\/2024\/04\/21ca32c4-ad07-4362-b2ff-71287addbabd.jpg","contentUrl":"https:\/\/msconectado.com.br\/wp-content\/uploads\/2024\/04\/21ca32c4-ad07-4362-b2ff-71287addbabd.jpg","width":1600,"height":1200},{"@type":"BreadcrumbList","@id":"https:\/\/msconectado.com.br\/?p=21992#breadcrumb","itemListElement":[{"@type":"ListItem","position":1,"name":"In\u00edcio","item":"https:\/\/msconectado.com.br\/?page_id=105"},{"@type":"ListItem","position":2,"name":"Vereador Rodrigo Laboissier integra mesa de debates na ASSOMASUL em Campo Grande."}]},{"@type":"WebSite","@id":"https:\/\/msconectado.com.br\/#website","url":"https:\/\/msconectado.com.br\/","name":"MsConectado","description":"Voc\u00ea Conectado com a Not\u00edcia!","publisher":{"@id":"https:\/\/msconectado.com.br\/#organization"},"potentialAction":[{"@type":"SearchAction","target":{"@type":"EntryPoint","urlTemplate":"https:\/\/msconectado.com.br\/?s={search_term_string}"},"query-input":{"@type":"PropertyValueSpecification","valueRequired":true,"valueName":"search_term_string"}}],"inLanguage":"pt-BR"},{"@type":"Organization","@id":"https:\/\/msconectado.com.br\/#organization","name":"MsConectado","url":"https:\/\/msconectado.com.br\/","logo":{"@type":"ImageObject","inLanguage":"pt-BR","@id":"https:\/\/msconectado.com.br\/#\/schema\/logo\/image\/","url":"https:\/\/msconectado.com.br\/wp-content\/uploads\/2023\/01\/cropped-noticia-2.png","contentUrl":"https:\/\/msconectado.com.br\/wp-content\/uploads\/2023\/01\/cropped-noticia-2.png","width":720,"height":157,"caption":"MsConectado"},"image":{"@id":"https:\/\/msconectado.com.br\/#\/schema\/logo\/image\/"}},{"@type":"Person","@id":"https:\/\/msconectado.com.br\/#\/schema\/person\/e5585545b5687092f1041d350b6e2c16","name":"MsConectado","image":{"@type":"ImageObject","inLanguage":"pt-BR","@id":"https:\/\/secure.gravatar.com\/avatar\/3b4f84a0a8a4380ac4431fa79981d073692380c5da00ae97596e794ab0db5c8c?s=96&d=mm&r=g","url":"https:\/\/secure.gravatar.com\/avatar\/3b4f84a0a8a4380ac4431fa79981d073692380c5da00ae97596e794ab0db5c8c?s=96&d=mm&r=g","contentUrl":"https:\/\/secure.gravatar.com\/avatar\/3b4f84a0a8a4380ac4431fa79981d073692380c5da00ae97596e794ab0db5c8c?s=96&d=mm&r=g","caption":"MsConectado"},"url":"https:\/\/msconectado.com.br\/?author=2"}]}},"_links":{"self":[{"href":"https:\/\/msconectado.com.br\/index.php?rest_route=\/wp\/v2\/posts\/21992","targetHints":{"allow":["GET"]}}],"collection":[{"href":"https:\/\/msconectado.com.br\/index.php?rest_route=\/wp\/v2\/posts"}],"about":[{"href":"https:\/\/msconectado.com.br\/index.php?rest_route=\/wp\/v2\/types\/post"}],"author":[{"embeddable":true,"href":"https:\/\/msconectado.com.br\/index.php?rest_route=\/wp\/v2\/users\/2"}],"replies":[{"embeddable":true,"href":"https:\/\/msconectado.com.br\/index.php?rest_route=%2Fwp%2Fv2%2Fcomments&post=21992"}],"version-history":[{"count":1,"href":"https:\/\/msconectado.com.br\/index.php?rest_route=\/wp\/v2\/posts\/21992\/revisions"}],"predecessor-version":[{"id":21994,"href":"https:\/\/msconectado.com.br\/index.php?rest_route=\/wp\/v2\/posts\/21992\/revisions\/21994"}],"wp:featuredmedia":[{"embeddable":true,"href":"https:\/\/msconectado.com.br\/index.php?rest_route=\/wp\/v2\/media\/21993"}],"wp:attachment":[{"href":"https:\/\/msconectado.com.br\/index.php?rest_route=%2Fwp%2Fv2%2Fmedia&parent=21992"}],"wp:term":[{"taxonomy":"category","embeddable":true,"href":"https:\/\/msconectado.com.br\/index.php?rest_route=%2Fwp%2Fv2%2Fcategories&post=21992"},{"taxonomy":"post_tag","embeddable":true,"href":"https:\/\/msconectado.com.br\/index.php?rest_route=%2Fwp%2Fv2%2Ftags&post=21992"}],"curies":[{"name":"wp","href":"https:\/\/api.w.org\/{rel}","templated":true}]}}