
{"id":22002,"date":"2024-04-25T22:59:25","date_gmt":"2024-04-25T22:59:25","guid":{"rendered":"https:\/\/msconectado.com.br\/?p=22002"},"modified":"2024-04-25T23:00:58","modified_gmt":"2024-04-25T23:00:58","slug":"solenidade-de-outorga-da-medalha-tiradentes-homenageia-militares-do-15o-bpm","status":"publish","type":"post","link":"https:\/\/msconectado.com.br\/?p=22002","title":{"rendered":"Solenidade de Outorga da Medalha Tiradentes Homenageia Militares do 15\u00ba BPM"},"content":{"rendered":"\n<p>Na tarde ensolarada desta ter\u00e7a-feira, dia 23 de abril, o 15\u00ba Batalh\u00e3o de Pol\u00edcia Militar (BPM) foi palco de uma cerim\u00f4nia solene e emocionante. A Solenidade de Outorga da Medalha Tiradentes reconheceu o m\u00e9rito e a dedica\u00e7\u00e3o de bravos militares, destacando o comprometimento e a excel\u00eancia no servi\u00e7o prestado \u00e0 comunidade.<\/p>\n\n\n\n<p>Entre os agraciados, destacaram-se o Capit\u00e3o QOPM Luana Mota da Costa e o Cabo QPPM Paulo Andre Degan Fidelix Trentini, cujas contribui\u00e7\u00f5es foram reconhecidas com a mais alta distin\u00e7\u00e3o do batalh\u00e3o. Sua coragem e abnega\u00e7\u00e3o foram ressaltadas diante de colegas, familiares e autoridades presentes.<\/p>\n\n\n\n<p>A presen\u00e7a marcante dos l\u00edderes do 15\u00ba BPM, o Major QOPM Daniele Macedo Grotti, comandante da unidade, e o 2\u00ba Tenente QOPM Raphael Penzo Neves, enfatizou a import\u00e2ncia do evento e o orgulho institucional.<\/p>\n\n\n<div class=\"wp-block-image\">\n<figure class=\"aligncenter size-large\"><img fetchpriority=\"high\" decoding=\"async\" width=\"1024\" height=\"772\" src=\"https:\/\/msconectado.com.br\/wp-content\/uploads\/2024\/04\/Snapinsta.app_440431369_742990991352913_2353724199444384155_n_1080-1024x772.jpg\" alt=\"\" class=\"wp-image-22003\" srcset=\"https:\/\/msconectado.com.br\/wp-content\/uploads\/2024\/04\/Snapinsta.app_440431369_742990991352913_2353724199444384155_n_1080-1024x772.jpg 1024w, https:\/\/msconectado.com.br\/wp-content\/uploads\/2024\/04\/Snapinsta.app_440431369_742990991352913_2353724199444384155_n_1080-300x226.jpg 300w, https:\/\/msconectado.com.br\/wp-content\/uploads\/2024\/04\/Snapinsta.app_440431369_742990991352913_2353724199444384155_n_1080-768x579.jpg 768w, https:\/\/msconectado.com.br\/wp-content\/uploads\/2024\/04\/Snapinsta.app_440431369_742990991352913_2353724199444384155_n_1080.jpg 1080w\" sizes=\"(max-width: 1024px) 100vw, 1024px\" \/><\/figure>\n<\/div>\n\n\n<p>O momento culminante da cerim\u00f4nia foi o Compromisso de Oficial proferido pelos novos 2\u00ba tenentes do 15\u00ba BPM, 2\u00ba Tenente QOPM Cl\u00e1udio Gonzaga Alves e 2\u00ba Tenente QOPM Luis Carlos Martins de Souza. Suas palavras solenes ecoaram o compromisso com os valores da institui\u00e7\u00e3o e a miss\u00e3o de proteger e servir \u00e0 sociedade.<\/p>\n\n\n\n<p>Al\u00e9m dos homenageados e dos l\u00edderes do 15\u00ba BPM, o evento contou com a ilustre presen\u00e7a do Sr. Comandante do CPA-1, Cel. Rodrigo Alex Potrich, e do ex-comandante do 15\u00b0 BPM, Cel. QOPM Cleder Pereira da Silva. Sua participa\u00e7\u00e3o refor\u00e7ou o apoio e reconhecimento da hierarquia militar.<\/p>\n\n\n\n<p>A Solenidade de Outorga da Medalha Tiradentes n\u00e3o apenas reconheceu o valor dos militares do 15\u00ba BPM, mas tamb\u00e9m ressaltou o compromisso cont\u00ednuo da Pol\u00edcia Militar em garantir a seguran\u00e7a e o bem-estar da comunidade.<\/p>\n\n\n\n<p>Reda\u00e7\u00e3o<\/p>\n\n\n\n<p>Fotos: divulga\u00e7\u00e3o nas redes sociais<\/p>\n\n\n<div class=\"wp-block-image\">\n<figure class=\"aligncenter size-full\"><img decoding=\"async\" width=\"900\" height=\"100\" src=\"https:\/\/msconectado.com.br\/wp-content\/uploads\/2024\/04\/MS-conectato-900-x-100-px.gif\" alt=\"\" class=\"wp-image-21951\"\/><\/figure>\n<\/div>","protected":false},"excerpt":{"rendered":"<p>Na tarde ensolarada desta ter\u00e7a-feira, dia 23 de abril, o 15\u00ba Batalh\u00e3o de Pol\u00edcia Militar (BPM) foi palco de uma cerim\u00f4nia solene e emocionante. A Solenidade de Outorga da Medalha Tiradentes reconheceu o m\u00e9rito e a dedica\u00e7\u00e3o de bravos militares, destacando o comprometimento e a excel\u00eancia no servi\u00e7o prestado \u00e0 comunidade. Entre os agraciados, destacaram-se [&hellip;]<\/p>\n","protected":false},"author":2,"featured_media":22004,"comment_status":"open","ping_status":"closed","sticky":false,"template":"","format":"standard","meta":{"footnotes":""},"categories":[35,1],"tags":[],"class_list":["post-22002","post","type-post","status-publish","format-standard","has-post-thumbnail","hentry","category-cidades","category-noticia"],"yoast_head":"<!-- This site is optimized with the Yoast SEO plugin v27.5 - https:\/\/yoast.com\/product\/yoast-seo-wordpress\/ -->\n<title>Solenidade de Outorga da Medalha Tiradentes Homenageia Militares do 15\u00ba BPM - MsConectado<\/title>\n<meta name=\"robots\" content=\"index, follow, max-snippet:-1, max-image-preview:large, max-video-preview:-1\" \/>\n<link rel=\"canonical\" href=\"https:\/\/msconectado.com.br\/?p=22002\" \/>\n<meta property=\"og:locale\" content=\"pt_BR\" \/>\n<meta property=\"og:type\" content=\"article\" \/>\n<meta property=\"og:title\" content=\"Solenidade de Outorga da Medalha Tiradentes Homenageia Militares do 15\u00ba BPM - MsConectado\" \/>\n<meta property=\"og:description\" content=\"Na tarde ensolarada desta ter\u00e7a-feira, dia 23 de abril, o 15\u00ba Batalh\u00e3o de Pol\u00edcia Militar (BPM) foi palco de uma cerim\u00f4nia solene e emocionante. A Solenidade de Outorga da Medalha Tiradentes reconheceu o m\u00e9rito e a dedica\u00e7\u00e3o de bravos militares, destacando o comprometimento e a excel\u00eancia no servi\u00e7o prestado \u00e0 comunidade. Entre os agraciados, destacaram-se [&hellip;]\" \/>\n<meta property=\"og:url\" content=\"https:\/\/msconectado.com.br\/?p=22002\" \/>\n<meta property=\"og:site_name\" content=\"MsConectado\" \/>\n<meta property=\"article:published_time\" content=\"2024-04-25T22:59:25+00:00\" \/>\n<meta property=\"article:modified_time\" content=\"2024-04-25T23:00:58+00:00\" \/>\n<meta property=\"og:image\" content=\"https:\/\/msconectado.com.br\/wp-content\/uploads\/2024\/04\/Snapinsta.app_439985618_1353846599350921_7514275125415237820_n_1080.jpg\" \/>\n\t<meta property=\"og:image:width\" content=\"964\" \/>\n\t<meta property=\"og:image:height\" content=\"727\" \/>\n\t<meta property=\"og:image:type\" content=\"image\/jpeg\" \/>\n<meta name=\"author\" content=\"MsConectado\" \/>\n<meta name=\"twitter:card\" content=\"summary_large_image\" \/>\n<meta name=\"twitter:label1\" content=\"Escrito por\" \/>\n\t<meta name=\"twitter:data1\" content=\"MsConectado\" \/>\n\t<meta name=\"twitter:label2\" content=\"Est. tempo de leitura\" \/>\n\t<meta name=\"twitter:data2\" content=\"3 minutos\" \/>\n<script type=\"application\/ld+json\" class=\"yoast-schema-graph\">{\"@context\":\"https:\\\/\\\/schema.org\",\"@graph\":[{\"@type\":\"Article\",\"@id\":\"https:\\\/\\\/msconectado.com.br\\\/?p=22002#article\",\"isPartOf\":{\"@id\":\"https:\\\/\\\/msconectado.com.br\\\/?p=22002\"},\"author\":{\"name\":\"MsConectado\",\"@id\":\"https:\\\/\\\/msconectado.com.br\\\/#\\\/schema\\\/person\\\/e5585545b5687092f1041d350b6e2c16\"},\"headline\":\"Solenidade de Outorga da Medalha Tiradentes Homenageia Militares do 15\u00ba BPM\",\"datePublished\":\"2024-04-25T22:59:25+00:00\",\"dateModified\":\"2024-04-25T23:00:58+00:00\",\"mainEntityOfPage\":{\"@id\":\"https:\\\/\\\/msconectado.com.br\\\/?p=22002\"},\"wordCount\":299,\"commentCount\":0,\"publisher\":{\"@id\":\"https:\\\/\\\/msconectado.com.br\\\/#organization\"},\"image\":{\"@id\":\"https:\\\/\\\/msconectado.com.br\\\/?p=22002#primaryimage\"},\"thumbnailUrl\":\"https:\\\/\\\/msconectado.com.br\\\/wp-content\\\/uploads\\\/2024\\\/04\\\/Snapinsta.app_439985618_1353846599350921_7514275125415237820_n_1080.jpg\",\"articleSection\":[\"Cidades\",\"Not\u00edcia\"],\"inLanguage\":\"pt-BR\",\"potentialAction\":[{\"@type\":\"CommentAction\",\"name\":\"Comment\",\"target\":[\"https:\\\/\\\/msconectado.com.br\\\/?p=22002#respond\"]}]},{\"@type\":\"WebPage\",\"@id\":\"https:\\\/\\\/msconectado.com.br\\\/?p=22002\",\"url\":\"https:\\\/\\\/msconectado.com.br\\\/?p=22002\",\"name\":\"Solenidade de Outorga da Medalha Tiradentes Homenageia Militares do 15\u00ba BPM - MsConectado\",\"isPartOf\":{\"@id\":\"https:\\\/\\\/msconectado.com.br\\\/#website\"},\"primaryImageOfPage\":{\"@id\":\"https:\\\/\\\/msconectado.com.br\\\/?p=22002#primaryimage\"},\"image\":{\"@id\":\"https:\\\/\\\/msconectado.com.br\\\/?p=22002#primaryimage\"},\"thumbnailUrl\":\"https:\\\/\\\/msconectado.com.br\\\/wp-content\\\/uploads\\\/2024\\\/04\\\/Snapinsta.app_439985618_1353846599350921_7514275125415237820_n_1080.jpg\",\"datePublished\":\"2024-04-25T22:59:25+00:00\",\"dateModified\":\"2024-04-25T23:00:58+00:00\",\"breadcrumb\":{\"@id\":\"https:\\\/\\\/msconectado.com.br\\\/?p=22002#breadcrumb\"},\"inLanguage\":\"pt-BR\",\"potentialAction\":[{\"@type\":\"ReadAction\",\"target\":[\"https:\\\/\\\/msconectado.com.br\\\/?p=22002\"]}]},{\"@type\":\"ImageObject\",\"inLanguage\":\"pt-BR\",\"@id\":\"https:\\\/\\\/msconectado.com.br\\\/?p=22002#primaryimage\",\"url\":\"https:\\\/\\\/msconectado.com.br\\\/wp-content\\\/uploads\\\/2024\\\/04\\\/Snapinsta.app_439985618_1353846599350921_7514275125415237820_n_1080.jpg\",\"contentUrl\":\"https:\\\/\\\/msconectado.com.br\\\/wp-content\\\/uploads\\\/2024\\\/04\\\/Snapinsta.app_439985618_1353846599350921_7514275125415237820_n_1080.jpg\",\"width\":964,\"height\":727},{\"@type\":\"BreadcrumbList\",\"@id\":\"https:\\\/\\\/msconectado.com.br\\\/?p=22002#breadcrumb\",\"itemListElement\":[{\"@type\":\"ListItem\",\"position\":1,\"name\":\"In\u00edcio\",\"item\":\"https:\\\/\\\/msconectado.com.br\\\/\"},{\"@type\":\"ListItem\",\"position\":2,\"name\":\"Solenidade de Outorga da Medalha Tiradentes Homenageia Militares do 15\u00ba BPM\"}]},{\"@type\":\"WebSite\",\"@id\":\"https:\\\/\\\/msconectado.com.br\\\/#website\",\"url\":\"https:\\\/\\\/msconectado.com.br\\\/\",\"name\":\"MsConectado\",\"description\":\"Voc\u00ea Conectado com a Not\u00edcia!\",\"publisher\":{\"@id\":\"https:\\\/\\\/msconectado.com.br\\\/#organization\"},\"potentialAction\":[{\"@type\":\"SearchAction\",\"target\":{\"@type\":\"EntryPoint\",\"urlTemplate\":\"https:\\\/\\\/msconectado.com.br\\\/?s={search_term_string}\"},\"query-input\":{\"@type\":\"PropertyValueSpecification\",\"valueRequired\":true,\"valueName\":\"search_term_string\"}}],\"inLanguage\":\"pt-BR\"},{\"@type\":\"Organization\",\"@id\":\"https:\\\/\\\/msconectado.com.br\\\/#organization\",\"name\":\"MsConectado\",\"url\":\"https:\\\/\\\/msconectado.com.br\\\/\",\"logo\":{\"@type\":\"ImageObject\",\"inLanguage\":\"pt-BR\",\"@id\":\"https:\\\/\\\/msconectado.com.br\\\/#\\\/schema\\\/logo\\\/image\\\/\",\"url\":\"https:\\\/\\\/msconectado.com.br\\\/wp-content\\\/uploads\\\/2023\\\/01\\\/cropped-noticia-2.png\",\"contentUrl\":\"https:\\\/\\\/msconectado.com.br\\\/wp-content\\\/uploads\\\/2023\\\/01\\\/cropped-noticia-2.png\",\"width\":720,\"height\":157,\"caption\":\"MsConectado\"},\"image\":{\"@id\":\"https:\\\/\\\/msconectado.com.br\\\/#\\\/schema\\\/logo\\\/image\\\/\"}},{\"@type\":\"Person\",\"@id\":\"https:\\\/\\\/msconectado.com.br\\\/#\\\/schema\\\/person\\\/e5585545b5687092f1041d350b6e2c16\",\"name\":\"MsConectado\",\"image\":{\"@type\":\"ImageObject\",\"inLanguage\":\"pt-BR\",\"@id\":\"https:\\\/\\\/secure.gravatar.com\\\/avatar\\\/3b4f84a0a8a4380ac4431fa79981d073692380c5da00ae97596e794ab0db5c8c?s=96&d=mm&r=g\",\"url\":\"https:\\\/\\\/secure.gravatar.com\\\/avatar\\\/3b4f84a0a8a4380ac4431fa79981d073692380c5da00ae97596e794ab0db5c8c?s=96&d=mm&r=g\",\"contentUrl\":\"https:\\\/\\\/secure.gravatar.com\\\/avatar\\\/3b4f84a0a8a4380ac4431fa79981d073692380c5da00ae97596e794ab0db5c8c?s=96&d=mm&r=g\",\"caption\":\"MsConectado\"},\"url\":\"https:\\\/\\\/msconectado.com.br\\\/?author=2\"}]}<\/script>\n<!-- \/ Yoast SEO plugin. -->","yoast_head_json":{"title":"Solenidade de Outorga da Medalha Tiradentes Homenageia Militares do 15\u00ba BPM - MsConectado","robots":{"index":"index","follow":"follow","max-snippet":"max-snippet:-1","max-image-preview":"max-image-preview:large","max-video-preview":"max-video-preview:-1"},"canonical":"https:\/\/msconectado.com.br\/?p=22002","og_locale":"pt_BR","og_type":"article","og_title":"Solenidade de Outorga da Medalha Tiradentes Homenageia Militares do 15\u00ba BPM - MsConectado","og_description":"Na tarde ensolarada desta ter\u00e7a-feira, dia 23 de abril, o 15\u00ba Batalh\u00e3o de Pol\u00edcia Militar (BPM) foi palco de uma cerim\u00f4nia solene e emocionante. A Solenidade de Outorga da Medalha Tiradentes reconheceu o m\u00e9rito e a dedica\u00e7\u00e3o de bravos militares, destacando o comprometimento e a excel\u00eancia no servi\u00e7o prestado \u00e0 comunidade. Entre os agraciados, destacaram-se [&hellip;]","og_url":"https:\/\/msconectado.com.br\/?p=22002","og_site_name":"MsConectado","article_published_time":"2024-04-25T22:59:25+00:00","article_modified_time":"2024-04-25T23:00:58+00:00","og_image":[{"width":964,"height":727,"url":"https:\/\/msconectado.com.br\/wp-content\/uploads\/2024\/04\/Snapinsta.app_439985618_1353846599350921_7514275125415237820_n_1080.jpg","type":"image\/jpeg"}],"author":"MsConectado","twitter_card":"summary_large_image","twitter_misc":{"Escrito por":"MsConectado","Est. tempo de leitura":"3 minutos"},"schema":{"@context":"https:\/\/schema.org","@graph":[{"@type":"Article","@id":"https:\/\/msconectado.com.br\/?p=22002#article","isPartOf":{"@id":"https:\/\/msconectado.com.br\/?p=22002"},"author":{"name":"MsConectado","@id":"https:\/\/msconectado.com.br\/#\/schema\/person\/e5585545b5687092f1041d350b6e2c16"},"headline":"Solenidade de Outorga da Medalha Tiradentes Homenageia Militares do 15\u00ba BPM","datePublished":"2024-04-25T22:59:25+00:00","dateModified":"2024-04-25T23:00:58+00:00","mainEntityOfPage":{"@id":"https:\/\/msconectado.com.br\/?p=22002"},"wordCount":299,"commentCount":0,"publisher":{"@id":"https:\/\/msconectado.com.br\/#organization"},"image":{"@id":"https:\/\/msconectado.com.br\/?p=22002#primaryimage"},"thumbnailUrl":"https:\/\/msconectado.com.br\/wp-content\/uploads\/2024\/04\/Snapinsta.app_439985618_1353846599350921_7514275125415237820_n_1080.jpg","articleSection":["Cidades","Not\u00edcia"],"inLanguage":"pt-BR","potentialAction":[{"@type":"CommentAction","name":"Comment","target":["https:\/\/msconectado.com.br\/?p=22002#respond"]}]},{"@type":"WebPage","@id":"https:\/\/msconectado.com.br\/?p=22002","url":"https:\/\/msconectado.com.br\/?p=22002","name":"Solenidade de Outorga da Medalha Tiradentes Homenageia Militares do 15\u00ba BPM - MsConectado","isPartOf":{"@id":"https:\/\/msconectado.com.br\/#website"},"primaryImageOfPage":{"@id":"https:\/\/msconectado.com.br\/?p=22002#primaryimage"},"image":{"@id":"https:\/\/msconectado.com.br\/?p=22002#primaryimage"},"thumbnailUrl":"https:\/\/msconectado.com.br\/wp-content\/uploads\/2024\/04\/Snapinsta.app_439985618_1353846599350921_7514275125415237820_n_1080.jpg","datePublished":"2024-04-25T22:59:25+00:00","dateModified":"2024-04-25T23:00:58+00:00","breadcrumb":{"@id":"https:\/\/msconectado.com.br\/?p=22002#breadcrumb"},"inLanguage":"pt-BR","potentialAction":[{"@type":"ReadAction","target":["https:\/\/msconectado.com.br\/?p=22002"]}]},{"@type":"ImageObject","inLanguage":"pt-BR","@id":"https:\/\/msconectado.com.br\/?p=22002#primaryimage","url":"https:\/\/msconectado.com.br\/wp-content\/uploads\/2024\/04\/Snapinsta.app_439985618_1353846599350921_7514275125415237820_n_1080.jpg","contentUrl":"https:\/\/msconectado.com.br\/wp-content\/uploads\/2024\/04\/Snapinsta.app_439985618_1353846599350921_7514275125415237820_n_1080.jpg","width":964,"height":727},{"@type":"BreadcrumbList","@id":"https:\/\/msconectado.com.br\/?p=22002#breadcrumb","itemListElement":[{"@type":"ListItem","position":1,"name":"In\u00edcio","item":"https:\/\/msconectado.com.br\/"},{"@type":"ListItem","position":2,"name":"Solenidade de Outorga da Medalha Tiradentes Homenageia Militares do 15\u00ba BPM"}]},{"@type":"WebSite","@id":"https:\/\/msconectado.com.br\/#website","url":"https:\/\/msconectado.com.br\/","name":"MsConectado","description":"Voc\u00ea Conectado com a Not\u00edcia!","publisher":{"@id":"https:\/\/msconectado.com.br\/#organization"},"potentialAction":[{"@type":"SearchAction","target":{"@type":"EntryPoint","urlTemplate":"https:\/\/msconectado.com.br\/?s={search_term_string}"},"query-input":{"@type":"PropertyValueSpecification","valueRequired":true,"valueName":"search_term_string"}}],"inLanguage":"pt-BR"},{"@type":"Organization","@id":"https:\/\/msconectado.com.br\/#organization","name":"MsConectado","url":"https:\/\/msconectado.com.br\/","logo":{"@type":"ImageObject","inLanguage":"pt-BR","@id":"https:\/\/msconectado.com.br\/#\/schema\/logo\/image\/","url":"https:\/\/msconectado.com.br\/wp-content\/uploads\/2023\/01\/cropped-noticia-2.png","contentUrl":"https:\/\/msconectado.com.br\/wp-content\/uploads\/2023\/01\/cropped-noticia-2.png","width":720,"height":157,"caption":"MsConectado"},"image":{"@id":"https:\/\/msconectado.com.br\/#\/schema\/logo\/image\/"}},{"@type":"Person","@id":"https:\/\/msconectado.com.br\/#\/schema\/person\/e5585545b5687092f1041d350b6e2c16","name":"MsConectado","image":{"@type":"ImageObject","inLanguage":"pt-BR","@id":"https:\/\/secure.gravatar.com\/avatar\/3b4f84a0a8a4380ac4431fa79981d073692380c5da00ae97596e794ab0db5c8c?s=96&d=mm&r=g","url":"https:\/\/secure.gravatar.com\/avatar\/3b4f84a0a8a4380ac4431fa79981d073692380c5da00ae97596e794ab0db5c8c?s=96&d=mm&r=g","contentUrl":"https:\/\/secure.gravatar.com\/avatar\/3b4f84a0a8a4380ac4431fa79981d073692380c5da00ae97596e794ab0db5c8c?s=96&d=mm&r=g","caption":"MsConectado"},"url":"https:\/\/msconectado.com.br\/?author=2"}]}},"_links":{"self":[{"href":"https:\/\/msconectado.com.br\/index.php?rest_route=\/wp\/v2\/posts\/22002","targetHints":{"allow":["GET"]}}],"collection":[{"href":"https:\/\/msconectado.com.br\/index.php?rest_route=\/wp\/v2\/posts"}],"about":[{"href":"https:\/\/msconectado.com.br\/index.php?rest_route=\/wp\/v2\/types\/post"}],"author":[{"embeddable":true,"href":"https:\/\/msconectado.com.br\/index.php?rest_route=\/wp\/v2\/users\/2"}],"replies":[{"embeddable":true,"href":"https:\/\/msconectado.com.br\/index.php?rest_route=%2Fwp%2Fv2%2Fcomments&post=22002"}],"version-history":[{"count":1,"href":"https:\/\/msconectado.com.br\/index.php?rest_route=\/wp\/v2\/posts\/22002\/revisions"}],"predecessor-version":[{"id":22005,"href":"https:\/\/msconectado.com.br\/index.php?rest_route=\/wp\/v2\/posts\/22002\/revisions\/22005"}],"wp:featuredmedia":[{"embeddable":true,"href":"https:\/\/msconectado.com.br\/index.php?rest_route=\/wp\/v2\/media\/22004"}],"wp:attachment":[{"href":"https:\/\/msconectado.com.br\/index.php?rest_route=%2Fwp%2Fv2%2Fmedia&parent=22002"}],"wp:term":[{"taxonomy":"category","embeddable":true,"href":"https:\/\/msconectado.com.br\/index.php?rest_route=%2Fwp%2Fv2%2Fcategories&post=22002"},{"taxonomy":"post_tag","embeddable":true,"href":"https:\/\/msconectado.com.br\/index.php?rest_route=%2Fwp%2Fv2%2Ftags&post=22002"}],"curies":[{"name":"wp","href":"https:\/\/api.w.org\/{rel}","templated":true}]}}