
{"id":22008,"date":"2024-04-26T12:13:56","date_gmt":"2024-04-26T12:13:56","guid":{"rendered":"https:\/\/msconectado.com.br\/?p=22008"},"modified":"2024-04-26T12:39:31","modified_gmt":"2024-04-26T12:39:31","slug":"vereador-laudo-sorrilha-solicita-informacoes-sobre-obras-dos-cepes-durante-sessao-na-camara-de-maracaju","status":"publish","type":"post","link":"https:\/\/msconectado.com.br\/?p=22008","title":{"rendered":"Vereador Laudo Sorrilha solicita informa\u00e7\u00f5es sobre obras dos Cepes durante sess\u00e3o na C\u00e2mara de Maracaju"},"content":{"rendered":"\n<p><br>Na \u00faltima 11\u00aa sess\u00e3o ordin\u00e1ria da C\u00e2mara Municipal de Maracaju, o vereador Laudo Sorrilha trouxe \u00e0 tona uma quest\u00e3o importante: o andamento das obras dos Centros de Esporte e Lazer (CEPES) do Cambarai e Sim\u00e3o Rocha. Demonstrando sua preocupa\u00e7\u00e3o com a lentid\u00e3o no progresso dessas obras, o vereador solicitou que os Secret\u00e1rios de Fazenda e Obras fossem convidados a prestar esclarecimentos aos vereadores sobre o andamento dos projetos.<\/p>\n\n\n\n<figure class=\"wp-block-embed is-type-video is-provider-youtube wp-block-embed-youtube wp-embed-aspect-16-9 wp-has-aspect-ratio\"><div class=\"wp-block-embed__wrapper\">\n<iframe title=\"Laudo Sorrilha solicita informa\u00e7\u00f5es sobre obras em Maracaju\" width=\"640\" height=\"360\" src=\"https:\/\/www.youtube.com\/embed\/KHMqs4XOZbM?feature=oembed\" frameborder=\"0\" allow=\"accelerometer; autoplay; clipboard-write; encrypted-media; gyroscope; picture-in-picture; web-share\" referrerpolicy=\"strict-origin-when-cross-origin\" allowfullscreen><\/iframe>\n<\/div><\/figure>\n\n\n\n<p>Laudo Sorrilha ressaltou a relev\u00e2ncia desses espa\u00e7os para a comunidade, destacando a crescente demanda por \u00e1reas de lazer em Maracaju. Ele expressou a import\u00e2ncia de uma reuni\u00e3o com o Secret\u00e1rio de Fazenda e Obras, juntamente com os parlamentares, para buscar solu\u00e7\u00f5es que possam impulsionar o avan\u00e7o das obras e garantir a conclus\u00e3o dos CEPES.<\/p>\n\n\n\n<p>O vereador enfatizou que a popula\u00e7\u00e3o est\u00e1 sofrendo com a falta de espa\u00e7os de lazer na cidade, e que os CEPES desempenham um papel fundamental na promo\u00e7\u00e3o do bem-estar e qualidade de vida dos moradores de Maracaju. Ele refor\u00e7ou seu compromisso em trabalhar em conjunto com os demais vereadores e a gest\u00e3o municipal para encontrar solu\u00e7\u00f5es que atendam \u00e0s necessidades da popula\u00e7\u00e3o e permitam a conclus\u00e3o dessas importantes obras.<\/p>\n\n\n<div class=\"wp-block-image\">\n<figure class=\"aligncenter size-full\"><img fetchpriority=\"high\" decoding=\"async\" width=\"900\" height=\"100\" src=\"https:\/\/msconectado.com.br\/wp-content\/uploads\/2024\/04\/MS-conectato-900-x-100-px.gif\" alt=\"\" class=\"wp-image-21951\"\/><\/figure>\n<\/div>","protected":false},"excerpt":{"rendered":"<p>Na \u00faltima 11\u00aa sess\u00e3o ordin\u00e1ria da C\u00e2mara Municipal de Maracaju, o vereador Laudo Sorrilha trouxe \u00e0 tona uma quest\u00e3o importante: o andamento das obras dos Centros de Esporte e Lazer (CEPES) do Cambarai e Sim\u00e3o Rocha. Demonstrando sua preocupa\u00e7\u00e3o com a lentid\u00e3o no progresso dessas obras, o vereador solicitou que os Secret\u00e1rios de Fazenda e [&hellip;]<\/p>\n","protected":false},"author":3,"featured_media":22009,"comment_status":"open","ping_status":"closed","sticky":false,"template":"","format":"standard","meta":{"footnotes":""},"categories":[35,1],"tags":[],"class_list":["post-22008","post","type-post","status-publish","format-standard","has-post-thumbnail","hentry","category-cidades","category-noticia"],"yoast_head":"<!-- This site is optimized with the Yoast SEO plugin v27.5 - https:\/\/yoast.com\/product\/yoast-seo-wordpress\/ -->\n<title>Vereador Laudo Sorrilha solicita informa\u00e7\u00f5es sobre obras dos Cepes durante sess\u00e3o na C\u00e2mara de Maracaju - MsConectado<\/title>\n<meta name=\"robots\" content=\"index, follow, max-snippet:-1, max-image-preview:large, max-video-preview:-1\" \/>\n<link rel=\"canonical\" href=\"https:\/\/msconectado.com.br\/?p=22008\" \/>\n<meta property=\"og:locale\" content=\"pt_BR\" \/>\n<meta property=\"og:type\" content=\"article\" \/>\n<meta property=\"og:title\" content=\"Vereador Laudo Sorrilha solicita informa\u00e7\u00f5es sobre obras dos Cepes durante sess\u00e3o na C\u00e2mara de Maracaju - MsConectado\" \/>\n<meta property=\"og:description\" content=\"Na \u00faltima 11\u00aa sess\u00e3o ordin\u00e1ria da C\u00e2mara Municipal de Maracaju, o vereador Laudo Sorrilha trouxe \u00e0 tona uma quest\u00e3o importante: o andamento das obras dos Centros de Esporte e Lazer (CEPES) do Cambarai e Sim\u00e3o Rocha. Demonstrando sua preocupa\u00e7\u00e3o com a lentid\u00e3o no progresso dessas obras, o vereador solicitou que os Secret\u00e1rios de Fazenda e [&hellip;]\" \/>\n<meta property=\"og:url\" content=\"https:\/\/msconectado.com.br\/?p=22008\" \/>\n<meta property=\"og:site_name\" content=\"MsConectado\" \/>\n<meta property=\"article:published_time\" content=\"2024-04-26T12:13:56+00:00\" \/>\n<meta property=\"article:modified_time\" content=\"2024-04-26T12:39:31+00:00\" \/>\n<meta property=\"og:image\" content=\"https:\/\/msconectado.com.br\/wp-content\/uploads\/2024\/04\/ee78d4eb-1040-4d8a-bc0e-153e0dff273c.jpg\" \/>\n\t<meta property=\"og:image:width\" content=\"1600\" \/>\n\t<meta property=\"og:image:height\" content=\"1066\" \/>\n\t<meta property=\"og:image:type\" content=\"image\/jpeg\" \/>\n<meta name=\"author\" content=\"Jeferson\" \/>\n<meta name=\"twitter:card\" content=\"summary_large_image\" \/>\n<meta name=\"twitter:label1\" content=\"Escrito por\" \/>\n\t<meta name=\"twitter:data1\" content=\"Jeferson\" \/>\n\t<meta name=\"twitter:label2\" content=\"Est. tempo de leitura\" \/>\n\t<meta name=\"twitter:data2\" content=\"2 minutos\" \/>\n<script type=\"application\/ld+json\" class=\"yoast-schema-graph\">{\"@context\":\"https:\\\/\\\/schema.org\",\"@graph\":[{\"@type\":\"Article\",\"@id\":\"https:\\\/\\\/msconectado.com.br\\\/?p=22008#article\",\"isPartOf\":{\"@id\":\"https:\\\/\\\/msconectado.com.br\\\/?p=22008\"},\"author\":{\"name\":\"Jeferson\",\"@id\":\"https:\\\/\\\/msconectado.com.br\\\/#\\\/schema\\\/person\\\/feb123a95a93eebea36f0ed6a2e5ba48\"},\"headline\":\"Vereador Laudo Sorrilha solicita informa\u00e7\u00f5es sobre obras dos Cepes durante sess\u00e3o na C\u00e2mara de Maracaju\",\"datePublished\":\"2024-04-26T12:13:56+00:00\",\"dateModified\":\"2024-04-26T12:39:31+00:00\",\"mainEntityOfPage\":{\"@id\":\"https:\\\/\\\/msconectado.com.br\\\/?p=22008\"},\"wordCount\":239,\"commentCount\":0,\"publisher\":{\"@id\":\"https:\\\/\\\/msconectado.com.br\\\/#organization\"},\"image\":{\"@id\":\"https:\\\/\\\/msconectado.com.br\\\/?p=22008#primaryimage\"},\"thumbnailUrl\":\"https:\\\/\\\/msconectado.com.br\\\/wp-content\\\/uploads\\\/2024\\\/04\\\/ee78d4eb-1040-4d8a-bc0e-153e0dff273c.jpg\",\"articleSection\":[\"Cidades\",\"Not\u00edcia\"],\"inLanguage\":\"pt-BR\",\"potentialAction\":[{\"@type\":\"CommentAction\",\"name\":\"Comment\",\"target\":[\"https:\\\/\\\/msconectado.com.br\\\/?p=22008#respond\"]}]},{\"@type\":\"WebPage\",\"@id\":\"https:\\\/\\\/msconectado.com.br\\\/?p=22008\",\"url\":\"https:\\\/\\\/msconectado.com.br\\\/?p=22008\",\"name\":\"Vereador Laudo Sorrilha solicita informa\u00e7\u00f5es sobre obras dos Cepes durante sess\u00e3o na C\u00e2mara de Maracaju - MsConectado\",\"isPartOf\":{\"@id\":\"https:\\\/\\\/msconectado.com.br\\\/#website\"},\"primaryImageOfPage\":{\"@id\":\"https:\\\/\\\/msconectado.com.br\\\/?p=22008#primaryimage\"},\"image\":{\"@id\":\"https:\\\/\\\/msconectado.com.br\\\/?p=22008#primaryimage\"},\"thumbnailUrl\":\"https:\\\/\\\/msconectado.com.br\\\/wp-content\\\/uploads\\\/2024\\\/04\\\/ee78d4eb-1040-4d8a-bc0e-153e0dff273c.jpg\",\"datePublished\":\"2024-04-26T12:13:56+00:00\",\"dateModified\":\"2024-04-26T12:39:31+00:00\",\"breadcrumb\":{\"@id\":\"https:\\\/\\\/msconectado.com.br\\\/?p=22008#breadcrumb\"},\"inLanguage\":\"pt-BR\",\"potentialAction\":[{\"@type\":\"ReadAction\",\"target\":[\"https:\\\/\\\/msconectado.com.br\\\/?p=22008\"]}]},{\"@type\":\"ImageObject\",\"inLanguage\":\"pt-BR\",\"@id\":\"https:\\\/\\\/msconectado.com.br\\\/?p=22008#primaryimage\",\"url\":\"https:\\\/\\\/msconectado.com.br\\\/wp-content\\\/uploads\\\/2024\\\/04\\\/ee78d4eb-1040-4d8a-bc0e-153e0dff273c.jpg\",\"contentUrl\":\"https:\\\/\\\/msconectado.com.br\\\/wp-content\\\/uploads\\\/2024\\\/04\\\/ee78d4eb-1040-4d8a-bc0e-153e0dff273c.jpg\",\"width\":1600,\"height\":1066},{\"@type\":\"BreadcrumbList\",\"@id\":\"https:\\\/\\\/msconectado.com.br\\\/?p=22008#breadcrumb\",\"itemListElement\":[{\"@type\":\"ListItem\",\"position\":1,\"name\":\"In\u00edcio\",\"item\":\"https:\\\/\\\/msconectado.com.br\\\/?page_id=105\"},{\"@type\":\"ListItem\",\"position\":2,\"name\":\"Vereador Laudo Sorrilha solicita informa\u00e7\u00f5es sobre obras dos Cepes durante sess\u00e3o na C\u00e2mara de Maracaju\"}]},{\"@type\":\"WebSite\",\"@id\":\"https:\\\/\\\/msconectado.com.br\\\/#website\",\"url\":\"https:\\\/\\\/msconectado.com.br\\\/\",\"name\":\"MsConectado\",\"description\":\"Voc\u00ea Conectado com a Not\u00edcia!\",\"publisher\":{\"@id\":\"https:\\\/\\\/msconectado.com.br\\\/#organization\"},\"potentialAction\":[{\"@type\":\"SearchAction\",\"target\":{\"@type\":\"EntryPoint\",\"urlTemplate\":\"https:\\\/\\\/msconectado.com.br\\\/?s={search_term_string}\"},\"query-input\":{\"@type\":\"PropertyValueSpecification\",\"valueRequired\":true,\"valueName\":\"search_term_string\"}}],\"inLanguage\":\"pt-BR\"},{\"@type\":\"Organization\",\"@id\":\"https:\\\/\\\/msconectado.com.br\\\/#organization\",\"name\":\"MsConectado\",\"url\":\"https:\\\/\\\/msconectado.com.br\\\/\",\"logo\":{\"@type\":\"ImageObject\",\"inLanguage\":\"pt-BR\",\"@id\":\"https:\\\/\\\/msconectado.com.br\\\/#\\\/schema\\\/logo\\\/image\\\/\",\"url\":\"https:\\\/\\\/msconectado.com.br\\\/wp-content\\\/uploads\\\/2023\\\/01\\\/cropped-noticia-2.png\",\"contentUrl\":\"https:\\\/\\\/msconectado.com.br\\\/wp-content\\\/uploads\\\/2023\\\/01\\\/cropped-noticia-2.png\",\"width\":720,\"height\":157,\"caption\":\"MsConectado\"},\"image\":{\"@id\":\"https:\\\/\\\/msconectado.com.br\\\/#\\\/schema\\\/logo\\\/image\\\/\"}},{\"@type\":\"Person\",\"@id\":\"https:\\\/\\\/msconectado.com.br\\\/#\\\/schema\\\/person\\\/feb123a95a93eebea36f0ed6a2e5ba48\",\"name\":\"Jeferson\",\"image\":{\"@type\":\"ImageObject\",\"inLanguage\":\"pt-BR\",\"@id\":\"https:\\\/\\\/secure.gravatar.com\\\/avatar\\\/e23e8901c88f0cdc0ad479ef7a39bf3e4c806344549c087c00b721a65549a328?s=96&d=mm&r=g\",\"url\":\"https:\\\/\\\/secure.gravatar.com\\\/avatar\\\/e23e8901c88f0cdc0ad479ef7a39bf3e4c806344549c087c00b721a65549a328?s=96&d=mm&r=g\",\"contentUrl\":\"https:\\\/\\\/secure.gravatar.com\\\/avatar\\\/e23e8901c88f0cdc0ad479ef7a39bf3e4c806344549c087c00b721a65549a328?s=96&d=mm&r=g\",\"caption\":\"Jeferson\"},\"url\":\"https:\\\/\\\/msconectado.com.br\\\/?author=3\"}]}<\/script>\n<!-- \/ Yoast SEO plugin. -->","yoast_head_json":{"title":"Vereador Laudo Sorrilha solicita informa\u00e7\u00f5es sobre obras dos Cepes durante sess\u00e3o na C\u00e2mara de Maracaju - MsConectado","robots":{"index":"index","follow":"follow","max-snippet":"max-snippet:-1","max-image-preview":"max-image-preview:large","max-video-preview":"max-video-preview:-1"},"canonical":"https:\/\/msconectado.com.br\/?p=22008","og_locale":"pt_BR","og_type":"article","og_title":"Vereador Laudo Sorrilha solicita informa\u00e7\u00f5es sobre obras dos Cepes durante sess\u00e3o na C\u00e2mara de Maracaju - MsConectado","og_description":"Na \u00faltima 11\u00aa sess\u00e3o ordin\u00e1ria da C\u00e2mara Municipal de Maracaju, o vereador Laudo Sorrilha trouxe \u00e0 tona uma quest\u00e3o importante: o andamento das obras dos Centros de Esporte e Lazer (CEPES) do Cambarai e Sim\u00e3o Rocha. Demonstrando sua preocupa\u00e7\u00e3o com a lentid\u00e3o no progresso dessas obras, o vereador solicitou que os Secret\u00e1rios de Fazenda e [&hellip;]","og_url":"https:\/\/msconectado.com.br\/?p=22008","og_site_name":"MsConectado","article_published_time":"2024-04-26T12:13:56+00:00","article_modified_time":"2024-04-26T12:39:31+00:00","og_image":[{"width":1600,"height":1066,"url":"https:\/\/msconectado.com.br\/wp-content\/uploads\/2024\/04\/ee78d4eb-1040-4d8a-bc0e-153e0dff273c.jpg","type":"image\/jpeg"}],"author":"Jeferson","twitter_card":"summary_large_image","twitter_misc":{"Escrito por":"Jeferson","Est. tempo de leitura":"2 minutos"},"schema":{"@context":"https:\/\/schema.org","@graph":[{"@type":"Article","@id":"https:\/\/msconectado.com.br\/?p=22008#article","isPartOf":{"@id":"https:\/\/msconectado.com.br\/?p=22008"},"author":{"name":"Jeferson","@id":"https:\/\/msconectado.com.br\/#\/schema\/person\/feb123a95a93eebea36f0ed6a2e5ba48"},"headline":"Vereador Laudo Sorrilha solicita informa\u00e7\u00f5es sobre obras dos Cepes durante sess\u00e3o na C\u00e2mara de Maracaju","datePublished":"2024-04-26T12:13:56+00:00","dateModified":"2024-04-26T12:39:31+00:00","mainEntityOfPage":{"@id":"https:\/\/msconectado.com.br\/?p=22008"},"wordCount":239,"commentCount":0,"publisher":{"@id":"https:\/\/msconectado.com.br\/#organization"},"image":{"@id":"https:\/\/msconectado.com.br\/?p=22008#primaryimage"},"thumbnailUrl":"https:\/\/msconectado.com.br\/wp-content\/uploads\/2024\/04\/ee78d4eb-1040-4d8a-bc0e-153e0dff273c.jpg","articleSection":["Cidades","Not\u00edcia"],"inLanguage":"pt-BR","potentialAction":[{"@type":"CommentAction","name":"Comment","target":["https:\/\/msconectado.com.br\/?p=22008#respond"]}]},{"@type":"WebPage","@id":"https:\/\/msconectado.com.br\/?p=22008","url":"https:\/\/msconectado.com.br\/?p=22008","name":"Vereador Laudo Sorrilha solicita informa\u00e7\u00f5es sobre obras dos Cepes durante sess\u00e3o na C\u00e2mara de Maracaju - MsConectado","isPartOf":{"@id":"https:\/\/msconectado.com.br\/#website"},"primaryImageOfPage":{"@id":"https:\/\/msconectado.com.br\/?p=22008#primaryimage"},"image":{"@id":"https:\/\/msconectado.com.br\/?p=22008#primaryimage"},"thumbnailUrl":"https:\/\/msconectado.com.br\/wp-content\/uploads\/2024\/04\/ee78d4eb-1040-4d8a-bc0e-153e0dff273c.jpg","datePublished":"2024-04-26T12:13:56+00:00","dateModified":"2024-04-26T12:39:31+00:00","breadcrumb":{"@id":"https:\/\/msconectado.com.br\/?p=22008#breadcrumb"},"inLanguage":"pt-BR","potentialAction":[{"@type":"ReadAction","target":["https:\/\/msconectado.com.br\/?p=22008"]}]},{"@type":"ImageObject","inLanguage":"pt-BR","@id":"https:\/\/msconectado.com.br\/?p=22008#primaryimage","url":"https:\/\/msconectado.com.br\/wp-content\/uploads\/2024\/04\/ee78d4eb-1040-4d8a-bc0e-153e0dff273c.jpg","contentUrl":"https:\/\/msconectado.com.br\/wp-content\/uploads\/2024\/04\/ee78d4eb-1040-4d8a-bc0e-153e0dff273c.jpg","width":1600,"height":1066},{"@type":"BreadcrumbList","@id":"https:\/\/msconectado.com.br\/?p=22008#breadcrumb","itemListElement":[{"@type":"ListItem","position":1,"name":"In\u00edcio","item":"https:\/\/msconectado.com.br\/?page_id=105"},{"@type":"ListItem","position":2,"name":"Vereador Laudo Sorrilha solicita informa\u00e7\u00f5es sobre obras dos Cepes durante sess\u00e3o na C\u00e2mara de Maracaju"}]},{"@type":"WebSite","@id":"https:\/\/msconectado.com.br\/#website","url":"https:\/\/msconectado.com.br\/","name":"MsConectado","description":"Voc\u00ea Conectado com a Not\u00edcia!","publisher":{"@id":"https:\/\/msconectado.com.br\/#organization"},"potentialAction":[{"@type":"SearchAction","target":{"@type":"EntryPoint","urlTemplate":"https:\/\/msconectado.com.br\/?s={search_term_string}"},"query-input":{"@type":"PropertyValueSpecification","valueRequired":true,"valueName":"search_term_string"}}],"inLanguage":"pt-BR"},{"@type":"Organization","@id":"https:\/\/msconectado.com.br\/#organization","name":"MsConectado","url":"https:\/\/msconectado.com.br\/","logo":{"@type":"ImageObject","inLanguage":"pt-BR","@id":"https:\/\/msconectado.com.br\/#\/schema\/logo\/image\/","url":"https:\/\/msconectado.com.br\/wp-content\/uploads\/2023\/01\/cropped-noticia-2.png","contentUrl":"https:\/\/msconectado.com.br\/wp-content\/uploads\/2023\/01\/cropped-noticia-2.png","width":720,"height":157,"caption":"MsConectado"},"image":{"@id":"https:\/\/msconectado.com.br\/#\/schema\/logo\/image\/"}},{"@type":"Person","@id":"https:\/\/msconectado.com.br\/#\/schema\/person\/feb123a95a93eebea36f0ed6a2e5ba48","name":"Jeferson","image":{"@type":"ImageObject","inLanguage":"pt-BR","@id":"https:\/\/secure.gravatar.com\/avatar\/e23e8901c88f0cdc0ad479ef7a39bf3e4c806344549c087c00b721a65549a328?s=96&d=mm&r=g","url":"https:\/\/secure.gravatar.com\/avatar\/e23e8901c88f0cdc0ad479ef7a39bf3e4c806344549c087c00b721a65549a328?s=96&d=mm&r=g","contentUrl":"https:\/\/secure.gravatar.com\/avatar\/e23e8901c88f0cdc0ad479ef7a39bf3e4c806344549c087c00b721a65549a328?s=96&d=mm&r=g","caption":"Jeferson"},"url":"https:\/\/msconectado.com.br\/?author=3"}]}},"_links":{"self":[{"href":"https:\/\/msconectado.com.br\/index.php?rest_route=\/wp\/v2\/posts\/22008","targetHints":{"allow":["GET"]}}],"collection":[{"href":"https:\/\/msconectado.com.br\/index.php?rest_route=\/wp\/v2\/posts"}],"about":[{"href":"https:\/\/msconectado.com.br\/index.php?rest_route=\/wp\/v2\/types\/post"}],"author":[{"embeddable":true,"href":"https:\/\/msconectado.com.br\/index.php?rest_route=\/wp\/v2\/users\/3"}],"replies":[{"embeddable":true,"href":"https:\/\/msconectado.com.br\/index.php?rest_route=%2Fwp%2Fv2%2Fcomments&post=22008"}],"version-history":[{"count":6,"href":"https:\/\/msconectado.com.br\/index.php?rest_route=\/wp\/v2\/posts\/22008\/revisions"}],"predecessor-version":[{"id":22018,"href":"https:\/\/msconectado.com.br\/index.php?rest_route=\/wp\/v2\/posts\/22008\/revisions\/22018"}],"wp:featuredmedia":[{"embeddable":true,"href":"https:\/\/msconectado.com.br\/index.php?rest_route=\/wp\/v2\/media\/22009"}],"wp:attachment":[{"href":"https:\/\/msconectado.com.br\/index.php?rest_route=%2Fwp%2Fv2%2Fmedia&parent=22008"}],"wp:term":[{"taxonomy":"category","embeddable":true,"href":"https:\/\/msconectado.com.br\/index.php?rest_route=%2Fwp%2Fv2%2Fcategories&post=22008"},{"taxonomy":"post_tag","embeddable":true,"href":"https:\/\/msconectado.com.br\/index.php?rest_route=%2Fwp%2Fv2%2Ftags&post=22008"}],"curies":[{"name":"wp","href":"https:\/\/api.w.org\/{rel}","templated":true}]}}