
{"id":22022,"date":"2024-04-26T13:08:44","date_gmt":"2024-04-26T13:08:44","guid":{"rendered":"https:\/\/msconectado.com.br\/?p=22022"},"modified":"2024-04-26T13:08:46","modified_gmt":"2024-04-26T13:08:46","slug":"presidente-indigena-da-camara-de-sidrolandia-marca-presenca-na-20a-edicao-do-acampamento-terra-livre-atl","status":"publish","type":"post","link":"https:\/\/msconectado.com.br\/?p=22022","title":{"rendered":"Presidente Ind\u00edgena da C\u00e2mara de Sidrol\u00e2ndia marca presen\u00e7a na 20\u00aa edi\u00e7\u00e3o do Acampamento Terra Livre (ATL)"},"content":{"rendered":"\n<p>O presidente da C\u00e2mara de Sidrol\u00e2ndia, Otacir Figueiredo, juntamente com lideran\u00e7as ind\u00edgenas da regi\u00e3o, marcou presen\u00e7a na 20\u00aa edi\u00e7\u00e3o do Acampamento Terra Livre (ATL), considerada a maior Assembleia dos Povos e Organiza\u00e7\u00f5es Ind\u00edgenas do Brasil.<\/p>\n\n\n\n<p>&#8220;Quanta honra estar participando da 20\u00aa edi\u00e7\u00e3o do Acampamento Terra Livre (ATL), a maior Assembleia dos Povos e Organiza\u00e7\u00f5es Ind\u00edgenas do Brasil!&#8221;, destacou o Presidente da C\u00e2mara, que tamb\u00e9m \u00e9 ind\u00edgena.<\/p>\n\n\n<div class=\"wp-block-image\">\n<figure class=\"aligncenter size-large\"><img fetchpriority=\"high\" decoding=\"async\" width=\"1024\" height=\"752\" src=\"https:\/\/msconectado.com.br\/wp-content\/uploads\/2024\/04\/Snapinsta.app_439864676_18274263937207528_183726843727473534_n_1152-1024x752.jpg\" alt=\"\" class=\"wp-image-22023\" srcset=\"https:\/\/msconectado.com.br\/wp-content\/uploads\/2024\/04\/Snapinsta.app_439864676_18274263937207528_183726843727473534_n_1152-1024x752.jpg 1024w, https:\/\/msconectado.com.br\/wp-content\/uploads\/2024\/04\/Snapinsta.app_439864676_18274263937207528_183726843727473534_n_1152-300x220.jpg 300w, https:\/\/msconectado.com.br\/wp-content\/uploads\/2024\/04\/Snapinsta.app_439864676_18274263937207528_183726843727473534_n_1152-768x564.jpg 768w, https:\/\/msconectado.com.br\/wp-content\/uploads\/2024\/04\/Snapinsta.app_439864676_18274263937207528_183726843727473534_n_1152.jpg 1152w\" sizes=\"(max-width: 1024px) 100vw, 1024px\" \/><\/figure>\n<\/div>\n\n\n<p>O ATL \u00e9 um espa\u00e7o de mobiliza\u00e7\u00e3o e luta pela demarca\u00e7\u00e3o de terras ind\u00edgenas, al\u00e9m de ser um f\u00f3rum para denunciar as viol\u00eancias decorrentes da disputa por territ\u00f3rios. Durante o encontro, diversos temas de grande import\u00e2ncia s\u00e3o discutidos, incluindo sa\u00fade, meio ambiente e educa\u00e7\u00e3o escolar ind\u00edgena.<\/p>\n\n\n\n<p>Na ter\u00e7a-feira, 23 de abril, a C\u00e2mara dos Deputados recebeu lideran\u00e7as ind\u00edgenas em uma sess\u00e3o solene pelos 20 anos do Acampamento Terra Livre. A ministra dos povos ind\u00edgenas, S\u00f4nia Guajajara, destacou o papel fundamental do ATL em dar visibilidade \u00e0s principais reivindica\u00e7\u00f5es dos ind\u00edgenas, incluindo a demarca\u00e7\u00e3o de terras.<\/p>\n\n\n\n<p>O Acampamento Terra Livre completa duas d\u00e9cadas de exist\u00eancia em 2024 como a maior mobiliza\u00e7\u00e3o de povos origin\u00e1rios do mundo. Durante a comemora\u00e7\u00e3o, lideran\u00e7as presentes reafirmaram a import\u00e2ncia da luta pela demarca\u00e7\u00e3o de terras e se manifestaram contra o marco temporal. O ATL 2024 continua em Bras\u00edlia at\u00e9 a sexta-feira (26), reunindo lideran\u00e7as e representantes de diversas etnias em prol dos direitos ind\u00edgenas e da preserva\u00e7\u00e3o de suas culturas.<\/p>\n\n\n<div class=\"wp-block-image\">\n<figure class=\"aligncenter size-full\"><img decoding=\"async\" width=\"900\" height=\"100\" src=\"https:\/\/msconectado.com.br\/wp-content\/uploads\/2024\/04\/MS-conectato-900-x-100-px.gif\" alt=\"\" class=\"wp-image-21951\"\/><\/figure>\n<\/div>","protected":false},"excerpt":{"rendered":"<p>O presidente da C\u00e2mara de Sidrol\u00e2ndia, Otacir Figueiredo, juntamente com lideran\u00e7as ind\u00edgenas da regi\u00e3o, marcou presen\u00e7a na 20\u00aa edi\u00e7\u00e3o do Acampamento Terra Livre (ATL), considerada a maior Assembleia dos Povos e Organiza\u00e7\u00f5es Ind\u00edgenas do Brasil. &#8220;Quanta honra estar participando da 20\u00aa edi\u00e7\u00e3o do Acampamento Terra Livre (ATL), a maior Assembleia dos Povos e Organiza\u00e7\u00f5es Ind\u00edgenas [&hellip;]<\/p>\n","protected":false},"author":2,"featured_media":22024,"comment_status":"open","ping_status":"closed","sticky":false,"template":"","format":"standard","meta":{"footnotes":""},"categories":[35,1],"tags":[],"class_list":["post-22022","post","type-post","status-publish","format-standard","has-post-thumbnail","hentry","category-cidades","category-noticia"],"yoast_head":"<!-- This site is optimized with the Yoast SEO plugin v27.5 - https:\/\/yoast.com\/product\/yoast-seo-wordpress\/ -->\n<title>Presidente Ind\u00edgena da C\u00e2mara de Sidrol\u00e2ndia marca presen\u00e7a na 20\u00aa edi\u00e7\u00e3o do Acampamento Terra Livre (ATL) - MsConectado<\/title>\n<meta name=\"robots\" content=\"index, follow, max-snippet:-1, max-image-preview:large, max-video-preview:-1\" \/>\n<link rel=\"canonical\" href=\"https:\/\/msconectado.com.br\/?p=22022\" \/>\n<meta property=\"og:locale\" content=\"pt_BR\" \/>\n<meta property=\"og:type\" content=\"article\" \/>\n<meta property=\"og:title\" content=\"Presidente Ind\u00edgena da C\u00e2mara de Sidrol\u00e2ndia marca presen\u00e7a na 20\u00aa edi\u00e7\u00e3o do Acampamento Terra Livre (ATL) - MsConectado\" \/>\n<meta property=\"og:description\" content=\"O presidente da C\u00e2mara de Sidrol\u00e2ndia, Otacir Figueiredo, juntamente com lideran\u00e7as ind\u00edgenas da regi\u00e3o, marcou presen\u00e7a na 20\u00aa edi\u00e7\u00e3o do Acampamento Terra Livre (ATL), considerada a maior Assembleia dos Povos e Organiza\u00e7\u00f5es Ind\u00edgenas do Brasil. &#8220;Quanta honra estar participando da 20\u00aa edi\u00e7\u00e3o do Acampamento Terra Livre (ATL), a maior Assembleia dos Povos e Organiza\u00e7\u00f5es Ind\u00edgenas [&hellip;]\" \/>\n<meta property=\"og:url\" content=\"https:\/\/msconectado.com.br\/?p=22022\" \/>\n<meta property=\"og:site_name\" content=\"MsConectado\" \/>\n<meta property=\"article:published_time\" content=\"2024-04-26T13:08:44+00:00\" \/>\n<meta property=\"article:modified_time\" content=\"2024-04-26T13:08:46+00:00\" \/>\n<meta property=\"og:image\" content=\"https:\/\/msconectado.com.br\/wp-content\/uploads\/2024\/04\/5bc6b9bc-df44-49f3-b55e-1940aa0002c4.jpg\" \/>\n\t<meta property=\"og:image:width\" content=\"1170\" \/>\n\t<meta property=\"og:image:height\" content=\"775\" \/>\n\t<meta property=\"og:image:type\" content=\"image\/jpeg\" \/>\n<meta name=\"author\" content=\"MsConectado\" \/>\n<meta name=\"twitter:card\" content=\"summary_large_image\" \/>\n<meta name=\"twitter:label1\" content=\"Escrito por\" \/>\n\t<meta name=\"twitter:data1\" content=\"MsConectado\" \/>\n\t<meta name=\"twitter:label2\" content=\"Est. tempo de leitura\" \/>\n\t<meta name=\"twitter:data2\" content=\"2 minutos\" \/>\n<script type=\"application\/ld+json\" class=\"yoast-schema-graph\">{\"@context\":\"https:\\\/\\\/schema.org\",\"@graph\":[{\"@type\":\"Article\",\"@id\":\"https:\\\/\\\/msconectado.com.br\\\/?p=22022#article\",\"isPartOf\":{\"@id\":\"https:\\\/\\\/msconectado.com.br\\\/?p=22022\"},\"author\":{\"name\":\"MsConectado\",\"@id\":\"https:\\\/\\\/msconectado.com.br\\\/#\\\/schema\\\/person\\\/e5585545b5687092f1041d350b6e2c16\"},\"headline\":\"Presidente Ind\u00edgena da C\u00e2mara de Sidrol\u00e2ndia marca presen\u00e7a na 20\u00aa edi\u00e7\u00e3o do Acampamento Terra Livre (ATL)\",\"datePublished\":\"2024-04-26T13:08:44+00:00\",\"dateModified\":\"2024-04-26T13:08:46+00:00\",\"mainEntityOfPage\":{\"@id\":\"https:\\\/\\\/msconectado.com.br\\\/?p=22022\"},\"wordCount\":291,\"commentCount\":0,\"publisher\":{\"@id\":\"https:\\\/\\\/msconectado.com.br\\\/#organization\"},\"image\":{\"@id\":\"https:\\\/\\\/msconectado.com.br\\\/?p=22022#primaryimage\"},\"thumbnailUrl\":\"https:\\\/\\\/msconectado.com.br\\\/wp-content\\\/uploads\\\/2024\\\/04\\\/5bc6b9bc-df44-49f3-b55e-1940aa0002c4.jpg\",\"articleSection\":[\"Cidades\",\"Not\u00edcia\"],\"inLanguage\":\"pt-BR\",\"potentialAction\":[{\"@type\":\"CommentAction\",\"name\":\"Comment\",\"target\":[\"https:\\\/\\\/msconectado.com.br\\\/?p=22022#respond\"]}]},{\"@type\":\"WebPage\",\"@id\":\"https:\\\/\\\/msconectado.com.br\\\/?p=22022\",\"url\":\"https:\\\/\\\/msconectado.com.br\\\/?p=22022\",\"name\":\"Presidente Ind\u00edgena da C\u00e2mara de Sidrol\u00e2ndia marca presen\u00e7a na 20\u00aa edi\u00e7\u00e3o do Acampamento Terra Livre (ATL) - MsConectado\",\"isPartOf\":{\"@id\":\"https:\\\/\\\/msconectado.com.br\\\/#website\"},\"primaryImageOfPage\":{\"@id\":\"https:\\\/\\\/msconectado.com.br\\\/?p=22022#primaryimage\"},\"image\":{\"@id\":\"https:\\\/\\\/msconectado.com.br\\\/?p=22022#primaryimage\"},\"thumbnailUrl\":\"https:\\\/\\\/msconectado.com.br\\\/wp-content\\\/uploads\\\/2024\\\/04\\\/5bc6b9bc-df44-49f3-b55e-1940aa0002c4.jpg\",\"datePublished\":\"2024-04-26T13:08:44+00:00\",\"dateModified\":\"2024-04-26T13:08:46+00:00\",\"breadcrumb\":{\"@id\":\"https:\\\/\\\/msconectado.com.br\\\/?p=22022#breadcrumb\"},\"inLanguage\":\"pt-BR\",\"potentialAction\":[{\"@type\":\"ReadAction\",\"target\":[\"https:\\\/\\\/msconectado.com.br\\\/?p=22022\"]}]},{\"@type\":\"ImageObject\",\"inLanguage\":\"pt-BR\",\"@id\":\"https:\\\/\\\/msconectado.com.br\\\/?p=22022#primaryimage\",\"url\":\"https:\\\/\\\/msconectado.com.br\\\/wp-content\\\/uploads\\\/2024\\\/04\\\/5bc6b9bc-df44-49f3-b55e-1940aa0002c4.jpg\",\"contentUrl\":\"https:\\\/\\\/msconectado.com.br\\\/wp-content\\\/uploads\\\/2024\\\/04\\\/5bc6b9bc-df44-49f3-b55e-1940aa0002c4.jpg\",\"width\":1170,\"height\":775},{\"@type\":\"BreadcrumbList\",\"@id\":\"https:\\\/\\\/msconectado.com.br\\\/?p=22022#breadcrumb\",\"itemListElement\":[{\"@type\":\"ListItem\",\"position\":1,\"name\":\"In\u00edcio\",\"item\":\"https:\\\/\\\/msconectado.com.br\\\/?page_id=105\"},{\"@type\":\"ListItem\",\"position\":2,\"name\":\"Presidente Ind\u00edgena da C\u00e2mara de Sidrol\u00e2ndia marca presen\u00e7a na 20\u00aa edi\u00e7\u00e3o do Acampamento Terra Livre (ATL)\"}]},{\"@type\":\"WebSite\",\"@id\":\"https:\\\/\\\/msconectado.com.br\\\/#website\",\"url\":\"https:\\\/\\\/msconectado.com.br\\\/\",\"name\":\"MsConectado\",\"description\":\"Voc\u00ea Conectado com a Not\u00edcia!\",\"publisher\":{\"@id\":\"https:\\\/\\\/msconectado.com.br\\\/#organization\"},\"potentialAction\":[{\"@type\":\"SearchAction\",\"target\":{\"@type\":\"EntryPoint\",\"urlTemplate\":\"https:\\\/\\\/msconectado.com.br\\\/?s={search_term_string}\"},\"query-input\":{\"@type\":\"PropertyValueSpecification\",\"valueRequired\":true,\"valueName\":\"search_term_string\"}}],\"inLanguage\":\"pt-BR\"},{\"@type\":\"Organization\",\"@id\":\"https:\\\/\\\/msconectado.com.br\\\/#organization\",\"name\":\"MsConectado\",\"url\":\"https:\\\/\\\/msconectado.com.br\\\/\",\"logo\":{\"@type\":\"ImageObject\",\"inLanguage\":\"pt-BR\",\"@id\":\"https:\\\/\\\/msconectado.com.br\\\/#\\\/schema\\\/logo\\\/image\\\/\",\"url\":\"https:\\\/\\\/msconectado.com.br\\\/wp-content\\\/uploads\\\/2023\\\/01\\\/cropped-noticia-2.png\",\"contentUrl\":\"https:\\\/\\\/msconectado.com.br\\\/wp-content\\\/uploads\\\/2023\\\/01\\\/cropped-noticia-2.png\",\"width\":720,\"height\":157,\"caption\":\"MsConectado\"},\"image\":{\"@id\":\"https:\\\/\\\/msconectado.com.br\\\/#\\\/schema\\\/logo\\\/image\\\/\"}},{\"@type\":\"Person\",\"@id\":\"https:\\\/\\\/msconectado.com.br\\\/#\\\/schema\\\/person\\\/e5585545b5687092f1041d350b6e2c16\",\"name\":\"MsConectado\",\"image\":{\"@type\":\"ImageObject\",\"inLanguage\":\"pt-BR\",\"@id\":\"https:\\\/\\\/secure.gravatar.com\\\/avatar\\\/3b4f84a0a8a4380ac4431fa79981d073692380c5da00ae97596e794ab0db5c8c?s=96&d=mm&r=g\",\"url\":\"https:\\\/\\\/secure.gravatar.com\\\/avatar\\\/3b4f84a0a8a4380ac4431fa79981d073692380c5da00ae97596e794ab0db5c8c?s=96&d=mm&r=g\",\"contentUrl\":\"https:\\\/\\\/secure.gravatar.com\\\/avatar\\\/3b4f84a0a8a4380ac4431fa79981d073692380c5da00ae97596e794ab0db5c8c?s=96&d=mm&r=g\",\"caption\":\"MsConectado\"},\"url\":\"https:\\\/\\\/msconectado.com.br\\\/?author=2\"}]}<\/script>\n<!-- \/ Yoast SEO plugin. -->","yoast_head_json":{"title":"Presidente Ind\u00edgena da C\u00e2mara de Sidrol\u00e2ndia marca presen\u00e7a na 20\u00aa edi\u00e7\u00e3o do Acampamento Terra Livre (ATL) - MsConectado","robots":{"index":"index","follow":"follow","max-snippet":"max-snippet:-1","max-image-preview":"max-image-preview:large","max-video-preview":"max-video-preview:-1"},"canonical":"https:\/\/msconectado.com.br\/?p=22022","og_locale":"pt_BR","og_type":"article","og_title":"Presidente Ind\u00edgena da C\u00e2mara de Sidrol\u00e2ndia marca presen\u00e7a na 20\u00aa edi\u00e7\u00e3o do Acampamento Terra Livre (ATL) - MsConectado","og_description":"O presidente da C\u00e2mara de Sidrol\u00e2ndia, Otacir Figueiredo, juntamente com lideran\u00e7as ind\u00edgenas da regi\u00e3o, marcou presen\u00e7a na 20\u00aa edi\u00e7\u00e3o do Acampamento Terra Livre (ATL), considerada a maior Assembleia dos Povos e Organiza\u00e7\u00f5es Ind\u00edgenas do Brasil. &#8220;Quanta honra estar participando da 20\u00aa edi\u00e7\u00e3o do Acampamento Terra Livre (ATL), a maior Assembleia dos Povos e Organiza\u00e7\u00f5es Ind\u00edgenas [&hellip;]","og_url":"https:\/\/msconectado.com.br\/?p=22022","og_site_name":"MsConectado","article_published_time":"2024-04-26T13:08:44+00:00","article_modified_time":"2024-04-26T13:08:46+00:00","og_image":[{"width":1170,"height":775,"url":"https:\/\/msconectado.com.br\/wp-content\/uploads\/2024\/04\/5bc6b9bc-df44-49f3-b55e-1940aa0002c4.jpg","type":"image\/jpeg"}],"author":"MsConectado","twitter_card":"summary_large_image","twitter_misc":{"Escrito por":"MsConectado","Est. tempo de leitura":"2 minutos"},"schema":{"@context":"https:\/\/schema.org","@graph":[{"@type":"Article","@id":"https:\/\/msconectado.com.br\/?p=22022#article","isPartOf":{"@id":"https:\/\/msconectado.com.br\/?p=22022"},"author":{"name":"MsConectado","@id":"https:\/\/msconectado.com.br\/#\/schema\/person\/e5585545b5687092f1041d350b6e2c16"},"headline":"Presidente Ind\u00edgena da C\u00e2mara de Sidrol\u00e2ndia marca presen\u00e7a na 20\u00aa edi\u00e7\u00e3o do Acampamento Terra Livre (ATL)","datePublished":"2024-04-26T13:08:44+00:00","dateModified":"2024-04-26T13:08:46+00:00","mainEntityOfPage":{"@id":"https:\/\/msconectado.com.br\/?p=22022"},"wordCount":291,"commentCount":0,"publisher":{"@id":"https:\/\/msconectado.com.br\/#organization"},"image":{"@id":"https:\/\/msconectado.com.br\/?p=22022#primaryimage"},"thumbnailUrl":"https:\/\/msconectado.com.br\/wp-content\/uploads\/2024\/04\/5bc6b9bc-df44-49f3-b55e-1940aa0002c4.jpg","articleSection":["Cidades","Not\u00edcia"],"inLanguage":"pt-BR","potentialAction":[{"@type":"CommentAction","name":"Comment","target":["https:\/\/msconectado.com.br\/?p=22022#respond"]}]},{"@type":"WebPage","@id":"https:\/\/msconectado.com.br\/?p=22022","url":"https:\/\/msconectado.com.br\/?p=22022","name":"Presidente Ind\u00edgena da C\u00e2mara de Sidrol\u00e2ndia marca presen\u00e7a na 20\u00aa edi\u00e7\u00e3o do Acampamento Terra Livre (ATL) - MsConectado","isPartOf":{"@id":"https:\/\/msconectado.com.br\/#website"},"primaryImageOfPage":{"@id":"https:\/\/msconectado.com.br\/?p=22022#primaryimage"},"image":{"@id":"https:\/\/msconectado.com.br\/?p=22022#primaryimage"},"thumbnailUrl":"https:\/\/msconectado.com.br\/wp-content\/uploads\/2024\/04\/5bc6b9bc-df44-49f3-b55e-1940aa0002c4.jpg","datePublished":"2024-04-26T13:08:44+00:00","dateModified":"2024-04-26T13:08:46+00:00","breadcrumb":{"@id":"https:\/\/msconectado.com.br\/?p=22022#breadcrumb"},"inLanguage":"pt-BR","potentialAction":[{"@type":"ReadAction","target":["https:\/\/msconectado.com.br\/?p=22022"]}]},{"@type":"ImageObject","inLanguage":"pt-BR","@id":"https:\/\/msconectado.com.br\/?p=22022#primaryimage","url":"https:\/\/msconectado.com.br\/wp-content\/uploads\/2024\/04\/5bc6b9bc-df44-49f3-b55e-1940aa0002c4.jpg","contentUrl":"https:\/\/msconectado.com.br\/wp-content\/uploads\/2024\/04\/5bc6b9bc-df44-49f3-b55e-1940aa0002c4.jpg","width":1170,"height":775},{"@type":"BreadcrumbList","@id":"https:\/\/msconectado.com.br\/?p=22022#breadcrumb","itemListElement":[{"@type":"ListItem","position":1,"name":"In\u00edcio","item":"https:\/\/msconectado.com.br\/?page_id=105"},{"@type":"ListItem","position":2,"name":"Presidente Ind\u00edgena da C\u00e2mara de Sidrol\u00e2ndia marca presen\u00e7a na 20\u00aa edi\u00e7\u00e3o do Acampamento Terra Livre (ATL)"}]},{"@type":"WebSite","@id":"https:\/\/msconectado.com.br\/#website","url":"https:\/\/msconectado.com.br\/","name":"MsConectado","description":"Voc\u00ea Conectado com a Not\u00edcia!","publisher":{"@id":"https:\/\/msconectado.com.br\/#organization"},"potentialAction":[{"@type":"SearchAction","target":{"@type":"EntryPoint","urlTemplate":"https:\/\/msconectado.com.br\/?s={search_term_string}"},"query-input":{"@type":"PropertyValueSpecification","valueRequired":true,"valueName":"search_term_string"}}],"inLanguage":"pt-BR"},{"@type":"Organization","@id":"https:\/\/msconectado.com.br\/#organization","name":"MsConectado","url":"https:\/\/msconectado.com.br\/","logo":{"@type":"ImageObject","inLanguage":"pt-BR","@id":"https:\/\/msconectado.com.br\/#\/schema\/logo\/image\/","url":"https:\/\/msconectado.com.br\/wp-content\/uploads\/2023\/01\/cropped-noticia-2.png","contentUrl":"https:\/\/msconectado.com.br\/wp-content\/uploads\/2023\/01\/cropped-noticia-2.png","width":720,"height":157,"caption":"MsConectado"},"image":{"@id":"https:\/\/msconectado.com.br\/#\/schema\/logo\/image\/"}},{"@type":"Person","@id":"https:\/\/msconectado.com.br\/#\/schema\/person\/e5585545b5687092f1041d350b6e2c16","name":"MsConectado","image":{"@type":"ImageObject","inLanguage":"pt-BR","@id":"https:\/\/secure.gravatar.com\/avatar\/3b4f84a0a8a4380ac4431fa79981d073692380c5da00ae97596e794ab0db5c8c?s=96&d=mm&r=g","url":"https:\/\/secure.gravatar.com\/avatar\/3b4f84a0a8a4380ac4431fa79981d073692380c5da00ae97596e794ab0db5c8c?s=96&d=mm&r=g","contentUrl":"https:\/\/secure.gravatar.com\/avatar\/3b4f84a0a8a4380ac4431fa79981d073692380c5da00ae97596e794ab0db5c8c?s=96&d=mm&r=g","caption":"MsConectado"},"url":"https:\/\/msconectado.com.br\/?author=2"}]}},"_links":{"self":[{"href":"https:\/\/msconectado.com.br\/index.php?rest_route=\/wp\/v2\/posts\/22022","targetHints":{"allow":["GET"]}}],"collection":[{"href":"https:\/\/msconectado.com.br\/index.php?rest_route=\/wp\/v2\/posts"}],"about":[{"href":"https:\/\/msconectado.com.br\/index.php?rest_route=\/wp\/v2\/types\/post"}],"author":[{"embeddable":true,"href":"https:\/\/msconectado.com.br\/index.php?rest_route=\/wp\/v2\/users\/2"}],"replies":[{"embeddable":true,"href":"https:\/\/msconectado.com.br\/index.php?rest_route=%2Fwp%2Fv2%2Fcomments&post=22022"}],"version-history":[{"count":1,"href":"https:\/\/msconectado.com.br\/index.php?rest_route=\/wp\/v2\/posts\/22022\/revisions"}],"predecessor-version":[{"id":22025,"href":"https:\/\/msconectado.com.br\/index.php?rest_route=\/wp\/v2\/posts\/22022\/revisions\/22025"}],"wp:featuredmedia":[{"embeddable":true,"href":"https:\/\/msconectado.com.br\/index.php?rest_route=\/wp\/v2\/media\/22024"}],"wp:attachment":[{"href":"https:\/\/msconectado.com.br\/index.php?rest_route=%2Fwp%2Fv2%2Fmedia&parent=22022"}],"wp:term":[{"taxonomy":"category","embeddable":true,"href":"https:\/\/msconectado.com.br\/index.php?rest_route=%2Fwp%2Fv2%2Fcategories&post=22022"},{"taxonomy":"post_tag","embeddable":true,"href":"https:\/\/msconectado.com.br\/index.php?rest_route=%2Fwp%2Fv2%2Ftags&post=22022"}],"curies":[{"name":"wp","href":"https:\/\/api.w.org\/{rel}","templated":true}]}}