
{"id":22027,"date":"2024-04-28T23:43:30","date_gmt":"2024-04-28T23:43:30","guid":{"rendered":"https:\/\/msconectado.com.br\/?p=22027"},"modified":"2024-04-28T23:43:32","modified_gmt":"2024-04-28T23:43:32","slug":"1o-campeonato-de-futsal-champions-bleia-movimentou-o-domingo-em-maracaju","status":"publish","type":"post","link":"https:\/\/msconectado.com.br\/?p=22027","title":{"rendered":"1\u00ba Campeonato de Futsal Champions Bleia movimentou o domingo em Maracaju."},"content":{"rendered":"\n<p>No \u00faltimo domingo, a cidade de Maracaju testemunhou um evento memor\u00e1vel: o 1\u00ba Campeonato de Futsal Champions Bleia, promovido pela igreja Assembleia de Deus de Maracaju e liderada pelo Pastor Jacob Melo dos Santos. A competi\u00e7\u00e3o n\u00e3o s\u00f3 celebrou a paix\u00e3o pelo esporte, mas tamb\u00e9m promoveu a uni\u00e3o entre as congrega\u00e7\u00f5es de Maracaju e Vista Alegre, deixando uma marca significativa na comunidade.<\/p>\n\n\n<div class=\"wp-block-image\">\n<figure class=\"aligncenter size-large\"><img fetchpriority=\"high\" decoding=\"async\" width=\"1024\" height=\"683\" src=\"https:\/\/msconectado.com.br\/wp-content\/uploads\/2024\/04\/image-77-1024x683.png\" alt=\"\" class=\"wp-image-22037\" srcset=\"https:\/\/msconectado.com.br\/wp-content\/uploads\/2024\/04\/image-77-1024x683.png 1024w, https:\/\/msconectado.com.br\/wp-content\/uploads\/2024\/04\/image-77-300x200.png 300w, https:\/\/msconectado.com.br\/wp-content\/uploads\/2024\/04\/image-77-768x512.png 768w, https:\/\/msconectado.com.br\/wp-content\/uploads\/2024\/04\/image-77-1536x1024.png 1536w, https:\/\/msconectado.com.br\/wp-content\/uploads\/2024\/04\/image-77-360x240.png 360w, https:\/\/msconectado.com.br\/wp-content\/uploads\/2024\/04\/image-77.png 2048w\" sizes=\"(max-width: 1024px) 100vw, 1024px\" \/><\/figure>\n<\/div>\n\n<div class=\"wp-block-image\">\n<figure class=\"aligncenter size-large\"><img decoding=\"async\" width=\"1024\" height=\"683\" src=\"https:\/\/msconectado.com.br\/wp-content\/uploads\/2024\/04\/image-68-1024x683.png\" alt=\"\" class=\"wp-image-22028\" srcset=\"https:\/\/msconectado.com.br\/wp-content\/uploads\/2024\/04\/image-68-1024x683.png 1024w, https:\/\/msconectado.com.br\/wp-content\/uploads\/2024\/04\/image-68-300x200.png 300w, https:\/\/msconectado.com.br\/wp-content\/uploads\/2024\/04\/image-68-768x512.png 768w, https:\/\/msconectado.com.br\/wp-content\/uploads\/2024\/04\/image-68-1536x1024.png 1536w, https:\/\/msconectado.com.br\/wp-content\/uploads\/2024\/04\/image-68-360x240.png 360w, https:\/\/msconectado.com.br\/wp-content\/uploads\/2024\/04\/image-68.png 2048w\" sizes=\"(max-width: 1024px) 100vw, 1024px\" \/><\/figure>\n<\/div>\n\n\n<p>Desde os primeiros jogos, uma atmosfera de camaradagem e emo\u00e7\u00e3o envolveu os participantes, destacando n\u00e3o apenas a competi\u00e7\u00e3o esportiva, mas tamb\u00e9m os la\u00e7os de amizade e respeito m\u00fatuo. Para o L\u00edder de Jovens, Evangelista Fernando, o campeonato transcendeu as quadras: &#8220;Foi uma oportunidade \u00fanica de fortalecer la\u00e7os, promover a uni\u00e3o e cultivar valores essenciais. Estamos profundamente gratos por proporcionar este espa\u00e7o para os jovens de nossas congrega\u00e7\u00f5es.&#8221;<\/p>\n\n\n<div class=\"wp-block-image\">\n<figure class=\"aligncenter size-large\"><img decoding=\"async\" width=\"1024\" height=\"683\" src=\"https:\/\/msconectado.com.br\/wp-content\/uploads\/2024\/04\/image-79-1024x683.png\" alt=\"\" class=\"wp-image-22039\" srcset=\"https:\/\/msconectado.com.br\/wp-content\/uploads\/2024\/04\/image-79-1024x683.png 1024w, https:\/\/msconectado.com.br\/wp-content\/uploads\/2024\/04\/image-79-300x200.png 300w, https:\/\/msconectado.com.br\/wp-content\/uploads\/2024\/04\/image-79-768x512.png 768w, https:\/\/msconectado.com.br\/wp-content\/uploads\/2024\/04\/image-79-1536x1024.png 1536w, https:\/\/msconectado.com.br\/wp-content\/uploads\/2024\/04\/image-79-360x240.png 360w, https:\/\/msconectado.com.br\/wp-content\/uploads\/2024\/04\/image-79.png 2048w\" sizes=\"(max-width: 1024px) 100vw, 1024px\" \/><\/figure>\n<\/div>\n\n<div class=\"wp-block-image\">\n<figure class=\"aligncenter size-large\"><img loading=\"lazy\" decoding=\"async\" width=\"1024\" height=\"683\" src=\"https:\/\/msconectado.com.br\/wp-content\/uploads\/2024\/04\/image-71-1024x683.png\" alt=\"\" class=\"wp-image-22031\" srcset=\"https:\/\/msconectado.com.br\/wp-content\/uploads\/2024\/04\/image-71-1024x683.png 1024w, https:\/\/msconectado.com.br\/wp-content\/uploads\/2024\/04\/image-71-300x200.png 300w, https:\/\/msconectado.com.br\/wp-content\/uploads\/2024\/04\/image-71-768x512.png 768w, https:\/\/msconectado.com.br\/wp-content\/uploads\/2024\/04\/image-71-1536x1024.png 1536w, https:\/\/msconectado.com.br\/wp-content\/uploads\/2024\/04\/image-71-360x240.png 360w, https:\/\/msconectado.com.br\/wp-content\/uploads\/2024\/04\/image-71.png 2048w\" sizes=\"(max-width: 1024px) 100vw, 1024px\" \/><\/figure>\n<\/div>\n\n\n<p>A competi\u00e7\u00e3o foi marcada por partidas intensas, onde o talento de cada equipe brilhava a cada lance. No momento decisivo, a Congrega\u00e7\u00e3o do Adrien sagrou-se campe\u00e3, demonstrando esfor\u00e7o e habilidade excepcionais. Em segundo lugar, a Congrega\u00e7\u00e3o de Vista Alegre conquistou uma merecida posi\u00e7\u00e3o no p\u00f3dio, seguida pela vibrante Equipe de Louvor da Sede, que adicionou ainda mais entusiasmo ao evento.<\/p>\n\n\n<div class=\"wp-block-image\">\n<figure class=\"aligncenter size-large\"><img loading=\"lazy\" decoding=\"async\" width=\"1024\" height=\"683\" src=\"https:\/\/msconectado.com.br\/wp-content\/uploads\/2024\/04\/image-73-1024x683.png\" alt=\"\" class=\"wp-image-22033\" srcset=\"https:\/\/msconectado.com.br\/wp-content\/uploads\/2024\/04\/image-73-1024x683.png 1024w, https:\/\/msconectado.com.br\/wp-content\/uploads\/2024\/04\/image-73-300x200.png 300w, https:\/\/msconectado.com.br\/wp-content\/uploads\/2024\/04\/image-73-768x512.png 768w, https:\/\/msconectado.com.br\/wp-content\/uploads\/2024\/04\/image-73-1536x1024.png 1536w, https:\/\/msconectado.com.br\/wp-content\/uploads\/2024\/04\/image-73-360x240.png 360w, https:\/\/msconectado.com.br\/wp-content\/uploads\/2024\/04\/image-73.png 2048w\" sizes=\"(max-width: 1024px) 100vw, 1024px\" \/><\/figure>\n<\/div>\n\n\n<p>A lideran\u00e7a da Igreja Assembleia de Deus de Maracaju Parabeniza a todas as equipes pelo empenho e dedica\u00e7\u00e3o demonstrados em cada jogo. Que essas conquistas sirvam de motivo de orgulho para suas comunidades e inspirem ainda mais uni\u00e3o e fraternidade entre os participantes. Que venham mais momentos de celebra\u00e7\u00e3o e competi\u00e7\u00e3o, pois o 1\u00ba Campeonato de Futsal Champions Bleia foi um verdadeiro sucesso, deixando uma marca indel\u00e9vel na hist\u00f3ria da comunidade de Maracaju!<\/p>\n\n\n<div class=\"wp-block-image\">\n<figure class=\"aligncenter size-large\"><img loading=\"lazy\" decoding=\"async\" width=\"1024\" height=\"683\" src=\"https:\/\/msconectado.com.br\/wp-content\/uploads\/2024\/04\/image-75-1024x683.png\" alt=\"\" class=\"wp-image-22035\" srcset=\"https:\/\/msconectado.com.br\/wp-content\/uploads\/2024\/04\/image-75-1024x683.png 1024w, https:\/\/msconectado.com.br\/wp-content\/uploads\/2024\/04\/image-75-300x200.png 300w, https:\/\/msconectado.com.br\/wp-content\/uploads\/2024\/04\/image-75-768x512.png 768w, https:\/\/msconectado.com.br\/wp-content\/uploads\/2024\/04\/image-75-1536x1024.png 1536w, https:\/\/msconectado.com.br\/wp-content\/uploads\/2024\/04\/image-75-360x240.png 360w, https:\/\/msconectado.com.br\/wp-content\/uploads\/2024\/04\/image-75.png 2048w\" sizes=\"(max-width: 1024px) 100vw, 1024px\" \/><\/figure>\n<\/div>\n\n\n<p>Reda\u00e7\u00e3o<\/p>\n\n\n<div class=\"wp-block-image\">\n<figure class=\"aligncenter size-full\"><img loading=\"lazy\" decoding=\"async\" width=\"900\" height=\"100\" src=\"https:\/\/msconectado.com.br\/wp-content\/uploads\/2024\/04\/MS-conectato-900-x-100-px.gif\" alt=\"\" class=\"wp-image-21951\"\/><\/figure>\n<\/div>","protected":false},"excerpt":{"rendered":"<p>No \u00faltimo domingo, a cidade de Maracaju testemunhou um evento memor\u00e1vel: o 1\u00ba Campeonato de Futsal Champions Bleia, promovido pela igreja Assembleia de Deus de Maracaju e liderada pelo Pastor Jacob Melo dos Santos. A competi\u00e7\u00e3o n\u00e3o s\u00f3 celebrou a paix\u00e3o pelo esporte, mas tamb\u00e9m promoveu a uni\u00e3o entre as congrega\u00e7\u00f5es de Maracaju e Vista [&hellip;]<\/p>\n","protected":false},"author":2,"featured_media":22029,"comment_status":"open","ping_status":"closed","sticky":false,"template":"","format":"standard","meta":{"footnotes":""},"categories":[35,1],"tags":[],"class_list":["post-22027","post","type-post","status-publish","format-standard","has-post-thumbnail","hentry","category-cidades","category-noticia"],"yoast_head":"<!-- This site is optimized with the Yoast SEO plugin v27.5 - https:\/\/yoast.com\/product\/yoast-seo-wordpress\/ -->\n<title>1\u00ba Campeonato de Futsal Champions Bleia movimentou o domingo em Maracaju. - MsConectado<\/title>\n<meta name=\"robots\" content=\"index, follow, max-snippet:-1, max-image-preview:large, max-video-preview:-1\" \/>\n<link rel=\"canonical\" href=\"https:\/\/msconectado.com.br\/?p=22027\" \/>\n<meta property=\"og:locale\" content=\"pt_BR\" \/>\n<meta property=\"og:type\" content=\"article\" \/>\n<meta property=\"og:title\" content=\"1\u00ba Campeonato de Futsal Champions Bleia movimentou o domingo em Maracaju. - MsConectado\" \/>\n<meta property=\"og:description\" content=\"No \u00faltimo domingo, a cidade de Maracaju testemunhou um evento memor\u00e1vel: o 1\u00ba Campeonato de Futsal Champions Bleia, promovido pela igreja Assembleia de Deus de Maracaju e liderada pelo Pastor Jacob Melo dos Santos. A competi\u00e7\u00e3o n\u00e3o s\u00f3 celebrou a paix\u00e3o pelo esporte, mas tamb\u00e9m promoveu a uni\u00e3o entre as congrega\u00e7\u00f5es de Maracaju e Vista [&hellip;]\" \/>\n<meta property=\"og:url\" content=\"https:\/\/msconectado.com.br\/?p=22027\" \/>\n<meta property=\"og:site_name\" content=\"MsConectado\" \/>\n<meta property=\"article:published_time\" content=\"2024-04-28T23:43:30+00:00\" \/>\n<meta property=\"article:modified_time\" content=\"2024-04-28T23:43:32+00:00\" \/>\n<meta property=\"og:image\" content=\"https:\/\/msconectado.com.br\/wp-content\/uploads\/2024\/04\/image-69-1024x768.png\" \/>\n\t<meta property=\"og:image:width\" content=\"1024\" \/>\n\t<meta property=\"og:image:height\" content=\"768\" \/>\n\t<meta property=\"og:image:type\" content=\"image\/png\" \/>\n<meta name=\"author\" content=\"MsConectado\" \/>\n<meta name=\"twitter:card\" content=\"summary_large_image\" \/>\n<meta name=\"twitter:label1\" content=\"Escrito por\" \/>\n\t<meta name=\"twitter:data1\" content=\"MsConectado\" \/>\n\t<meta name=\"twitter:label2\" content=\"Est. tempo de leitura\" \/>\n\t<meta name=\"twitter:data2\" content=\"4 minutos\" \/>\n<script type=\"application\/ld+json\" class=\"yoast-schema-graph\">{\"@context\":\"https:\\\/\\\/schema.org\",\"@graph\":[{\"@type\":\"Article\",\"@id\":\"https:\\\/\\\/msconectado.com.br\\\/?p=22027#article\",\"isPartOf\":{\"@id\":\"https:\\\/\\\/msconectado.com.br\\\/?p=22027\"},\"author\":{\"name\":\"MsConectado\",\"@id\":\"https:\\\/\\\/msconectado.com.br\\\/#\\\/schema\\\/person\\\/e5585545b5687092f1041d350b6e2c16\"},\"headline\":\"1\u00ba Campeonato de Futsal Champions Bleia movimentou o domingo em Maracaju.\",\"datePublished\":\"2024-04-28T23:43:30+00:00\",\"dateModified\":\"2024-04-28T23:43:32+00:00\",\"mainEntityOfPage\":{\"@id\":\"https:\\\/\\\/msconectado.com.br\\\/?p=22027\"},\"wordCount\":303,\"commentCount\":0,\"publisher\":{\"@id\":\"https:\\\/\\\/msconectado.com.br\\\/#organization\"},\"image\":{\"@id\":\"https:\\\/\\\/msconectado.com.br\\\/?p=22027#primaryimage\"},\"thumbnailUrl\":\"https:\\\/\\\/msconectado.com.br\\\/wp-content\\\/uploads\\\/2024\\\/04\\\/image-69.png\",\"articleSection\":[\"Cidades\",\"Not\u00edcia\"],\"inLanguage\":\"pt-BR\",\"potentialAction\":[{\"@type\":\"CommentAction\",\"name\":\"Comment\",\"target\":[\"https:\\\/\\\/msconectado.com.br\\\/?p=22027#respond\"]}]},{\"@type\":\"WebPage\",\"@id\":\"https:\\\/\\\/msconectado.com.br\\\/?p=22027\",\"url\":\"https:\\\/\\\/msconectado.com.br\\\/?p=22027\",\"name\":\"1\u00ba Campeonato de Futsal Champions Bleia movimentou o domingo em Maracaju. - MsConectado\",\"isPartOf\":{\"@id\":\"https:\\\/\\\/msconectado.com.br\\\/#website\"},\"primaryImageOfPage\":{\"@id\":\"https:\\\/\\\/msconectado.com.br\\\/?p=22027#primaryimage\"},\"image\":{\"@id\":\"https:\\\/\\\/msconectado.com.br\\\/?p=22027#primaryimage\"},\"thumbnailUrl\":\"https:\\\/\\\/msconectado.com.br\\\/wp-content\\\/uploads\\\/2024\\\/04\\\/image-69.png\",\"datePublished\":\"2024-04-28T23:43:30+00:00\",\"dateModified\":\"2024-04-28T23:43:32+00:00\",\"breadcrumb\":{\"@id\":\"https:\\\/\\\/msconectado.com.br\\\/?p=22027#breadcrumb\"},\"inLanguage\":\"pt-BR\",\"potentialAction\":[{\"@type\":\"ReadAction\",\"target\":[\"https:\\\/\\\/msconectado.com.br\\\/?p=22027\"]}]},{\"@type\":\"ImageObject\",\"inLanguage\":\"pt-BR\",\"@id\":\"https:\\\/\\\/msconectado.com.br\\\/?p=22027#primaryimage\",\"url\":\"https:\\\/\\\/msconectado.com.br\\\/wp-content\\\/uploads\\\/2024\\\/04\\\/image-69.png\",\"contentUrl\":\"https:\\\/\\\/msconectado.com.br\\\/wp-content\\\/uploads\\\/2024\\\/04\\\/image-69.png\",\"width\":1600,\"height\":1200},{\"@type\":\"BreadcrumbList\",\"@id\":\"https:\\\/\\\/msconectado.com.br\\\/?p=22027#breadcrumb\",\"itemListElement\":[{\"@type\":\"ListItem\",\"position\":1,\"name\":\"In\u00edcio\",\"item\":\"https:\\\/\\\/msconectado.com.br\\\/?page_id=105\"},{\"@type\":\"ListItem\",\"position\":2,\"name\":\"1\u00ba Campeonato de Futsal Champions Bleia movimentou o domingo em Maracaju.\"}]},{\"@type\":\"WebSite\",\"@id\":\"https:\\\/\\\/msconectado.com.br\\\/#website\",\"url\":\"https:\\\/\\\/msconectado.com.br\\\/\",\"name\":\"MsConectado\",\"description\":\"Voc\u00ea Conectado com a Not\u00edcia!\",\"publisher\":{\"@id\":\"https:\\\/\\\/msconectado.com.br\\\/#organization\"},\"potentialAction\":[{\"@type\":\"SearchAction\",\"target\":{\"@type\":\"EntryPoint\",\"urlTemplate\":\"https:\\\/\\\/msconectado.com.br\\\/?s={search_term_string}\"},\"query-input\":{\"@type\":\"PropertyValueSpecification\",\"valueRequired\":true,\"valueName\":\"search_term_string\"}}],\"inLanguage\":\"pt-BR\"},{\"@type\":\"Organization\",\"@id\":\"https:\\\/\\\/msconectado.com.br\\\/#organization\",\"name\":\"MsConectado\",\"url\":\"https:\\\/\\\/msconectado.com.br\\\/\",\"logo\":{\"@type\":\"ImageObject\",\"inLanguage\":\"pt-BR\",\"@id\":\"https:\\\/\\\/msconectado.com.br\\\/#\\\/schema\\\/logo\\\/image\\\/\",\"url\":\"https:\\\/\\\/msconectado.com.br\\\/wp-content\\\/uploads\\\/2023\\\/01\\\/cropped-noticia-2.png\",\"contentUrl\":\"https:\\\/\\\/msconectado.com.br\\\/wp-content\\\/uploads\\\/2023\\\/01\\\/cropped-noticia-2.png\",\"width\":720,\"height\":157,\"caption\":\"MsConectado\"},\"image\":{\"@id\":\"https:\\\/\\\/msconectado.com.br\\\/#\\\/schema\\\/logo\\\/image\\\/\"}},{\"@type\":\"Person\",\"@id\":\"https:\\\/\\\/msconectado.com.br\\\/#\\\/schema\\\/person\\\/e5585545b5687092f1041d350b6e2c16\",\"name\":\"MsConectado\",\"image\":{\"@type\":\"ImageObject\",\"inLanguage\":\"pt-BR\",\"@id\":\"https:\\\/\\\/secure.gravatar.com\\\/avatar\\\/3b4f84a0a8a4380ac4431fa79981d073692380c5da00ae97596e794ab0db5c8c?s=96&d=mm&r=g\",\"url\":\"https:\\\/\\\/secure.gravatar.com\\\/avatar\\\/3b4f84a0a8a4380ac4431fa79981d073692380c5da00ae97596e794ab0db5c8c?s=96&d=mm&r=g\",\"contentUrl\":\"https:\\\/\\\/secure.gravatar.com\\\/avatar\\\/3b4f84a0a8a4380ac4431fa79981d073692380c5da00ae97596e794ab0db5c8c?s=96&d=mm&r=g\",\"caption\":\"MsConectado\"},\"url\":\"https:\\\/\\\/msconectado.com.br\\\/?author=2\"}]}<\/script>\n<!-- \/ Yoast SEO plugin. -->","yoast_head_json":{"title":"1\u00ba Campeonato de Futsal Champions Bleia movimentou o domingo em Maracaju. - MsConectado","robots":{"index":"index","follow":"follow","max-snippet":"max-snippet:-1","max-image-preview":"max-image-preview:large","max-video-preview":"max-video-preview:-1"},"canonical":"https:\/\/msconectado.com.br\/?p=22027","og_locale":"pt_BR","og_type":"article","og_title":"1\u00ba Campeonato de Futsal Champions Bleia movimentou o domingo em Maracaju. - MsConectado","og_description":"No \u00faltimo domingo, a cidade de Maracaju testemunhou um evento memor\u00e1vel: o 1\u00ba Campeonato de Futsal Champions Bleia, promovido pela igreja Assembleia de Deus de Maracaju e liderada pelo Pastor Jacob Melo dos Santos. A competi\u00e7\u00e3o n\u00e3o s\u00f3 celebrou a paix\u00e3o pelo esporte, mas tamb\u00e9m promoveu a uni\u00e3o entre as congrega\u00e7\u00f5es de Maracaju e Vista [&hellip;]","og_url":"https:\/\/msconectado.com.br\/?p=22027","og_site_name":"MsConectado","article_published_time":"2024-04-28T23:43:30+00:00","article_modified_time":"2024-04-28T23:43:32+00:00","og_image":[{"width":1024,"height":768,"url":"https:\/\/msconectado.com.br\/wp-content\/uploads\/2024\/04\/image-69-1024x768.png","type":"image\/png"}],"author":"MsConectado","twitter_card":"summary_large_image","twitter_misc":{"Escrito por":"MsConectado","Est. tempo de leitura":"4 minutos"},"schema":{"@context":"https:\/\/schema.org","@graph":[{"@type":"Article","@id":"https:\/\/msconectado.com.br\/?p=22027#article","isPartOf":{"@id":"https:\/\/msconectado.com.br\/?p=22027"},"author":{"name":"MsConectado","@id":"https:\/\/msconectado.com.br\/#\/schema\/person\/e5585545b5687092f1041d350b6e2c16"},"headline":"1\u00ba Campeonato de Futsal Champions Bleia movimentou o domingo em Maracaju.","datePublished":"2024-04-28T23:43:30+00:00","dateModified":"2024-04-28T23:43:32+00:00","mainEntityOfPage":{"@id":"https:\/\/msconectado.com.br\/?p=22027"},"wordCount":303,"commentCount":0,"publisher":{"@id":"https:\/\/msconectado.com.br\/#organization"},"image":{"@id":"https:\/\/msconectado.com.br\/?p=22027#primaryimage"},"thumbnailUrl":"https:\/\/msconectado.com.br\/wp-content\/uploads\/2024\/04\/image-69.png","articleSection":["Cidades","Not\u00edcia"],"inLanguage":"pt-BR","potentialAction":[{"@type":"CommentAction","name":"Comment","target":["https:\/\/msconectado.com.br\/?p=22027#respond"]}]},{"@type":"WebPage","@id":"https:\/\/msconectado.com.br\/?p=22027","url":"https:\/\/msconectado.com.br\/?p=22027","name":"1\u00ba Campeonato de Futsal Champions Bleia movimentou o domingo em Maracaju. - MsConectado","isPartOf":{"@id":"https:\/\/msconectado.com.br\/#website"},"primaryImageOfPage":{"@id":"https:\/\/msconectado.com.br\/?p=22027#primaryimage"},"image":{"@id":"https:\/\/msconectado.com.br\/?p=22027#primaryimage"},"thumbnailUrl":"https:\/\/msconectado.com.br\/wp-content\/uploads\/2024\/04\/image-69.png","datePublished":"2024-04-28T23:43:30+00:00","dateModified":"2024-04-28T23:43:32+00:00","breadcrumb":{"@id":"https:\/\/msconectado.com.br\/?p=22027#breadcrumb"},"inLanguage":"pt-BR","potentialAction":[{"@type":"ReadAction","target":["https:\/\/msconectado.com.br\/?p=22027"]}]},{"@type":"ImageObject","inLanguage":"pt-BR","@id":"https:\/\/msconectado.com.br\/?p=22027#primaryimage","url":"https:\/\/msconectado.com.br\/wp-content\/uploads\/2024\/04\/image-69.png","contentUrl":"https:\/\/msconectado.com.br\/wp-content\/uploads\/2024\/04\/image-69.png","width":1600,"height":1200},{"@type":"BreadcrumbList","@id":"https:\/\/msconectado.com.br\/?p=22027#breadcrumb","itemListElement":[{"@type":"ListItem","position":1,"name":"In\u00edcio","item":"https:\/\/msconectado.com.br\/?page_id=105"},{"@type":"ListItem","position":2,"name":"1\u00ba Campeonato de Futsal Champions Bleia movimentou o domingo em Maracaju."}]},{"@type":"WebSite","@id":"https:\/\/msconectado.com.br\/#website","url":"https:\/\/msconectado.com.br\/","name":"MsConectado","description":"Voc\u00ea Conectado com a Not\u00edcia!","publisher":{"@id":"https:\/\/msconectado.com.br\/#organization"},"potentialAction":[{"@type":"SearchAction","target":{"@type":"EntryPoint","urlTemplate":"https:\/\/msconectado.com.br\/?s={search_term_string}"},"query-input":{"@type":"PropertyValueSpecification","valueRequired":true,"valueName":"search_term_string"}}],"inLanguage":"pt-BR"},{"@type":"Organization","@id":"https:\/\/msconectado.com.br\/#organization","name":"MsConectado","url":"https:\/\/msconectado.com.br\/","logo":{"@type":"ImageObject","inLanguage":"pt-BR","@id":"https:\/\/msconectado.com.br\/#\/schema\/logo\/image\/","url":"https:\/\/msconectado.com.br\/wp-content\/uploads\/2023\/01\/cropped-noticia-2.png","contentUrl":"https:\/\/msconectado.com.br\/wp-content\/uploads\/2023\/01\/cropped-noticia-2.png","width":720,"height":157,"caption":"MsConectado"},"image":{"@id":"https:\/\/msconectado.com.br\/#\/schema\/logo\/image\/"}},{"@type":"Person","@id":"https:\/\/msconectado.com.br\/#\/schema\/person\/e5585545b5687092f1041d350b6e2c16","name":"MsConectado","image":{"@type":"ImageObject","inLanguage":"pt-BR","@id":"https:\/\/secure.gravatar.com\/avatar\/3b4f84a0a8a4380ac4431fa79981d073692380c5da00ae97596e794ab0db5c8c?s=96&d=mm&r=g","url":"https:\/\/secure.gravatar.com\/avatar\/3b4f84a0a8a4380ac4431fa79981d073692380c5da00ae97596e794ab0db5c8c?s=96&d=mm&r=g","contentUrl":"https:\/\/secure.gravatar.com\/avatar\/3b4f84a0a8a4380ac4431fa79981d073692380c5da00ae97596e794ab0db5c8c?s=96&d=mm&r=g","caption":"MsConectado"},"url":"https:\/\/msconectado.com.br\/?author=2"}]}},"_links":{"self":[{"href":"https:\/\/msconectado.com.br\/index.php?rest_route=\/wp\/v2\/posts\/22027","targetHints":{"allow":["GET"]}}],"collection":[{"href":"https:\/\/msconectado.com.br\/index.php?rest_route=\/wp\/v2\/posts"}],"about":[{"href":"https:\/\/msconectado.com.br\/index.php?rest_route=\/wp\/v2\/types\/post"}],"author":[{"embeddable":true,"href":"https:\/\/msconectado.com.br\/index.php?rest_route=\/wp\/v2\/users\/2"}],"replies":[{"embeddable":true,"href":"https:\/\/msconectado.com.br\/index.php?rest_route=%2Fwp%2Fv2%2Fcomments&post=22027"}],"version-history":[{"count":1,"href":"https:\/\/msconectado.com.br\/index.php?rest_route=\/wp\/v2\/posts\/22027\/revisions"}],"predecessor-version":[{"id":22040,"href":"https:\/\/msconectado.com.br\/index.php?rest_route=\/wp\/v2\/posts\/22027\/revisions\/22040"}],"wp:featuredmedia":[{"embeddable":true,"href":"https:\/\/msconectado.com.br\/index.php?rest_route=\/wp\/v2\/media\/22029"}],"wp:attachment":[{"href":"https:\/\/msconectado.com.br\/index.php?rest_route=%2Fwp%2Fv2%2Fmedia&parent=22027"}],"wp:term":[{"taxonomy":"category","embeddable":true,"href":"https:\/\/msconectado.com.br\/index.php?rest_route=%2Fwp%2Fv2%2Fcategories&post=22027"},{"taxonomy":"post_tag","embeddable":true,"href":"https:\/\/msconectado.com.br\/index.php?rest_route=%2Fwp%2Fv2%2Ftags&post=22027"}],"curies":[{"name":"wp","href":"https:\/\/api.w.org\/{rel}","templated":true}]}}