
{"id":22049,"date":"2024-04-30T22:51:08","date_gmt":"2024-04-30T22:51:08","guid":{"rendered":"https:\/\/msconectado.com.br\/?p=22049"},"modified":"2024-04-30T23:24:17","modified_gmt":"2024-04-30T23:24:17","slug":"vereadores-de-sidrolandia-aprovam-arquivamento-de-comissao-processante-contra-prefeita-vanda-camilo","status":"publish","type":"post","link":"https:\/\/msconectado.com.br\/?p=22049","title":{"rendered":"Vereadores de Sidrol\u00e2ndia aprovam arquivamento de comiss\u00e3o processante contra prefeita Vanda Camilo"},"content":{"rendered":"\n<p>Na sess\u00e3o ordin\u00e1ria da C\u00e2mara Municipal de Sidrol\u00e2ndia, realizada nesta ter\u00e7a-feira (30), os vereadores aprovaram, por maioria de votos, o Requerimento 08, proposto pelo vereador Carlos Olindo, que pleiteava o arquivamento da comiss\u00e3o processante anteriormente instaurada contra a prefeita Vanda Camilo.<\/p>\n\n\n\n<p>A comiss\u00e3o processante foi iniciada em decorr\u00eancia da Opera\u00e7\u00e3o Tromper, deflagrada em maio de 2023, que investigava supostas irregularidades na administra\u00e7\u00e3o da prefeitura de Sidrol\u00e2ndia. No entanto, ap\u00f3s meses de investiga\u00e7\u00e3o, n\u00e3o houve avan\u00e7o significativo nos processos, levando a justi\u00e7a a determinar a soltura dos envolvidos. Essa linha de argumenta\u00e7\u00e3o foi defendida pelo autor do requerimento, o vereador Carlos Olindo.<\/p>\n\n\n\n<p>&#8220;Se a justi\u00e7a optou por conceder habeas corpus a todos os investigados, quem somos n\u00f3s para continuar buscando pelos em ovos&#8221;, afirmou o vereador Olindo durante a sess\u00e3o.<\/p>\n\n\n\n<p>A vota\u00e7\u00e3o pelo arquivamento da comiss\u00e3o processante contou com o apoio dos vereadores Cledinaldo Cot\u00f3cio, Juscinei Claro, Elieu Vaz, Cla\u00e9sio Lechner, Gilson Galdino, Joana Michalski e Izaqueu Diniz. No entanto, houve resist\u00eancia por parte de outros membros da Casa de Leis.<\/p>\n\n\n\n<p>Os vereadores Enelvo Felini Jr, Cleyton Martins, Cristina Fiuza, Adavilton Brand\u00e3o e Jos\u00e9 Ademir Gabardo posicionaram-se contrariamente ao arquivamento.<\/p>\n\n\n\n<p>A prefeita Vanda Camilo, por sua vez, n\u00e3o se manifestou publicamente sobre a decis\u00e3o da C\u00e2mara Municipal, mantendo-se dedicada \u00e0s suas responsabilidades administrativas em prol do desenvolvimento de Sidrol\u00e2ndia. Entretanto, aguarda-se que o desfecho dessa controv\u00e9rsia pol\u00edtica possa fortalecer a confian\u00e7a da popula\u00e7\u00e3o local em sua gest\u00e3o municipal, demonstrando seu compromisso cont\u00ednuo com o progresso do munic\u00edpio.<\/p>\n\n\n<div class=\"wp-block-image\">\n<figure class=\"aligncenter size-full\"><img fetchpriority=\"high\" decoding=\"async\" width=\"900\" height=\"100\" src=\"https:\/\/msconectado.com.br\/wp-content\/uploads\/2024\/04\/MS-conectato-900-x-100-px.gif\" alt=\"\" class=\"wp-image-21951\"\/><\/figure>\n<\/div>","protected":false},"excerpt":{"rendered":"<p>Na sess\u00e3o ordin\u00e1ria da C\u00e2mara Municipal de Sidrol\u00e2ndia, realizada nesta ter\u00e7a-feira (30), os vereadores aprovaram, por maioria de votos, o Requerimento 08, proposto pelo vereador Carlos Olindo, que pleiteava o arquivamento da comiss\u00e3o processante anteriormente instaurada contra a prefeita Vanda Camilo. A comiss\u00e3o processante foi iniciada em decorr\u00eancia da Opera\u00e7\u00e3o Tromper, deflagrada em maio de [&hellip;]<\/p>\n","protected":false},"author":2,"featured_media":22050,"comment_status":"open","ping_status":"closed","sticky":false,"template":"","format":"standard","meta":{"footnotes":""},"categories":[35,1,33],"tags":[],"class_list":["post-22049","post","type-post","status-publish","format-standard","has-post-thumbnail","hentry","category-cidades","category-noticia","category-politica"],"yoast_head":"<!-- This site is optimized with the Yoast SEO plugin v27.5 - https:\/\/yoast.com\/product\/yoast-seo-wordpress\/ -->\n<title>Vereadores de Sidrol\u00e2ndia aprovam arquivamento de comiss\u00e3o processante contra prefeita Vanda Camilo - MsConectado<\/title>\n<meta name=\"robots\" content=\"index, follow, max-snippet:-1, max-image-preview:large, max-video-preview:-1\" \/>\n<link rel=\"canonical\" href=\"https:\/\/msconectado.com.br\/?p=22049\" \/>\n<meta property=\"og:locale\" content=\"pt_BR\" \/>\n<meta property=\"og:type\" content=\"article\" \/>\n<meta property=\"og:title\" content=\"Vereadores de Sidrol\u00e2ndia aprovam arquivamento de comiss\u00e3o processante contra prefeita Vanda Camilo - MsConectado\" \/>\n<meta property=\"og:description\" content=\"Na sess\u00e3o ordin\u00e1ria da C\u00e2mara Municipal de Sidrol\u00e2ndia, realizada nesta ter\u00e7a-feira (30), os vereadores aprovaram, por maioria de votos, o Requerimento 08, proposto pelo vereador Carlos Olindo, que pleiteava o arquivamento da comiss\u00e3o processante anteriormente instaurada contra a prefeita Vanda Camilo. A comiss\u00e3o processante foi iniciada em decorr\u00eancia da Opera\u00e7\u00e3o Tromper, deflagrada em maio de [&hellip;]\" \/>\n<meta property=\"og:url\" content=\"https:\/\/msconectado.com.br\/?p=22049\" \/>\n<meta property=\"og:site_name\" content=\"MsConectado\" \/>\n<meta property=\"article:published_time\" content=\"2024-04-30T22:51:08+00:00\" \/>\n<meta property=\"article:modified_time\" content=\"2024-04-30T23:24:17+00:00\" \/>\n<meta property=\"og:image\" content=\"https:\/\/msconectado.com.br\/wp-content\/uploads\/2024\/04\/Snapinsta.app_438196717_18430440445003676_4146704912050145728_n_1080.jpg\" \/>\n\t<meta property=\"og:image:width\" content=\"1080\" \/>\n\t<meta property=\"og:image:height\" content=\"748\" \/>\n\t<meta property=\"og:image:type\" content=\"image\/jpeg\" \/>\n<meta name=\"author\" content=\"MsConectado\" \/>\n<meta name=\"twitter:card\" content=\"summary_large_image\" \/>\n<meta name=\"twitter:label1\" content=\"Escrito por\" \/>\n\t<meta name=\"twitter:data1\" content=\"MsConectado\" \/>\n\t<meta name=\"twitter:label2\" content=\"Est. tempo de leitura\" \/>\n\t<meta name=\"twitter:data2\" content=\"2 minutos\" \/>\n<script type=\"application\/ld+json\" class=\"yoast-schema-graph\">{\"@context\":\"https:\\\/\\\/schema.org\",\"@graph\":[{\"@type\":\"Article\",\"@id\":\"https:\\\/\\\/msconectado.com.br\\\/?p=22049#article\",\"isPartOf\":{\"@id\":\"https:\\\/\\\/msconectado.com.br\\\/?p=22049\"},\"author\":{\"name\":\"MsConectado\",\"@id\":\"https:\\\/\\\/msconectado.com.br\\\/#\\\/schema\\\/person\\\/e5585545b5687092f1041d350b6e2c16\"},\"headline\":\"Vereadores de Sidrol\u00e2ndia aprovam arquivamento de comiss\u00e3o processante contra prefeita Vanda Camilo\",\"datePublished\":\"2024-04-30T22:51:08+00:00\",\"dateModified\":\"2024-04-30T23:24:17+00:00\",\"mainEntityOfPage\":{\"@id\":\"https:\\\/\\\/msconectado.com.br\\\/?p=22049\"},\"wordCount\":294,\"commentCount\":0,\"publisher\":{\"@id\":\"https:\\\/\\\/msconectado.com.br\\\/#organization\"},\"image\":{\"@id\":\"https:\\\/\\\/msconectado.com.br\\\/?p=22049#primaryimage\"},\"thumbnailUrl\":\"https:\\\/\\\/msconectado.com.br\\\/wp-content\\\/uploads\\\/2024\\\/04\\\/Snapinsta.app_438196717_18430440445003676_4146704912050145728_n_1080.jpg\",\"articleSection\":[\"Cidades\",\"Not\u00edcia\",\"Pol\u00edtica\"],\"inLanguage\":\"pt-BR\",\"potentialAction\":[{\"@type\":\"CommentAction\",\"name\":\"Comment\",\"target\":[\"https:\\\/\\\/msconectado.com.br\\\/?p=22049#respond\"]}]},{\"@type\":\"WebPage\",\"@id\":\"https:\\\/\\\/msconectado.com.br\\\/?p=22049\",\"url\":\"https:\\\/\\\/msconectado.com.br\\\/?p=22049\",\"name\":\"Vereadores de Sidrol\u00e2ndia aprovam arquivamento de comiss\u00e3o processante contra prefeita Vanda Camilo - MsConectado\",\"isPartOf\":{\"@id\":\"https:\\\/\\\/msconectado.com.br\\\/#website\"},\"primaryImageOfPage\":{\"@id\":\"https:\\\/\\\/msconectado.com.br\\\/?p=22049#primaryimage\"},\"image\":{\"@id\":\"https:\\\/\\\/msconectado.com.br\\\/?p=22049#primaryimage\"},\"thumbnailUrl\":\"https:\\\/\\\/msconectado.com.br\\\/wp-content\\\/uploads\\\/2024\\\/04\\\/Snapinsta.app_438196717_18430440445003676_4146704912050145728_n_1080.jpg\",\"datePublished\":\"2024-04-30T22:51:08+00:00\",\"dateModified\":\"2024-04-30T23:24:17+00:00\",\"breadcrumb\":{\"@id\":\"https:\\\/\\\/msconectado.com.br\\\/?p=22049#breadcrumb\"},\"inLanguage\":\"pt-BR\",\"potentialAction\":[{\"@type\":\"ReadAction\",\"target\":[\"https:\\\/\\\/msconectado.com.br\\\/?p=22049\"]}]},{\"@type\":\"ImageObject\",\"inLanguage\":\"pt-BR\",\"@id\":\"https:\\\/\\\/msconectado.com.br\\\/?p=22049#primaryimage\",\"url\":\"https:\\\/\\\/msconectado.com.br\\\/wp-content\\\/uploads\\\/2024\\\/04\\\/Snapinsta.app_438196717_18430440445003676_4146704912050145728_n_1080.jpg\",\"contentUrl\":\"https:\\\/\\\/msconectado.com.br\\\/wp-content\\\/uploads\\\/2024\\\/04\\\/Snapinsta.app_438196717_18430440445003676_4146704912050145728_n_1080.jpg\",\"width\":1080,\"height\":748},{\"@type\":\"BreadcrumbList\",\"@id\":\"https:\\\/\\\/msconectado.com.br\\\/?p=22049#breadcrumb\",\"itemListElement\":[{\"@type\":\"ListItem\",\"position\":1,\"name\":\"In\u00edcio\",\"item\":\"https:\\\/\\\/msconectado.com.br\\\/\"},{\"@type\":\"ListItem\",\"position\":2,\"name\":\"Vereadores de Sidrol\u00e2ndia aprovam arquivamento de comiss\u00e3o processante contra prefeita Vanda Camilo\"}]},{\"@type\":\"WebSite\",\"@id\":\"https:\\\/\\\/msconectado.com.br\\\/#website\",\"url\":\"https:\\\/\\\/msconectado.com.br\\\/\",\"name\":\"MsConectado\",\"description\":\"Voc\u00ea Conectado com a Not\u00edcia!\",\"publisher\":{\"@id\":\"https:\\\/\\\/msconectado.com.br\\\/#organization\"},\"potentialAction\":[{\"@type\":\"SearchAction\",\"target\":{\"@type\":\"EntryPoint\",\"urlTemplate\":\"https:\\\/\\\/msconectado.com.br\\\/?s={search_term_string}\"},\"query-input\":{\"@type\":\"PropertyValueSpecification\",\"valueRequired\":true,\"valueName\":\"search_term_string\"}}],\"inLanguage\":\"pt-BR\"},{\"@type\":\"Organization\",\"@id\":\"https:\\\/\\\/msconectado.com.br\\\/#organization\",\"name\":\"MsConectado\",\"url\":\"https:\\\/\\\/msconectado.com.br\\\/\",\"logo\":{\"@type\":\"ImageObject\",\"inLanguage\":\"pt-BR\",\"@id\":\"https:\\\/\\\/msconectado.com.br\\\/#\\\/schema\\\/logo\\\/image\\\/\",\"url\":\"https:\\\/\\\/msconectado.com.br\\\/wp-content\\\/uploads\\\/2023\\\/01\\\/cropped-noticia-2.png\",\"contentUrl\":\"https:\\\/\\\/msconectado.com.br\\\/wp-content\\\/uploads\\\/2023\\\/01\\\/cropped-noticia-2.png\",\"width\":720,\"height\":157,\"caption\":\"MsConectado\"},\"image\":{\"@id\":\"https:\\\/\\\/msconectado.com.br\\\/#\\\/schema\\\/logo\\\/image\\\/\"}},{\"@type\":\"Person\",\"@id\":\"https:\\\/\\\/msconectado.com.br\\\/#\\\/schema\\\/person\\\/e5585545b5687092f1041d350b6e2c16\",\"name\":\"MsConectado\",\"image\":{\"@type\":\"ImageObject\",\"inLanguage\":\"pt-BR\",\"@id\":\"https:\\\/\\\/secure.gravatar.com\\\/avatar\\\/3b4f84a0a8a4380ac4431fa79981d073692380c5da00ae97596e794ab0db5c8c?s=96&d=mm&r=g\",\"url\":\"https:\\\/\\\/secure.gravatar.com\\\/avatar\\\/3b4f84a0a8a4380ac4431fa79981d073692380c5da00ae97596e794ab0db5c8c?s=96&d=mm&r=g\",\"contentUrl\":\"https:\\\/\\\/secure.gravatar.com\\\/avatar\\\/3b4f84a0a8a4380ac4431fa79981d073692380c5da00ae97596e794ab0db5c8c?s=96&d=mm&r=g\",\"caption\":\"MsConectado\"},\"url\":\"https:\\\/\\\/msconectado.com.br\\\/?author=2\"}]}<\/script>\n<!-- \/ Yoast SEO plugin. -->","yoast_head_json":{"title":"Vereadores de Sidrol\u00e2ndia aprovam arquivamento de comiss\u00e3o processante contra prefeita Vanda Camilo - MsConectado","robots":{"index":"index","follow":"follow","max-snippet":"max-snippet:-1","max-image-preview":"max-image-preview:large","max-video-preview":"max-video-preview:-1"},"canonical":"https:\/\/msconectado.com.br\/?p=22049","og_locale":"pt_BR","og_type":"article","og_title":"Vereadores de Sidrol\u00e2ndia aprovam arquivamento de comiss\u00e3o processante contra prefeita Vanda Camilo - MsConectado","og_description":"Na sess\u00e3o ordin\u00e1ria da C\u00e2mara Municipal de Sidrol\u00e2ndia, realizada nesta ter\u00e7a-feira (30), os vereadores aprovaram, por maioria de votos, o Requerimento 08, proposto pelo vereador Carlos Olindo, que pleiteava o arquivamento da comiss\u00e3o processante anteriormente instaurada contra a prefeita Vanda Camilo. A comiss\u00e3o processante foi iniciada em decorr\u00eancia da Opera\u00e7\u00e3o Tromper, deflagrada em maio de [&hellip;]","og_url":"https:\/\/msconectado.com.br\/?p=22049","og_site_name":"MsConectado","article_published_time":"2024-04-30T22:51:08+00:00","article_modified_time":"2024-04-30T23:24:17+00:00","og_image":[{"width":1080,"height":748,"url":"https:\/\/msconectado.com.br\/wp-content\/uploads\/2024\/04\/Snapinsta.app_438196717_18430440445003676_4146704912050145728_n_1080.jpg","type":"image\/jpeg"}],"author":"MsConectado","twitter_card":"summary_large_image","twitter_misc":{"Escrito por":"MsConectado","Est. tempo de leitura":"2 minutos"},"schema":{"@context":"https:\/\/schema.org","@graph":[{"@type":"Article","@id":"https:\/\/msconectado.com.br\/?p=22049#article","isPartOf":{"@id":"https:\/\/msconectado.com.br\/?p=22049"},"author":{"name":"MsConectado","@id":"https:\/\/msconectado.com.br\/#\/schema\/person\/e5585545b5687092f1041d350b6e2c16"},"headline":"Vereadores de Sidrol\u00e2ndia aprovam arquivamento de comiss\u00e3o processante contra prefeita Vanda Camilo","datePublished":"2024-04-30T22:51:08+00:00","dateModified":"2024-04-30T23:24:17+00:00","mainEntityOfPage":{"@id":"https:\/\/msconectado.com.br\/?p=22049"},"wordCount":294,"commentCount":0,"publisher":{"@id":"https:\/\/msconectado.com.br\/#organization"},"image":{"@id":"https:\/\/msconectado.com.br\/?p=22049#primaryimage"},"thumbnailUrl":"https:\/\/msconectado.com.br\/wp-content\/uploads\/2024\/04\/Snapinsta.app_438196717_18430440445003676_4146704912050145728_n_1080.jpg","articleSection":["Cidades","Not\u00edcia","Pol\u00edtica"],"inLanguage":"pt-BR","potentialAction":[{"@type":"CommentAction","name":"Comment","target":["https:\/\/msconectado.com.br\/?p=22049#respond"]}]},{"@type":"WebPage","@id":"https:\/\/msconectado.com.br\/?p=22049","url":"https:\/\/msconectado.com.br\/?p=22049","name":"Vereadores de Sidrol\u00e2ndia aprovam arquivamento de comiss\u00e3o processante contra prefeita Vanda Camilo - MsConectado","isPartOf":{"@id":"https:\/\/msconectado.com.br\/#website"},"primaryImageOfPage":{"@id":"https:\/\/msconectado.com.br\/?p=22049#primaryimage"},"image":{"@id":"https:\/\/msconectado.com.br\/?p=22049#primaryimage"},"thumbnailUrl":"https:\/\/msconectado.com.br\/wp-content\/uploads\/2024\/04\/Snapinsta.app_438196717_18430440445003676_4146704912050145728_n_1080.jpg","datePublished":"2024-04-30T22:51:08+00:00","dateModified":"2024-04-30T23:24:17+00:00","breadcrumb":{"@id":"https:\/\/msconectado.com.br\/?p=22049#breadcrumb"},"inLanguage":"pt-BR","potentialAction":[{"@type":"ReadAction","target":["https:\/\/msconectado.com.br\/?p=22049"]}]},{"@type":"ImageObject","inLanguage":"pt-BR","@id":"https:\/\/msconectado.com.br\/?p=22049#primaryimage","url":"https:\/\/msconectado.com.br\/wp-content\/uploads\/2024\/04\/Snapinsta.app_438196717_18430440445003676_4146704912050145728_n_1080.jpg","contentUrl":"https:\/\/msconectado.com.br\/wp-content\/uploads\/2024\/04\/Snapinsta.app_438196717_18430440445003676_4146704912050145728_n_1080.jpg","width":1080,"height":748},{"@type":"BreadcrumbList","@id":"https:\/\/msconectado.com.br\/?p=22049#breadcrumb","itemListElement":[{"@type":"ListItem","position":1,"name":"In\u00edcio","item":"https:\/\/msconectado.com.br\/"},{"@type":"ListItem","position":2,"name":"Vereadores de Sidrol\u00e2ndia aprovam arquivamento de comiss\u00e3o processante contra prefeita Vanda Camilo"}]},{"@type":"WebSite","@id":"https:\/\/msconectado.com.br\/#website","url":"https:\/\/msconectado.com.br\/","name":"MsConectado","description":"Voc\u00ea Conectado com a Not\u00edcia!","publisher":{"@id":"https:\/\/msconectado.com.br\/#organization"},"potentialAction":[{"@type":"SearchAction","target":{"@type":"EntryPoint","urlTemplate":"https:\/\/msconectado.com.br\/?s={search_term_string}"},"query-input":{"@type":"PropertyValueSpecification","valueRequired":true,"valueName":"search_term_string"}}],"inLanguage":"pt-BR"},{"@type":"Organization","@id":"https:\/\/msconectado.com.br\/#organization","name":"MsConectado","url":"https:\/\/msconectado.com.br\/","logo":{"@type":"ImageObject","inLanguage":"pt-BR","@id":"https:\/\/msconectado.com.br\/#\/schema\/logo\/image\/","url":"https:\/\/msconectado.com.br\/wp-content\/uploads\/2023\/01\/cropped-noticia-2.png","contentUrl":"https:\/\/msconectado.com.br\/wp-content\/uploads\/2023\/01\/cropped-noticia-2.png","width":720,"height":157,"caption":"MsConectado"},"image":{"@id":"https:\/\/msconectado.com.br\/#\/schema\/logo\/image\/"}},{"@type":"Person","@id":"https:\/\/msconectado.com.br\/#\/schema\/person\/e5585545b5687092f1041d350b6e2c16","name":"MsConectado","image":{"@type":"ImageObject","inLanguage":"pt-BR","@id":"https:\/\/secure.gravatar.com\/avatar\/3b4f84a0a8a4380ac4431fa79981d073692380c5da00ae97596e794ab0db5c8c?s=96&d=mm&r=g","url":"https:\/\/secure.gravatar.com\/avatar\/3b4f84a0a8a4380ac4431fa79981d073692380c5da00ae97596e794ab0db5c8c?s=96&d=mm&r=g","contentUrl":"https:\/\/secure.gravatar.com\/avatar\/3b4f84a0a8a4380ac4431fa79981d073692380c5da00ae97596e794ab0db5c8c?s=96&d=mm&r=g","caption":"MsConectado"},"url":"https:\/\/msconectado.com.br\/?author=2"}]}},"_links":{"self":[{"href":"https:\/\/msconectado.com.br\/index.php?rest_route=\/wp\/v2\/posts\/22049","targetHints":{"allow":["GET"]}}],"collection":[{"href":"https:\/\/msconectado.com.br\/index.php?rest_route=\/wp\/v2\/posts"}],"about":[{"href":"https:\/\/msconectado.com.br\/index.php?rest_route=\/wp\/v2\/types\/post"}],"author":[{"embeddable":true,"href":"https:\/\/msconectado.com.br\/index.php?rest_route=\/wp\/v2\/users\/2"}],"replies":[{"embeddable":true,"href":"https:\/\/msconectado.com.br\/index.php?rest_route=%2Fwp%2Fv2%2Fcomments&post=22049"}],"version-history":[{"count":2,"href":"https:\/\/msconectado.com.br\/index.php?rest_route=\/wp\/v2\/posts\/22049\/revisions"}],"predecessor-version":[{"id":22054,"href":"https:\/\/msconectado.com.br\/index.php?rest_route=\/wp\/v2\/posts\/22049\/revisions\/22054"}],"wp:featuredmedia":[{"embeddable":true,"href":"https:\/\/msconectado.com.br\/index.php?rest_route=\/wp\/v2\/media\/22050"}],"wp:attachment":[{"href":"https:\/\/msconectado.com.br\/index.php?rest_route=%2Fwp%2Fv2%2Fmedia&parent=22049"}],"wp:term":[{"taxonomy":"category","embeddable":true,"href":"https:\/\/msconectado.com.br\/index.php?rest_route=%2Fwp%2Fv2%2Fcategories&post=22049"},{"taxonomy":"post_tag","embeddable":true,"href":"https:\/\/msconectado.com.br\/index.php?rest_route=%2Fwp%2Fv2%2Ftags&post=22049"}],"curies":[{"name":"wp","href":"https:\/\/api.w.org\/{rel}","templated":true}]}}