
{"id":22081,"date":"2024-05-03T12:58:16","date_gmt":"2024-05-03T12:58:16","guid":{"rendered":"https:\/\/msconectado.com.br\/?p=22081"},"modified":"2024-05-03T12:58:17","modified_gmt":"2024-05-03T12:58:17","slug":"presidente-glaucio-cabreira-apresenta-mocao-de-congratulacoes-e-aplausos-aos-policiais-militares-e-rodoviarios-federais-de-jardim","status":"publish","type":"post","link":"https:\/\/msconectado.com.br\/?p=22081","title":{"rendered":"Presidente Gl\u00e1ucio Cabreira apresenta Mo\u00e7\u00e3o de Congratula\u00e7\u00f5es e Aplausos aos Policiais Militares e Rodovi\u00e1rios Federais de Jardim."},"content":{"rendered":"\n<p>Durante a sess\u00e3o ordin\u00e1ria da \u00faltima segunda-feira (29), o presidente do Poder Legislativo de Jardim, Gl\u00e1ucio Cabreira da Costa (PSDB), apresentou uma Mo\u00e7\u00e3o de Congratula\u00e7\u00f5es e Aplausos em reconhecimento \u00e0 atua\u00e7\u00e3o eficiente dos policiais militares do 3\u00ba Grupamento de Pol\u00edcia Militar (GPM) de Alto Caracol e do 3\u00ba GPM do Distrito do Boqueir\u00e3o, pertencentes ao 11\u00ba Batalh\u00e3o de Pol\u00edcia Militar, bem como aos Policiais Rodovi\u00e1rios Federais de Jardim.<\/p>\n\n\n\n<p>A homenagem se deu em virtude da bem-sucedida apreens\u00e3o de 12 toneladas de maconha, ocorrida no \u00faltimo domingo, dia 21 de abril de 2024. Segundo relatos do boletim de ocorr\u00eancia, durante um policiamento ostensivo no trevo da MS-472 com a BR-267, um caminh\u00e3o empreendeu fuga ao receber ordem de parada, seguindo pela BR-267 em dire\u00e7\u00e3o a Jardim.<\/p>\n\n\n\n<p>Durante o acompanhamento t\u00e1tico, uma equipe da Pol\u00edcia Rodovi\u00e1ria Federal (PRF), que realizava policiamento pr\u00f3ximo ao trevo de acesso \u00e0 cidade de Bonito, prestou apoio \u00e0 equipe da PM. Mesmo diante da ordem de parada, o condutor do caminh\u00e3o continuou a fuga, abandonando o ve\u00edculo \u00e0 beira da rodovia ap\u00f3s percorrer uma certa dist\u00e2ncia e adentrar uma \u00e1rea de mata.<\/p>\n\n\n<div class=\"wp-block-image\">\n<figure class=\"aligncenter size-large\"><img fetchpriority=\"high\" decoding=\"async\" width=\"859\" height=\"1024\" src=\"https:\/\/msconectado.com.br\/wp-content\/uploads\/2024\/05\/image-10-859x1024.png\" alt=\"\" class=\"wp-image-22085\" srcset=\"https:\/\/msconectado.com.br\/wp-content\/uploads\/2024\/05\/image-10-859x1024.png 859w, https:\/\/msconectado.com.br\/wp-content\/uploads\/2024\/05\/image-10-252x300.png 252w, https:\/\/msconectado.com.br\/wp-content\/uploads\/2024\/05\/image-10-768x915.png 768w, https:\/\/msconectado.com.br\/wp-content\/uploads\/2024\/05\/image-10.png 1096w\" sizes=\"(max-width: 859px) 100vw, 859px\" \/><\/figure>\n<\/div>\n\n\n<p>Ap\u00f3s uma busca minuciosa no ve\u00edculo, os policiais encontraram, sob uma camada de terra, diversos fardos contendo a subst\u00e2ncia entorpecente, totalizando 12 toneladas de maconha. Al\u00e9m disso, constatou-se que o ve\u00edculo tinha registro de furto\/roubo.<\/p>\n\n\n\n<p>O presidente do Poder Legislativo, Glaucio Cabreira da Costa, justificou a Mo\u00e7\u00e3o de Congratula\u00e7\u00f5es e Aplausos, destacando a relev\u00e2ncia dessa a\u00e7\u00e3o para a seguran\u00e7a p\u00fablica da regi\u00e3o e para a prote\u00e7\u00e3o de centenas de fam\u00edlias. Em nome da C\u00e2mara Municipal de Jardim, expressou aplausos e congratula\u00e7\u00f5es a todos os policiais envolvidos, cujos nomes foram relacionados na homenagem.<\/p>\n\n\n<div class=\"wp-block-image\">\n<figure class=\"aligncenter size-large\"><img decoding=\"async\" width=\"1024\" height=\"756\" src=\"https:\/\/msconectado.com.br\/wp-content\/uploads\/2024\/05\/image-12-1024x756.png\" alt=\"\" class=\"wp-image-22087\" srcset=\"https:\/\/msconectado.com.br\/wp-content\/uploads\/2024\/05\/image-12-1024x756.png 1024w, https:\/\/msconectado.com.br\/wp-content\/uploads\/2024\/05\/image-12-300x222.png 300w, https:\/\/msconectado.com.br\/wp-content\/uploads\/2024\/05\/image-12-768x567.png 768w, https:\/\/msconectado.com.br\/wp-content\/uploads\/2024\/05\/image-12.png 1381w\" sizes=\"(max-width: 1024px) 100vw, 1024px\" \/><\/figure>\n<\/div>\n\n\n<p>A homenagem prestada pelo Legislativo municipal ressalta o empenho e a dedica\u00e7\u00e3o dos policiais militares e rodovi\u00e1rios federais de Jardim, refor\u00e7ando o compromisso dessas institui\u00e7\u00f5es com a seguran\u00e7a e o bem-estar da comunidade.<\/p>\n\n\n\n<p>Os seguintes policiais foram homenageados durante a sess\u00e3o ordin\u00e1ria da C\u00e2mara Municipal de Jardim:<\/p>\n\n\n<div class=\"wp-block-image\">\n<figure class=\"aligncenter size-large\"><img decoding=\"async\" width=\"1024\" height=\"737\" src=\"https:\/\/msconectado.com.br\/wp-content\/uploads\/2024\/05\/image-14-1024x737.png\" alt=\"\" class=\"wp-image-22089\" srcset=\"https:\/\/msconectado.com.br\/wp-content\/uploads\/2024\/05\/image-14-1024x737.png 1024w, https:\/\/msconectado.com.br\/wp-content\/uploads\/2024\/05\/image-14-300x216.png 300w, https:\/\/msconectado.com.br\/wp-content\/uploads\/2024\/05\/image-14-768x553.png 768w, https:\/\/msconectado.com.br\/wp-content\/uploads\/2024\/05\/image-14-1536x1106.png 1536w, https:\/\/msconectado.com.br\/wp-content\/uploads\/2024\/05\/image-14.png 1567w\" sizes=\"(max-width: 1024px) 100vw, 1024px\" \/><\/figure>\n<\/div>\n\n\n<p><strong>Policiais Militares:<\/strong><\/p>\n\n\n\n<ul class=\"wp-block-list\">\n<li>Major Rafael Pinheiro Garcia<\/li>\n\n\n\n<li>1\u00ba Sargento M\u00e1rio S\u00e9rgio Peixoto Leite<\/li>\n\n\n\n<li>3\u00ba Sargento Andreson Rodrigues da Silva<\/li>\n\n\n\n<li>3\u00ba Sargento Edenil Coelho de Almeida<\/li>\n\n\n\n<li>3\u00ba Sargento Jefferson Maciel dos Santos<\/li>\n\n\n\n<li>3\u00ba Sargento Jos\u00e9 Augusto Moreli<\/li>\n\n\n\n<li>3\u00ba Sargento Josevanderson Aristimunho Karazak<\/li>\n\n\n\n<li>3\u00ba Sargento Osvaldo Silv\u00e9rio da Silva J\u00fanior<\/li>\n\n\n\n<li>3\u00ba Sargento Thiago Henrique Farias Peixoto<\/li>\n\n\n\n<li>Cabo Almir Paulista Rosati Junior<\/li>\n\n\n\n<li>Cabo Claifik Santos Pereira<\/li>\n\n\n\n<li>Cabo Deisi Martins Perroni Pires<\/li>\n\n\n\n<li>Cabo Diego Portela de Souza<\/li>\n\n\n\n<li>Cabo Divinaldo Garcia<\/li>\n\n\n\n<li>Cabo Eudercio Junior Loureiro da Silveira<\/li>\n\n\n\n<li>Cabo Felipe Costa Pereira<\/li>\n\n\n\n<li>Cabo Jose Roberto Schneider de Oliveira<\/li>\n\n\n\n<li>Cabo Magno Vargas Cristaldo<\/li>\n<\/ul>\n\n\n<div class=\"wp-block-image\">\n<figure class=\"aligncenter size-large\"><img loading=\"lazy\" decoding=\"async\" width=\"1024\" height=\"673\" src=\"https:\/\/msconectado.com.br\/wp-content\/uploads\/2024\/05\/image-16-1024x673.png\" alt=\"\" class=\"wp-image-22091\" srcset=\"https:\/\/msconectado.com.br\/wp-content\/uploads\/2024\/05\/image-16-1024x673.png 1024w, https:\/\/msconectado.com.br\/wp-content\/uploads\/2024\/05\/image-16-300x197.png 300w, https:\/\/msconectado.com.br\/wp-content\/uploads\/2024\/05\/image-16-768x504.png 768w, https:\/\/msconectado.com.br\/wp-content\/uploads\/2024\/05\/image-16-1536x1009.png 1536w, https:\/\/msconectado.com.br\/wp-content\/uploads\/2024\/05\/image-16.png 1600w\" sizes=\"(max-width: 1024px) 100vw, 1024px\" \/><\/figure>\n<\/div>\n\n\n<p><strong>Policiais Rodovi\u00e1rios Federais:<\/strong><\/p>\n\n\n\n<ul class=\"wp-block-list\">\n<li>Inspetora Chefe PRF Caroline Silva de Oliveira<\/li>\n\n\n\n<li>Agente PRF Alexandre Almeman de Oliveira<\/li>\n\n\n\n<li>Agente PRF Andre Neves Martins<\/li>\n\n\n\n<li>Agente PRF Eliel Wagner Moreira Esp\u00edndola<\/li>\n\n\n\n<li>Agente PRF Evilson Luiz de Souza<\/li>\n\n\n\n<li>Agente PRF Fernando Eustachio Bezerr<\/li>\n\n\n\n<li>Agente PRF Marco Antonio Fleitas Menezes<\/li>\n\n\n\n<li>Agente PRF Rudson Lima<\/li>\n\n\n\n<li>Agente PRF Salvadora Benites da Silva<\/li>\n<\/ul>\n\n\n\n<p><\/p>\n\n\n\n<p>Assessoria<\/p>\n\n\n<div class=\"wp-block-image\">\n<figure class=\"aligncenter size-full\"><img loading=\"lazy\" decoding=\"async\" width=\"900\" height=\"100\" src=\"https:\/\/msconectado.com.br\/wp-content\/uploads\/2024\/04\/900x100_pantanaltechms.gif\" alt=\"\" class=\"wp-image-22026\"\/><\/figure>\n<\/div>","protected":false},"excerpt":{"rendered":"<p>Durante a sess\u00e3o ordin\u00e1ria da \u00faltima segunda-feira (29), o presidente do Poder Legislativo de Jardim, Gl\u00e1ucio Cabreira da Costa (PSDB), apresentou uma Mo\u00e7\u00e3o de Congratula\u00e7\u00f5es e Aplausos em reconhecimento \u00e0 atua\u00e7\u00e3o eficiente dos policiais militares do 3\u00ba Grupamento de Pol\u00edcia Militar (GPM) de Alto Caracol e do 3\u00ba GPM do Distrito do Boqueir\u00e3o, pertencentes ao [&hellip;]<\/p>\n","protected":false},"author":2,"featured_media":22089,"comment_status":"open","ping_status":"closed","sticky":false,"template":"","format":"standard","meta":{"footnotes":""},"categories":[35,1],"tags":[],"class_list":["post-22081","post","type-post","status-publish","format-standard","has-post-thumbnail","hentry","category-cidades","category-noticia"],"yoast_head":"<!-- This site is optimized with the Yoast SEO plugin v27.5 - https:\/\/yoast.com\/product\/yoast-seo-wordpress\/ -->\n<title>Presidente Gl\u00e1ucio Cabreira apresenta Mo\u00e7\u00e3o de Congratula\u00e7\u00f5es e Aplausos aos Policiais Militares e Rodovi\u00e1rios Federais de Jardim. - MsConectado<\/title>\n<meta name=\"robots\" content=\"index, follow, max-snippet:-1, max-image-preview:large, max-video-preview:-1\" \/>\n<link rel=\"canonical\" href=\"https:\/\/msconectado.com.br\/?p=22081\" \/>\n<meta property=\"og:locale\" content=\"pt_BR\" \/>\n<meta property=\"og:type\" content=\"article\" \/>\n<meta property=\"og:title\" content=\"Presidente Gl\u00e1ucio Cabreira apresenta Mo\u00e7\u00e3o de Congratula\u00e7\u00f5es e Aplausos aos Policiais Militares e Rodovi\u00e1rios Federais de Jardim. - MsConectado\" \/>\n<meta property=\"og:description\" content=\"Durante a sess\u00e3o ordin\u00e1ria da \u00faltima segunda-feira (29), o presidente do Poder Legislativo de Jardim, Gl\u00e1ucio Cabreira da Costa (PSDB), apresentou uma Mo\u00e7\u00e3o de Congratula\u00e7\u00f5es e Aplausos em reconhecimento \u00e0 atua\u00e7\u00e3o eficiente dos policiais militares do 3\u00ba Grupamento de Pol\u00edcia Militar (GPM) de Alto Caracol e do 3\u00ba GPM do Distrito do Boqueir\u00e3o, pertencentes ao [&hellip;]\" \/>\n<meta property=\"og:url\" content=\"https:\/\/msconectado.com.br\/?p=22081\" \/>\n<meta property=\"og:site_name\" content=\"MsConectado\" \/>\n<meta property=\"article:published_time\" content=\"2024-05-03T12:58:16+00:00\" \/>\n<meta property=\"article:modified_time\" content=\"2024-05-03T12:58:17+00:00\" \/>\n<meta property=\"og:image\" content=\"https:\/\/msconectado.com.br\/wp-content\/uploads\/2024\/05\/image-14-1024x737.png\" \/>\n\t<meta property=\"og:image:width\" content=\"1024\" \/>\n\t<meta property=\"og:image:height\" content=\"737\" \/>\n\t<meta property=\"og:image:type\" content=\"image\/png\" \/>\n<meta name=\"author\" content=\"MsConectado\" \/>\n<meta name=\"twitter:card\" content=\"summary_large_image\" \/>\n<meta name=\"twitter:label1\" content=\"Escrito por\" \/>\n\t<meta name=\"twitter:data1\" content=\"MsConectado\" \/>\n\t<meta name=\"twitter:label2\" content=\"Est. tempo de leitura\" \/>\n\t<meta name=\"twitter:data2\" content=\"4 minutos\" \/>\n<script type=\"application\/ld+json\" class=\"yoast-schema-graph\">{\"@context\":\"https:\\\/\\\/schema.org\",\"@graph\":[{\"@type\":\"Article\",\"@id\":\"https:\\\/\\\/msconectado.com.br\\\/?p=22081#article\",\"isPartOf\":{\"@id\":\"https:\\\/\\\/msconectado.com.br\\\/?p=22081\"},\"author\":{\"name\":\"MsConectado\",\"@id\":\"https:\\\/\\\/msconectado.com.br\\\/#\\\/schema\\\/person\\\/e5585545b5687092f1041d350b6e2c16\"},\"headline\":\"Presidente Gl\u00e1ucio Cabreira apresenta Mo\u00e7\u00e3o de Congratula\u00e7\u00f5es e Aplausos aos Policiais Militares e Rodovi\u00e1rios Federais de Jardim.\",\"datePublished\":\"2024-05-03T12:58:16+00:00\",\"dateModified\":\"2024-05-03T12:58:17+00:00\",\"mainEntityOfPage\":{\"@id\":\"https:\\\/\\\/msconectado.com.br\\\/?p=22081\"},\"wordCount\":529,\"commentCount\":0,\"publisher\":{\"@id\":\"https:\\\/\\\/msconectado.com.br\\\/#organization\"},\"image\":{\"@id\":\"https:\\\/\\\/msconectado.com.br\\\/?p=22081#primaryimage\"},\"thumbnailUrl\":\"https:\\\/\\\/msconectado.com.br\\\/wp-content\\\/uploads\\\/2024\\\/05\\\/image-14.png\",\"articleSection\":[\"Cidades\",\"Not\u00edcia\"],\"inLanguage\":\"pt-BR\",\"potentialAction\":[{\"@type\":\"CommentAction\",\"name\":\"Comment\",\"target\":[\"https:\\\/\\\/msconectado.com.br\\\/?p=22081#respond\"]}]},{\"@type\":\"WebPage\",\"@id\":\"https:\\\/\\\/msconectado.com.br\\\/?p=22081\",\"url\":\"https:\\\/\\\/msconectado.com.br\\\/?p=22081\",\"name\":\"Presidente Gl\u00e1ucio Cabreira apresenta Mo\u00e7\u00e3o de Congratula\u00e7\u00f5es e Aplausos aos Policiais Militares e Rodovi\u00e1rios Federais de Jardim. - MsConectado\",\"isPartOf\":{\"@id\":\"https:\\\/\\\/msconectado.com.br\\\/#website\"},\"primaryImageOfPage\":{\"@id\":\"https:\\\/\\\/msconectado.com.br\\\/?p=22081#primaryimage\"},\"image\":{\"@id\":\"https:\\\/\\\/msconectado.com.br\\\/?p=22081#primaryimage\"},\"thumbnailUrl\":\"https:\\\/\\\/msconectado.com.br\\\/wp-content\\\/uploads\\\/2024\\\/05\\\/image-14.png\",\"datePublished\":\"2024-05-03T12:58:16+00:00\",\"dateModified\":\"2024-05-03T12:58:17+00:00\",\"breadcrumb\":{\"@id\":\"https:\\\/\\\/msconectado.com.br\\\/?p=22081#breadcrumb\"},\"inLanguage\":\"pt-BR\",\"potentialAction\":[{\"@type\":\"ReadAction\",\"target\":[\"https:\\\/\\\/msconectado.com.br\\\/?p=22081\"]}]},{\"@type\":\"ImageObject\",\"inLanguage\":\"pt-BR\",\"@id\":\"https:\\\/\\\/msconectado.com.br\\\/?p=22081#primaryimage\",\"url\":\"https:\\\/\\\/msconectado.com.br\\\/wp-content\\\/uploads\\\/2024\\\/05\\\/image-14.png\",\"contentUrl\":\"https:\\\/\\\/msconectado.com.br\\\/wp-content\\\/uploads\\\/2024\\\/05\\\/image-14.png\",\"width\":1567,\"height\":1128},{\"@type\":\"BreadcrumbList\",\"@id\":\"https:\\\/\\\/msconectado.com.br\\\/?p=22081#breadcrumb\",\"itemListElement\":[{\"@type\":\"ListItem\",\"position\":1,\"name\":\"In\u00edcio\",\"item\":\"https:\\\/\\\/msconectado.com.br\\\/\"},{\"@type\":\"ListItem\",\"position\":2,\"name\":\"Presidente Gl\u00e1ucio Cabreira apresenta Mo\u00e7\u00e3o de Congratula\u00e7\u00f5es e Aplausos aos Policiais Militares e Rodovi\u00e1rios Federais de Jardim.\"}]},{\"@type\":\"WebSite\",\"@id\":\"https:\\\/\\\/msconectado.com.br\\\/#website\",\"url\":\"https:\\\/\\\/msconectado.com.br\\\/\",\"name\":\"MsConectado\",\"description\":\"Voc\u00ea Conectado com a Not\u00edcia!\",\"publisher\":{\"@id\":\"https:\\\/\\\/msconectado.com.br\\\/#organization\"},\"potentialAction\":[{\"@type\":\"SearchAction\",\"target\":{\"@type\":\"EntryPoint\",\"urlTemplate\":\"https:\\\/\\\/msconectado.com.br\\\/?s={search_term_string}\"},\"query-input\":{\"@type\":\"PropertyValueSpecification\",\"valueRequired\":true,\"valueName\":\"search_term_string\"}}],\"inLanguage\":\"pt-BR\"},{\"@type\":\"Organization\",\"@id\":\"https:\\\/\\\/msconectado.com.br\\\/#organization\",\"name\":\"MsConectado\",\"url\":\"https:\\\/\\\/msconectado.com.br\\\/\",\"logo\":{\"@type\":\"ImageObject\",\"inLanguage\":\"pt-BR\",\"@id\":\"https:\\\/\\\/msconectado.com.br\\\/#\\\/schema\\\/logo\\\/image\\\/\",\"url\":\"https:\\\/\\\/msconectado.com.br\\\/wp-content\\\/uploads\\\/2023\\\/01\\\/cropped-noticia-2.png\",\"contentUrl\":\"https:\\\/\\\/msconectado.com.br\\\/wp-content\\\/uploads\\\/2023\\\/01\\\/cropped-noticia-2.png\",\"width\":720,\"height\":157,\"caption\":\"MsConectado\"},\"image\":{\"@id\":\"https:\\\/\\\/msconectado.com.br\\\/#\\\/schema\\\/logo\\\/image\\\/\"}},{\"@type\":\"Person\",\"@id\":\"https:\\\/\\\/msconectado.com.br\\\/#\\\/schema\\\/person\\\/e5585545b5687092f1041d350b6e2c16\",\"name\":\"MsConectado\",\"image\":{\"@type\":\"ImageObject\",\"inLanguage\":\"pt-BR\",\"@id\":\"https:\\\/\\\/secure.gravatar.com\\\/avatar\\\/3b4f84a0a8a4380ac4431fa79981d073692380c5da00ae97596e794ab0db5c8c?s=96&d=mm&r=g\",\"url\":\"https:\\\/\\\/secure.gravatar.com\\\/avatar\\\/3b4f84a0a8a4380ac4431fa79981d073692380c5da00ae97596e794ab0db5c8c?s=96&d=mm&r=g\",\"contentUrl\":\"https:\\\/\\\/secure.gravatar.com\\\/avatar\\\/3b4f84a0a8a4380ac4431fa79981d073692380c5da00ae97596e794ab0db5c8c?s=96&d=mm&r=g\",\"caption\":\"MsConectado\"},\"url\":\"https:\\\/\\\/msconectado.com.br\\\/?author=2\"}]}<\/script>\n<!-- \/ Yoast SEO plugin. -->","yoast_head_json":{"title":"Presidente Gl\u00e1ucio Cabreira apresenta Mo\u00e7\u00e3o de Congratula\u00e7\u00f5es e Aplausos aos Policiais Militares e Rodovi\u00e1rios Federais de Jardim. - MsConectado","robots":{"index":"index","follow":"follow","max-snippet":"max-snippet:-1","max-image-preview":"max-image-preview:large","max-video-preview":"max-video-preview:-1"},"canonical":"https:\/\/msconectado.com.br\/?p=22081","og_locale":"pt_BR","og_type":"article","og_title":"Presidente Gl\u00e1ucio Cabreira apresenta Mo\u00e7\u00e3o de Congratula\u00e7\u00f5es e Aplausos aos Policiais Militares e Rodovi\u00e1rios Federais de Jardim. - MsConectado","og_description":"Durante a sess\u00e3o ordin\u00e1ria da \u00faltima segunda-feira (29), o presidente do Poder Legislativo de Jardim, Gl\u00e1ucio Cabreira da Costa (PSDB), apresentou uma Mo\u00e7\u00e3o de Congratula\u00e7\u00f5es e Aplausos em reconhecimento \u00e0 atua\u00e7\u00e3o eficiente dos policiais militares do 3\u00ba Grupamento de Pol\u00edcia Militar (GPM) de Alto Caracol e do 3\u00ba GPM do Distrito do Boqueir\u00e3o, pertencentes ao [&hellip;]","og_url":"https:\/\/msconectado.com.br\/?p=22081","og_site_name":"MsConectado","article_published_time":"2024-05-03T12:58:16+00:00","article_modified_time":"2024-05-03T12:58:17+00:00","og_image":[{"width":1024,"height":737,"url":"https:\/\/msconectado.com.br\/wp-content\/uploads\/2024\/05\/image-14-1024x737.png","type":"image\/png"}],"author":"MsConectado","twitter_card":"summary_large_image","twitter_misc":{"Escrito por":"MsConectado","Est. tempo de leitura":"4 minutos"},"schema":{"@context":"https:\/\/schema.org","@graph":[{"@type":"Article","@id":"https:\/\/msconectado.com.br\/?p=22081#article","isPartOf":{"@id":"https:\/\/msconectado.com.br\/?p=22081"},"author":{"name":"MsConectado","@id":"https:\/\/msconectado.com.br\/#\/schema\/person\/e5585545b5687092f1041d350b6e2c16"},"headline":"Presidente Gl\u00e1ucio Cabreira apresenta Mo\u00e7\u00e3o de Congratula\u00e7\u00f5es e Aplausos aos Policiais Militares e Rodovi\u00e1rios Federais de Jardim.","datePublished":"2024-05-03T12:58:16+00:00","dateModified":"2024-05-03T12:58:17+00:00","mainEntityOfPage":{"@id":"https:\/\/msconectado.com.br\/?p=22081"},"wordCount":529,"commentCount":0,"publisher":{"@id":"https:\/\/msconectado.com.br\/#organization"},"image":{"@id":"https:\/\/msconectado.com.br\/?p=22081#primaryimage"},"thumbnailUrl":"https:\/\/msconectado.com.br\/wp-content\/uploads\/2024\/05\/image-14.png","articleSection":["Cidades","Not\u00edcia"],"inLanguage":"pt-BR","potentialAction":[{"@type":"CommentAction","name":"Comment","target":["https:\/\/msconectado.com.br\/?p=22081#respond"]}]},{"@type":"WebPage","@id":"https:\/\/msconectado.com.br\/?p=22081","url":"https:\/\/msconectado.com.br\/?p=22081","name":"Presidente Gl\u00e1ucio Cabreira apresenta Mo\u00e7\u00e3o de Congratula\u00e7\u00f5es e Aplausos aos Policiais Militares e Rodovi\u00e1rios Federais de Jardim. - MsConectado","isPartOf":{"@id":"https:\/\/msconectado.com.br\/#website"},"primaryImageOfPage":{"@id":"https:\/\/msconectado.com.br\/?p=22081#primaryimage"},"image":{"@id":"https:\/\/msconectado.com.br\/?p=22081#primaryimage"},"thumbnailUrl":"https:\/\/msconectado.com.br\/wp-content\/uploads\/2024\/05\/image-14.png","datePublished":"2024-05-03T12:58:16+00:00","dateModified":"2024-05-03T12:58:17+00:00","breadcrumb":{"@id":"https:\/\/msconectado.com.br\/?p=22081#breadcrumb"},"inLanguage":"pt-BR","potentialAction":[{"@type":"ReadAction","target":["https:\/\/msconectado.com.br\/?p=22081"]}]},{"@type":"ImageObject","inLanguage":"pt-BR","@id":"https:\/\/msconectado.com.br\/?p=22081#primaryimage","url":"https:\/\/msconectado.com.br\/wp-content\/uploads\/2024\/05\/image-14.png","contentUrl":"https:\/\/msconectado.com.br\/wp-content\/uploads\/2024\/05\/image-14.png","width":1567,"height":1128},{"@type":"BreadcrumbList","@id":"https:\/\/msconectado.com.br\/?p=22081#breadcrumb","itemListElement":[{"@type":"ListItem","position":1,"name":"In\u00edcio","item":"https:\/\/msconectado.com.br\/"},{"@type":"ListItem","position":2,"name":"Presidente Gl\u00e1ucio Cabreira apresenta Mo\u00e7\u00e3o de Congratula\u00e7\u00f5es e Aplausos aos Policiais Militares e Rodovi\u00e1rios Federais de Jardim."}]},{"@type":"WebSite","@id":"https:\/\/msconectado.com.br\/#website","url":"https:\/\/msconectado.com.br\/","name":"MsConectado","description":"Voc\u00ea Conectado com a Not\u00edcia!","publisher":{"@id":"https:\/\/msconectado.com.br\/#organization"},"potentialAction":[{"@type":"SearchAction","target":{"@type":"EntryPoint","urlTemplate":"https:\/\/msconectado.com.br\/?s={search_term_string}"},"query-input":{"@type":"PropertyValueSpecification","valueRequired":true,"valueName":"search_term_string"}}],"inLanguage":"pt-BR"},{"@type":"Organization","@id":"https:\/\/msconectado.com.br\/#organization","name":"MsConectado","url":"https:\/\/msconectado.com.br\/","logo":{"@type":"ImageObject","inLanguage":"pt-BR","@id":"https:\/\/msconectado.com.br\/#\/schema\/logo\/image\/","url":"https:\/\/msconectado.com.br\/wp-content\/uploads\/2023\/01\/cropped-noticia-2.png","contentUrl":"https:\/\/msconectado.com.br\/wp-content\/uploads\/2023\/01\/cropped-noticia-2.png","width":720,"height":157,"caption":"MsConectado"},"image":{"@id":"https:\/\/msconectado.com.br\/#\/schema\/logo\/image\/"}},{"@type":"Person","@id":"https:\/\/msconectado.com.br\/#\/schema\/person\/e5585545b5687092f1041d350b6e2c16","name":"MsConectado","image":{"@type":"ImageObject","inLanguage":"pt-BR","@id":"https:\/\/secure.gravatar.com\/avatar\/3b4f84a0a8a4380ac4431fa79981d073692380c5da00ae97596e794ab0db5c8c?s=96&d=mm&r=g","url":"https:\/\/secure.gravatar.com\/avatar\/3b4f84a0a8a4380ac4431fa79981d073692380c5da00ae97596e794ab0db5c8c?s=96&d=mm&r=g","contentUrl":"https:\/\/secure.gravatar.com\/avatar\/3b4f84a0a8a4380ac4431fa79981d073692380c5da00ae97596e794ab0db5c8c?s=96&d=mm&r=g","caption":"MsConectado"},"url":"https:\/\/msconectado.com.br\/?author=2"}]}},"_links":{"self":[{"href":"https:\/\/msconectado.com.br\/index.php?rest_route=\/wp\/v2\/posts\/22081","targetHints":{"allow":["GET"]}}],"collection":[{"href":"https:\/\/msconectado.com.br\/index.php?rest_route=\/wp\/v2\/posts"}],"about":[{"href":"https:\/\/msconectado.com.br\/index.php?rest_route=\/wp\/v2\/types\/post"}],"author":[{"embeddable":true,"href":"https:\/\/msconectado.com.br\/index.php?rest_route=\/wp\/v2\/users\/2"}],"replies":[{"embeddable":true,"href":"https:\/\/msconectado.com.br\/index.php?rest_route=%2Fwp%2Fv2%2Fcomments&post=22081"}],"version-history":[{"count":1,"href":"https:\/\/msconectado.com.br\/index.php?rest_route=\/wp\/v2\/posts\/22081\/revisions"}],"predecessor-version":[{"id":22092,"href":"https:\/\/msconectado.com.br\/index.php?rest_route=\/wp\/v2\/posts\/22081\/revisions\/22092"}],"wp:featuredmedia":[{"embeddable":true,"href":"https:\/\/msconectado.com.br\/index.php?rest_route=\/wp\/v2\/media\/22089"}],"wp:attachment":[{"href":"https:\/\/msconectado.com.br\/index.php?rest_route=%2Fwp%2Fv2%2Fmedia&parent=22081"}],"wp:term":[{"taxonomy":"category","embeddable":true,"href":"https:\/\/msconectado.com.br\/index.php?rest_route=%2Fwp%2Fv2%2Fcategories&post=22081"},{"taxonomy":"post_tag","embeddable":true,"href":"https:\/\/msconectado.com.br\/index.php?rest_route=%2Fwp%2Fv2%2Ftags&post=22081"}],"curies":[{"name":"wp","href":"https:\/\/api.w.org\/{rel}","templated":true}]}}