
{"id":22106,"date":"2024-05-05T13:46:41","date_gmt":"2024-05-05T13:46:41","guid":{"rendered":"https:\/\/msconectado.com.br\/?p=22106"},"modified":"2024-05-05T13:46:43","modified_gmt":"2024-05-05T13:46:43","slug":"festa-da-linguica-de-maracaju-fortalece-cultura-regional-e-beneficia-a-populacao","status":"publish","type":"post","link":"https:\/\/msconectado.com.br\/?p=22106","title":{"rendered":"Festa da Lingui\u00e7a de Maracaju fortalece cultura regional e beneficia a popula\u00e7\u00e3o"},"content":{"rendered":"\n<p>A tradicional Festa da Lingui\u00e7a de Maracaju fomenta a cultura regional de Mato Grosso do Sul, al\u00e9m da gastronomia e economia, beneficiando a popula\u00e7\u00e3o do munic\u00edpio.<\/p>\n\n\n\n<p>O governador, Eduardo Riedel, e a primeira-dama, M\u00f4nica Riedel, participaram da festa neste s\u00e1bado (5). \u201c\u00c9 muito gratificante o Poder P\u00fablico incentivar e ajudar a Festa da Lingui\u00e7a, que \u00e9 uma tradi\u00e7\u00e3o e remete a origem do munic\u00edpio. Tudo \u00e9 realizado em prol de uma cultura que \u00e9 genu\u00edna de Maracaju. O governo do Estado estar\u00e1 sempre presente, porque refor\u00e7a nossa hist\u00f3ria e cultura. Al\u00e9m disso, ajuda a sociedade local\u201d, disse o governador.<\/p>\n\n\n\n<p>O lucro obtido com a realiza\u00e7\u00e3o da festa \u00e9 destinado a entidades assistenciais que prestam algum tipo de servi\u00e7o para a sociedade. O hospital da cidade, Apae, casas de amparo \u00e0 idosos, crian\u00e7as e adolescentes, banco de aux\u00edlio a cadeirantes s\u00e3o alguns dos segmentos assistidos com recursos do evento.<\/p>\n\n\n\n<p>\u201c\u00c9 uma experi\u00eancia muito boa, como gestor poder contribuir. Porque eu trabalhei em v\u00e1rias edi\u00e7\u00f5es, acompanhei a evolu\u00e7\u00e3o e o crescimento da festa e o que ela se tornou para Maracaju, e o Estado. Podemos contribuir para manter a estrutura, vendo o resultado, de fomento a economia local, e com o lucro revertido para as entidades filantr\u00f3picas, ent\u00e3o em todos os aspectos a festa \u00e9 muito positiva\u201d, disse o prefeito de Maracaju, Marcos Calderan.<\/p>\n\n\n<div class=\"wp-block-image\">\n<figure class=\"aligncenter\"><a href=\"https:\/\/agenciadenoticias.ms.gov.br\/wp-content\/uploads\/2024\/05\/festa-da-linguica-1_maracaju-2024_alvaro-rezende.jpeg\"><img decoding=\"async\" src=\"https:\/\/agenciadenoticias.ms.gov.br\/wp-content\/uploads\/2024\/05\/festa-da-linguica-1_maracaju-2024_alvaro-rezende.jpeg\" alt=\"\" class=\"wp-image-475149\"\/><\/a><\/figure>\n<\/div>\n\n<div class=\"wp-block-image\">\n<figure class=\"aligncenter\"><a href=\"https:\/\/agenciadenoticias.ms.gov.br\/wp-content\/uploads\/2024\/05\/festa-da-linguica-7_maracaju-2024_alvaro-rezende.jpeg\"><img decoding=\"async\" src=\"https:\/\/agenciadenoticias.ms.gov.br\/wp-content\/uploads\/2024\/05\/festa-da-linguica-7_maracaju-2024_alvaro-rezende.jpeg\" alt=\"\"\/><\/a><\/figure>\n<\/div>\n\n\n<p>A festa, realizada entre 3 e 5 de maio, faz parte da \u201cRota MS Gastron\u00f4mica\u201d, com v\u00e1rias atra\u00e7\u00f5es culturais organizadas pelo Governo do Estado, por meio da Funda\u00e7\u00e3o de Cultura de Mato Grosso do Sul. A a\u00e7\u00e3o da gest\u00e3o estadual tem como objetivo potencializar a voca\u00e7\u00e3o natural de cada munic\u00edpio, chamando a aten\u00e7\u00e3o para suas festas tradicionais.<\/p>\n\n\n\n<p>Este ano, na 28\u00b0 edi\u00e7\u00e3o da festa que ocorre h\u00e1 30 anos (com suspens\u00e3o em 2020 e 2021 por conta da pandemia), foram produzidas aproximadamente 20 toneladas de lingui\u00e7a. A previs\u00e3o dos organizadores era de reunir 40 mil pessoas durante os dias de festa, com estimativa de que para cada real movimentado, outros R$ 7 giram em consumo e servi\u00e7os no com\u00e9rcio de Maracaju.<\/p>\n\n\n\n<p>Durante todo o evento, foi realizada exposi\u00e7\u00e3o e comercializa\u00e7\u00e3o do artesanato sul-mato-grossense no estande do Governo do Estado. E tamb\u00e9m \u00e9 realizada a emiss\u00e3o da Carteira Nacional do Artes\u00e3o, neste domingo (5), a partir das 10h.<\/p>\n\n\n<div class=\"wp-block-image\">\n<figure class=\"aligncenter\"><a href=\"https:\/\/agenciadenoticias.ms.gov.br\/wp-content\/uploads\/2024\/05\/festa-da-linguica-2_maracaju-2024_alvaro-rezende.jpeg\"><img decoding=\"async\" src=\"https:\/\/agenciadenoticias.ms.gov.br\/wp-content\/uploads\/2024\/05\/festa-da-linguica-2_maracaju-2024_alvaro-rezende.jpeg\" alt=\"\"\/><\/a><\/figure>\n<\/div>\n\n\n<p><strong>Hist\u00f3ria<\/strong><\/p>\n\n\n\n<p>A festa nasceu em 1994, de um projeto do Rotary Club que buscava divulgar e valorizar a iguaria mais famosa da cidade. Com o passar dos anos, a gastronomia se juntou a outros atrativos, como shows nacionais, exposi\u00e7\u00e3o de ve\u00edculos, m\u00e1quinas e implementos, parque de divers\u00f5es, artesanato, fazendo da festa um dos principais eventos tur\u00edsticos do Mato Grosso do Sul.<\/p>\n\n\n\n<p>Atualmente, o evento \u00e9 considerado um dos maiores e mais importantes da gastronomia regional. A iguaria \u00e9 temperada com &#8220;laranja azeda&#8221;, com selo &#8220;anti-fake&#8221; de indica\u00e7\u00e3o geogr\u00e1fica emitido pelo Instituto Nacional de Propriedade Industrial, o que garante desde 2016 ao prato a prote\u00e7\u00e3o contra falsifica\u00e7\u00f5es de origem e produ\u00e7\u00e3o. Al\u00e9m disso, em um dos dias da festa, a lingui\u00e7a faz parte da merenda escolar na cidade.<\/p>\n\n\n\n<p>Em 2019, foi firmado um acordo comercial entre o Mercosul e a Uni\u00e3o Europeia, que deu status especial \u00e0 iguaria, que agora integra a lista de 220 itens protegidos pelo Mercosul. Dentre os itens est\u00e3o o queijo Canastra de Minas Gerais, Mel do Pantanal e a Cacha\u00e7a.<\/p>\n\n\n\n<p>No ano passado, passaram pelo Parque de Exposi\u00e7\u00f5es em torno de 35 mil pessoas, com consumo e comercializa\u00e7\u00e3o de 10 toneladas de lingui\u00e7a. Toda a renda foi destinada \u00e0s entidades sociais e assistenciais do munic\u00edpio, entre elas, o Hospital Soriano Corr\u00eaa da Silva e projetos sociais da PM (Pol\u00edcia Militar).<\/p>\n\n\n\n<p><em>Natalia Yahn, Comunica\u00e7\u00e3o Governo de MS<\/em><br><em>Fotos: \u00c1lvaro Rezende<\/em><\/p>\n\n\n<div class=\"wp-block-image\">\n<figure class=\"aligncenter size-full\"><img fetchpriority=\"high\" decoding=\"async\" width=\"900\" height=\"100\" src=\"https:\/\/msconectado.com.br\/wp-content\/uploads\/2024\/04\/900x100_pantanaltechms.gif\" alt=\"\" class=\"wp-image-22026\"\/><\/figure>\n<\/div>","protected":false},"excerpt":{"rendered":"<p>A tradicional Festa da Lingui\u00e7a de Maracaju fomenta a cultura regional de Mato Grosso do Sul, al\u00e9m da gastronomia e economia, beneficiando a popula\u00e7\u00e3o do munic\u00edpio. O governador, Eduardo Riedel, e a primeira-dama, M\u00f4nica Riedel, participaram da festa neste s\u00e1bado (5). \u201c\u00c9 muito gratificante o Poder P\u00fablico incentivar e ajudar a Festa da Lingui\u00e7a, que [&hellip;]<\/p>\n","protected":false},"author":2,"featured_media":22107,"comment_status":"open","ping_status":"closed","sticky":false,"template":"","format":"standard","meta":{"footnotes":""},"categories":[35,1],"tags":[],"class_list":["post-22106","post","type-post","status-publish","format-standard","has-post-thumbnail","hentry","category-cidades","category-noticia"],"yoast_head":"<!-- This site is optimized with the Yoast SEO plugin v27.5 - https:\/\/yoast.com\/product\/yoast-seo-wordpress\/ -->\n<title>Festa da Lingui\u00e7a de Maracaju fortalece cultura regional e beneficia a popula\u00e7\u00e3o - MsConectado<\/title>\n<meta name=\"robots\" content=\"index, follow, max-snippet:-1, max-image-preview:large, max-video-preview:-1\" \/>\n<link rel=\"canonical\" href=\"https:\/\/msconectado.com.br\/?p=22106\" \/>\n<meta property=\"og:locale\" content=\"pt_BR\" \/>\n<meta property=\"og:type\" content=\"article\" \/>\n<meta property=\"og:title\" content=\"Festa da Lingui\u00e7a de Maracaju fortalece cultura regional e beneficia a popula\u00e7\u00e3o - MsConectado\" \/>\n<meta property=\"og:description\" content=\"A tradicional Festa da Lingui\u00e7a de Maracaju fomenta a cultura regional de Mato Grosso do Sul, al\u00e9m da gastronomia e economia, beneficiando a popula\u00e7\u00e3o do munic\u00edpio. O governador, Eduardo Riedel, e a primeira-dama, M\u00f4nica Riedel, participaram da festa neste s\u00e1bado (5). \u201c\u00c9 muito gratificante o Poder P\u00fablico incentivar e ajudar a Festa da Lingui\u00e7a, que [&hellip;]\" \/>\n<meta property=\"og:url\" content=\"https:\/\/msconectado.com.br\/?p=22106\" \/>\n<meta property=\"og:site_name\" content=\"MsConectado\" \/>\n<meta property=\"article:published_time\" content=\"2024-05-05T13:46:41+00:00\" \/>\n<meta property=\"article:modified_time\" content=\"2024-05-05T13:46:43+00:00\" \/>\n<meta property=\"og:image\" content=\"https:\/\/msconectado.com.br\/wp-content\/uploads\/2024\/05\/image-23-1024x683.png\" \/>\n\t<meta property=\"og:image:width\" content=\"1024\" \/>\n\t<meta property=\"og:image:height\" content=\"683\" \/>\n\t<meta property=\"og:image:type\" content=\"image\/png\" \/>\n<meta name=\"author\" content=\"MsConectado\" \/>\n<meta name=\"twitter:card\" content=\"summary_large_image\" \/>\n<meta name=\"twitter:label1\" content=\"Escrito por\" \/>\n\t<meta name=\"twitter:data1\" content=\"MsConectado\" \/>\n\t<meta name=\"twitter:label2\" content=\"Est. tempo de leitura\" \/>\n\t<meta name=\"twitter:data2\" content=\"5 minutos\" \/>\n<script type=\"application\/ld+json\" class=\"yoast-schema-graph\">{\"@context\":\"https:\\\/\\\/schema.org\",\"@graph\":[{\"@type\":\"Article\",\"@id\":\"https:\\\/\\\/msconectado.com.br\\\/?p=22106#article\",\"isPartOf\":{\"@id\":\"https:\\\/\\\/msconectado.com.br\\\/?p=22106\"},\"author\":{\"name\":\"MsConectado\",\"@id\":\"https:\\\/\\\/msconectado.com.br\\\/#\\\/schema\\\/person\\\/e5585545b5687092f1041d350b6e2c16\"},\"headline\":\"Festa da Lingui\u00e7a de Maracaju fortalece cultura regional e beneficia a popula\u00e7\u00e3o\",\"datePublished\":\"2024-05-05T13:46:41+00:00\",\"dateModified\":\"2024-05-05T13:46:43+00:00\",\"mainEntityOfPage\":{\"@id\":\"https:\\\/\\\/msconectado.com.br\\\/?p=22106\"},\"wordCount\":665,\"commentCount\":0,\"publisher\":{\"@id\":\"https:\\\/\\\/msconectado.com.br\\\/#organization\"},\"image\":{\"@id\":\"https:\\\/\\\/msconectado.com.br\\\/?p=22106#primaryimage\"},\"thumbnailUrl\":\"https:\\\/\\\/msconectado.com.br\\\/wp-content\\\/uploads\\\/2024\\\/05\\\/image-23.png\",\"articleSection\":[\"Cidades\",\"Not\u00edcia\"],\"inLanguage\":\"pt-BR\",\"potentialAction\":[{\"@type\":\"CommentAction\",\"name\":\"Comment\",\"target\":[\"https:\\\/\\\/msconectado.com.br\\\/?p=22106#respond\"]}]},{\"@type\":\"WebPage\",\"@id\":\"https:\\\/\\\/msconectado.com.br\\\/?p=22106\",\"url\":\"https:\\\/\\\/msconectado.com.br\\\/?p=22106\",\"name\":\"Festa da Lingui\u00e7a de Maracaju fortalece cultura regional e beneficia a popula\u00e7\u00e3o - MsConectado\",\"isPartOf\":{\"@id\":\"https:\\\/\\\/msconectado.com.br\\\/#website\"},\"primaryImageOfPage\":{\"@id\":\"https:\\\/\\\/msconectado.com.br\\\/?p=22106#primaryimage\"},\"image\":{\"@id\":\"https:\\\/\\\/msconectado.com.br\\\/?p=22106#primaryimage\"},\"thumbnailUrl\":\"https:\\\/\\\/msconectado.com.br\\\/wp-content\\\/uploads\\\/2024\\\/05\\\/image-23.png\",\"datePublished\":\"2024-05-05T13:46:41+00:00\",\"dateModified\":\"2024-05-05T13:46:43+00:00\",\"breadcrumb\":{\"@id\":\"https:\\\/\\\/msconectado.com.br\\\/?p=22106#breadcrumb\"},\"inLanguage\":\"pt-BR\",\"potentialAction\":[{\"@type\":\"ReadAction\",\"target\":[\"https:\\\/\\\/msconectado.com.br\\\/?p=22106\"]}]},{\"@type\":\"ImageObject\",\"inLanguage\":\"pt-BR\",\"@id\":\"https:\\\/\\\/msconectado.com.br\\\/?p=22106#primaryimage\",\"url\":\"https:\\\/\\\/msconectado.com.br\\\/wp-content\\\/uploads\\\/2024\\\/05\\\/image-23.png\",\"contentUrl\":\"https:\\\/\\\/msconectado.com.br\\\/wp-content\\\/uploads\\\/2024\\\/05\\\/image-23.png\",\"width\":1356,\"height\":904},{\"@type\":\"BreadcrumbList\",\"@id\":\"https:\\\/\\\/msconectado.com.br\\\/?p=22106#breadcrumb\",\"itemListElement\":[{\"@type\":\"ListItem\",\"position\":1,\"name\":\"In\u00edcio\",\"item\":\"https:\\\/\\\/msconectado.com.br\\\/?page_id=105\"},{\"@type\":\"ListItem\",\"position\":2,\"name\":\"Festa da Lingui\u00e7a de Maracaju fortalece cultura regional e beneficia a popula\u00e7\u00e3o\"}]},{\"@type\":\"WebSite\",\"@id\":\"https:\\\/\\\/msconectado.com.br\\\/#website\",\"url\":\"https:\\\/\\\/msconectado.com.br\\\/\",\"name\":\"MsConectado\",\"description\":\"Voc\u00ea Conectado com a Not\u00edcia!\",\"publisher\":{\"@id\":\"https:\\\/\\\/msconectado.com.br\\\/#organization\"},\"potentialAction\":[{\"@type\":\"SearchAction\",\"target\":{\"@type\":\"EntryPoint\",\"urlTemplate\":\"https:\\\/\\\/msconectado.com.br\\\/?s={search_term_string}\"},\"query-input\":{\"@type\":\"PropertyValueSpecification\",\"valueRequired\":true,\"valueName\":\"search_term_string\"}}],\"inLanguage\":\"pt-BR\"},{\"@type\":\"Organization\",\"@id\":\"https:\\\/\\\/msconectado.com.br\\\/#organization\",\"name\":\"MsConectado\",\"url\":\"https:\\\/\\\/msconectado.com.br\\\/\",\"logo\":{\"@type\":\"ImageObject\",\"inLanguage\":\"pt-BR\",\"@id\":\"https:\\\/\\\/msconectado.com.br\\\/#\\\/schema\\\/logo\\\/image\\\/\",\"url\":\"https:\\\/\\\/msconectado.com.br\\\/wp-content\\\/uploads\\\/2023\\\/01\\\/cropped-noticia-2.png\",\"contentUrl\":\"https:\\\/\\\/msconectado.com.br\\\/wp-content\\\/uploads\\\/2023\\\/01\\\/cropped-noticia-2.png\",\"width\":720,\"height\":157,\"caption\":\"MsConectado\"},\"image\":{\"@id\":\"https:\\\/\\\/msconectado.com.br\\\/#\\\/schema\\\/logo\\\/image\\\/\"}},{\"@type\":\"Person\",\"@id\":\"https:\\\/\\\/msconectado.com.br\\\/#\\\/schema\\\/person\\\/e5585545b5687092f1041d350b6e2c16\",\"name\":\"MsConectado\",\"image\":{\"@type\":\"ImageObject\",\"inLanguage\":\"pt-BR\",\"@id\":\"https:\\\/\\\/secure.gravatar.com\\\/avatar\\\/3b4f84a0a8a4380ac4431fa79981d073692380c5da00ae97596e794ab0db5c8c?s=96&d=mm&r=g\",\"url\":\"https:\\\/\\\/secure.gravatar.com\\\/avatar\\\/3b4f84a0a8a4380ac4431fa79981d073692380c5da00ae97596e794ab0db5c8c?s=96&d=mm&r=g\",\"contentUrl\":\"https:\\\/\\\/secure.gravatar.com\\\/avatar\\\/3b4f84a0a8a4380ac4431fa79981d073692380c5da00ae97596e794ab0db5c8c?s=96&d=mm&r=g\",\"caption\":\"MsConectado\"},\"url\":\"https:\\\/\\\/msconectado.com.br\\\/?author=2\"}]}<\/script>\n<!-- \/ Yoast SEO plugin. -->","yoast_head_json":{"title":"Festa da Lingui\u00e7a de Maracaju fortalece cultura regional e beneficia a popula\u00e7\u00e3o - MsConectado","robots":{"index":"index","follow":"follow","max-snippet":"max-snippet:-1","max-image-preview":"max-image-preview:large","max-video-preview":"max-video-preview:-1"},"canonical":"https:\/\/msconectado.com.br\/?p=22106","og_locale":"pt_BR","og_type":"article","og_title":"Festa da Lingui\u00e7a de Maracaju fortalece cultura regional e beneficia a popula\u00e7\u00e3o - MsConectado","og_description":"A tradicional Festa da Lingui\u00e7a de Maracaju fomenta a cultura regional de Mato Grosso do Sul, al\u00e9m da gastronomia e economia, beneficiando a popula\u00e7\u00e3o do munic\u00edpio. O governador, Eduardo Riedel, e a primeira-dama, M\u00f4nica Riedel, participaram da festa neste s\u00e1bado (5). \u201c\u00c9 muito gratificante o Poder P\u00fablico incentivar e ajudar a Festa da Lingui\u00e7a, que [&hellip;]","og_url":"https:\/\/msconectado.com.br\/?p=22106","og_site_name":"MsConectado","article_published_time":"2024-05-05T13:46:41+00:00","article_modified_time":"2024-05-05T13:46:43+00:00","og_image":[{"width":1024,"height":683,"url":"https:\/\/msconectado.com.br\/wp-content\/uploads\/2024\/05\/image-23-1024x683.png","type":"image\/png"}],"author":"MsConectado","twitter_card":"summary_large_image","twitter_misc":{"Escrito por":"MsConectado","Est. tempo de leitura":"5 minutos"},"schema":{"@context":"https:\/\/schema.org","@graph":[{"@type":"Article","@id":"https:\/\/msconectado.com.br\/?p=22106#article","isPartOf":{"@id":"https:\/\/msconectado.com.br\/?p=22106"},"author":{"name":"MsConectado","@id":"https:\/\/msconectado.com.br\/#\/schema\/person\/e5585545b5687092f1041d350b6e2c16"},"headline":"Festa da Lingui\u00e7a de Maracaju fortalece cultura regional e beneficia a popula\u00e7\u00e3o","datePublished":"2024-05-05T13:46:41+00:00","dateModified":"2024-05-05T13:46:43+00:00","mainEntityOfPage":{"@id":"https:\/\/msconectado.com.br\/?p=22106"},"wordCount":665,"commentCount":0,"publisher":{"@id":"https:\/\/msconectado.com.br\/#organization"},"image":{"@id":"https:\/\/msconectado.com.br\/?p=22106#primaryimage"},"thumbnailUrl":"https:\/\/msconectado.com.br\/wp-content\/uploads\/2024\/05\/image-23.png","articleSection":["Cidades","Not\u00edcia"],"inLanguage":"pt-BR","potentialAction":[{"@type":"CommentAction","name":"Comment","target":["https:\/\/msconectado.com.br\/?p=22106#respond"]}]},{"@type":"WebPage","@id":"https:\/\/msconectado.com.br\/?p=22106","url":"https:\/\/msconectado.com.br\/?p=22106","name":"Festa da Lingui\u00e7a de Maracaju fortalece cultura regional e beneficia a popula\u00e7\u00e3o - MsConectado","isPartOf":{"@id":"https:\/\/msconectado.com.br\/#website"},"primaryImageOfPage":{"@id":"https:\/\/msconectado.com.br\/?p=22106#primaryimage"},"image":{"@id":"https:\/\/msconectado.com.br\/?p=22106#primaryimage"},"thumbnailUrl":"https:\/\/msconectado.com.br\/wp-content\/uploads\/2024\/05\/image-23.png","datePublished":"2024-05-05T13:46:41+00:00","dateModified":"2024-05-05T13:46:43+00:00","breadcrumb":{"@id":"https:\/\/msconectado.com.br\/?p=22106#breadcrumb"},"inLanguage":"pt-BR","potentialAction":[{"@type":"ReadAction","target":["https:\/\/msconectado.com.br\/?p=22106"]}]},{"@type":"ImageObject","inLanguage":"pt-BR","@id":"https:\/\/msconectado.com.br\/?p=22106#primaryimage","url":"https:\/\/msconectado.com.br\/wp-content\/uploads\/2024\/05\/image-23.png","contentUrl":"https:\/\/msconectado.com.br\/wp-content\/uploads\/2024\/05\/image-23.png","width":1356,"height":904},{"@type":"BreadcrumbList","@id":"https:\/\/msconectado.com.br\/?p=22106#breadcrumb","itemListElement":[{"@type":"ListItem","position":1,"name":"In\u00edcio","item":"https:\/\/msconectado.com.br\/?page_id=105"},{"@type":"ListItem","position":2,"name":"Festa da Lingui\u00e7a de Maracaju fortalece cultura regional e beneficia a popula\u00e7\u00e3o"}]},{"@type":"WebSite","@id":"https:\/\/msconectado.com.br\/#website","url":"https:\/\/msconectado.com.br\/","name":"MsConectado","description":"Voc\u00ea Conectado com a Not\u00edcia!","publisher":{"@id":"https:\/\/msconectado.com.br\/#organization"},"potentialAction":[{"@type":"SearchAction","target":{"@type":"EntryPoint","urlTemplate":"https:\/\/msconectado.com.br\/?s={search_term_string}"},"query-input":{"@type":"PropertyValueSpecification","valueRequired":true,"valueName":"search_term_string"}}],"inLanguage":"pt-BR"},{"@type":"Organization","@id":"https:\/\/msconectado.com.br\/#organization","name":"MsConectado","url":"https:\/\/msconectado.com.br\/","logo":{"@type":"ImageObject","inLanguage":"pt-BR","@id":"https:\/\/msconectado.com.br\/#\/schema\/logo\/image\/","url":"https:\/\/msconectado.com.br\/wp-content\/uploads\/2023\/01\/cropped-noticia-2.png","contentUrl":"https:\/\/msconectado.com.br\/wp-content\/uploads\/2023\/01\/cropped-noticia-2.png","width":720,"height":157,"caption":"MsConectado"},"image":{"@id":"https:\/\/msconectado.com.br\/#\/schema\/logo\/image\/"}},{"@type":"Person","@id":"https:\/\/msconectado.com.br\/#\/schema\/person\/e5585545b5687092f1041d350b6e2c16","name":"MsConectado","image":{"@type":"ImageObject","inLanguage":"pt-BR","@id":"https:\/\/secure.gravatar.com\/avatar\/3b4f84a0a8a4380ac4431fa79981d073692380c5da00ae97596e794ab0db5c8c?s=96&d=mm&r=g","url":"https:\/\/secure.gravatar.com\/avatar\/3b4f84a0a8a4380ac4431fa79981d073692380c5da00ae97596e794ab0db5c8c?s=96&d=mm&r=g","contentUrl":"https:\/\/secure.gravatar.com\/avatar\/3b4f84a0a8a4380ac4431fa79981d073692380c5da00ae97596e794ab0db5c8c?s=96&d=mm&r=g","caption":"MsConectado"},"url":"https:\/\/msconectado.com.br\/?author=2"}]}},"_links":{"self":[{"href":"https:\/\/msconectado.com.br\/index.php?rest_route=\/wp\/v2\/posts\/22106","targetHints":{"allow":["GET"]}}],"collection":[{"href":"https:\/\/msconectado.com.br\/index.php?rest_route=\/wp\/v2\/posts"}],"about":[{"href":"https:\/\/msconectado.com.br\/index.php?rest_route=\/wp\/v2\/types\/post"}],"author":[{"embeddable":true,"href":"https:\/\/msconectado.com.br\/index.php?rest_route=\/wp\/v2\/users\/2"}],"replies":[{"embeddable":true,"href":"https:\/\/msconectado.com.br\/index.php?rest_route=%2Fwp%2Fv2%2Fcomments&post=22106"}],"version-history":[{"count":1,"href":"https:\/\/msconectado.com.br\/index.php?rest_route=\/wp\/v2\/posts\/22106\/revisions"}],"predecessor-version":[{"id":22108,"href":"https:\/\/msconectado.com.br\/index.php?rest_route=\/wp\/v2\/posts\/22106\/revisions\/22108"}],"wp:featuredmedia":[{"embeddable":true,"href":"https:\/\/msconectado.com.br\/index.php?rest_route=\/wp\/v2\/media\/22107"}],"wp:attachment":[{"href":"https:\/\/msconectado.com.br\/index.php?rest_route=%2Fwp%2Fv2%2Fmedia&parent=22106"}],"wp:term":[{"taxonomy":"category","embeddable":true,"href":"https:\/\/msconectado.com.br\/index.php?rest_route=%2Fwp%2Fv2%2Fcategories&post=22106"},{"taxonomy":"post_tag","embeddable":true,"href":"https:\/\/msconectado.com.br\/index.php?rest_route=%2Fwp%2Fv2%2Ftags&post=22106"}],"curies":[{"name":"wp","href":"https:\/\/api.w.org\/{rel}","templated":true}]}}