
{"id":22170,"date":"2024-05-13T19:33:28","date_gmt":"2024-05-13T19:33:28","guid":{"rendered":"https:\/\/msconectado.com.br\/?p=22170"},"modified":"2024-05-13T19:33:30","modified_gmt":"2024-05-13T19:33:30","slug":"prefeitura-de-maracaju-realiza-casamento-comunitario-edicao-2024","status":"publish","type":"post","link":"https:\/\/msconectado.com.br\/?p=22170","title":{"rendered":"Prefeitura de Maracaju realiza Casamento Comunit\u00e1rio \u2013 Edi\u00e7\u00e3o 2024."},"content":{"rendered":"\n<p>A Prefeitura de Maracaju, por meio da Secretaria de Assist\u00eancia Social e atrav\u00e9s do CRAS, realizou na \u00faltima semana mais uma edi\u00e7\u00e3o do \u201cCasamento Comunit\u00e1rio\u201d agraciando 15 (quinze) casais com a documenta\u00e7\u00e3o, cerim\u00f4nia, decora\u00e7\u00e3o, registro fotogr\u00e1fico e buffet de comemora\u00e7\u00e3o ao casamento.<\/p>\n\n\n\n<p>O evento realizado na \u00e1rea externa da Coordenadoria da Mulher foi um verdadeiro \u201cmix\u201d de emo\u00e7\u00e3o, alegria e planos para a vida dos novos casais, muitos deles j\u00e1 unidos e residindo juntos, mas agora, devidamente reconhecidos pela lei, poder\u00e3o dar novos passos na rela\u00e7\u00e3o.<\/p>\n\n\n\n<p>Presente no evento, Marcos Calderan, Prefeito de Maracaju, destacou a import\u00e2ncia deste ato do munic\u00edpio.<\/p>\n\n\n\n<p>\u201c<em>Casamento \u00e9 algo sagrado, mais ainda, quando \u00e9 reconhecido pela lei dos homens e de Deus, isso que estamos fazendo aqui, n\u00e3o \u00e9 apenas registrar algo que j\u00e1 \u00e9 existente, mas fazer uma cerim\u00f4nia real, bonita e que, certamente, ficar\u00e1 marcada na mem\u00f3ria de todos esses casais<\/em>.\u201d Afirmou Marcos Calderan.<\/p>\n\n\n<div class=\"wp-block-image\">\n<figure class=\"aligncenter size-large\"><img decoding=\"async\" src=\"https:\/\/msconectado.com.br\/wp-content\/uploads\/2024\/05\/image-41-1024x682.png\" alt=\"\" class=\"wp-image-22173\"\/><\/figure>\n<\/div>\n\n\n<p>De acordo com Leiza Karen Barbosa, Secret\u00e1ria de Assist\u00eancia Social, trata-se de um evento que mobiliza toda a equipe de sua pasta, devido a sua import\u00e2ncia e para cumprir o objetivo de oferecer o que h\u00e1 de melhor para os noivos.<\/p>\n\n\n\n<p>\u201c<em>Al\u00e9m da parte de legaliza\u00e7\u00e3o que sabemos que h\u00e1 um custo, todo custeado pelo munic\u00edpio, focamos em oferecer uma cerim\u00f4nia bonita e emocionante para esses casais, afinal aqui h\u00e1 duas hist\u00f3rias que agora se tornam uma \u00fanica hist\u00f3ria, j\u00e1 h\u00e1 filhos, j\u00e1 h\u00e1 amor, agora h\u00e1 o reconhecimento por parte da lei. Parab\u00e9ns aos casais e ficamos felizes pela confian\u00e7a de terem compartilhado esse sonho conosco, Deus aben\u00e7oe voc\u00eas.\u201d<\/em> Afirmou Leiza.<\/p>\n\n\n\n<p>O casamento foi realizado pelo Juiz de Paz, Jos\u00e9 Carlos Clementino da Silva.<\/p>\n\n\n\n<p>Foram 15 casais contemplados com o Casamento Comunit\u00e1rio \u2013 Edi\u00e7\u00e3o 2024.<\/p>\n\n\n\n<p>Assessoria<\/p>\n\n\n<div class=\"wp-block-image\">\n<figure class=\"aligncenter size-full\"><img fetchpriority=\"high\" decoding=\"async\" width=\"900\" height=\"100\" src=\"https:\/\/msconectado.com.br\/wp-content\/uploads\/2024\/05\/ezgif.com-animated-gif-maker.gif\" alt=\"\" class=\"wp-image-22166\"\/><\/figure>\n<\/div>","protected":false},"excerpt":{"rendered":"<p>A Prefeitura de Maracaju, por meio da Secretaria de Assist\u00eancia Social e atrav\u00e9s do CRAS, realizou na \u00faltima semana mais uma edi\u00e7\u00e3o do \u201cCasamento Comunit\u00e1rio\u201d agraciando 15 (quinze) casais com a documenta\u00e7\u00e3o, cerim\u00f4nia, decora\u00e7\u00e3o, registro fotogr\u00e1fico e buffet de comemora\u00e7\u00e3o ao casamento. O evento realizado na \u00e1rea externa da Coordenadoria da Mulher foi um verdadeiro [&hellip;]<\/p>\n","protected":false},"author":2,"featured_media":0,"comment_status":"open","ping_status":"closed","sticky":false,"template":"","format":"standard","meta":{"footnotes":""},"categories":[35,1],"tags":[],"class_list":["post-22170","post","type-post","status-publish","format-standard","hentry","category-cidades","category-noticia"],"yoast_head":"<!-- This site is optimized with the Yoast SEO plugin v27.5 - https:\/\/yoast.com\/product\/yoast-seo-wordpress\/ -->\n<title>Prefeitura de Maracaju realiza Casamento Comunit\u00e1rio \u2013 Edi\u00e7\u00e3o 2024. - MsConectado<\/title>\n<meta name=\"robots\" content=\"index, follow, max-snippet:-1, max-image-preview:large, max-video-preview:-1\" \/>\n<link rel=\"canonical\" href=\"https:\/\/msconectado.com.br\/?p=22170\" \/>\n<meta property=\"og:locale\" content=\"pt_BR\" \/>\n<meta property=\"og:type\" content=\"article\" \/>\n<meta property=\"og:title\" content=\"Prefeitura de Maracaju realiza Casamento Comunit\u00e1rio \u2013 Edi\u00e7\u00e3o 2024. - MsConectado\" \/>\n<meta property=\"og:description\" content=\"A Prefeitura de Maracaju, por meio da Secretaria de Assist\u00eancia Social e atrav\u00e9s do CRAS, realizou na \u00faltima semana mais uma edi\u00e7\u00e3o do \u201cCasamento Comunit\u00e1rio\u201d agraciando 15 (quinze) casais com a documenta\u00e7\u00e3o, cerim\u00f4nia, decora\u00e7\u00e3o, registro fotogr\u00e1fico e buffet de comemora\u00e7\u00e3o ao casamento. O evento realizado na \u00e1rea externa da Coordenadoria da Mulher foi um verdadeiro [&hellip;]\" \/>\n<meta property=\"og:url\" content=\"https:\/\/msconectado.com.br\/?p=22170\" \/>\n<meta property=\"og:site_name\" content=\"MsConectado\" \/>\n<meta property=\"article:published_time\" content=\"2024-05-13T19:33:28+00:00\" \/>\n<meta property=\"article:modified_time\" content=\"2024-05-13T19:33:30+00:00\" \/>\n<meta property=\"og:image\" content=\"https:\/\/msconectado.com.br\/wp-content\/uploads\/2024\/05\/vereadores-branco-1.jpg\" \/>\n\t<meta property=\"og:image:width\" content=\"1600\" \/>\n\t<meta property=\"og:image:height\" content=\"1066\" \/>\n\t<meta property=\"og:image:type\" content=\"image\/jpeg\" \/>\n<meta name=\"author\" content=\"MsConectado\" \/>\n<meta name=\"twitter:card\" content=\"summary_large_image\" \/>\n<meta name=\"twitter:label1\" content=\"Escrito por\" \/>\n\t<meta name=\"twitter:data1\" content=\"MsConectado\" \/>\n\t<meta name=\"twitter:label2\" content=\"Est. tempo de leitura\" \/>\n\t<meta name=\"twitter:data2\" content=\"3 minutos\" \/>\n<script type=\"application\/ld+json\" class=\"yoast-schema-graph\">{\"@context\":\"https:\\\/\\\/schema.org\",\"@graph\":[{\"@type\":\"Article\",\"@id\":\"https:\\\/\\\/msconectado.com.br\\\/?p=22170#article\",\"isPartOf\":{\"@id\":\"https:\\\/\\\/msconectado.com.br\\\/?p=22170\"},\"author\":{\"name\":\"MsConectado\",\"@id\":\"https:\\\/\\\/msconectado.com.br\\\/#\\\/schema\\\/person\\\/e5585545b5687092f1041d350b6e2c16\"},\"headline\":\"Prefeitura de Maracaju realiza Casamento Comunit\u00e1rio \u2013 Edi\u00e7\u00e3o 2024.\",\"datePublished\":\"2024-05-13T19:33:28+00:00\",\"dateModified\":\"2024-05-13T19:33:30+00:00\",\"mainEntityOfPage\":{\"@id\":\"https:\\\/\\\/msconectado.com.br\\\/?p=22170\"},\"wordCount\":321,\"commentCount\":0,\"publisher\":{\"@id\":\"https:\\\/\\\/msconectado.com.br\\\/#organization\"},\"image\":{\"@id\":\"https:\\\/\\\/msconectado.com.br\\\/?p=22170#primaryimage\"},\"thumbnailUrl\":\"https:\\\/\\\/msconectado.com.br\\\/wp-content\\\/uploads\\\/2024\\\/05\\\/image-41-1024x682.png\",\"articleSection\":[\"Cidades\",\"Not\u00edcia\"],\"inLanguage\":\"pt-BR\",\"potentialAction\":[{\"@type\":\"CommentAction\",\"name\":\"Comment\",\"target\":[\"https:\\\/\\\/msconectado.com.br\\\/?p=22170#respond\"]}]},{\"@type\":\"WebPage\",\"@id\":\"https:\\\/\\\/msconectado.com.br\\\/?p=22170\",\"url\":\"https:\\\/\\\/msconectado.com.br\\\/?p=22170\",\"name\":\"Prefeitura de Maracaju realiza Casamento Comunit\u00e1rio \u2013 Edi\u00e7\u00e3o 2024. - MsConectado\",\"isPartOf\":{\"@id\":\"https:\\\/\\\/msconectado.com.br\\\/#website\"},\"primaryImageOfPage\":{\"@id\":\"https:\\\/\\\/msconectado.com.br\\\/?p=22170#primaryimage\"},\"image\":{\"@id\":\"https:\\\/\\\/msconectado.com.br\\\/?p=22170#primaryimage\"},\"thumbnailUrl\":\"https:\\\/\\\/msconectado.com.br\\\/wp-content\\\/uploads\\\/2024\\\/05\\\/image-41-1024x682.png\",\"datePublished\":\"2024-05-13T19:33:28+00:00\",\"dateModified\":\"2024-05-13T19:33:30+00:00\",\"breadcrumb\":{\"@id\":\"https:\\\/\\\/msconectado.com.br\\\/?p=22170#breadcrumb\"},\"inLanguage\":\"pt-BR\",\"potentialAction\":[{\"@type\":\"ReadAction\",\"target\":[\"https:\\\/\\\/msconectado.com.br\\\/?p=22170\"]}]},{\"@type\":\"ImageObject\",\"inLanguage\":\"pt-BR\",\"@id\":\"https:\\\/\\\/msconectado.com.br\\\/?p=22170#primaryimage\",\"url\":\"\",\"contentUrl\":\"\"},{\"@type\":\"BreadcrumbList\",\"@id\":\"https:\\\/\\\/msconectado.com.br\\\/?p=22170#breadcrumb\",\"itemListElement\":[{\"@type\":\"ListItem\",\"position\":1,\"name\":\"In\u00edcio\",\"item\":\"https:\\\/\\\/msconectado.com.br\\\/\"},{\"@type\":\"ListItem\",\"position\":2,\"name\":\"Prefeitura de Maracaju realiza Casamento Comunit\u00e1rio \u2013 Edi\u00e7\u00e3o 2024.\"}]},{\"@type\":\"WebSite\",\"@id\":\"https:\\\/\\\/msconectado.com.br\\\/#website\",\"url\":\"https:\\\/\\\/msconectado.com.br\\\/\",\"name\":\"MsConectado\",\"description\":\"Voc\u00ea Conectado com a Not\u00edcia!\",\"publisher\":{\"@id\":\"https:\\\/\\\/msconectado.com.br\\\/#organization\"},\"potentialAction\":[{\"@type\":\"SearchAction\",\"target\":{\"@type\":\"EntryPoint\",\"urlTemplate\":\"https:\\\/\\\/msconectado.com.br\\\/?s={search_term_string}\"},\"query-input\":{\"@type\":\"PropertyValueSpecification\",\"valueRequired\":true,\"valueName\":\"search_term_string\"}}],\"inLanguage\":\"pt-BR\"},{\"@type\":\"Organization\",\"@id\":\"https:\\\/\\\/msconectado.com.br\\\/#organization\",\"name\":\"MsConectado\",\"url\":\"https:\\\/\\\/msconectado.com.br\\\/\",\"logo\":{\"@type\":\"ImageObject\",\"inLanguage\":\"pt-BR\",\"@id\":\"https:\\\/\\\/msconectado.com.br\\\/#\\\/schema\\\/logo\\\/image\\\/\",\"url\":\"https:\\\/\\\/msconectado.com.br\\\/wp-content\\\/uploads\\\/2023\\\/01\\\/cropped-noticia-2.png\",\"contentUrl\":\"https:\\\/\\\/msconectado.com.br\\\/wp-content\\\/uploads\\\/2023\\\/01\\\/cropped-noticia-2.png\",\"width\":720,\"height\":157,\"caption\":\"MsConectado\"},\"image\":{\"@id\":\"https:\\\/\\\/msconectado.com.br\\\/#\\\/schema\\\/logo\\\/image\\\/\"}},{\"@type\":\"Person\",\"@id\":\"https:\\\/\\\/msconectado.com.br\\\/#\\\/schema\\\/person\\\/e5585545b5687092f1041d350b6e2c16\",\"name\":\"MsConectado\",\"image\":{\"@type\":\"ImageObject\",\"inLanguage\":\"pt-BR\",\"@id\":\"https:\\\/\\\/secure.gravatar.com\\\/avatar\\\/3b4f84a0a8a4380ac4431fa79981d073692380c5da00ae97596e794ab0db5c8c?s=96&d=mm&r=g\",\"url\":\"https:\\\/\\\/secure.gravatar.com\\\/avatar\\\/3b4f84a0a8a4380ac4431fa79981d073692380c5da00ae97596e794ab0db5c8c?s=96&d=mm&r=g\",\"contentUrl\":\"https:\\\/\\\/secure.gravatar.com\\\/avatar\\\/3b4f84a0a8a4380ac4431fa79981d073692380c5da00ae97596e794ab0db5c8c?s=96&d=mm&r=g\",\"caption\":\"MsConectado\"},\"url\":\"https:\\\/\\\/msconectado.com.br\\\/?author=2\"}]}<\/script>\n<!-- \/ Yoast SEO plugin. -->","yoast_head_json":{"title":"Prefeitura de Maracaju realiza Casamento Comunit\u00e1rio \u2013 Edi\u00e7\u00e3o 2024. - MsConectado","robots":{"index":"index","follow":"follow","max-snippet":"max-snippet:-1","max-image-preview":"max-image-preview:large","max-video-preview":"max-video-preview:-1"},"canonical":"https:\/\/msconectado.com.br\/?p=22170","og_locale":"pt_BR","og_type":"article","og_title":"Prefeitura de Maracaju realiza Casamento Comunit\u00e1rio \u2013 Edi\u00e7\u00e3o 2024. - MsConectado","og_description":"A Prefeitura de Maracaju, por meio da Secretaria de Assist\u00eancia Social e atrav\u00e9s do CRAS, realizou na \u00faltima semana mais uma edi\u00e7\u00e3o do \u201cCasamento Comunit\u00e1rio\u201d agraciando 15 (quinze) casais com a documenta\u00e7\u00e3o, cerim\u00f4nia, decora\u00e7\u00e3o, registro fotogr\u00e1fico e buffet de comemora\u00e7\u00e3o ao casamento. O evento realizado na \u00e1rea externa da Coordenadoria da Mulher foi um verdadeiro [&hellip;]","og_url":"https:\/\/msconectado.com.br\/?p=22170","og_site_name":"MsConectado","article_published_time":"2024-05-13T19:33:28+00:00","article_modified_time":"2024-05-13T19:33:30+00:00","og_image":[{"width":1600,"height":1066,"url":"https:\/\/msconectado.com.br\/wp-content\/uploads\/2024\/05\/vereadores-branco-1.jpg","type":"image\/jpeg"}],"author":"MsConectado","twitter_card":"summary_large_image","twitter_misc":{"Escrito por":"MsConectado","Est. tempo de leitura":"3 minutos"},"schema":{"@context":"https:\/\/schema.org","@graph":[{"@type":"Article","@id":"https:\/\/msconectado.com.br\/?p=22170#article","isPartOf":{"@id":"https:\/\/msconectado.com.br\/?p=22170"},"author":{"name":"MsConectado","@id":"https:\/\/msconectado.com.br\/#\/schema\/person\/e5585545b5687092f1041d350b6e2c16"},"headline":"Prefeitura de Maracaju realiza Casamento Comunit\u00e1rio \u2013 Edi\u00e7\u00e3o 2024.","datePublished":"2024-05-13T19:33:28+00:00","dateModified":"2024-05-13T19:33:30+00:00","mainEntityOfPage":{"@id":"https:\/\/msconectado.com.br\/?p=22170"},"wordCount":321,"commentCount":0,"publisher":{"@id":"https:\/\/msconectado.com.br\/#organization"},"image":{"@id":"https:\/\/msconectado.com.br\/?p=22170#primaryimage"},"thumbnailUrl":"https:\/\/msconectado.com.br\/wp-content\/uploads\/2024\/05\/image-41-1024x682.png","articleSection":["Cidades","Not\u00edcia"],"inLanguage":"pt-BR","potentialAction":[{"@type":"CommentAction","name":"Comment","target":["https:\/\/msconectado.com.br\/?p=22170#respond"]}]},{"@type":"WebPage","@id":"https:\/\/msconectado.com.br\/?p=22170","url":"https:\/\/msconectado.com.br\/?p=22170","name":"Prefeitura de Maracaju realiza Casamento Comunit\u00e1rio \u2013 Edi\u00e7\u00e3o 2024. - MsConectado","isPartOf":{"@id":"https:\/\/msconectado.com.br\/#website"},"primaryImageOfPage":{"@id":"https:\/\/msconectado.com.br\/?p=22170#primaryimage"},"image":{"@id":"https:\/\/msconectado.com.br\/?p=22170#primaryimage"},"thumbnailUrl":"https:\/\/msconectado.com.br\/wp-content\/uploads\/2024\/05\/image-41-1024x682.png","datePublished":"2024-05-13T19:33:28+00:00","dateModified":"2024-05-13T19:33:30+00:00","breadcrumb":{"@id":"https:\/\/msconectado.com.br\/?p=22170#breadcrumb"},"inLanguage":"pt-BR","potentialAction":[{"@type":"ReadAction","target":["https:\/\/msconectado.com.br\/?p=22170"]}]},{"@type":"ImageObject","inLanguage":"pt-BR","@id":"https:\/\/msconectado.com.br\/?p=22170#primaryimage","url":"","contentUrl":""},{"@type":"BreadcrumbList","@id":"https:\/\/msconectado.com.br\/?p=22170#breadcrumb","itemListElement":[{"@type":"ListItem","position":1,"name":"In\u00edcio","item":"https:\/\/msconectado.com.br\/"},{"@type":"ListItem","position":2,"name":"Prefeitura de Maracaju realiza Casamento Comunit\u00e1rio \u2013 Edi\u00e7\u00e3o 2024."}]},{"@type":"WebSite","@id":"https:\/\/msconectado.com.br\/#website","url":"https:\/\/msconectado.com.br\/","name":"MsConectado","description":"Voc\u00ea Conectado com a Not\u00edcia!","publisher":{"@id":"https:\/\/msconectado.com.br\/#organization"},"potentialAction":[{"@type":"SearchAction","target":{"@type":"EntryPoint","urlTemplate":"https:\/\/msconectado.com.br\/?s={search_term_string}"},"query-input":{"@type":"PropertyValueSpecification","valueRequired":true,"valueName":"search_term_string"}}],"inLanguage":"pt-BR"},{"@type":"Organization","@id":"https:\/\/msconectado.com.br\/#organization","name":"MsConectado","url":"https:\/\/msconectado.com.br\/","logo":{"@type":"ImageObject","inLanguage":"pt-BR","@id":"https:\/\/msconectado.com.br\/#\/schema\/logo\/image\/","url":"https:\/\/msconectado.com.br\/wp-content\/uploads\/2023\/01\/cropped-noticia-2.png","contentUrl":"https:\/\/msconectado.com.br\/wp-content\/uploads\/2023\/01\/cropped-noticia-2.png","width":720,"height":157,"caption":"MsConectado"},"image":{"@id":"https:\/\/msconectado.com.br\/#\/schema\/logo\/image\/"}},{"@type":"Person","@id":"https:\/\/msconectado.com.br\/#\/schema\/person\/e5585545b5687092f1041d350b6e2c16","name":"MsConectado","image":{"@type":"ImageObject","inLanguage":"pt-BR","@id":"https:\/\/secure.gravatar.com\/avatar\/3b4f84a0a8a4380ac4431fa79981d073692380c5da00ae97596e794ab0db5c8c?s=96&d=mm&r=g","url":"https:\/\/secure.gravatar.com\/avatar\/3b4f84a0a8a4380ac4431fa79981d073692380c5da00ae97596e794ab0db5c8c?s=96&d=mm&r=g","contentUrl":"https:\/\/secure.gravatar.com\/avatar\/3b4f84a0a8a4380ac4431fa79981d073692380c5da00ae97596e794ab0db5c8c?s=96&d=mm&r=g","caption":"MsConectado"},"url":"https:\/\/msconectado.com.br\/?author=2"}]}},"_links":{"self":[{"href":"https:\/\/msconectado.com.br\/index.php?rest_route=\/wp\/v2\/posts\/22170","targetHints":{"allow":["GET"]}}],"collection":[{"href":"https:\/\/msconectado.com.br\/index.php?rest_route=\/wp\/v2\/posts"}],"about":[{"href":"https:\/\/msconectado.com.br\/index.php?rest_route=\/wp\/v2\/types\/post"}],"author":[{"embeddable":true,"href":"https:\/\/msconectado.com.br\/index.php?rest_route=\/wp\/v2\/users\/2"}],"replies":[{"embeddable":true,"href":"https:\/\/msconectado.com.br\/index.php?rest_route=%2Fwp%2Fv2%2Fcomments&post=22170"}],"version-history":[{"count":1,"href":"https:\/\/msconectado.com.br\/index.php?rest_route=\/wp\/v2\/posts\/22170\/revisions"}],"predecessor-version":[{"id":22176,"href":"https:\/\/msconectado.com.br\/index.php?rest_route=\/wp\/v2\/posts\/22170\/revisions\/22176"}],"wp:attachment":[{"href":"https:\/\/msconectado.com.br\/index.php?rest_route=%2Fwp%2Fv2%2Fmedia&parent=22170"}],"wp:term":[{"taxonomy":"category","embeddable":true,"href":"https:\/\/msconectado.com.br\/index.php?rest_route=%2Fwp%2Fv2%2Fcategories&post=22170"},{"taxonomy":"post_tag","embeddable":true,"href":"https:\/\/msconectado.com.br\/index.php?rest_route=%2Fwp%2Fv2%2Ftags&post=22170"}],"curies":[{"name":"wp","href":"https:\/\/api.w.org\/{rel}","templated":true}]}}