
{"id":22177,"date":"2024-05-14T11:47:32","date_gmt":"2024-05-14T11:47:32","guid":{"rendered":"https:\/\/msconectado.com.br\/?p=22177"},"modified":"2024-05-14T11:47:33","modified_gmt":"2024-05-14T11:47:33","slug":"presidente-da-camara-municipal-de-maracaju-parabeniza-iniciativa-de-show-gospel-para-a-comunidade","status":"publish","type":"post","link":"https:\/\/msconectado.com.br\/?p=22177","title":{"rendered":"Presidente da c\u00e2mara municipal de Maracaju parabeniza iniciativa de show gospel para a comunidade."},"content":{"rendered":"\n<p>O presidente da C\u00e2mara Municipal de Maracaju, vereador Robert Ziemann, expressou seus votos de apre\u00e7o e reconhecimento ao presidente do Conselho de Pastores, a prefeitura municipal e ao Sindicato Rural pela iniciativa de oferecer um show com a renomada cantora gospel Aline Barros para toda a popula\u00e7\u00e3o maracajuense.<\/p>\n\n\n<div class=\"wp-block-image\">\n<figure class=\"aligncenter size-large\"><img fetchpriority=\"high\" decoding=\"async\" width=\"1024\" height=\"705\" src=\"https:\/\/msconectado.com.br\/wp-content\/uploads\/2024\/05\/441927995_973414324787682_5560948282432457955_n-1-1024x705.jpg\" alt=\"\" class=\"wp-image-22180\" srcset=\"https:\/\/msconectado.com.br\/wp-content\/uploads\/2024\/05\/441927995_973414324787682_5560948282432457955_n-1-1024x705.jpg 1024w, https:\/\/msconectado.com.br\/wp-content\/uploads\/2024\/05\/441927995_973414324787682_5560948282432457955_n-1-300x207.jpg 300w, https:\/\/msconectado.com.br\/wp-content\/uploads\/2024\/05\/441927995_973414324787682_5560948282432457955_n-1-768x529.jpg 768w, https:\/\/msconectado.com.br\/wp-content\/uploads\/2024\/05\/441927995_973414324787682_5560948282432457955_n-1-1536x1058.jpg 1536w, https:\/\/msconectado.com.br\/wp-content\/uploads\/2024\/05\/441927995_973414324787682_5560948282432457955_n-1.jpg 1600w\" sizes=\"(max-width: 1024px) 100vw, 1024px\" \/><figcaption class=\"wp-element-caption\">Foto: Gessica Souza<\/figcaption><\/figure>\n<\/div>\n\n\n<p>O evento, que promete ser um momento de celebra\u00e7\u00e3o e inspira\u00e7\u00e3o para os moradores da cidade, contar\u00e1 com a participa\u00e7\u00e3o da renomada cantora gospel Aline Barros, reconhecida internacionalmente por suas can\u00e7\u00f5es de louvor e adora\u00e7\u00e3o.<\/p>\n\n\n\n<p>Ao parabenizar a iniciativa, o presidente da C\u00e2mara Municipal ressaltou a import\u00e2ncia de eventos que promovem a uni\u00e3o e fortalecem os valores espirituais na comunidade. &#8220;Sem d\u00favida, vamos ser muito aben\u00e7oados com esses louvores. Agrade\u00e7o ao Conselho de Pastores, ao prefeito Marcos e ao Sindicato Rural por proporcionarem essa oportunidade \u00fanica para os moradores de Maracaju&#8221;, afirmou Ziemann.<\/p>\n\n\n\n<p>O show de Aline Barros est\u00e1 programado para acontecer no dia 05 de junho, no Parque de Exposi\u00e7\u00f5es da cidade, e promete atrair um grande p\u00fablico de todas as idades. Essa iniciativa demonstra o compromisso das lideran\u00e7as locais em promover eventos culturais e religiosos que enriquecem a vida da comunidade e fortalecem os la\u00e7os entre os moradores.<\/p>\n\n\n\n<p>Reda\u00e7\u00e3o<\/p>\n\n\n<div class=\"wp-block-image\">\n<figure class=\"aligncenter size-full\"><img decoding=\"async\" width=\"900\" height=\"100\" src=\"https:\/\/msconectado.com.br\/wp-content\/uploads\/2024\/05\/ezgif.com-animated-gif-maker.gif\" alt=\"\" class=\"wp-image-22166\"\/><\/figure>\n<\/div>","protected":false},"excerpt":{"rendered":"<p>O presidente da C\u00e2mara Municipal de Maracaju, vereador Robert Ziemann, expressou seus votos de apre\u00e7o e reconhecimento ao presidente do Conselho de Pastores, a prefeitura municipal e ao Sindicato Rural pela iniciativa de oferecer um show com a renomada cantora gospel Aline Barros para toda a popula\u00e7\u00e3o maracajuense. O evento, que promete ser um momento [&hellip;]<\/p>\n","protected":false},"author":2,"featured_media":22178,"comment_status":"open","ping_status":"closed","sticky":false,"template":"","format":"standard","meta":{"footnotes":""},"categories":[35,1],"tags":[],"class_list":["post-22177","post","type-post","status-publish","format-standard","has-post-thumbnail","hentry","category-cidades","category-noticia"],"yoast_head":"<!-- This site is optimized with the Yoast SEO plugin v27.5 - https:\/\/yoast.com\/product\/yoast-seo-wordpress\/ -->\n<title>Presidente da c\u00e2mara municipal de Maracaju parabeniza iniciativa de show gospel para a comunidade. - MsConectado<\/title>\n<meta name=\"robots\" content=\"index, follow, max-snippet:-1, max-image-preview:large, max-video-preview:-1\" \/>\n<link rel=\"canonical\" href=\"https:\/\/msconectado.com.br\/?p=22177\" \/>\n<meta property=\"og:locale\" content=\"pt_BR\" \/>\n<meta property=\"og:type\" content=\"article\" \/>\n<meta property=\"og:title\" content=\"Presidente da c\u00e2mara municipal de Maracaju parabeniza iniciativa de show gospel para a comunidade. - MsConectado\" \/>\n<meta property=\"og:description\" content=\"O presidente da C\u00e2mara Municipal de Maracaju, vereador Robert Ziemann, expressou seus votos de apre\u00e7o e reconhecimento ao presidente do Conselho de Pastores, a prefeitura municipal e ao Sindicato Rural pela iniciativa de oferecer um show com a renomada cantora gospel Aline Barros para toda a popula\u00e7\u00e3o maracajuense. O evento, que promete ser um momento [&hellip;]\" \/>\n<meta property=\"og:url\" content=\"https:\/\/msconectado.com.br\/?p=22177\" \/>\n<meta property=\"og:site_name\" content=\"MsConectado\" \/>\n<meta property=\"article:published_time\" content=\"2024-05-14T11:47:32+00:00\" \/>\n<meta property=\"article:modified_time\" content=\"2024-05-14T11:47:33+00:00\" \/>\n<meta property=\"og:image\" content=\"https:\/\/msconectado.com.br\/wp-content\/uploads\/2024\/05\/uqu0441.webp\" \/>\n\t<meta property=\"og:image:width\" content=\"924\" \/>\n\t<meta property=\"og:image:height\" content=\"616\" \/>\n\t<meta property=\"og:image:type\" content=\"image\/webp\" \/>\n<meta name=\"author\" content=\"MsConectado\" \/>\n<meta name=\"twitter:card\" content=\"summary_large_image\" \/>\n<meta name=\"twitter:label1\" content=\"Escrito por\" \/>\n\t<meta name=\"twitter:data1\" content=\"MsConectado\" \/>\n\t<meta name=\"twitter:label2\" content=\"Est. tempo de leitura\" \/>\n\t<meta name=\"twitter:data2\" content=\"2 minutos\" \/>\n<script type=\"application\/ld+json\" class=\"yoast-schema-graph\">{\"@context\":\"https:\\\/\\\/schema.org\",\"@graph\":[{\"@type\":\"Article\",\"@id\":\"https:\\\/\\\/msconectado.com.br\\\/?p=22177#article\",\"isPartOf\":{\"@id\":\"https:\\\/\\\/msconectado.com.br\\\/?p=22177\"},\"author\":{\"name\":\"MsConectado\",\"@id\":\"https:\\\/\\\/msconectado.com.br\\\/#\\\/schema\\\/person\\\/e5585545b5687092f1041d350b6e2c16\"},\"headline\":\"Presidente da c\u00e2mara municipal de Maracaju parabeniza iniciativa de show gospel para a comunidade.\",\"datePublished\":\"2024-05-14T11:47:32+00:00\",\"dateModified\":\"2024-05-14T11:47:33+00:00\",\"mainEntityOfPage\":{\"@id\":\"https:\\\/\\\/msconectado.com.br\\\/?p=22177\"},\"wordCount\":235,\"commentCount\":0,\"publisher\":{\"@id\":\"https:\\\/\\\/msconectado.com.br\\\/#organization\"},\"image\":{\"@id\":\"https:\\\/\\\/msconectado.com.br\\\/?p=22177#primaryimage\"},\"thumbnailUrl\":\"https:\\\/\\\/msconectado.com.br\\\/wp-content\\\/uploads\\\/2024\\\/05\\\/uqu0441.webp\",\"articleSection\":[\"Cidades\",\"Not\u00edcia\"],\"inLanguage\":\"pt-BR\",\"potentialAction\":[{\"@type\":\"CommentAction\",\"name\":\"Comment\",\"target\":[\"https:\\\/\\\/msconectado.com.br\\\/?p=22177#respond\"]}]},{\"@type\":\"WebPage\",\"@id\":\"https:\\\/\\\/msconectado.com.br\\\/?p=22177\",\"url\":\"https:\\\/\\\/msconectado.com.br\\\/?p=22177\",\"name\":\"Presidente da c\u00e2mara municipal de Maracaju parabeniza iniciativa de show gospel para a comunidade. - MsConectado\",\"isPartOf\":{\"@id\":\"https:\\\/\\\/msconectado.com.br\\\/#website\"},\"primaryImageOfPage\":{\"@id\":\"https:\\\/\\\/msconectado.com.br\\\/?p=22177#primaryimage\"},\"image\":{\"@id\":\"https:\\\/\\\/msconectado.com.br\\\/?p=22177#primaryimage\"},\"thumbnailUrl\":\"https:\\\/\\\/msconectado.com.br\\\/wp-content\\\/uploads\\\/2024\\\/05\\\/uqu0441.webp\",\"datePublished\":\"2024-05-14T11:47:32+00:00\",\"dateModified\":\"2024-05-14T11:47:33+00:00\",\"breadcrumb\":{\"@id\":\"https:\\\/\\\/msconectado.com.br\\\/?p=22177#breadcrumb\"},\"inLanguage\":\"pt-BR\",\"potentialAction\":[{\"@type\":\"ReadAction\",\"target\":[\"https:\\\/\\\/msconectado.com.br\\\/?p=22177\"]}]},{\"@type\":\"ImageObject\",\"inLanguage\":\"pt-BR\",\"@id\":\"https:\\\/\\\/msconectado.com.br\\\/?p=22177#primaryimage\",\"url\":\"https:\\\/\\\/msconectado.com.br\\\/wp-content\\\/uploads\\\/2024\\\/05\\\/uqu0441.webp\",\"contentUrl\":\"https:\\\/\\\/msconectado.com.br\\\/wp-content\\\/uploads\\\/2024\\\/05\\\/uqu0441.webp\",\"width\":924,\"height\":616},{\"@type\":\"BreadcrumbList\",\"@id\":\"https:\\\/\\\/msconectado.com.br\\\/?p=22177#breadcrumb\",\"itemListElement\":[{\"@type\":\"ListItem\",\"position\":1,\"name\":\"In\u00edcio\",\"item\":\"https:\\\/\\\/msconectado.com.br\\\/\"},{\"@type\":\"ListItem\",\"position\":2,\"name\":\"Presidente da c\u00e2mara municipal de Maracaju parabeniza iniciativa de show gospel para a comunidade.\"}]},{\"@type\":\"WebSite\",\"@id\":\"https:\\\/\\\/msconectado.com.br\\\/#website\",\"url\":\"https:\\\/\\\/msconectado.com.br\\\/\",\"name\":\"MsConectado\",\"description\":\"Voc\u00ea Conectado com a Not\u00edcia!\",\"publisher\":{\"@id\":\"https:\\\/\\\/msconectado.com.br\\\/#organization\"},\"potentialAction\":[{\"@type\":\"SearchAction\",\"target\":{\"@type\":\"EntryPoint\",\"urlTemplate\":\"https:\\\/\\\/msconectado.com.br\\\/?s={search_term_string}\"},\"query-input\":{\"@type\":\"PropertyValueSpecification\",\"valueRequired\":true,\"valueName\":\"search_term_string\"}}],\"inLanguage\":\"pt-BR\"},{\"@type\":\"Organization\",\"@id\":\"https:\\\/\\\/msconectado.com.br\\\/#organization\",\"name\":\"MsConectado\",\"url\":\"https:\\\/\\\/msconectado.com.br\\\/\",\"logo\":{\"@type\":\"ImageObject\",\"inLanguage\":\"pt-BR\",\"@id\":\"https:\\\/\\\/msconectado.com.br\\\/#\\\/schema\\\/logo\\\/image\\\/\",\"url\":\"https:\\\/\\\/msconectado.com.br\\\/wp-content\\\/uploads\\\/2023\\\/01\\\/cropped-noticia-2.png\",\"contentUrl\":\"https:\\\/\\\/msconectado.com.br\\\/wp-content\\\/uploads\\\/2023\\\/01\\\/cropped-noticia-2.png\",\"width\":720,\"height\":157,\"caption\":\"MsConectado\"},\"image\":{\"@id\":\"https:\\\/\\\/msconectado.com.br\\\/#\\\/schema\\\/logo\\\/image\\\/\"}},{\"@type\":\"Person\",\"@id\":\"https:\\\/\\\/msconectado.com.br\\\/#\\\/schema\\\/person\\\/e5585545b5687092f1041d350b6e2c16\",\"name\":\"MsConectado\",\"image\":{\"@type\":\"ImageObject\",\"inLanguage\":\"pt-BR\",\"@id\":\"https:\\\/\\\/secure.gravatar.com\\\/avatar\\\/3b4f84a0a8a4380ac4431fa79981d073692380c5da00ae97596e794ab0db5c8c?s=96&d=mm&r=g\",\"url\":\"https:\\\/\\\/secure.gravatar.com\\\/avatar\\\/3b4f84a0a8a4380ac4431fa79981d073692380c5da00ae97596e794ab0db5c8c?s=96&d=mm&r=g\",\"contentUrl\":\"https:\\\/\\\/secure.gravatar.com\\\/avatar\\\/3b4f84a0a8a4380ac4431fa79981d073692380c5da00ae97596e794ab0db5c8c?s=96&d=mm&r=g\",\"caption\":\"MsConectado\"},\"url\":\"https:\\\/\\\/msconectado.com.br\\\/?author=2\"}]}<\/script>\n<!-- \/ Yoast SEO plugin. -->","yoast_head_json":{"title":"Presidente da c\u00e2mara municipal de Maracaju parabeniza iniciativa de show gospel para a comunidade. - MsConectado","robots":{"index":"index","follow":"follow","max-snippet":"max-snippet:-1","max-image-preview":"max-image-preview:large","max-video-preview":"max-video-preview:-1"},"canonical":"https:\/\/msconectado.com.br\/?p=22177","og_locale":"pt_BR","og_type":"article","og_title":"Presidente da c\u00e2mara municipal de Maracaju parabeniza iniciativa de show gospel para a comunidade. - MsConectado","og_description":"O presidente da C\u00e2mara Municipal de Maracaju, vereador Robert Ziemann, expressou seus votos de apre\u00e7o e reconhecimento ao presidente do Conselho de Pastores, a prefeitura municipal e ao Sindicato Rural pela iniciativa de oferecer um show com a renomada cantora gospel Aline Barros para toda a popula\u00e7\u00e3o maracajuense. O evento, que promete ser um momento [&hellip;]","og_url":"https:\/\/msconectado.com.br\/?p=22177","og_site_name":"MsConectado","article_published_time":"2024-05-14T11:47:32+00:00","article_modified_time":"2024-05-14T11:47:33+00:00","og_image":[{"width":924,"height":616,"url":"https:\/\/msconectado.com.br\/wp-content\/uploads\/2024\/05\/uqu0441.webp","type":"image\/webp"}],"author":"MsConectado","twitter_card":"summary_large_image","twitter_misc":{"Escrito por":"MsConectado","Est. tempo de leitura":"2 minutos"},"schema":{"@context":"https:\/\/schema.org","@graph":[{"@type":"Article","@id":"https:\/\/msconectado.com.br\/?p=22177#article","isPartOf":{"@id":"https:\/\/msconectado.com.br\/?p=22177"},"author":{"name":"MsConectado","@id":"https:\/\/msconectado.com.br\/#\/schema\/person\/e5585545b5687092f1041d350b6e2c16"},"headline":"Presidente da c\u00e2mara municipal de Maracaju parabeniza iniciativa de show gospel para a comunidade.","datePublished":"2024-05-14T11:47:32+00:00","dateModified":"2024-05-14T11:47:33+00:00","mainEntityOfPage":{"@id":"https:\/\/msconectado.com.br\/?p=22177"},"wordCount":235,"commentCount":0,"publisher":{"@id":"https:\/\/msconectado.com.br\/#organization"},"image":{"@id":"https:\/\/msconectado.com.br\/?p=22177#primaryimage"},"thumbnailUrl":"https:\/\/msconectado.com.br\/wp-content\/uploads\/2024\/05\/uqu0441.webp","articleSection":["Cidades","Not\u00edcia"],"inLanguage":"pt-BR","potentialAction":[{"@type":"CommentAction","name":"Comment","target":["https:\/\/msconectado.com.br\/?p=22177#respond"]}]},{"@type":"WebPage","@id":"https:\/\/msconectado.com.br\/?p=22177","url":"https:\/\/msconectado.com.br\/?p=22177","name":"Presidente da c\u00e2mara municipal de Maracaju parabeniza iniciativa de show gospel para a comunidade. - MsConectado","isPartOf":{"@id":"https:\/\/msconectado.com.br\/#website"},"primaryImageOfPage":{"@id":"https:\/\/msconectado.com.br\/?p=22177#primaryimage"},"image":{"@id":"https:\/\/msconectado.com.br\/?p=22177#primaryimage"},"thumbnailUrl":"https:\/\/msconectado.com.br\/wp-content\/uploads\/2024\/05\/uqu0441.webp","datePublished":"2024-05-14T11:47:32+00:00","dateModified":"2024-05-14T11:47:33+00:00","breadcrumb":{"@id":"https:\/\/msconectado.com.br\/?p=22177#breadcrumb"},"inLanguage":"pt-BR","potentialAction":[{"@type":"ReadAction","target":["https:\/\/msconectado.com.br\/?p=22177"]}]},{"@type":"ImageObject","inLanguage":"pt-BR","@id":"https:\/\/msconectado.com.br\/?p=22177#primaryimage","url":"https:\/\/msconectado.com.br\/wp-content\/uploads\/2024\/05\/uqu0441.webp","contentUrl":"https:\/\/msconectado.com.br\/wp-content\/uploads\/2024\/05\/uqu0441.webp","width":924,"height":616},{"@type":"BreadcrumbList","@id":"https:\/\/msconectado.com.br\/?p=22177#breadcrumb","itemListElement":[{"@type":"ListItem","position":1,"name":"In\u00edcio","item":"https:\/\/msconectado.com.br\/"},{"@type":"ListItem","position":2,"name":"Presidente da c\u00e2mara municipal de Maracaju parabeniza iniciativa de show gospel para a comunidade."}]},{"@type":"WebSite","@id":"https:\/\/msconectado.com.br\/#website","url":"https:\/\/msconectado.com.br\/","name":"MsConectado","description":"Voc\u00ea Conectado com a Not\u00edcia!","publisher":{"@id":"https:\/\/msconectado.com.br\/#organization"},"potentialAction":[{"@type":"SearchAction","target":{"@type":"EntryPoint","urlTemplate":"https:\/\/msconectado.com.br\/?s={search_term_string}"},"query-input":{"@type":"PropertyValueSpecification","valueRequired":true,"valueName":"search_term_string"}}],"inLanguage":"pt-BR"},{"@type":"Organization","@id":"https:\/\/msconectado.com.br\/#organization","name":"MsConectado","url":"https:\/\/msconectado.com.br\/","logo":{"@type":"ImageObject","inLanguage":"pt-BR","@id":"https:\/\/msconectado.com.br\/#\/schema\/logo\/image\/","url":"https:\/\/msconectado.com.br\/wp-content\/uploads\/2023\/01\/cropped-noticia-2.png","contentUrl":"https:\/\/msconectado.com.br\/wp-content\/uploads\/2023\/01\/cropped-noticia-2.png","width":720,"height":157,"caption":"MsConectado"},"image":{"@id":"https:\/\/msconectado.com.br\/#\/schema\/logo\/image\/"}},{"@type":"Person","@id":"https:\/\/msconectado.com.br\/#\/schema\/person\/e5585545b5687092f1041d350b6e2c16","name":"MsConectado","image":{"@type":"ImageObject","inLanguage":"pt-BR","@id":"https:\/\/secure.gravatar.com\/avatar\/3b4f84a0a8a4380ac4431fa79981d073692380c5da00ae97596e794ab0db5c8c?s=96&d=mm&r=g","url":"https:\/\/secure.gravatar.com\/avatar\/3b4f84a0a8a4380ac4431fa79981d073692380c5da00ae97596e794ab0db5c8c?s=96&d=mm&r=g","contentUrl":"https:\/\/secure.gravatar.com\/avatar\/3b4f84a0a8a4380ac4431fa79981d073692380c5da00ae97596e794ab0db5c8c?s=96&d=mm&r=g","caption":"MsConectado"},"url":"https:\/\/msconectado.com.br\/?author=2"}]}},"_links":{"self":[{"href":"https:\/\/msconectado.com.br\/index.php?rest_route=\/wp\/v2\/posts\/22177","targetHints":{"allow":["GET"]}}],"collection":[{"href":"https:\/\/msconectado.com.br\/index.php?rest_route=\/wp\/v2\/posts"}],"about":[{"href":"https:\/\/msconectado.com.br\/index.php?rest_route=\/wp\/v2\/types\/post"}],"author":[{"embeddable":true,"href":"https:\/\/msconectado.com.br\/index.php?rest_route=\/wp\/v2\/users\/2"}],"replies":[{"embeddable":true,"href":"https:\/\/msconectado.com.br\/index.php?rest_route=%2Fwp%2Fv2%2Fcomments&post=22177"}],"version-history":[{"count":1,"href":"https:\/\/msconectado.com.br\/index.php?rest_route=\/wp\/v2\/posts\/22177\/revisions"}],"predecessor-version":[{"id":22181,"href":"https:\/\/msconectado.com.br\/index.php?rest_route=\/wp\/v2\/posts\/22177\/revisions\/22181"}],"wp:featuredmedia":[{"embeddable":true,"href":"https:\/\/msconectado.com.br\/index.php?rest_route=\/wp\/v2\/media\/22178"}],"wp:attachment":[{"href":"https:\/\/msconectado.com.br\/index.php?rest_route=%2Fwp%2Fv2%2Fmedia&parent=22177"}],"wp:term":[{"taxonomy":"category","embeddable":true,"href":"https:\/\/msconectado.com.br\/index.php?rest_route=%2Fwp%2Fv2%2Fcategories&post=22177"},{"taxonomy":"post_tag","embeddable":true,"href":"https:\/\/msconectado.com.br\/index.php?rest_route=%2Fwp%2Fv2%2Ftags&post=22177"}],"curies":[{"name":"wp","href":"https:\/\/api.w.org\/{rel}","templated":true}]}}