
{"id":22214,"date":"2024-05-18T22:45:35","date_gmt":"2024-05-18T22:45:35","guid":{"rendered":"https:\/\/msconectado.com.br\/?p=22214"},"modified":"2024-05-18T22:45:37","modified_gmt":"2024-05-18T22:45:37","slug":"obras-do-cras-cascatinha-avancam-e-podem-ser-concluidas-ate-agosto-em-sidrolandia","status":"publish","type":"post","link":"https:\/\/msconectado.com.br\/?p=22214","title":{"rendered":"Obras do CRAS Cascatinha avan\u00e7am e podem ser conclu\u00eddas at\u00e9 agosto em Sidrol\u00e2ndia."},"content":{"rendered":"\n<p>A Prefeitura de Sidrol\u00e2ndia planeja entregar em agosto a sede pr\u00f3pria do Centro de Refer\u00eancia de Assist\u00eancia Social (CRAS) Cascatinha, estrutura vinculada \u00e0 Secretaria Municipal de Assist\u00eancia Social.<\/p>\n\n\n\n<p>Nesta semana foi realizada a etapa de concretagem do pr\u00e9dio de 233,3 metros quadrados onde est\u00e3o sendo investidos R$ 536.936, 78, recurso do Minist\u00e9rio do Desenvolvimento Social e Combate \u00e0 Fome (R$ 382 mil) e contrapartida do munic\u00edpio (R$ 154.936,78).<\/p>\n\n\n\n<p>A sede do CRAS Cascatinha, que atualmente funciona num pr\u00e9dio alugado, est\u00e1 sendo constru\u00edda lado do Centro de Refer\u00eancia Especializado de Assist\u00eancia Social (CREAS), localizado \u00e0 rua Diogo Cunha, bairro Cascatinha II, seguindo o padr\u00e3o arquitet\u00f4nico adotado em todo o pa\u00eds pelo Minist\u00e9rio da Cidadania.<a href=\"https:\/\/www.sidrolandia.ms.gov.br\/noticias\/gabinete\/obras-do-cras-cascatinha-avancam-e-podem-ser-concluidas-ate-agosto#\"><\/a><a href=\"https:\/\/www.sidrolandia.ms.gov.br\/noticias\/gabinete\/obras-do-cras-cascatinha-avancam-e-podem-ser-concluidas-ate-agosto#_wualip11h\"><\/a><\/p>\n\n\n\n<p><strong>A unidade<\/strong><\/p>\n\n\n\n<p>Em torno de 2.500 fam\u00edlias integram o territ\u00f3rio de atendimento do CRAS Cascatinha, abrangendo os bairros Cascatinha I, Cascatinha II, Santa Marta, Jardim Alfa, Jardim do Sul, Jardim Petr\u00f3polis, Vila Carinhosa, al\u00e9m das aldeias Terer\u00e9, Nova Nascente e Nova Terer\u00e9.<\/p>\n\n\n\n<p>O CRAS Cascatinha tamb\u00e9m \u00e9 respons\u00e1vel por comunidades rurais e ind\u00edgenas distantes do per\u00edmetro urbano, as aldeias C\u00f3rrego do Meio, Dez de Maio e Lagoinha, al\u00e9m dos assentamentos Cap\u00e3o Bonito I e II, S\u00e3o Pedro, Barra Nova I e II, Santa L\u00facia, Geraldo Garcia, Valinhos, Santa Terezinha, Estrela, Mutum, regi\u00f5es do Cantagalo, Pequi dos Crentes e todas as que se situam na divisa com os munic\u00edpios de Nova Alvorada, Rio Brilhante e Maracaju.<\/p>\n\n\n\n<p>Assessoria<\/p>\n\n\n<div class=\"wp-block-image\">\n<figure class=\"aligncenter size-full\"><img fetchpriority=\"high\" decoding=\"async\" width=\"900\" height=\"100\" src=\"https:\/\/msconectado.com.br\/wp-content\/uploads\/2024\/05\/ezgif.com-animated-gif-maker.gif\" alt=\"\" class=\"wp-image-22166\"\/><\/figure>\n<\/div>","protected":false},"excerpt":{"rendered":"<p>A Prefeitura de Sidrol\u00e2ndia planeja entregar em agosto a sede pr\u00f3pria do Centro de Refer\u00eancia de Assist\u00eancia Social (CRAS) Cascatinha, estrutura vinculada \u00e0 Secretaria Municipal de Assist\u00eancia Social. Nesta semana foi realizada a etapa de concretagem do pr\u00e9dio de 233,3 metros quadrados onde est\u00e3o sendo investidos R$ 536.936, 78, recurso do Minist\u00e9rio do Desenvolvimento Social [&hellip;]<\/p>\n","protected":false},"author":2,"featured_media":22215,"comment_status":"open","ping_status":"closed","sticky":false,"template":"","format":"standard","meta":{"footnotes":""},"categories":[35,1],"tags":[],"class_list":["post-22214","post","type-post","status-publish","format-standard","has-post-thumbnail","hentry","category-cidades","category-noticia"],"yoast_head":"<!-- This site is optimized with the Yoast SEO plugin v27.5 - https:\/\/yoast.com\/product\/yoast-seo-wordpress\/ -->\n<title>Obras do CRAS Cascatinha avan\u00e7am e podem ser conclu\u00eddas at\u00e9 agosto em Sidrol\u00e2ndia. - MsConectado<\/title>\n<meta name=\"robots\" content=\"index, follow, max-snippet:-1, max-image-preview:large, max-video-preview:-1\" \/>\n<link rel=\"canonical\" href=\"https:\/\/msconectado.com.br\/?p=22214\" \/>\n<meta property=\"og:locale\" content=\"pt_BR\" \/>\n<meta property=\"og:type\" content=\"article\" \/>\n<meta property=\"og:title\" content=\"Obras do CRAS Cascatinha avan\u00e7am e podem ser conclu\u00eddas at\u00e9 agosto em Sidrol\u00e2ndia. - MsConectado\" \/>\n<meta property=\"og:description\" content=\"A Prefeitura de Sidrol\u00e2ndia planeja entregar em agosto a sede pr\u00f3pria do Centro de Refer\u00eancia de Assist\u00eancia Social (CRAS) Cascatinha, estrutura vinculada \u00e0 Secretaria Municipal de Assist\u00eancia Social. Nesta semana foi realizada a etapa de concretagem do pr\u00e9dio de 233,3 metros quadrados onde est\u00e3o sendo investidos R$ 536.936, 78, recurso do Minist\u00e9rio do Desenvolvimento Social [&hellip;]\" \/>\n<meta property=\"og:url\" content=\"https:\/\/msconectado.com.br\/?p=22214\" \/>\n<meta property=\"og:site_name\" content=\"MsConectado\" \/>\n<meta property=\"article:published_time\" content=\"2024-05-18T22:45:35+00:00\" \/>\n<meta property=\"article:modified_time\" content=\"2024-05-18T22:45:37+00:00\" \/>\n<meta property=\"og:image\" content=\"https:\/\/msconectado.com.br\/wp-content\/uploads\/2024\/05\/image-28.png\" \/>\n\t<meta property=\"og:image:width\" content=\"900\" \/>\n\t<meta property=\"og:image:height\" content=\"675\" \/>\n\t<meta property=\"og:image:type\" content=\"image\/png\" \/>\n<meta name=\"author\" content=\"MsConectado\" \/>\n<meta name=\"twitter:card\" content=\"summary_large_image\" \/>\n<meta name=\"twitter:label1\" content=\"Escrito por\" \/>\n\t<meta name=\"twitter:data1\" content=\"MsConectado\" \/>\n\t<meta name=\"twitter:label2\" content=\"Est. tempo de leitura\" \/>\n\t<meta name=\"twitter:data2\" content=\"2 minutos\" \/>\n<script type=\"application\/ld+json\" class=\"yoast-schema-graph\">{\"@context\":\"https:\\\/\\\/schema.org\",\"@graph\":[{\"@type\":\"Article\",\"@id\":\"https:\\\/\\\/msconectado.com.br\\\/?p=22214#article\",\"isPartOf\":{\"@id\":\"https:\\\/\\\/msconectado.com.br\\\/?p=22214\"},\"author\":{\"name\":\"MsConectado\",\"@id\":\"https:\\\/\\\/msconectado.com.br\\\/#\\\/schema\\\/person\\\/e5585545b5687092f1041d350b6e2c16\"},\"headline\":\"Obras do CRAS Cascatinha avan\u00e7am e podem ser conclu\u00eddas at\u00e9 agosto em Sidrol\u00e2ndia.\",\"datePublished\":\"2024-05-18T22:45:35+00:00\",\"dateModified\":\"2024-05-18T22:45:37+00:00\",\"mainEntityOfPage\":{\"@id\":\"https:\\\/\\\/msconectado.com.br\\\/?p=22214\"},\"wordCount\":267,\"commentCount\":0,\"publisher\":{\"@id\":\"https:\\\/\\\/msconectado.com.br\\\/#organization\"},\"image\":{\"@id\":\"https:\\\/\\\/msconectado.com.br\\\/?p=22214#primaryimage\"},\"thumbnailUrl\":\"https:\\\/\\\/msconectado.com.br\\\/wp-content\\\/uploads\\\/2024\\\/05\\\/image-28.png\",\"articleSection\":[\"Cidades\",\"Not\u00edcia\"],\"inLanguage\":\"pt-BR\",\"potentialAction\":[{\"@type\":\"CommentAction\",\"name\":\"Comment\",\"target\":[\"https:\\\/\\\/msconectado.com.br\\\/?p=22214#respond\"]}]},{\"@type\":\"WebPage\",\"@id\":\"https:\\\/\\\/msconectado.com.br\\\/?p=22214\",\"url\":\"https:\\\/\\\/msconectado.com.br\\\/?p=22214\",\"name\":\"Obras do CRAS Cascatinha avan\u00e7am e podem ser conclu\u00eddas at\u00e9 agosto em Sidrol\u00e2ndia. - MsConectado\",\"isPartOf\":{\"@id\":\"https:\\\/\\\/msconectado.com.br\\\/#website\"},\"primaryImageOfPage\":{\"@id\":\"https:\\\/\\\/msconectado.com.br\\\/?p=22214#primaryimage\"},\"image\":{\"@id\":\"https:\\\/\\\/msconectado.com.br\\\/?p=22214#primaryimage\"},\"thumbnailUrl\":\"https:\\\/\\\/msconectado.com.br\\\/wp-content\\\/uploads\\\/2024\\\/05\\\/image-28.png\",\"datePublished\":\"2024-05-18T22:45:35+00:00\",\"dateModified\":\"2024-05-18T22:45:37+00:00\",\"breadcrumb\":{\"@id\":\"https:\\\/\\\/msconectado.com.br\\\/?p=22214#breadcrumb\"},\"inLanguage\":\"pt-BR\",\"potentialAction\":[{\"@type\":\"ReadAction\",\"target\":[\"https:\\\/\\\/msconectado.com.br\\\/?p=22214\"]}]},{\"@type\":\"ImageObject\",\"inLanguage\":\"pt-BR\",\"@id\":\"https:\\\/\\\/msconectado.com.br\\\/?p=22214#primaryimage\",\"url\":\"https:\\\/\\\/msconectado.com.br\\\/wp-content\\\/uploads\\\/2024\\\/05\\\/image-28.png\",\"contentUrl\":\"https:\\\/\\\/msconectado.com.br\\\/wp-content\\\/uploads\\\/2024\\\/05\\\/image-28.png\",\"width\":900,\"height\":675},{\"@type\":\"BreadcrumbList\",\"@id\":\"https:\\\/\\\/msconectado.com.br\\\/?p=22214#breadcrumb\",\"itemListElement\":[{\"@type\":\"ListItem\",\"position\":1,\"name\":\"In\u00edcio\",\"item\":\"https:\\\/\\\/msconectado.com.br\\\/\"},{\"@type\":\"ListItem\",\"position\":2,\"name\":\"Obras do CRAS Cascatinha avan\u00e7am e podem ser conclu\u00eddas at\u00e9 agosto em Sidrol\u00e2ndia.\"}]},{\"@type\":\"WebSite\",\"@id\":\"https:\\\/\\\/msconectado.com.br\\\/#website\",\"url\":\"https:\\\/\\\/msconectado.com.br\\\/\",\"name\":\"MsConectado\",\"description\":\"Voc\u00ea Conectado com a Not\u00edcia!\",\"publisher\":{\"@id\":\"https:\\\/\\\/msconectado.com.br\\\/#organization\"},\"potentialAction\":[{\"@type\":\"SearchAction\",\"target\":{\"@type\":\"EntryPoint\",\"urlTemplate\":\"https:\\\/\\\/msconectado.com.br\\\/?s={search_term_string}\"},\"query-input\":{\"@type\":\"PropertyValueSpecification\",\"valueRequired\":true,\"valueName\":\"search_term_string\"}}],\"inLanguage\":\"pt-BR\"},{\"@type\":\"Organization\",\"@id\":\"https:\\\/\\\/msconectado.com.br\\\/#organization\",\"name\":\"MsConectado\",\"url\":\"https:\\\/\\\/msconectado.com.br\\\/\",\"logo\":{\"@type\":\"ImageObject\",\"inLanguage\":\"pt-BR\",\"@id\":\"https:\\\/\\\/msconectado.com.br\\\/#\\\/schema\\\/logo\\\/image\\\/\",\"url\":\"https:\\\/\\\/msconectado.com.br\\\/wp-content\\\/uploads\\\/2023\\\/01\\\/cropped-noticia-2.png\",\"contentUrl\":\"https:\\\/\\\/msconectado.com.br\\\/wp-content\\\/uploads\\\/2023\\\/01\\\/cropped-noticia-2.png\",\"width\":720,\"height\":157,\"caption\":\"MsConectado\"},\"image\":{\"@id\":\"https:\\\/\\\/msconectado.com.br\\\/#\\\/schema\\\/logo\\\/image\\\/\"}},{\"@type\":\"Person\",\"@id\":\"https:\\\/\\\/msconectado.com.br\\\/#\\\/schema\\\/person\\\/e5585545b5687092f1041d350b6e2c16\",\"name\":\"MsConectado\",\"image\":{\"@type\":\"ImageObject\",\"inLanguage\":\"pt-BR\",\"@id\":\"https:\\\/\\\/secure.gravatar.com\\\/avatar\\\/3b4f84a0a8a4380ac4431fa79981d073692380c5da00ae97596e794ab0db5c8c?s=96&d=mm&r=g\",\"url\":\"https:\\\/\\\/secure.gravatar.com\\\/avatar\\\/3b4f84a0a8a4380ac4431fa79981d073692380c5da00ae97596e794ab0db5c8c?s=96&d=mm&r=g\",\"contentUrl\":\"https:\\\/\\\/secure.gravatar.com\\\/avatar\\\/3b4f84a0a8a4380ac4431fa79981d073692380c5da00ae97596e794ab0db5c8c?s=96&d=mm&r=g\",\"caption\":\"MsConectado\"},\"url\":\"https:\\\/\\\/msconectado.com.br\\\/?author=2\"}]}<\/script>\n<!-- \/ Yoast SEO plugin. -->","yoast_head_json":{"title":"Obras do CRAS Cascatinha avan\u00e7am e podem ser conclu\u00eddas at\u00e9 agosto em Sidrol\u00e2ndia. - MsConectado","robots":{"index":"index","follow":"follow","max-snippet":"max-snippet:-1","max-image-preview":"max-image-preview:large","max-video-preview":"max-video-preview:-1"},"canonical":"https:\/\/msconectado.com.br\/?p=22214","og_locale":"pt_BR","og_type":"article","og_title":"Obras do CRAS Cascatinha avan\u00e7am e podem ser conclu\u00eddas at\u00e9 agosto em Sidrol\u00e2ndia. - MsConectado","og_description":"A Prefeitura de Sidrol\u00e2ndia planeja entregar em agosto a sede pr\u00f3pria do Centro de Refer\u00eancia de Assist\u00eancia Social (CRAS) Cascatinha, estrutura vinculada \u00e0 Secretaria Municipal de Assist\u00eancia Social. Nesta semana foi realizada a etapa de concretagem do pr\u00e9dio de 233,3 metros quadrados onde est\u00e3o sendo investidos R$ 536.936, 78, recurso do Minist\u00e9rio do Desenvolvimento Social [&hellip;]","og_url":"https:\/\/msconectado.com.br\/?p=22214","og_site_name":"MsConectado","article_published_time":"2024-05-18T22:45:35+00:00","article_modified_time":"2024-05-18T22:45:37+00:00","og_image":[{"width":900,"height":675,"url":"https:\/\/msconectado.com.br\/wp-content\/uploads\/2024\/05\/image-28.png","type":"image\/png"}],"author":"MsConectado","twitter_card":"summary_large_image","twitter_misc":{"Escrito por":"MsConectado","Est. tempo de leitura":"2 minutos"},"schema":{"@context":"https:\/\/schema.org","@graph":[{"@type":"Article","@id":"https:\/\/msconectado.com.br\/?p=22214#article","isPartOf":{"@id":"https:\/\/msconectado.com.br\/?p=22214"},"author":{"name":"MsConectado","@id":"https:\/\/msconectado.com.br\/#\/schema\/person\/e5585545b5687092f1041d350b6e2c16"},"headline":"Obras do CRAS Cascatinha avan\u00e7am e podem ser conclu\u00eddas at\u00e9 agosto em Sidrol\u00e2ndia.","datePublished":"2024-05-18T22:45:35+00:00","dateModified":"2024-05-18T22:45:37+00:00","mainEntityOfPage":{"@id":"https:\/\/msconectado.com.br\/?p=22214"},"wordCount":267,"commentCount":0,"publisher":{"@id":"https:\/\/msconectado.com.br\/#organization"},"image":{"@id":"https:\/\/msconectado.com.br\/?p=22214#primaryimage"},"thumbnailUrl":"https:\/\/msconectado.com.br\/wp-content\/uploads\/2024\/05\/image-28.png","articleSection":["Cidades","Not\u00edcia"],"inLanguage":"pt-BR","potentialAction":[{"@type":"CommentAction","name":"Comment","target":["https:\/\/msconectado.com.br\/?p=22214#respond"]}]},{"@type":"WebPage","@id":"https:\/\/msconectado.com.br\/?p=22214","url":"https:\/\/msconectado.com.br\/?p=22214","name":"Obras do CRAS Cascatinha avan\u00e7am e podem ser conclu\u00eddas at\u00e9 agosto em Sidrol\u00e2ndia. - MsConectado","isPartOf":{"@id":"https:\/\/msconectado.com.br\/#website"},"primaryImageOfPage":{"@id":"https:\/\/msconectado.com.br\/?p=22214#primaryimage"},"image":{"@id":"https:\/\/msconectado.com.br\/?p=22214#primaryimage"},"thumbnailUrl":"https:\/\/msconectado.com.br\/wp-content\/uploads\/2024\/05\/image-28.png","datePublished":"2024-05-18T22:45:35+00:00","dateModified":"2024-05-18T22:45:37+00:00","breadcrumb":{"@id":"https:\/\/msconectado.com.br\/?p=22214#breadcrumb"},"inLanguage":"pt-BR","potentialAction":[{"@type":"ReadAction","target":["https:\/\/msconectado.com.br\/?p=22214"]}]},{"@type":"ImageObject","inLanguage":"pt-BR","@id":"https:\/\/msconectado.com.br\/?p=22214#primaryimage","url":"https:\/\/msconectado.com.br\/wp-content\/uploads\/2024\/05\/image-28.png","contentUrl":"https:\/\/msconectado.com.br\/wp-content\/uploads\/2024\/05\/image-28.png","width":900,"height":675},{"@type":"BreadcrumbList","@id":"https:\/\/msconectado.com.br\/?p=22214#breadcrumb","itemListElement":[{"@type":"ListItem","position":1,"name":"In\u00edcio","item":"https:\/\/msconectado.com.br\/"},{"@type":"ListItem","position":2,"name":"Obras do CRAS Cascatinha avan\u00e7am e podem ser conclu\u00eddas at\u00e9 agosto em Sidrol\u00e2ndia."}]},{"@type":"WebSite","@id":"https:\/\/msconectado.com.br\/#website","url":"https:\/\/msconectado.com.br\/","name":"MsConectado","description":"Voc\u00ea Conectado com a Not\u00edcia!","publisher":{"@id":"https:\/\/msconectado.com.br\/#organization"},"potentialAction":[{"@type":"SearchAction","target":{"@type":"EntryPoint","urlTemplate":"https:\/\/msconectado.com.br\/?s={search_term_string}"},"query-input":{"@type":"PropertyValueSpecification","valueRequired":true,"valueName":"search_term_string"}}],"inLanguage":"pt-BR"},{"@type":"Organization","@id":"https:\/\/msconectado.com.br\/#organization","name":"MsConectado","url":"https:\/\/msconectado.com.br\/","logo":{"@type":"ImageObject","inLanguage":"pt-BR","@id":"https:\/\/msconectado.com.br\/#\/schema\/logo\/image\/","url":"https:\/\/msconectado.com.br\/wp-content\/uploads\/2023\/01\/cropped-noticia-2.png","contentUrl":"https:\/\/msconectado.com.br\/wp-content\/uploads\/2023\/01\/cropped-noticia-2.png","width":720,"height":157,"caption":"MsConectado"},"image":{"@id":"https:\/\/msconectado.com.br\/#\/schema\/logo\/image\/"}},{"@type":"Person","@id":"https:\/\/msconectado.com.br\/#\/schema\/person\/e5585545b5687092f1041d350b6e2c16","name":"MsConectado","image":{"@type":"ImageObject","inLanguage":"pt-BR","@id":"https:\/\/secure.gravatar.com\/avatar\/3b4f84a0a8a4380ac4431fa79981d073692380c5da00ae97596e794ab0db5c8c?s=96&d=mm&r=g","url":"https:\/\/secure.gravatar.com\/avatar\/3b4f84a0a8a4380ac4431fa79981d073692380c5da00ae97596e794ab0db5c8c?s=96&d=mm&r=g","contentUrl":"https:\/\/secure.gravatar.com\/avatar\/3b4f84a0a8a4380ac4431fa79981d073692380c5da00ae97596e794ab0db5c8c?s=96&d=mm&r=g","caption":"MsConectado"},"url":"https:\/\/msconectado.com.br\/?author=2"}]}},"_links":{"self":[{"href":"https:\/\/msconectado.com.br\/index.php?rest_route=\/wp\/v2\/posts\/22214","targetHints":{"allow":["GET"]}}],"collection":[{"href":"https:\/\/msconectado.com.br\/index.php?rest_route=\/wp\/v2\/posts"}],"about":[{"href":"https:\/\/msconectado.com.br\/index.php?rest_route=\/wp\/v2\/types\/post"}],"author":[{"embeddable":true,"href":"https:\/\/msconectado.com.br\/index.php?rest_route=\/wp\/v2\/users\/2"}],"replies":[{"embeddable":true,"href":"https:\/\/msconectado.com.br\/index.php?rest_route=%2Fwp%2Fv2%2Fcomments&post=22214"}],"version-history":[{"count":1,"href":"https:\/\/msconectado.com.br\/index.php?rest_route=\/wp\/v2\/posts\/22214\/revisions"}],"predecessor-version":[{"id":22216,"href":"https:\/\/msconectado.com.br\/index.php?rest_route=\/wp\/v2\/posts\/22214\/revisions\/22216"}],"wp:featuredmedia":[{"embeddable":true,"href":"https:\/\/msconectado.com.br\/index.php?rest_route=\/wp\/v2\/media\/22215"}],"wp:attachment":[{"href":"https:\/\/msconectado.com.br\/index.php?rest_route=%2Fwp%2Fv2%2Fmedia&parent=22214"}],"wp:term":[{"taxonomy":"category","embeddable":true,"href":"https:\/\/msconectado.com.br\/index.php?rest_route=%2Fwp%2Fv2%2Fcategories&post=22214"},{"taxonomy":"post_tag","embeddable":true,"href":"https:\/\/msconectado.com.br\/index.php?rest_route=%2Fwp%2Fv2%2Ftags&post=22214"}],"curies":[{"name":"wp","href":"https:\/\/api.w.org\/{rel}","templated":true}]}}