
{"id":22246,"date":"2024-05-19T20:22:03","date_gmt":"2024-05-19T20:22:03","guid":{"rendered":"https:\/\/msconectado.com.br\/?p=22246"},"modified":"2024-05-19T20:39:30","modified_gmt":"2024-05-19T20:39:30","slug":"prefeita-clediane-intensifica-melhorias-na-zona-rural-de-jardim-iluminacao-publica-e-infraestrutura-sao-prioridades","status":"publish","type":"post","link":"https:\/\/msconectado.com.br\/?p=22246","title":{"rendered":"Prefeita Clediane intensifica melhorias na zona rural de Jardim: ilumina\u00e7\u00e3o p\u00fablica e infraestrutura s\u00e3o prioridades."},"content":{"rendered":"\n<p>Na \u00faltima semana, a prefeita de Jardim, Clediane, realizou uma visita aos assentamentos da regi\u00e3o para acompanhar de perto as melhorias que est\u00e3o sendo implementadas na zona rural. A administra\u00e7\u00e3o municipal, comprometida com o desenvolvimento dessas \u00e1reas, tem se esfor\u00e7ado para garantir uma s\u00e9rie de benef\u00edcios que impactam diretamente a qualidade de vida dos moradores.<\/p>\n\n\n\n<p>Uma das principais iniciativas da gest\u00e3o Clediane \u00e9 a instala\u00e7\u00e3o de ilumina\u00e7\u00e3o p\u00fablica nos assentamentos. Em 2023, a prefeitura garantiu a coloca\u00e7\u00e3o de bra\u00e7os de ilumina\u00e7\u00e3o nos Assentamentos Recanto do Rio Miranda e Conquista do Mimoso. O pr\u00f3ximo assentamento a receber esse benef\u00edcio ser\u00e1 o Quero-Quero, ampliando assim a seguran\u00e7a e o bem-estar das comunidades locais.<\/p>\n\n\n\n<p class=\"has-text-align-center\"><img decoding=\"async\" src=\"https:\/\/scontent.fdou2-1.fna.fbcdn.net\/v\/t39.30808-6\/438275027_900965048708888_1884981859440724574_n.jpg?_nc_cat=105&amp;_nc_cb=99be929b-232957e6&amp;ccb=1-7&amp;_nc_sid=5f2048&amp;_nc_ohc=dH6Lp2lJA4MQ7kNvgH5PSVJ&amp;_nc_ht=scontent.fdou2-1.fna&amp;oh=00_AYDNx40esEkAPXOtnaClTuP95K4UaShFs51XlQrrRi93Zg&amp;oe=66502780\" alt=\"Pode ser uma imagem de 3 pessoas, motocicleta e \u00e1rvore\"><\/p>\n\n\n\n<p>Al\u00e9m da ilumina\u00e7\u00e3o p\u00fablica, outras a\u00e7\u00f5es est\u00e3o sendo executadas para melhorar a infraestrutura da zona rural. As estradas vicinais, fundamentais para o escoamento da produ\u00e7\u00e3o agr\u00edcola e o acesso dos moradores, recebem manuten\u00e7\u00e3o peri\u00f3dica com cascalhamento e patrolamento. Essas melhorias garantem estradas em boas condi\u00e7\u00f5es, facilitando o transporte e a mobilidade dos agricultores e moradores.<\/p>\n\n\n<div class=\"wp-block-image\">\n<figure class=\"aligncenter size-large\"><img fetchpriority=\"high\" decoding=\"async\" width=\"1024\" height=\"683\" src=\"https:\/\/msconectado.com.br\/wp-content\/uploads\/2024\/05\/image-46-1024x683.png\" alt=\"\" class=\"wp-image-22248\" srcset=\"https:\/\/msconectado.com.br\/wp-content\/uploads\/2024\/05\/image-46-1024x683.png 1024w, https:\/\/msconectado.com.br\/wp-content\/uploads\/2024\/05\/image-46-300x200.png 300w, https:\/\/msconectado.com.br\/wp-content\/uploads\/2024\/05\/image-46-768x512.png 768w, https:\/\/msconectado.com.br\/wp-content\/uploads\/2024\/05\/image-46-1536x1025.png 1536w, https:\/\/msconectado.com.br\/wp-content\/uploads\/2024\/05\/image-46-360x240.png 360w, https:\/\/msconectado.com.br\/wp-content\/uploads\/2024\/05\/image-46.png 2048w\" sizes=\"(max-width: 1024px) 100vw, 1024px\" \/><\/figure>\n<\/div>\n\n\n<p>A Secretaria de Agroneg\u00f3cio tamb\u00e9m desempenha um papel crucial no apoio aos assentados. Atrav\u00e9s de atendimento t\u00e9cnico e disponibiliza\u00e7\u00e3o de maquin\u00e1rio, a secretaria auxilia a agricultura familiar, proporcionando as ferramentas necess\u00e1rias para o aumento da produtividade. Esse suporte t\u00e9cnico \u00e9 vital para o desenvolvimento sustent\u00e1vel da agricultura na regi\u00e3o.<\/p>\n\n\n\n<p>Outro destaque da gest\u00e3o Clediane \u00e9 a retomada da Feira Livre, um espa\u00e7o essencial para a comercializa\u00e7\u00e3o dos produtos dos assentados e pequenos produtores. A feira oferece uma plataforma para que os agricultores possam vender seus artigos diretamente ao consumidor, promovendo a economia local e fortalecendo os la\u00e7os entre produtores e a comunidade urbana.<\/p>\n\n\n<div class=\"wp-block-image\">\n<figure class=\"aligncenter size-full\"><img decoding=\"async\" width=\"486\" height=\"557\" src=\"https:\/\/msconectado.com.br\/wp-content\/uploads\/2024\/05\/image-52.png\" alt=\"\" class=\"wp-image-22251\" srcset=\"https:\/\/msconectado.com.br\/wp-content\/uploads\/2024\/05\/image-52.png 486w, https:\/\/msconectado.com.br\/wp-content\/uploads\/2024\/05\/image-52-262x300.png 262w\" sizes=\"(max-width: 486px) 100vw, 486px\" \/><\/figure>\n<\/div>\n\n\n<p>A visita da prefeita Clediane aos assentamentos refor\u00e7a o compromisso da administra\u00e7\u00e3o com a melhoria cont\u00ednua da zona rural de Jardim. As a\u00e7\u00f5es implementadas n\u00e3o apenas melhoram a infraestrutura, mas tamb\u00e9m oferecem suporte significativo \u00e0 agricultura familiar, promovendo o desenvolvimento econ\u00f4mico e social da regi\u00e3o.<\/p>\n\n\n\n<p>&#8220;Estamos dedicados a melhorar a qualidade de vida dos moradores da zona rural. A ilumina\u00e7\u00e3o p\u00fablica, a manuten\u00e7\u00e3o das estradas e o apoio t\u00e9cnico aos agricultores s\u00e3o algumas das medidas que estamos tomando para garantir que todos tenham acesso aos servi\u00e7os e oportunidades que merecem&#8221;, afirmou a prefeita Clediane.<\/p>\n\n\n<div class=\"wp-block-image\">\n<figure class=\"aligncenter size-large\"><img decoding=\"async\" src=\"https:\/\/msconectado.com.br\/wp-content\/uploads\/2024\/05\/image-50-1024x683.png\" alt=\"\" class=\"wp-image-22250\"\/><\/figure>\n<\/div>\n\n\n<p>Com essas iniciativas, a gest\u00e3o municipal demonstra seu compromisso com o desenvolvimento equilibrado e sustent\u00e1vel de Jardim, garantindo que tanto a zona urbana quanto a rural recebam a devida aten\u00e7\u00e3o e investimento.<\/p>\n\n\n\n<p>Reda\u00e7\u00e3o: Ms Conectado<\/p>\n\n\n\n<p>Fotos: Assessoria<\/p>\n\n\n<div class=\"wp-block-image\">\n<figure class=\"aligncenter size-full\"><img decoding=\"async\" width=\"900\" height=\"100\" src=\"https:\/\/msconectado.com.br\/wp-content\/uploads\/2024\/05\/ezgif.com-animated-gif-maker.gif\" alt=\"\" class=\"wp-image-22166\"\/><\/figure>\n<\/div>","protected":false},"excerpt":{"rendered":"<p>Na \u00faltima semana, a prefeita de Jardim, Clediane, realizou uma visita aos assentamentos da regi\u00e3o para acompanhar de perto as melhorias que est\u00e3o sendo implementadas na zona rural. A administra\u00e7\u00e3o municipal, comprometida com o desenvolvimento dessas \u00e1reas, tem se esfor\u00e7ado para garantir uma s\u00e9rie de benef\u00edcios que impactam diretamente a qualidade de vida dos moradores. [&hellip;]<\/p>\n","protected":false},"author":2,"featured_media":22252,"comment_status":"open","ping_status":"closed","sticky":false,"template":"","format":"standard","meta":{"footnotes":""},"categories":[35,1],"tags":[],"class_list":["post-22246","post","type-post","status-publish","format-standard","has-post-thumbnail","hentry","category-cidades","category-noticia"],"yoast_head":"<!-- This site is optimized with the Yoast SEO plugin v27.5 - https:\/\/yoast.com\/product\/yoast-seo-wordpress\/ -->\n<title>Prefeita Clediane intensifica melhorias na zona rural de Jardim: ilumina\u00e7\u00e3o p\u00fablica e infraestrutura s\u00e3o prioridades. - MsConectado<\/title>\n<meta name=\"robots\" content=\"index, follow, max-snippet:-1, max-image-preview:large, max-video-preview:-1\" \/>\n<link rel=\"canonical\" href=\"https:\/\/msconectado.com.br\/?p=22246\" \/>\n<meta property=\"og:locale\" content=\"pt_BR\" \/>\n<meta property=\"og:type\" content=\"article\" \/>\n<meta property=\"og:title\" content=\"Prefeita Clediane intensifica melhorias na zona rural de Jardim: ilumina\u00e7\u00e3o p\u00fablica e infraestrutura s\u00e3o prioridades. - MsConectado\" \/>\n<meta property=\"og:description\" content=\"Na \u00faltima semana, a prefeita de Jardim, Clediane, realizou uma visita aos assentamentos da regi\u00e3o para acompanhar de perto as melhorias que est\u00e3o sendo implementadas na zona rural. A administra\u00e7\u00e3o municipal, comprometida com o desenvolvimento dessas \u00e1reas, tem se esfor\u00e7ado para garantir uma s\u00e9rie de benef\u00edcios que impactam diretamente a qualidade de vida dos moradores. [&hellip;]\" \/>\n<meta property=\"og:url\" content=\"https:\/\/msconectado.com.br\/?p=22246\" \/>\n<meta property=\"og:site_name\" content=\"MsConectado\" \/>\n<meta property=\"article:published_time\" content=\"2024-05-19T20:22:03+00:00\" \/>\n<meta property=\"article:modified_time\" content=\"2024-05-19T20:39:30+00:00\" \/>\n<meta property=\"og:image\" content=\"https:\/\/msconectado.com.br\/wp-content\/uploads\/2024\/05\/438259829_900965072042219_7877418649713765758_n.jpg\" \/>\n\t<meta property=\"og:image:width\" content=\"2048\" \/>\n\t<meta property=\"og:image:height\" content=\"1366\" \/>\n\t<meta property=\"og:image:type\" content=\"image\/jpeg\" \/>\n<meta name=\"author\" content=\"MsConectado\" \/>\n<meta name=\"twitter:card\" content=\"summary_large_image\" \/>\n<meta name=\"twitter:label1\" content=\"Escrito por\" \/>\n\t<meta name=\"twitter:data1\" content=\"MsConectado\" \/>\n\t<meta name=\"twitter:label2\" content=\"Est. tempo de leitura\" \/>\n\t<meta name=\"twitter:data2\" content=\"4 minutos\" \/>\n<script type=\"application\/ld+json\" class=\"yoast-schema-graph\">{\"@context\":\"https:\\\/\\\/schema.org\",\"@graph\":[{\"@type\":\"Article\",\"@id\":\"https:\\\/\\\/msconectado.com.br\\\/?p=22246#article\",\"isPartOf\":{\"@id\":\"https:\\\/\\\/msconectado.com.br\\\/?p=22246\"},\"author\":{\"name\":\"MsConectado\",\"@id\":\"https:\\\/\\\/msconectado.com.br\\\/#\\\/schema\\\/person\\\/e5585545b5687092f1041d350b6e2c16\"},\"headline\":\"Prefeita Clediane intensifica melhorias na zona rural de Jardim: ilumina\u00e7\u00e3o p\u00fablica e infraestrutura s\u00e3o prioridades.\",\"datePublished\":\"2024-05-19T20:22:03+00:00\",\"dateModified\":\"2024-05-19T20:39:30+00:00\",\"mainEntityOfPage\":{\"@id\":\"https:\\\/\\\/msconectado.com.br\\\/?p=22246\"},\"wordCount\":471,\"commentCount\":0,\"publisher\":{\"@id\":\"https:\\\/\\\/msconectado.com.br\\\/#organization\"},\"image\":{\"@id\":\"https:\\\/\\\/msconectado.com.br\\\/?p=22246#primaryimage\"},\"thumbnailUrl\":\"https:\\\/\\\/msconectado.com.br\\\/wp-content\\\/uploads\\\/2024\\\/05\\\/438259829_900965072042219_7877418649713765758_n.jpg\",\"articleSection\":[\"Cidades\",\"Not\u00edcia\"],\"inLanguage\":\"pt-BR\",\"potentialAction\":[{\"@type\":\"CommentAction\",\"name\":\"Comment\",\"target\":[\"https:\\\/\\\/msconectado.com.br\\\/?p=22246#respond\"]}]},{\"@type\":\"WebPage\",\"@id\":\"https:\\\/\\\/msconectado.com.br\\\/?p=22246\",\"url\":\"https:\\\/\\\/msconectado.com.br\\\/?p=22246\",\"name\":\"Prefeita Clediane intensifica melhorias na zona rural de Jardim: ilumina\u00e7\u00e3o p\u00fablica e infraestrutura s\u00e3o prioridades. - MsConectado\",\"isPartOf\":{\"@id\":\"https:\\\/\\\/msconectado.com.br\\\/#website\"},\"primaryImageOfPage\":{\"@id\":\"https:\\\/\\\/msconectado.com.br\\\/?p=22246#primaryimage\"},\"image\":{\"@id\":\"https:\\\/\\\/msconectado.com.br\\\/?p=22246#primaryimage\"},\"thumbnailUrl\":\"https:\\\/\\\/msconectado.com.br\\\/wp-content\\\/uploads\\\/2024\\\/05\\\/438259829_900965072042219_7877418649713765758_n.jpg\",\"datePublished\":\"2024-05-19T20:22:03+00:00\",\"dateModified\":\"2024-05-19T20:39:30+00:00\",\"breadcrumb\":{\"@id\":\"https:\\\/\\\/msconectado.com.br\\\/?p=22246#breadcrumb\"},\"inLanguage\":\"pt-BR\",\"potentialAction\":[{\"@type\":\"ReadAction\",\"target\":[\"https:\\\/\\\/msconectado.com.br\\\/?p=22246\"]}]},{\"@type\":\"ImageObject\",\"inLanguage\":\"pt-BR\",\"@id\":\"https:\\\/\\\/msconectado.com.br\\\/?p=22246#primaryimage\",\"url\":\"https:\\\/\\\/msconectado.com.br\\\/wp-content\\\/uploads\\\/2024\\\/05\\\/438259829_900965072042219_7877418649713765758_n.jpg\",\"contentUrl\":\"https:\\\/\\\/msconectado.com.br\\\/wp-content\\\/uploads\\\/2024\\\/05\\\/438259829_900965072042219_7877418649713765758_n.jpg\",\"width\":2048,\"height\":1366},{\"@type\":\"BreadcrumbList\",\"@id\":\"https:\\\/\\\/msconectado.com.br\\\/?p=22246#breadcrumb\",\"itemListElement\":[{\"@type\":\"ListItem\",\"position\":1,\"name\":\"In\u00edcio\",\"item\":\"https:\\\/\\\/msconectado.com.br\\\/\"},{\"@type\":\"ListItem\",\"position\":2,\"name\":\"Prefeita Clediane intensifica melhorias na zona rural de Jardim: ilumina\u00e7\u00e3o p\u00fablica e infraestrutura s\u00e3o prioridades.\"}]},{\"@type\":\"WebSite\",\"@id\":\"https:\\\/\\\/msconectado.com.br\\\/#website\",\"url\":\"https:\\\/\\\/msconectado.com.br\\\/\",\"name\":\"MsConectado\",\"description\":\"Voc\u00ea Conectado com a Not\u00edcia!\",\"publisher\":{\"@id\":\"https:\\\/\\\/msconectado.com.br\\\/#organization\"},\"potentialAction\":[{\"@type\":\"SearchAction\",\"target\":{\"@type\":\"EntryPoint\",\"urlTemplate\":\"https:\\\/\\\/msconectado.com.br\\\/?s={search_term_string}\"},\"query-input\":{\"@type\":\"PropertyValueSpecification\",\"valueRequired\":true,\"valueName\":\"search_term_string\"}}],\"inLanguage\":\"pt-BR\"},{\"@type\":\"Organization\",\"@id\":\"https:\\\/\\\/msconectado.com.br\\\/#organization\",\"name\":\"MsConectado\",\"url\":\"https:\\\/\\\/msconectado.com.br\\\/\",\"logo\":{\"@type\":\"ImageObject\",\"inLanguage\":\"pt-BR\",\"@id\":\"https:\\\/\\\/msconectado.com.br\\\/#\\\/schema\\\/logo\\\/image\\\/\",\"url\":\"https:\\\/\\\/msconectado.com.br\\\/wp-content\\\/uploads\\\/2023\\\/01\\\/cropped-noticia-2.png\",\"contentUrl\":\"https:\\\/\\\/msconectado.com.br\\\/wp-content\\\/uploads\\\/2023\\\/01\\\/cropped-noticia-2.png\",\"width\":720,\"height\":157,\"caption\":\"MsConectado\"},\"image\":{\"@id\":\"https:\\\/\\\/msconectado.com.br\\\/#\\\/schema\\\/logo\\\/image\\\/\"}},{\"@type\":\"Person\",\"@id\":\"https:\\\/\\\/msconectado.com.br\\\/#\\\/schema\\\/person\\\/e5585545b5687092f1041d350b6e2c16\",\"name\":\"MsConectado\",\"image\":{\"@type\":\"ImageObject\",\"inLanguage\":\"pt-BR\",\"@id\":\"https:\\\/\\\/secure.gravatar.com\\\/avatar\\\/3b4f84a0a8a4380ac4431fa79981d073692380c5da00ae97596e794ab0db5c8c?s=96&d=mm&r=g\",\"url\":\"https:\\\/\\\/secure.gravatar.com\\\/avatar\\\/3b4f84a0a8a4380ac4431fa79981d073692380c5da00ae97596e794ab0db5c8c?s=96&d=mm&r=g\",\"contentUrl\":\"https:\\\/\\\/secure.gravatar.com\\\/avatar\\\/3b4f84a0a8a4380ac4431fa79981d073692380c5da00ae97596e794ab0db5c8c?s=96&d=mm&r=g\",\"caption\":\"MsConectado\"},\"url\":\"https:\\\/\\\/msconectado.com.br\\\/?author=2\"}]}<\/script>\n<!-- \/ Yoast SEO plugin. -->","yoast_head_json":{"title":"Prefeita Clediane intensifica melhorias na zona rural de Jardim: ilumina\u00e7\u00e3o p\u00fablica e infraestrutura s\u00e3o prioridades. - MsConectado","robots":{"index":"index","follow":"follow","max-snippet":"max-snippet:-1","max-image-preview":"max-image-preview:large","max-video-preview":"max-video-preview:-1"},"canonical":"https:\/\/msconectado.com.br\/?p=22246","og_locale":"pt_BR","og_type":"article","og_title":"Prefeita Clediane intensifica melhorias na zona rural de Jardim: ilumina\u00e7\u00e3o p\u00fablica e infraestrutura s\u00e3o prioridades. - MsConectado","og_description":"Na \u00faltima semana, a prefeita de Jardim, Clediane, realizou uma visita aos assentamentos da regi\u00e3o para acompanhar de perto as melhorias que est\u00e3o sendo implementadas na zona rural. A administra\u00e7\u00e3o municipal, comprometida com o desenvolvimento dessas \u00e1reas, tem se esfor\u00e7ado para garantir uma s\u00e9rie de benef\u00edcios que impactam diretamente a qualidade de vida dos moradores. [&hellip;]","og_url":"https:\/\/msconectado.com.br\/?p=22246","og_site_name":"MsConectado","article_published_time":"2024-05-19T20:22:03+00:00","article_modified_time":"2024-05-19T20:39:30+00:00","og_image":[{"width":2048,"height":1366,"url":"https:\/\/msconectado.com.br\/wp-content\/uploads\/2024\/05\/438259829_900965072042219_7877418649713765758_n.jpg","type":"image\/jpeg"}],"author":"MsConectado","twitter_card":"summary_large_image","twitter_misc":{"Escrito por":"MsConectado","Est. tempo de leitura":"4 minutos"},"schema":{"@context":"https:\/\/schema.org","@graph":[{"@type":"Article","@id":"https:\/\/msconectado.com.br\/?p=22246#article","isPartOf":{"@id":"https:\/\/msconectado.com.br\/?p=22246"},"author":{"name":"MsConectado","@id":"https:\/\/msconectado.com.br\/#\/schema\/person\/e5585545b5687092f1041d350b6e2c16"},"headline":"Prefeita Clediane intensifica melhorias na zona rural de Jardim: ilumina\u00e7\u00e3o p\u00fablica e infraestrutura s\u00e3o prioridades.","datePublished":"2024-05-19T20:22:03+00:00","dateModified":"2024-05-19T20:39:30+00:00","mainEntityOfPage":{"@id":"https:\/\/msconectado.com.br\/?p=22246"},"wordCount":471,"commentCount":0,"publisher":{"@id":"https:\/\/msconectado.com.br\/#organization"},"image":{"@id":"https:\/\/msconectado.com.br\/?p=22246#primaryimage"},"thumbnailUrl":"https:\/\/msconectado.com.br\/wp-content\/uploads\/2024\/05\/438259829_900965072042219_7877418649713765758_n.jpg","articleSection":["Cidades","Not\u00edcia"],"inLanguage":"pt-BR","potentialAction":[{"@type":"CommentAction","name":"Comment","target":["https:\/\/msconectado.com.br\/?p=22246#respond"]}]},{"@type":"WebPage","@id":"https:\/\/msconectado.com.br\/?p=22246","url":"https:\/\/msconectado.com.br\/?p=22246","name":"Prefeita Clediane intensifica melhorias na zona rural de Jardim: ilumina\u00e7\u00e3o p\u00fablica e infraestrutura s\u00e3o prioridades. - MsConectado","isPartOf":{"@id":"https:\/\/msconectado.com.br\/#website"},"primaryImageOfPage":{"@id":"https:\/\/msconectado.com.br\/?p=22246#primaryimage"},"image":{"@id":"https:\/\/msconectado.com.br\/?p=22246#primaryimage"},"thumbnailUrl":"https:\/\/msconectado.com.br\/wp-content\/uploads\/2024\/05\/438259829_900965072042219_7877418649713765758_n.jpg","datePublished":"2024-05-19T20:22:03+00:00","dateModified":"2024-05-19T20:39:30+00:00","breadcrumb":{"@id":"https:\/\/msconectado.com.br\/?p=22246#breadcrumb"},"inLanguage":"pt-BR","potentialAction":[{"@type":"ReadAction","target":["https:\/\/msconectado.com.br\/?p=22246"]}]},{"@type":"ImageObject","inLanguage":"pt-BR","@id":"https:\/\/msconectado.com.br\/?p=22246#primaryimage","url":"https:\/\/msconectado.com.br\/wp-content\/uploads\/2024\/05\/438259829_900965072042219_7877418649713765758_n.jpg","contentUrl":"https:\/\/msconectado.com.br\/wp-content\/uploads\/2024\/05\/438259829_900965072042219_7877418649713765758_n.jpg","width":2048,"height":1366},{"@type":"BreadcrumbList","@id":"https:\/\/msconectado.com.br\/?p=22246#breadcrumb","itemListElement":[{"@type":"ListItem","position":1,"name":"In\u00edcio","item":"https:\/\/msconectado.com.br\/"},{"@type":"ListItem","position":2,"name":"Prefeita Clediane intensifica melhorias na zona rural de Jardim: ilumina\u00e7\u00e3o p\u00fablica e infraestrutura s\u00e3o prioridades."}]},{"@type":"WebSite","@id":"https:\/\/msconectado.com.br\/#website","url":"https:\/\/msconectado.com.br\/","name":"MsConectado","description":"Voc\u00ea Conectado com a Not\u00edcia!","publisher":{"@id":"https:\/\/msconectado.com.br\/#organization"},"potentialAction":[{"@type":"SearchAction","target":{"@type":"EntryPoint","urlTemplate":"https:\/\/msconectado.com.br\/?s={search_term_string}"},"query-input":{"@type":"PropertyValueSpecification","valueRequired":true,"valueName":"search_term_string"}}],"inLanguage":"pt-BR"},{"@type":"Organization","@id":"https:\/\/msconectado.com.br\/#organization","name":"MsConectado","url":"https:\/\/msconectado.com.br\/","logo":{"@type":"ImageObject","inLanguage":"pt-BR","@id":"https:\/\/msconectado.com.br\/#\/schema\/logo\/image\/","url":"https:\/\/msconectado.com.br\/wp-content\/uploads\/2023\/01\/cropped-noticia-2.png","contentUrl":"https:\/\/msconectado.com.br\/wp-content\/uploads\/2023\/01\/cropped-noticia-2.png","width":720,"height":157,"caption":"MsConectado"},"image":{"@id":"https:\/\/msconectado.com.br\/#\/schema\/logo\/image\/"}},{"@type":"Person","@id":"https:\/\/msconectado.com.br\/#\/schema\/person\/e5585545b5687092f1041d350b6e2c16","name":"MsConectado","image":{"@type":"ImageObject","inLanguage":"pt-BR","@id":"https:\/\/secure.gravatar.com\/avatar\/3b4f84a0a8a4380ac4431fa79981d073692380c5da00ae97596e794ab0db5c8c?s=96&d=mm&r=g","url":"https:\/\/secure.gravatar.com\/avatar\/3b4f84a0a8a4380ac4431fa79981d073692380c5da00ae97596e794ab0db5c8c?s=96&d=mm&r=g","contentUrl":"https:\/\/secure.gravatar.com\/avatar\/3b4f84a0a8a4380ac4431fa79981d073692380c5da00ae97596e794ab0db5c8c?s=96&d=mm&r=g","caption":"MsConectado"},"url":"https:\/\/msconectado.com.br\/?author=2"}]}},"_links":{"self":[{"href":"https:\/\/msconectado.com.br\/index.php?rest_route=\/wp\/v2\/posts\/22246","targetHints":{"allow":["GET"]}}],"collection":[{"href":"https:\/\/msconectado.com.br\/index.php?rest_route=\/wp\/v2\/posts"}],"about":[{"href":"https:\/\/msconectado.com.br\/index.php?rest_route=\/wp\/v2\/types\/post"}],"author":[{"embeddable":true,"href":"https:\/\/msconectado.com.br\/index.php?rest_route=\/wp\/v2\/users\/2"}],"replies":[{"embeddable":true,"href":"https:\/\/msconectado.com.br\/index.php?rest_route=%2Fwp%2Fv2%2Fcomments&post=22246"}],"version-history":[{"count":3,"href":"https:\/\/msconectado.com.br\/index.php?rest_route=\/wp\/v2\/posts\/22246\/revisions"}],"predecessor-version":[{"id":22255,"href":"https:\/\/msconectado.com.br\/index.php?rest_route=\/wp\/v2\/posts\/22246\/revisions\/22255"}],"wp:featuredmedia":[{"embeddable":true,"href":"https:\/\/msconectado.com.br\/index.php?rest_route=\/wp\/v2\/media\/22252"}],"wp:attachment":[{"href":"https:\/\/msconectado.com.br\/index.php?rest_route=%2Fwp%2Fv2%2Fmedia&parent=22246"}],"wp:term":[{"taxonomy":"category","embeddable":true,"href":"https:\/\/msconectado.com.br\/index.php?rest_route=%2Fwp%2Fv2%2Fcategories&post=22246"},{"taxonomy":"post_tag","embeddable":true,"href":"https:\/\/msconectado.com.br\/index.php?rest_route=%2Fwp%2Fv2%2Ftags&post=22246"}],"curies":[{"name":"wp","href":"https:\/\/api.w.org\/{rel}","templated":true}]}}