
{"id":22268,"date":"2024-05-22T08:38:05","date_gmt":"2024-05-22T08:38:05","guid":{"rendered":"https:\/\/msconectado.com.br\/?p=22268"},"modified":"2024-05-22T08:38:07","modified_gmt":"2024-05-22T08:38:07","slug":"com-160-expositores-showtec-apresenta-em-maracaju-novas-tecnologias-e-servicos","status":"publish","type":"post","link":"https:\/\/msconectado.com.br\/?p=22268","title":{"rendered":"Com 160 expositores, Showtec apresenta em Maracaju novas tecnologias e servi\u00e7os"},"content":{"rendered":"\n<p>Considerado um dos maiores eventos do agroneg\u00f3cio de Mato Grosso do Sul, a Funda\u00e7\u00e3o MS promove em Maracaju, entre hoje (21) e a pr\u00f3xima quinta-feira (23), a 27\u00aa edi\u00e7\u00e3o do Showtec, que neste ano re\u00fane 160 expositores, apresentando novas tecnologias, palestras t\u00e9cnicas, servi\u00e7os e maquin\u00e1rios. O governador Eduardo Riedel participou nesta manh\u00e3 da abertura do evento e destacou o empenho da Funda\u00e7\u00e3o MS no desenvolvimento do agroneg\u00f3cio sul-mato-grossense.<\/p>\n\n\n\n<p>&#8220;O agro do Mato Grosso do Sul e a economia do Estado deve muito \u00e0 Funda\u00e7\u00e3o MS, pelo que ela construiu ao longo dos anos. O Showtec \u00e9 a grande vitrine. Nestes mais de 20 anos de trabalho, a Funda\u00e7\u00e3o MS construiu um conjunto de informa\u00e7\u00e3o e valida\u00e7\u00e3o de tecnologia que foi fundamental para o desenvolvimento do Estado de Mato Grosso do Sul&#8221;, frisa o governador.<\/p>\n\n\n\n<p>Riedel ainda completa que &#8220;se n\u00f3s somos o que somos hoje \u00e9 porque n\u00f3s tivemos a Funda\u00e7\u00e3o presente, junto com o produtor rural, desbravando novas tecnologias, validando, orientando. Creio que uma das grandes a\u00e7\u00f5es do Showtec e da pr\u00f3pria Funda\u00e7\u00e3o \u00e9 validar as grandes inova\u00e7\u00f5es que a ci\u00eancia e a pesquisa est\u00e3o produzindo&#8221;.<\/p>\n\n\n\n<p>O governador Eduardo Riedel ainda lembrou da \u00faltima agenda do Estado no MS Day Internacional, em Nova Iorque, onde foram apresentados para investidores estrangeiros as oportunidades e os projetos estruturantes em Mato Grosso do Sul.<\/p>\n\n\n\n<p>&#8220;Foi muito positivo, tanto para os novos investimentos que v\u00e3o acontecer no Estado em diversas \u00e1reas da economia, investimentos privados, como nos projetos do Governo que est\u00e3o indo ao leil\u00e3o e na qual os investidores do mundo inteiro est\u00e3o de olho. S\u00e3o quase R$ 27 bilh\u00f5es na carteira de estradas, ferrovia, hidrovias e hospitais&#8221;, acrescenta.<\/p>\n\n\n\n<p>A expectativa desta 27\u00aa edi\u00e7\u00e3o da Agrotec, segundo a Funda\u00e7\u00e3o MS, \u00e9 de atrair cerca de 28 mil pessoas nos tr\u00eas dias de programa\u00e7\u00e3o. No ano passado, o evento atraiu 25 mil pessoas e movimentou R$ 600 milh\u00f5es em neg\u00f3cios realizados na feira.<\/p>\n\n\n<div class=\"wp-block-image\">\n<figure class=\"aligncenter size-large\"><img fetchpriority=\"high\" decoding=\"async\" width=\"1024\" height=\"682\" src=\"https:\/\/msconectado.com.br\/wp-content\/uploads\/2024\/05\/image-59-1024x682.png\" alt=\"\" class=\"wp-image-22272\" srcset=\"https:\/\/msconectado.com.br\/wp-content\/uploads\/2024\/05\/image-59-1024x682.png 1024w, https:\/\/msconectado.com.br\/wp-content\/uploads\/2024\/05\/image-59-300x200.png 300w, https:\/\/msconectado.com.br\/wp-content\/uploads\/2024\/05\/image-59-768x512.png 768w, https:\/\/msconectado.com.br\/wp-content\/uploads\/2024\/05\/image-59-360x240.png 360w, https:\/\/msconectado.com.br\/wp-content\/uploads\/2024\/05\/image-59.png 1280w\" sizes=\"(max-width: 1024px) 100vw, 1024px\" \/><\/figure>\n<\/div>\n\n\n<p>Tamb\u00e9m presente ao evento, o secret\u00e1rio Jaime Verruck, da Semadesc (Secretaria de Meio Ambiente, Desenvolvimento, Ci\u00eancia, Tecnologia e Inova\u00e7\u00e3o), disse que a tecnologia aplicada ao campo \u00e9 uma aliada para o aumento da produtividade. &#8220;A Showtech \u00e9 essa refer\u00eancia de tecnologia, que est\u00e1 dispon\u00edvel para o aumento da produtividade e ganho do produtor&#8221;.<\/p>\n\n\n\n<p>De acordo com o presidente da Funda\u00e7\u00e3o MS, Daniel Franco Pereira, a difus\u00e3o de tecnologias est\u00e1 no DNA da institui\u00e7\u00e3o e se consolida como principal objetivo do Showtec. &#8220;Estamos empolgados e esperamos proporcionar aos participantes uma experi\u00eancia enriquecedora. Temos pesquisadores confirmados com muito conhecimento e oportunidades para dividir&#8221;.<\/p>\n\n\n\n<p>Para o prefeito de Maracaju, Jos\u00e9 Marcos Calderan, a inova\u00e7\u00e3o \u00e9 o grande diferencial do evento. &#8220;A Funda\u00e7\u00e3o tem buscado inova\u00e7\u00f5es e contribuindo para que o nosso estado seja uma vitrine para os investidores venham para Maracaju&#8221;, salienta.<\/p>\n\n\n\n<p>Ao final da abertura da feira, Eduardo Riedel, acompanhado de demais autoridades, visitou estandes, entre eles, da Patrulha Rural da Pol\u00edcia Militar de Mato Grosso do Sul, da UEMS (Universidade Estadual de Mato Grosso do Sul) e da Embrapa. Al\u00e9m da exposi\u00e7\u00e3o de produtos e servi\u00e7os e ligados ao agro, o Showtec contar\u00e1 16 palestras sobre diversos temas.<\/p>\n\n\n\n<p><em>Alexandre Gonzaga, Comunica\u00e7\u00e3o Governo de MS<\/em><br><em>Fotos: Saul Schramm<\/em><\/p>\n\n\n<div class=\"wp-block-image\">\n<figure class=\"aligncenter size-full\"><img decoding=\"async\" width=\"900\" height=\"100\" src=\"https:\/\/msconectado.com.br\/wp-content\/uploads\/2024\/05\/ezgif.com-animated-gif-maker.gif\" alt=\"\" class=\"wp-image-22166\"\/><\/figure>\n<\/div>","protected":false},"excerpt":{"rendered":"<p>Considerado um dos maiores eventos do agroneg\u00f3cio de Mato Grosso do Sul, a Funda\u00e7\u00e3o MS promove em Maracaju, entre hoje (21) e a pr\u00f3xima quinta-feira (23), a 27\u00aa edi\u00e7\u00e3o do Showtec, que neste ano re\u00fane 160 expositores, apresentando novas tecnologias, palestras t\u00e9cnicas, servi\u00e7os e maquin\u00e1rios. O governador Eduardo Riedel participou nesta manh\u00e3 da abertura do [&hellip;]<\/p>\n","protected":false},"author":2,"featured_media":22270,"comment_status":"open","ping_status":"closed","sticky":false,"template":"","format":"standard","meta":{"footnotes":""},"categories":[35,1],"tags":[],"class_list":["post-22268","post","type-post","status-publish","format-standard","has-post-thumbnail","hentry","category-cidades","category-noticia"],"yoast_head":"<!-- This site is optimized with the Yoast SEO plugin v27.5 - https:\/\/yoast.com\/product\/yoast-seo-wordpress\/ -->\n<title>Com 160 expositores, Showtec apresenta em Maracaju novas tecnologias e servi\u00e7os - MsConectado<\/title>\n<meta name=\"robots\" content=\"index, follow, max-snippet:-1, max-image-preview:large, max-video-preview:-1\" \/>\n<link rel=\"canonical\" href=\"https:\/\/msconectado.com.br\/?p=22268\" \/>\n<meta property=\"og:locale\" content=\"pt_BR\" \/>\n<meta property=\"og:type\" content=\"article\" \/>\n<meta property=\"og:title\" content=\"Com 160 expositores, Showtec apresenta em Maracaju novas tecnologias e servi\u00e7os - MsConectado\" \/>\n<meta property=\"og:description\" content=\"Considerado um dos maiores eventos do agroneg\u00f3cio de Mato Grosso do Sul, a Funda\u00e7\u00e3o MS promove em Maracaju, entre hoje (21) e a pr\u00f3xima quinta-feira (23), a 27\u00aa edi\u00e7\u00e3o do Showtec, que neste ano re\u00fane 160 expositores, apresentando novas tecnologias, palestras t\u00e9cnicas, servi\u00e7os e maquin\u00e1rios. O governador Eduardo Riedel participou nesta manh\u00e3 da abertura do [&hellip;]\" \/>\n<meta property=\"og:url\" content=\"https:\/\/msconectado.com.br\/?p=22268\" \/>\n<meta property=\"og:site_name\" content=\"MsConectado\" \/>\n<meta property=\"article:published_time\" content=\"2024-05-22T08:38:05+00:00\" \/>\n<meta property=\"article:modified_time\" content=\"2024-05-22T08:38:07+00:00\" \/>\n<meta property=\"og:image\" content=\"https:\/\/msconectado.com.br\/wp-content\/uploads\/2024\/05\/image-57-1024x682.png\" \/>\n\t<meta property=\"og:image:width\" content=\"1024\" \/>\n\t<meta property=\"og:image:height\" content=\"682\" \/>\n\t<meta property=\"og:image:type\" content=\"image\/png\" \/>\n<meta name=\"author\" content=\"MsConectado\" \/>\n<meta name=\"twitter:card\" content=\"summary_large_image\" \/>\n<meta name=\"twitter:label1\" content=\"Escrito por\" \/>\n\t<meta name=\"twitter:data1\" content=\"MsConectado\" \/>\n\t<meta name=\"twitter:label2\" content=\"Est. tempo de leitura\" \/>\n\t<meta name=\"twitter:data2\" content=\"4 minutos\" \/>\n<script type=\"application\/ld+json\" class=\"yoast-schema-graph\">{\"@context\":\"https:\\\/\\\/schema.org\",\"@graph\":[{\"@type\":\"Article\",\"@id\":\"https:\\\/\\\/msconectado.com.br\\\/?p=22268#article\",\"isPartOf\":{\"@id\":\"https:\\\/\\\/msconectado.com.br\\\/?p=22268\"},\"author\":{\"name\":\"MsConectado\",\"@id\":\"https:\\\/\\\/msconectado.com.br\\\/#\\\/schema\\\/person\\\/e5585545b5687092f1041d350b6e2c16\"},\"headline\":\"Com 160 expositores, Showtec apresenta em Maracaju novas tecnologias e servi\u00e7os\",\"datePublished\":\"2024-05-22T08:38:05+00:00\",\"dateModified\":\"2024-05-22T08:38:07+00:00\",\"mainEntityOfPage\":{\"@id\":\"https:\\\/\\\/msconectado.com.br\\\/?p=22268\"},\"wordCount\":571,\"commentCount\":0,\"publisher\":{\"@id\":\"https:\\\/\\\/msconectado.com.br\\\/#organization\"},\"image\":{\"@id\":\"https:\\\/\\\/msconectado.com.br\\\/?p=22268#primaryimage\"},\"thumbnailUrl\":\"https:\\\/\\\/msconectado.com.br\\\/wp-content\\\/uploads\\\/2024\\\/05\\\/image-57.png\",\"articleSection\":[\"Cidades\",\"Not\u00edcia\"],\"inLanguage\":\"pt-BR\",\"potentialAction\":[{\"@type\":\"CommentAction\",\"name\":\"Comment\",\"target\":[\"https:\\\/\\\/msconectado.com.br\\\/?p=22268#respond\"]}]},{\"@type\":\"WebPage\",\"@id\":\"https:\\\/\\\/msconectado.com.br\\\/?p=22268\",\"url\":\"https:\\\/\\\/msconectado.com.br\\\/?p=22268\",\"name\":\"Com 160 expositores, Showtec apresenta em Maracaju novas tecnologias e servi\u00e7os - MsConectado\",\"isPartOf\":{\"@id\":\"https:\\\/\\\/msconectado.com.br\\\/#website\"},\"primaryImageOfPage\":{\"@id\":\"https:\\\/\\\/msconectado.com.br\\\/?p=22268#primaryimage\"},\"image\":{\"@id\":\"https:\\\/\\\/msconectado.com.br\\\/?p=22268#primaryimage\"},\"thumbnailUrl\":\"https:\\\/\\\/msconectado.com.br\\\/wp-content\\\/uploads\\\/2024\\\/05\\\/image-57.png\",\"datePublished\":\"2024-05-22T08:38:05+00:00\",\"dateModified\":\"2024-05-22T08:38:07+00:00\",\"breadcrumb\":{\"@id\":\"https:\\\/\\\/msconectado.com.br\\\/?p=22268#breadcrumb\"},\"inLanguage\":\"pt-BR\",\"potentialAction\":[{\"@type\":\"ReadAction\",\"target\":[\"https:\\\/\\\/msconectado.com.br\\\/?p=22268\"]}]},{\"@type\":\"ImageObject\",\"inLanguage\":\"pt-BR\",\"@id\":\"https:\\\/\\\/msconectado.com.br\\\/?p=22268#primaryimage\",\"url\":\"https:\\\/\\\/msconectado.com.br\\\/wp-content\\\/uploads\\\/2024\\\/05\\\/image-57.png\",\"contentUrl\":\"https:\\\/\\\/msconectado.com.br\\\/wp-content\\\/uploads\\\/2024\\\/05\\\/image-57.png\",\"width\":1280,\"height\":853},{\"@type\":\"BreadcrumbList\",\"@id\":\"https:\\\/\\\/msconectado.com.br\\\/?p=22268#breadcrumb\",\"itemListElement\":[{\"@type\":\"ListItem\",\"position\":1,\"name\":\"In\u00edcio\",\"item\":\"https:\\\/\\\/msconectado.com.br\\\/\"},{\"@type\":\"ListItem\",\"position\":2,\"name\":\"Com 160 expositores, Showtec apresenta em Maracaju novas tecnologias e servi\u00e7os\"}]},{\"@type\":\"WebSite\",\"@id\":\"https:\\\/\\\/msconectado.com.br\\\/#website\",\"url\":\"https:\\\/\\\/msconectado.com.br\\\/\",\"name\":\"MsConectado\",\"description\":\"Voc\u00ea Conectado com a Not\u00edcia!\",\"publisher\":{\"@id\":\"https:\\\/\\\/msconectado.com.br\\\/#organization\"},\"potentialAction\":[{\"@type\":\"SearchAction\",\"target\":{\"@type\":\"EntryPoint\",\"urlTemplate\":\"https:\\\/\\\/msconectado.com.br\\\/?s={search_term_string}\"},\"query-input\":{\"@type\":\"PropertyValueSpecification\",\"valueRequired\":true,\"valueName\":\"search_term_string\"}}],\"inLanguage\":\"pt-BR\"},{\"@type\":\"Organization\",\"@id\":\"https:\\\/\\\/msconectado.com.br\\\/#organization\",\"name\":\"MsConectado\",\"url\":\"https:\\\/\\\/msconectado.com.br\\\/\",\"logo\":{\"@type\":\"ImageObject\",\"inLanguage\":\"pt-BR\",\"@id\":\"https:\\\/\\\/msconectado.com.br\\\/#\\\/schema\\\/logo\\\/image\\\/\",\"url\":\"https:\\\/\\\/msconectado.com.br\\\/wp-content\\\/uploads\\\/2023\\\/01\\\/cropped-noticia-2.png\",\"contentUrl\":\"https:\\\/\\\/msconectado.com.br\\\/wp-content\\\/uploads\\\/2023\\\/01\\\/cropped-noticia-2.png\",\"width\":720,\"height\":157,\"caption\":\"MsConectado\"},\"image\":{\"@id\":\"https:\\\/\\\/msconectado.com.br\\\/#\\\/schema\\\/logo\\\/image\\\/\"}},{\"@type\":\"Person\",\"@id\":\"https:\\\/\\\/msconectado.com.br\\\/#\\\/schema\\\/person\\\/e5585545b5687092f1041d350b6e2c16\",\"name\":\"MsConectado\",\"image\":{\"@type\":\"ImageObject\",\"inLanguage\":\"pt-BR\",\"@id\":\"https:\\\/\\\/secure.gravatar.com\\\/avatar\\\/3b4f84a0a8a4380ac4431fa79981d073692380c5da00ae97596e794ab0db5c8c?s=96&d=mm&r=g\",\"url\":\"https:\\\/\\\/secure.gravatar.com\\\/avatar\\\/3b4f84a0a8a4380ac4431fa79981d073692380c5da00ae97596e794ab0db5c8c?s=96&d=mm&r=g\",\"contentUrl\":\"https:\\\/\\\/secure.gravatar.com\\\/avatar\\\/3b4f84a0a8a4380ac4431fa79981d073692380c5da00ae97596e794ab0db5c8c?s=96&d=mm&r=g\",\"caption\":\"MsConectado\"},\"url\":\"https:\\\/\\\/msconectado.com.br\\\/?author=2\"}]}<\/script>\n<!-- \/ Yoast SEO plugin. -->","yoast_head_json":{"title":"Com 160 expositores, Showtec apresenta em Maracaju novas tecnologias e servi\u00e7os - MsConectado","robots":{"index":"index","follow":"follow","max-snippet":"max-snippet:-1","max-image-preview":"max-image-preview:large","max-video-preview":"max-video-preview:-1"},"canonical":"https:\/\/msconectado.com.br\/?p=22268","og_locale":"pt_BR","og_type":"article","og_title":"Com 160 expositores, Showtec apresenta em Maracaju novas tecnologias e servi\u00e7os - MsConectado","og_description":"Considerado um dos maiores eventos do agroneg\u00f3cio de Mato Grosso do Sul, a Funda\u00e7\u00e3o MS promove em Maracaju, entre hoje (21) e a pr\u00f3xima quinta-feira (23), a 27\u00aa edi\u00e7\u00e3o do Showtec, que neste ano re\u00fane 160 expositores, apresentando novas tecnologias, palestras t\u00e9cnicas, servi\u00e7os e maquin\u00e1rios. O governador Eduardo Riedel participou nesta manh\u00e3 da abertura do [&hellip;]","og_url":"https:\/\/msconectado.com.br\/?p=22268","og_site_name":"MsConectado","article_published_time":"2024-05-22T08:38:05+00:00","article_modified_time":"2024-05-22T08:38:07+00:00","og_image":[{"width":1024,"height":682,"url":"https:\/\/msconectado.com.br\/wp-content\/uploads\/2024\/05\/image-57-1024x682.png","type":"image\/png"}],"author":"MsConectado","twitter_card":"summary_large_image","twitter_misc":{"Escrito por":"MsConectado","Est. tempo de leitura":"4 minutos"},"schema":{"@context":"https:\/\/schema.org","@graph":[{"@type":"Article","@id":"https:\/\/msconectado.com.br\/?p=22268#article","isPartOf":{"@id":"https:\/\/msconectado.com.br\/?p=22268"},"author":{"name":"MsConectado","@id":"https:\/\/msconectado.com.br\/#\/schema\/person\/e5585545b5687092f1041d350b6e2c16"},"headline":"Com 160 expositores, Showtec apresenta em Maracaju novas tecnologias e servi\u00e7os","datePublished":"2024-05-22T08:38:05+00:00","dateModified":"2024-05-22T08:38:07+00:00","mainEntityOfPage":{"@id":"https:\/\/msconectado.com.br\/?p=22268"},"wordCount":571,"commentCount":0,"publisher":{"@id":"https:\/\/msconectado.com.br\/#organization"},"image":{"@id":"https:\/\/msconectado.com.br\/?p=22268#primaryimage"},"thumbnailUrl":"https:\/\/msconectado.com.br\/wp-content\/uploads\/2024\/05\/image-57.png","articleSection":["Cidades","Not\u00edcia"],"inLanguage":"pt-BR","potentialAction":[{"@type":"CommentAction","name":"Comment","target":["https:\/\/msconectado.com.br\/?p=22268#respond"]}]},{"@type":"WebPage","@id":"https:\/\/msconectado.com.br\/?p=22268","url":"https:\/\/msconectado.com.br\/?p=22268","name":"Com 160 expositores, Showtec apresenta em Maracaju novas tecnologias e servi\u00e7os - MsConectado","isPartOf":{"@id":"https:\/\/msconectado.com.br\/#website"},"primaryImageOfPage":{"@id":"https:\/\/msconectado.com.br\/?p=22268#primaryimage"},"image":{"@id":"https:\/\/msconectado.com.br\/?p=22268#primaryimage"},"thumbnailUrl":"https:\/\/msconectado.com.br\/wp-content\/uploads\/2024\/05\/image-57.png","datePublished":"2024-05-22T08:38:05+00:00","dateModified":"2024-05-22T08:38:07+00:00","breadcrumb":{"@id":"https:\/\/msconectado.com.br\/?p=22268#breadcrumb"},"inLanguage":"pt-BR","potentialAction":[{"@type":"ReadAction","target":["https:\/\/msconectado.com.br\/?p=22268"]}]},{"@type":"ImageObject","inLanguage":"pt-BR","@id":"https:\/\/msconectado.com.br\/?p=22268#primaryimage","url":"https:\/\/msconectado.com.br\/wp-content\/uploads\/2024\/05\/image-57.png","contentUrl":"https:\/\/msconectado.com.br\/wp-content\/uploads\/2024\/05\/image-57.png","width":1280,"height":853},{"@type":"BreadcrumbList","@id":"https:\/\/msconectado.com.br\/?p=22268#breadcrumb","itemListElement":[{"@type":"ListItem","position":1,"name":"In\u00edcio","item":"https:\/\/msconectado.com.br\/"},{"@type":"ListItem","position":2,"name":"Com 160 expositores, Showtec apresenta em Maracaju novas tecnologias e servi\u00e7os"}]},{"@type":"WebSite","@id":"https:\/\/msconectado.com.br\/#website","url":"https:\/\/msconectado.com.br\/","name":"MsConectado","description":"Voc\u00ea Conectado com a Not\u00edcia!","publisher":{"@id":"https:\/\/msconectado.com.br\/#organization"},"potentialAction":[{"@type":"SearchAction","target":{"@type":"EntryPoint","urlTemplate":"https:\/\/msconectado.com.br\/?s={search_term_string}"},"query-input":{"@type":"PropertyValueSpecification","valueRequired":true,"valueName":"search_term_string"}}],"inLanguage":"pt-BR"},{"@type":"Organization","@id":"https:\/\/msconectado.com.br\/#organization","name":"MsConectado","url":"https:\/\/msconectado.com.br\/","logo":{"@type":"ImageObject","inLanguage":"pt-BR","@id":"https:\/\/msconectado.com.br\/#\/schema\/logo\/image\/","url":"https:\/\/msconectado.com.br\/wp-content\/uploads\/2023\/01\/cropped-noticia-2.png","contentUrl":"https:\/\/msconectado.com.br\/wp-content\/uploads\/2023\/01\/cropped-noticia-2.png","width":720,"height":157,"caption":"MsConectado"},"image":{"@id":"https:\/\/msconectado.com.br\/#\/schema\/logo\/image\/"}},{"@type":"Person","@id":"https:\/\/msconectado.com.br\/#\/schema\/person\/e5585545b5687092f1041d350b6e2c16","name":"MsConectado","image":{"@type":"ImageObject","inLanguage":"pt-BR","@id":"https:\/\/secure.gravatar.com\/avatar\/3b4f84a0a8a4380ac4431fa79981d073692380c5da00ae97596e794ab0db5c8c?s=96&d=mm&r=g","url":"https:\/\/secure.gravatar.com\/avatar\/3b4f84a0a8a4380ac4431fa79981d073692380c5da00ae97596e794ab0db5c8c?s=96&d=mm&r=g","contentUrl":"https:\/\/secure.gravatar.com\/avatar\/3b4f84a0a8a4380ac4431fa79981d073692380c5da00ae97596e794ab0db5c8c?s=96&d=mm&r=g","caption":"MsConectado"},"url":"https:\/\/msconectado.com.br\/?author=2"}]}},"_links":{"self":[{"href":"https:\/\/msconectado.com.br\/index.php?rest_route=\/wp\/v2\/posts\/22268","targetHints":{"allow":["GET"]}}],"collection":[{"href":"https:\/\/msconectado.com.br\/index.php?rest_route=\/wp\/v2\/posts"}],"about":[{"href":"https:\/\/msconectado.com.br\/index.php?rest_route=\/wp\/v2\/types\/post"}],"author":[{"embeddable":true,"href":"https:\/\/msconectado.com.br\/index.php?rest_route=\/wp\/v2\/users\/2"}],"replies":[{"embeddable":true,"href":"https:\/\/msconectado.com.br\/index.php?rest_route=%2Fwp%2Fv2%2Fcomments&post=22268"}],"version-history":[{"count":1,"href":"https:\/\/msconectado.com.br\/index.php?rest_route=\/wp\/v2\/posts\/22268\/revisions"}],"predecessor-version":[{"id":22273,"href":"https:\/\/msconectado.com.br\/index.php?rest_route=\/wp\/v2\/posts\/22268\/revisions\/22273"}],"wp:featuredmedia":[{"embeddable":true,"href":"https:\/\/msconectado.com.br\/index.php?rest_route=\/wp\/v2\/media\/22270"}],"wp:attachment":[{"href":"https:\/\/msconectado.com.br\/index.php?rest_route=%2Fwp%2Fv2%2Fmedia&parent=22268"}],"wp:term":[{"taxonomy":"category","embeddable":true,"href":"https:\/\/msconectado.com.br\/index.php?rest_route=%2Fwp%2Fv2%2Fcategories&post=22268"},{"taxonomy":"post_tag","embeddable":true,"href":"https:\/\/msconectado.com.br\/index.php?rest_route=%2Fwp%2Fv2%2Ftags&post=22268"}],"curies":[{"name":"wp","href":"https:\/\/api.w.org\/{rel}","templated":true}]}}