
{"id":22274,"date":"2024-05-22T09:06:44","date_gmt":"2024-05-22T09:06:44","guid":{"rendered":"https:\/\/msconectado.com.br\/?p=22274"},"modified":"2024-05-22T09:06:46","modified_gmt":"2024-05-22T09:06:46","slug":"pavimentacao-da-ms-465-e-destaque-na-16a-sessao-ordinaria-da-camara-municipal-de-rio-brilhante","status":"publish","type":"post","link":"https:\/\/msconectado.com.br\/?p=22274","title":{"rendered":"Pavimenta\u00e7\u00e3o da MS 465 \u00e9 destaque na 16\u00aa Sess\u00e3o Ordin\u00e1ria da C\u00e2mara Municipal de Rio Brilhante"},"content":{"rendered":"\n<p>Na 16\u00aa Sess\u00e3o Ordin\u00e1ria da C\u00e2mara Municipal de Rio Brilhante, o presidente da Casa Legislativa, vereador Paulo Cesar Alves (PC), fez importantes coment\u00e1rios sobre a pavimenta\u00e7\u00e3o da MS 465, destacando a parceria crucial com o governador Eduardo Riedel.<\/p>\n\n\n\n<p>Durante seu discurso, PC relembrou a reuni\u00e3o que os vereadores tiveram com o governador, onde foi feita uma solicita\u00e7\u00e3o coletiva para o asfaltamento da MS 465, uma rodovia vital para o escoamento de gr\u00e3os em Rio Brilhante. &#8220;\u00c9 gratificante estar ao lado do governador Eduardo Riedel, que tem demonstrado compromisso com Rio Brilhante e respeito com a Casa Legislativa,&#8221; afirmou o vereador.<\/p>\n\n\n\n<p>A pavimenta\u00e7\u00e3o da MS 465 \u00e9 uma reivindica\u00e7\u00e3o antiga dos moradores e produtores da regi\u00e3o, que enfrentam dificuldades para transportar suas produ\u00e7\u00f5es agr\u00edcolas devido \u00e0s condi\u00e7\u00f5es prec\u00e1rias da estrada. A melhoria da infraestrutura vi\u00e1ria \u00e9 vista como um passo fundamental para impulsionar a economia local, facilitando o transporte de gr\u00e3os e outros produtos.<\/p>\n\n\n\n<p>A pavimenta\u00e7\u00e3o ser\u00e1 realizada em 3 etapas com previs\u00e3o de t\u00e9rmino no \u00faltimo ano de mandato do governador Eduardo Riedel.<\/p>\n\n\n\n<h3 class=\"wp-block-heading\">Parceria e Compromisso<\/h3>\n\n\n\n<p>Segundo Paulo Cesar Alves, a resposta positiva do governador Eduardo Riedel ao pedido dos vereadores \u00e9 um indicativo claro do seu comprometimento com o desenvolvimento regional e a melhoria da qualidade de vida dos cidad\u00e3os de Rio Brilhante e arredores. O presidente da C\u00e2mara ressaltou a import\u00e2ncia dessa parceria para alcan\u00e7ar objetivos comuns e promover o progresso da regi\u00e3o.<\/p>\n\n\n\n<p>&#8220;A presen\u00e7a do governador e seu apoio a este projeto crucial mostra um respeito significativo pelo trabalho legislativo e pelas necessidades da nossa comunidade,&#8221; destacou PC. Ele tamb\u00e9m enfatizou que a pavimenta\u00e7\u00e3o da MS 465 trar\u00e1 benef\u00edcios diretos para a log\u00edstica e a economia da regi\u00e3o, proporcionando melhores condi\u00e7\u00f5es para o escoamento da produ\u00e7\u00e3o agr\u00edcola.<\/p>\n\n\n\n<h3 class=\"wp-block-heading\">Impacto Positivo na Comunidade<\/h3>\n\n\n\n<p>A not\u00edcia da pavimenta\u00e7\u00e3o da MS 465 foi recebida com entusiasmo tanto pelos vereadores quanto pela comunidade local, que h\u00e1 muito aguardavam essa melhoria. A expectativa \u00e9 que as obras comecem em breve, trazendo benef\u00edcios significativos para a log\u00edstica e a economia da regi\u00e3o.<\/p>\n\n\n\n<p>Al\u00e9m da pavimenta\u00e7\u00e3o, a sess\u00e3o tamb\u00e9m abordou outras quest\u00f5es importantes para o munic\u00edpio, reafirmando o compromisso da C\u00e2mara Municipal de Rio Brilhante com o progresso e o bem-estar da popula\u00e7\u00e3o.<\/p>\n\n\n\n<h3 class=\"wp-block-heading\">Desenvolvimento Regional em Foco<\/h3>\n\n\n\n<p>A colabora\u00e7\u00e3o entre os governos estadual e municipal, assim como o apoio de institui\u00e7\u00f5es legislativas, continua sendo crucial para a realiza\u00e7\u00e3o de projetos de infraestrutura que beneficiam diretamente a comunidade. A C\u00e2mara Municipal de Rio Brilhante segue trabalhando ativamente para garantir que as necessidades e demandas da popula\u00e7\u00e3o sejam atendidas de forma eficaz e eficiente.<\/p>\n\n\n\n<p>Com a promessa de pavimenta\u00e7\u00e3o da MS 465, a regi\u00e3o de Rio Brilhante d\u00e1 um passo importante rumo ao desenvolvimento sustent\u00e1vel, mostrando que a uni\u00e3o de esfor\u00e7os entre diferentes esferas de governo pode resultar em conquistas significativas para a sociedade.<\/p>\n\n\n<div class=\"wp-block-image\">\n<figure class=\"aligncenter size-full\"><img fetchpriority=\"high\" decoding=\"async\" width=\"900\" height=\"100\" src=\"https:\/\/msconectado.com.br\/wp-content\/uploads\/2024\/05\/900x100.gif\" alt=\"\" class=\"wp-image-22267\"\/><\/figure>\n<\/div>","protected":false},"excerpt":{"rendered":"<p>Na 16\u00aa Sess\u00e3o Ordin\u00e1ria da C\u00e2mara Municipal de Rio Brilhante, o presidente da Casa Legislativa, vereador Paulo Cesar Alves (PC), fez importantes coment\u00e1rios sobre a pavimenta\u00e7\u00e3o da MS 465, destacando a parceria crucial com o governador Eduardo Riedel. Durante seu discurso, PC relembrou a reuni\u00e3o que os vereadores tiveram com o governador, onde foi feita [&hellip;]<\/p>\n","protected":false},"author":2,"featured_media":22276,"comment_status":"open","ping_status":"closed","sticky":false,"template":"","format":"standard","meta":{"footnotes":""},"categories":[35,1],"tags":[],"class_list":["post-22274","post","type-post","status-publish","format-standard","has-post-thumbnail","hentry","category-cidades","category-noticia"],"yoast_head":"<!-- This site is optimized with the Yoast SEO plugin v27.5 - https:\/\/yoast.com\/product\/yoast-seo-wordpress\/ -->\n<title>Pavimenta\u00e7\u00e3o da MS 465 \u00e9 destaque na 16\u00aa Sess\u00e3o Ordin\u00e1ria da C\u00e2mara Municipal de Rio Brilhante - MsConectado<\/title>\n<meta name=\"robots\" content=\"index, follow, max-snippet:-1, max-image-preview:large, max-video-preview:-1\" \/>\n<link rel=\"canonical\" href=\"https:\/\/msconectado.com.br\/?p=22274\" \/>\n<meta property=\"og:locale\" content=\"pt_BR\" \/>\n<meta property=\"og:type\" content=\"article\" \/>\n<meta property=\"og:title\" content=\"Pavimenta\u00e7\u00e3o da MS 465 \u00e9 destaque na 16\u00aa Sess\u00e3o Ordin\u00e1ria da C\u00e2mara Municipal de Rio Brilhante - MsConectado\" \/>\n<meta property=\"og:description\" content=\"Na 16\u00aa Sess\u00e3o Ordin\u00e1ria da C\u00e2mara Municipal de Rio Brilhante, o presidente da Casa Legislativa, vereador Paulo Cesar Alves (PC), fez importantes coment\u00e1rios sobre a pavimenta\u00e7\u00e3o da MS 465, destacando a parceria crucial com o governador Eduardo Riedel. Durante seu discurso, PC relembrou a reuni\u00e3o que os vereadores tiveram com o governador, onde foi feita [&hellip;]\" \/>\n<meta property=\"og:url\" content=\"https:\/\/msconectado.com.br\/?p=22274\" \/>\n<meta property=\"og:site_name\" content=\"MsConectado\" \/>\n<meta property=\"article:published_time\" content=\"2024-05-22T09:06:44+00:00\" \/>\n<meta property=\"article:modified_time\" content=\"2024-05-22T09:06:46+00:00\" \/>\n<meta property=\"og:image\" content=\"https:\/\/msconectado.com.br\/wp-content\/uploads\/2024\/05\/image-58.png\" \/>\n\t<meta property=\"og:image:width\" content=\"1122\" \/>\n\t<meta property=\"og:image:height\" content=\"664\" \/>\n\t<meta property=\"og:image:type\" content=\"image\/png\" \/>\n<meta name=\"author\" content=\"MsConectado\" \/>\n<meta name=\"twitter:card\" content=\"summary_large_image\" \/>\n<meta name=\"twitter:label1\" content=\"Escrito por\" \/>\n\t<meta name=\"twitter:data1\" content=\"MsConectado\" \/>\n\t<meta name=\"twitter:label2\" content=\"Est. tempo de leitura\" \/>\n\t<meta name=\"twitter:data2\" content=\"3 minutos\" \/>\n<script type=\"application\/ld+json\" class=\"yoast-schema-graph\">{\"@context\":\"https:\\\/\\\/schema.org\",\"@graph\":[{\"@type\":\"Article\",\"@id\":\"https:\\\/\\\/msconectado.com.br\\\/?p=22274#article\",\"isPartOf\":{\"@id\":\"https:\\\/\\\/msconectado.com.br\\\/?p=22274\"},\"author\":{\"name\":\"MsConectado\",\"@id\":\"https:\\\/\\\/msconectado.com.br\\\/#\\\/schema\\\/person\\\/e5585545b5687092f1041d350b6e2c16\"},\"headline\":\"Pavimenta\u00e7\u00e3o da MS 465 \u00e9 destaque na 16\u00aa Sess\u00e3o Ordin\u00e1ria da C\u00e2mara Municipal de Rio Brilhante\",\"datePublished\":\"2024-05-22T09:06:44+00:00\",\"dateModified\":\"2024-05-22T09:06:46+00:00\",\"mainEntityOfPage\":{\"@id\":\"https:\\\/\\\/msconectado.com.br\\\/?p=22274\"},\"wordCount\":528,\"commentCount\":0,\"publisher\":{\"@id\":\"https:\\\/\\\/msconectado.com.br\\\/#organization\"},\"image\":{\"@id\":\"https:\\\/\\\/msconectado.com.br\\\/?p=22274#primaryimage\"},\"thumbnailUrl\":\"https:\\\/\\\/msconectado.com.br\\\/wp-content\\\/uploads\\\/2024\\\/05\\\/image-58.png\",\"articleSection\":[\"Cidades\",\"Not\u00edcia\"],\"inLanguage\":\"pt-BR\",\"potentialAction\":[{\"@type\":\"CommentAction\",\"name\":\"Comment\",\"target\":[\"https:\\\/\\\/msconectado.com.br\\\/?p=22274#respond\"]}]},{\"@type\":\"WebPage\",\"@id\":\"https:\\\/\\\/msconectado.com.br\\\/?p=22274\",\"url\":\"https:\\\/\\\/msconectado.com.br\\\/?p=22274\",\"name\":\"Pavimenta\u00e7\u00e3o da MS 465 \u00e9 destaque na 16\u00aa Sess\u00e3o Ordin\u00e1ria da C\u00e2mara Municipal de Rio Brilhante - MsConectado\",\"isPartOf\":{\"@id\":\"https:\\\/\\\/msconectado.com.br\\\/#website\"},\"primaryImageOfPage\":{\"@id\":\"https:\\\/\\\/msconectado.com.br\\\/?p=22274#primaryimage\"},\"image\":{\"@id\":\"https:\\\/\\\/msconectado.com.br\\\/?p=22274#primaryimage\"},\"thumbnailUrl\":\"https:\\\/\\\/msconectado.com.br\\\/wp-content\\\/uploads\\\/2024\\\/05\\\/image-58.png\",\"datePublished\":\"2024-05-22T09:06:44+00:00\",\"dateModified\":\"2024-05-22T09:06:46+00:00\",\"breadcrumb\":{\"@id\":\"https:\\\/\\\/msconectado.com.br\\\/?p=22274#breadcrumb\"},\"inLanguage\":\"pt-BR\",\"potentialAction\":[{\"@type\":\"ReadAction\",\"target\":[\"https:\\\/\\\/msconectado.com.br\\\/?p=22274\"]}]},{\"@type\":\"ImageObject\",\"inLanguage\":\"pt-BR\",\"@id\":\"https:\\\/\\\/msconectado.com.br\\\/?p=22274#primaryimage\",\"url\":\"https:\\\/\\\/msconectado.com.br\\\/wp-content\\\/uploads\\\/2024\\\/05\\\/image-58.png\",\"contentUrl\":\"https:\\\/\\\/msconectado.com.br\\\/wp-content\\\/uploads\\\/2024\\\/05\\\/image-58.png\",\"width\":1122,\"height\":664},{\"@type\":\"BreadcrumbList\",\"@id\":\"https:\\\/\\\/msconectado.com.br\\\/?p=22274#breadcrumb\",\"itemListElement\":[{\"@type\":\"ListItem\",\"position\":1,\"name\":\"In\u00edcio\",\"item\":\"https:\\\/\\\/msconectado.com.br\\\/\"},{\"@type\":\"ListItem\",\"position\":2,\"name\":\"Pavimenta\u00e7\u00e3o da MS 465 \u00e9 destaque na 16\u00aa Sess\u00e3o Ordin\u00e1ria da C\u00e2mara Municipal de Rio Brilhante\"}]},{\"@type\":\"WebSite\",\"@id\":\"https:\\\/\\\/msconectado.com.br\\\/#website\",\"url\":\"https:\\\/\\\/msconectado.com.br\\\/\",\"name\":\"MsConectado\",\"description\":\"Voc\u00ea Conectado com a Not\u00edcia!\",\"publisher\":{\"@id\":\"https:\\\/\\\/msconectado.com.br\\\/#organization\"},\"potentialAction\":[{\"@type\":\"SearchAction\",\"target\":{\"@type\":\"EntryPoint\",\"urlTemplate\":\"https:\\\/\\\/msconectado.com.br\\\/?s={search_term_string}\"},\"query-input\":{\"@type\":\"PropertyValueSpecification\",\"valueRequired\":true,\"valueName\":\"search_term_string\"}}],\"inLanguage\":\"pt-BR\"},{\"@type\":\"Organization\",\"@id\":\"https:\\\/\\\/msconectado.com.br\\\/#organization\",\"name\":\"MsConectado\",\"url\":\"https:\\\/\\\/msconectado.com.br\\\/\",\"logo\":{\"@type\":\"ImageObject\",\"inLanguage\":\"pt-BR\",\"@id\":\"https:\\\/\\\/msconectado.com.br\\\/#\\\/schema\\\/logo\\\/image\\\/\",\"url\":\"https:\\\/\\\/msconectado.com.br\\\/wp-content\\\/uploads\\\/2023\\\/01\\\/cropped-noticia-2.png\",\"contentUrl\":\"https:\\\/\\\/msconectado.com.br\\\/wp-content\\\/uploads\\\/2023\\\/01\\\/cropped-noticia-2.png\",\"width\":720,\"height\":157,\"caption\":\"MsConectado\"},\"image\":{\"@id\":\"https:\\\/\\\/msconectado.com.br\\\/#\\\/schema\\\/logo\\\/image\\\/\"}},{\"@type\":\"Person\",\"@id\":\"https:\\\/\\\/msconectado.com.br\\\/#\\\/schema\\\/person\\\/e5585545b5687092f1041d350b6e2c16\",\"name\":\"MsConectado\",\"image\":{\"@type\":\"ImageObject\",\"inLanguage\":\"pt-BR\",\"@id\":\"https:\\\/\\\/secure.gravatar.com\\\/avatar\\\/3b4f84a0a8a4380ac4431fa79981d073692380c5da00ae97596e794ab0db5c8c?s=96&d=mm&r=g\",\"url\":\"https:\\\/\\\/secure.gravatar.com\\\/avatar\\\/3b4f84a0a8a4380ac4431fa79981d073692380c5da00ae97596e794ab0db5c8c?s=96&d=mm&r=g\",\"contentUrl\":\"https:\\\/\\\/secure.gravatar.com\\\/avatar\\\/3b4f84a0a8a4380ac4431fa79981d073692380c5da00ae97596e794ab0db5c8c?s=96&d=mm&r=g\",\"caption\":\"MsConectado\"},\"url\":\"https:\\\/\\\/msconectado.com.br\\\/?author=2\"}]}<\/script>\n<!-- \/ Yoast SEO plugin. -->","yoast_head_json":{"title":"Pavimenta\u00e7\u00e3o da MS 465 \u00e9 destaque na 16\u00aa Sess\u00e3o Ordin\u00e1ria da C\u00e2mara Municipal de Rio Brilhante - MsConectado","robots":{"index":"index","follow":"follow","max-snippet":"max-snippet:-1","max-image-preview":"max-image-preview:large","max-video-preview":"max-video-preview:-1"},"canonical":"https:\/\/msconectado.com.br\/?p=22274","og_locale":"pt_BR","og_type":"article","og_title":"Pavimenta\u00e7\u00e3o da MS 465 \u00e9 destaque na 16\u00aa Sess\u00e3o Ordin\u00e1ria da C\u00e2mara Municipal de Rio Brilhante - MsConectado","og_description":"Na 16\u00aa Sess\u00e3o Ordin\u00e1ria da C\u00e2mara Municipal de Rio Brilhante, o presidente da Casa Legislativa, vereador Paulo Cesar Alves (PC), fez importantes coment\u00e1rios sobre a pavimenta\u00e7\u00e3o da MS 465, destacando a parceria crucial com o governador Eduardo Riedel. Durante seu discurso, PC relembrou a reuni\u00e3o que os vereadores tiveram com o governador, onde foi feita [&hellip;]","og_url":"https:\/\/msconectado.com.br\/?p=22274","og_site_name":"MsConectado","article_published_time":"2024-05-22T09:06:44+00:00","article_modified_time":"2024-05-22T09:06:46+00:00","og_image":[{"width":1122,"height":664,"url":"https:\/\/msconectado.com.br\/wp-content\/uploads\/2024\/05\/image-58.png","type":"image\/png"}],"author":"MsConectado","twitter_card":"summary_large_image","twitter_misc":{"Escrito por":"MsConectado","Est. tempo de leitura":"3 minutos"},"schema":{"@context":"https:\/\/schema.org","@graph":[{"@type":"Article","@id":"https:\/\/msconectado.com.br\/?p=22274#article","isPartOf":{"@id":"https:\/\/msconectado.com.br\/?p=22274"},"author":{"name":"MsConectado","@id":"https:\/\/msconectado.com.br\/#\/schema\/person\/e5585545b5687092f1041d350b6e2c16"},"headline":"Pavimenta\u00e7\u00e3o da MS 465 \u00e9 destaque na 16\u00aa Sess\u00e3o Ordin\u00e1ria da C\u00e2mara Municipal de Rio Brilhante","datePublished":"2024-05-22T09:06:44+00:00","dateModified":"2024-05-22T09:06:46+00:00","mainEntityOfPage":{"@id":"https:\/\/msconectado.com.br\/?p=22274"},"wordCount":528,"commentCount":0,"publisher":{"@id":"https:\/\/msconectado.com.br\/#organization"},"image":{"@id":"https:\/\/msconectado.com.br\/?p=22274#primaryimage"},"thumbnailUrl":"https:\/\/msconectado.com.br\/wp-content\/uploads\/2024\/05\/image-58.png","articleSection":["Cidades","Not\u00edcia"],"inLanguage":"pt-BR","potentialAction":[{"@type":"CommentAction","name":"Comment","target":["https:\/\/msconectado.com.br\/?p=22274#respond"]}]},{"@type":"WebPage","@id":"https:\/\/msconectado.com.br\/?p=22274","url":"https:\/\/msconectado.com.br\/?p=22274","name":"Pavimenta\u00e7\u00e3o da MS 465 \u00e9 destaque na 16\u00aa Sess\u00e3o Ordin\u00e1ria da C\u00e2mara Municipal de Rio Brilhante - MsConectado","isPartOf":{"@id":"https:\/\/msconectado.com.br\/#website"},"primaryImageOfPage":{"@id":"https:\/\/msconectado.com.br\/?p=22274#primaryimage"},"image":{"@id":"https:\/\/msconectado.com.br\/?p=22274#primaryimage"},"thumbnailUrl":"https:\/\/msconectado.com.br\/wp-content\/uploads\/2024\/05\/image-58.png","datePublished":"2024-05-22T09:06:44+00:00","dateModified":"2024-05-22T09:06:46+00:00","breadcrumb":{"@id":"https:\/\/msconectado.com.br\/?p=22274#breadcrumb"},"inLanguage":"pt-BR","potentialAction":[{"@type":"ReadAction","target":["https:\/\/msconectado.com.br\/?p=22274"]}]},{"@type":"ImageObject","inLanguage":"pt-BR","@id":"https:\/\/msconectado.com.br\/?p=22274#primaryimage","url":"https:\/\/msconectado.com.br\/wp-content\/uploads\/2024\/05\/image-58.png","contentUrl":"https:\/\/msconectado.com.br\/wp-content\/uploads\/2024\/05\/image-58.png","width":1122,"height":664},{"@type":"BreadcrumbList","@id":"https:\/\/msconectado.com.br\/?p=22274#breadcrumb","itemListElement":[{"@type":"ListItem","position":1,"name":"In\u00edcio","item":"https:\/\/msconectado.com.br\/"},{"@type":"ListItem","position":2,"name":"Pavimenta\u00e7\u00e3o da MS 465 \u00e9 destaque na 16\u00aa Sess\u00e3o Ordin\u00e1ria da C\u00e2mara Municipal de Rio Brilhante"}]},{"@type":"WebSite","@id":"https:\/\/msconectado.com.br\/#website","url":"https:\/\/msconectado.com.br\/","name":"MsConectado","description":"Voc\u00ea Conectado com a Not\u00edcia!","publisher":{"@id":"https:\/\/msconectado.com.br\/#organization"},"potentialAction":[{"@type":"SearchAction","target":{"@type":"EntryPoint","urlTemplate":"https:\/\/msconectado.com.br\/?s={search_term_string}"},"query-input":{"@type":"PropertyValueSpecification","valueRequired":true,"valueName":"search_term_string"}}],"inLanguage":"pt-BR"},{"@type":"Organization","@id":"https:\/\/msconectado.com.br\/#organization","name":"MsConectado","url":"https:\/\/msconectado.com.br\/","logo":{"@type":"ImageObject","inLanguage":"pt-BR","@id":"https:\/\/msconectado.com.br\/#\/schema\/logo\/image\/","url":"https:\/\/msconectado.com.br\/wp-content\/uploads\/2023\/01\/cropped-noticia-2.png","contentUrl":"https:\/\/msconectado.com.br\/wp-content\/uploads\/2023\/01\/cropped-noticia-2.png","width":720,"height":157,"caption":"MsConectado"},"image":{"@id":"https:\/\/msconectado.com.br\/#\/schema\/logo\/image\/"}},{"@type":"Person","@id":"https:\/\/msconectado.com.br\/#\/schema\/person\/e5585545b5687092f1041d350b6e2c16","name":"MsConectado","image":{"@type":"ImageObject","inLanguage":"pt-BR","@id":"https:\/\/secure.gravatar.com\/avatar\/3b4f84a0a8a4380ac4431fa79981d073692380c5da00ae97596e794ab0db5c8c?s=96&d=mm&r=g","url":"https:\/\/secure.gravatar.com\/avatar\/3b4f84a0a8a4380ac4431fa79981d073692380c5da00ae97596e794ab0db5c8c?s=96&d=mm&r=g","contentUrl":"https:\/\/secure.gravatar.com\/avatar\/3b4f84a0a8a4380ac4431fa79981d073692380c5da00ae97596e794ab0db5c8c?s=96&d=mm&r=g","caption":"MsConectado"},"url":"https:\/\/msconectado.com.br\/?author=2"}]}},"_links":{"self":[{"href":"https:\/\/msconectado.com.br\/index.php?rest_route=\/wp\/v2\/posts\/22274","targetHints":{"allow":["GET"]}}],"collection":[{"href":"https:\/\/msconectado.com.br\/index.php?rest_route=\/wp\/v2\/posts"}],"about":[{"href":"https:\/\/msconectado.com.br\/index.php?rest_route=\/wp\/v2\/types\/post"}],"author":[{"embeddable":true,"href":"https:\/\/msconectado.com.br\/index.php?rest_route=\/wp\/v2\/users\/2"}],"replies":[{"embeddable":true,"href":"https:\/\/msconectado.com.br\/index.php?rest_route=%2Fwp%2Fv2%2Fcomments&post=22274"}],"version-history":[{"count":1,"href":"https:\/\/msconectado.com.br\/index.php?rest_route=\/wp\/v2\/posts\/22274\/revisions"}],"predecessor-version":[{"id":22277,"href":"https:\/\/msconectado.com.br\/index.php?rest_route=\/wp\/v2\/posts\/22274\/revisions\/22277"}],"wp:featuredmedia":[{"embeddable":true,"href":"https:\/\/msconectado.com.br\/index.php?rest_route=\/wp\/v2\/media\/22276"}],"wp:attachment":[{"href":"https:\/\/msconectado.com.br\/index.php?rest_route=%2Fwp%2Fv2%2Fmedia&parent=22274"}],"wp:term":[{"taxonomy":"category","embeddable":true,"href":"https:\/\/msconectado.com.br\/index.php?rest_route=%2Fwp%2Fv2%2Fcategories&post=22274"},{"taxonomy":"post_tag","embeddable":true,"href":"https:\/\/msconectado.com.br\/index.php?rest_route=%2Fwp%2Fv2%2Ftags&post=22274"}],"curies":[{"name":"wp","href":"https:\/\/api.w.org\/{rel}","templated":true}]}}