
{"id":22278,"date":"2024-05-22T09:21:09","date_gmt":"2024-05-22T09:21:09","guid":{"rendered":"https:\/\/msconectado.com.br\/?p=22278"},"modified":"2024-05-22T09:21:30","modified_gmt":"2024-05-22T09:21:30","slug":"presidente-do-tribunal-de-justica-vistoria-construcao-do-novo-forum-de-maracaju","status":"publish","type":"post","link":"https:\/\/msconectado.com.br\/?p=22278","title":{"rendered":"Presidente do Tribunal de Justi\u00e7a vistoria constru\u00e7\u00e3o do novo F\u00f3rum de Maracaju."},"content":{"rendered":"\n<p>O presidente do Tribunal de Justi\u00e7a de Mato Grosso do Sul, Des. S\u00e9rgio Fernandes Martins, esteve em Maracaju na tarde desta segunda-feira, dia 20 de maio, para uma visita t\u00e9cnica \u00e0 obra do novo pr\u00e9dio e a\u00e7\u00f5es no f\u00f3rum.<\/p>\n\n\n\n<p>Acompanhado do prefeito Jos\u00e9 Marcos Calderan, dos ju\u00edzes da comarca, Marco Ant\u00f4nio Montagnana Moraes e Raul Ignatius Nogueira, do juiz auxiliar da Presid\u00eancia, M\u00e1rio Jos\u00e9 Esbalqueiro Junior, e de autoridades locais, a pauta da agenda teve in\u00edcio com uma visita em vistoria \u00e0 obra do novo pr\u00e9dio do F\u00f3rum de Maracaju, situado na Rua Senador Filinto Muller. A constru\u00e7\u00e3o contempla um sonho antigo da popula\u00e7\u00e3o maracajuense e est\u00e1 sendo efetivada em raz\u00e3o da vis\u00e3o de vanguarda da atual administra\u00e7\u00e3o da justi\u00e7a sul-mato-grossense, com investimentos de mais de R$ 8 milh\u00f5es e \u00e1rea total constru\u00edda de 1.545,00 m\u00b2. Ao final da visita, o presidente plantou uma muda de ip\u00ea em uma \u00e1rea na cal\u00e7ada em frente ao pr\u00e9dio, a\u00e7\u00e3o que objetiva contribuir para um mundo mais sustent\u00e1vel, com melhor qualidade de vida. A previs\u00e3o \u00e9 que a obra seja conclu\u00edda at\u00e9 o final deste ano.<\/p>\n\n\n\n<p>Com o constante desenvolvimento da comarca e arredores, o atual pr\u00e9dio do f\u00f3rum n\u00e3o \u00e9 mais adequado para atender a demanda local com qualidade nem fornecer local adequado de trabalho para ju\u00edzes e servidores. Atualmente tramitam na comarca 11.247 feitos nas \u00e1reas c\u00edvel e criminal, al\u00e9m de 1.603 processos nos juizados.<\/p>\n\n\n<div class=\"wp-block-image\">\n<figure class=\"aligncenter size-large\"><img fetchpriority=\"high\" decoding=\"async\" width=\"1024\" height=\"683\" src=\"https:\/\/msconectado.com.br\/wp-content\/uploads\/2024\/05\/image-60-1024x683.png\" alt=\"\" class=\"wp-image-22281\" srcset=\"https:\/\/msconectado.com.br\/wp-content\/uploads\/2024\/05\/image-60-1024x683.png 1024w, https:\/\/msconectado.com.br\/wp-content\/uploads\/2024\/05\/image-60-300x200.png 300w, https:\/\/msconectado.com.br\/wp-content\/uploads\/2024\/05\/image-60-768x512.png 768w, https:\/\/msconectado.com.br\/wp-content\/uploads\/2024\/05\/image-60-1536x1024.png 1536w, https:\/\/msconectado.com.br\/wp-content\/uploads\/2024\/05\/image-60-360x240.png 360w, https:\/\/msconectado.com.br\/wp-content\/uploads\/2024\/05\/image-60.png 2048w\" sizes=\"(max-width: 1024px) 100vw, 1024px\" \/><\/figure>\n<\/div>\n\n\n<p>Durante a visita, o Des. S\u00e9rgio Fernandes Martins ressaltou que, com o novo f\u00f3rum, ju\u00edzes e servidores ter\u00e3o um local para trabalhar com tranquilidade e melhor atender a demanda crescente dos jurisdicionados, absorvendo adequadamente as necessidades da comarca. &#8220;\u00c9 uma constru\u00e7\u00e3o bastante significativa, Maracaju \u00e9 uma cidade que j\u00e1 merecia h\u00e1 bastante tempo um f\u00f3rum novo. Este pr\u00e9dio vai nos ajudar a entregar para a popula\u00e7\u00e3o, aos advogados, para todos aqueles que utilizam os servi\u00e7os do Judici\u00e1rio, um f\u00f3rum digno do tamanho, da representatividade e da pujan\u00e7a que Maracaju tem&#8221;.<\/p>\n\n\n\n<p>O novo pr\u00e9dio do F\u00f3rum est\u00e1 sendo constru\u00eddo em um terreno doado pelo Munic\u00edpio de Maracaju, com \u00e1rea total de 8.941,72 m\u00b2. A edifica\u00e7\u00e3o abrigar\u00e1 toda a estrutura f\u00edsica necess\u00e1ria para o funcionamento de uma comarca de segunda entr\u00e2ncia, com tr\u00eas varas instaladas. A obra obedece aos crit\u00e9rios de acessibilidade, com rampas, sinaliza\u00e7\u00e3o t\u00e1til de pisos e cal\u00e7adas, al\u00e9m de banheiros acess\u00edveis e independentes para atender \u00e0s pessoas com defici\u00eancia e mobilidade reduzida. O pr\u00e9dio ter\u00e1 tamb\u00e9m um sistema de produ\u00e7\u00e3o de energia fotovoltaica para reduzir os altos custos gerados pelo consumo de energia el\u00e9trica, insumo imprescind\u00edvel para a condu\u00e7\u00e3o das atividades jurisdicionais. Todas as decis\u00f5es de projeto e tecnologias de constru\u00e7\u00e3o ser\u00e3o implantadas para promover o conforto ambiental, de acordo com a sustentabilidade e a efici\u00eancia energ\u00e9tica.<\/p>\n\n\n\n<p><strong>Doa\u00e7\u00e3o \u2013&nbsp;<\/strong>Ap\u00f3s a visita \u00e0 obra, o presidente do Tribunal de Justi\u00e7a entregou, no plen\u00e1rio do Tribunal&nbsp; do J\u00fari do f\u00f3rum de Maracaju, um ve\u00edculo para utiliza\u00e7\u00e3o da comarca e efetivou a doa\u00e7\u00e3o de 13 computadores, oito ao Batalh\u00e3o da Pol\u00edcia Militar de Maracaju e cinco \u00e0 Associa\u00e7\u00e3o Comunit\u00e1ria Ol\u00edmpio Vargas.<\/p>\n\n\n\n<p>Esta \u00e9 uma maneira respons\u00e1vel e ben\u00e9fica de reutilizar a tecnologia, apoiando simultaneamente as comunidades locais.<\/p>\n\n\n\n<p>Assessoria<\/p>\n\n\n<div class=\"wp-block-image\">\n<figure class=\"aligncenter size-full\"><img decoding=\"async\" width=\"900\" height=\"100\" src=\"https:\/\/msconectado.com.br\/wp-content\/uploads\/2024\/05\/ezgif.com-animated-gif-maker.gif\" alt=\"\" class=\"wp-image-22166\"\/><\/figure>\n<\/div>","protected":false},"excerpt":{"rendered":"<p>O presidente do Tribunal de Justi\u00e7a de Mato Grosso do Sul, Des. S\u00e9rgio Fernandes Martins, esteve em Maracaju na tarde desta segunda-feira, dia 20 de maio, para uma visita t\u00e9cnica \u00e0 obra do novo pr\u00e9dio e a\u00e7\u00f5es no f\u00f3rum. Acompanhado do prefeito Jos\u00e9 Marcos Calderan, dos ju\u00edzes da comarca, Marco Ant\u00f4nio Montagnana Moraes e Raul [&hellip;]<\/p>\n","protected":false},"author":2,"featured_media":22279,"comment_status":"open","ping_status":"closed","sticky":false,"template":"","format":"standard","meta":{"footnotes":""},"categories":[35,1],"tags":[],"class_list":["post-22278","post","type-post","status-publish","format-standard","has-post-thumbnail","hentry","category-cidades","category-noticia"],"yoast_head":"<!-- This site is optimized with the Yoast SEO plugin v27.5 - https:\/\/yoast.com\/product\/yoast-seo-wordpress\/ -->\n<title>Presidente do Tribunal de Justi\u00e7a vistoria constru\u00e7\u00e3o do novo F\u00f3rum de Maracaju. - MsConectado<\/title>\n<meta name=\"robots\" content=\"index, follow, max-snippet:-1, max-image-preview:large, max-video-preview:-1\" \/>\n<link rel=\"canonical\" href=\"https:\/\/msconectado.com.br\/?p=22278\" \/>\n<meta property=\"og:locale\" content=\"pt_BR\" \/>\n<meta property=\"og:type\" content=\"article\" \/>\n<meta property=\"og:title\" content=\"Presidente do Tribunal de Justi\u00e7a vistoria constru\u00e7\u00e3o do novo F\u00f3rum de Maracaju. - MsConectado\" \/>\n<meta property=\"og:description\" content=\"O presidente do Tribunal de Justi\u00e7a de Mato Grosso do Sul, Des. S\u00e9rgio Fernandes Martins, esteve em Maracaju na tarde desta segunda-feira, dia 20 de maio, para uma visita t\u00e9cnica \u00e0 obra do novo pr\u00e9dio e a\u00e7\u00f5es no f\u00f3rum. Acompanhado do prefeito Jos\u00e9 Marcos Calderan, dos ju\u00edzes da comarca, Marco Ant\u00f4nio Montagnana Moraes e Raul [&hellip;]\" \/>\n<meta property=\"og:url\" content=\"https:\/\/msconectado.com.br\/?p=22278\" \/>\n<meta property=\"og:site_name\" content=\"MsConectado\" \/>\n<meta property=\"article:published_time\" content=\"2024-05-22T09:21:09+00:00\" \/>\n<meta property=\"article:modified_time\" content=\"2024-05-22T09:21:30+00:00\" \/>\n<meta property=\"og:image\" content=\"https:\/\/msconectado.com.br\/wp-content\/uploads\/2024\/05\/53734063582_36045b3214_c.jpg\" \/>\n\t<meta property=\"og:image:width\" content=\"799\" \/>\n\t<meta property=\"og:image:height\" content=\"533\" \/>\n\t<meta property=\"og:image:type\" content=\"image\/jpeg\" \/>\n<meta name=\"author\" content=\"MsConectado\" \/>\n<meta name=\"twitter:card\" content=\"summary_large_image\" \/>\n<meta name=\"twitter:label1\" content=\"Escrito por\" \/>\n\t<meta name=\"twitter:data1\" content=\"MsConectado\" \/>\n\t<meta name=\"twitter:label2\" content=\"Est. tempo de leitura\" \/>\n\t<meta name=\"twitter:data2\" content=\"4 minutos\" \/>\n<script type=\"application\/ld+json\" class=\"yoast-schema-graph\">{\"@context\":\"https:\\\/\\\/schema.org\",\"@graph\":[{\"@type\":\"Article\",\"@id\":\"https:\\\/\\\/msconectado.com.br\\\/?p=22278#article\",\"isPartOf\":{\"@id\":\"https:\\\/\\\/msconectado.com.br\\\/?p=22278\"},\"author\":{\"name\":\"MsConectado\",\"@id\":\"https:\\\/\\\/msconectado.com.br\\\/#\\\/schema\\\/person\\\/e5585545b5687092f1041d350b6e2c16\"},\"headline\":\"Presidente do Tribunal de Justi\u00e7a vistoria constru\u00e7\u00e3o do novo F\u00f3rum de Maracaju.\",\"datePublished\":\"2024-05-22T09:21:09+00:00\",\"dateModified\":\"2024-05-22T09:21:30+00:00\",\"mainEntityOfPage\":{\"@id\":\"https:\\\/\\\/msconectado.com.br\\\/?p=22278\"},\"wordCount\":609,\"commentCount\":0,\"publisher\":{\"@id\":\"https:\\\/\\\/msconectado.com.br\\\/#organization\"},\"image\":{\"@id\":\"https:\\\/\\\/msconectado.com.br\\\/?p=22278#primaryimage\"},\"thumbnailUrl\":\"https:\\\/\\\/msconectado.com.br\\\/wp-content\\\/uploads\\\/2024\\\/05\\\/53734063582_36045b3214_c.jpg\",\"articleSection\":[\"Cidades\",\"Not\u00edcia\"],\"inLanguage\":\"pt-BR\",\"potentialAction\":[{\"@type\":\"CommentAction\",\"name\":\"Comment\",\"target\":[\"https:\\\/\\\/msconectado.com.br\\\/?p=22278#respond\"]}]},{\"@type\":\"WebPage\",\"@id\":\"https:\\\/\\\/msconectado.com.br\\\/?p=22278\",\"url\":\"https:\\\/\\\/msconectado.com.br\\\/?p=22278\",\"name\":\"Presidente do Tribunal de Justi\u00e7a vistoria constru\u00e7\u00e3o do novo F\u00f3rum de Maracaju. - MsConectado\",\"isPartOf\":{\"@id\":\"https:\\\/\\\/msconectado.com.br\\\/#website\"},\"primaryImageOfPage\":{\"@id\":\"https:\\\/\\\/msconectado.com.br\\\/?p=22278#primaryimage\"},\"image\":{\"@id\":\"https:\\\/\\\/msconectado.com.br\\\/?p=22278#primaryimage\"},\"thumbnailUrl\":\"https:\\\/\\\/msconectado.com.br\\\/wp-content\\\/uploads\\\/2024\\\/05\\\/53734063582_36045b3214_c.jpg\",\"datePublished\":\"2024-05-22T09:21:09+00:00\",\"dateModified\":\"2024-05-22T09:21:30+00:00\",\"breadcrumb\":{\"@id\":\"https:\\\/\\\/msconectado.com.br\\\/?p=22278#breadcrumb\"},\"inLanguage\":\"pt-BR\",\"potentialAction\":[{\"@type\":\"ReadAction\",\"target\":[\"https:\\\/\\\/msconectado.com.br\\\/?p=22278\"]}]},{\"@type\":\"ImageObject\",\"inLanguage\":\"pt-BR\",\"@id\":\"https:\\\/\\\/msconectado.com.br\\\/?p=22278#primaryimage\",\"url\":\"https:\\\/\\\/msconectado.com.br\\\/wp-content\\\/uploads\\\/2024\\\/05\\\/53734063582_36045b3214_c.jpg\",\"contentUrl\":\"https:\\\/\\\/msconectado.com.br\\\/wp-content\\\/uploads\\\/2024\\\/05\\\/53734063582_36045b3214_c.jpg\",\"width\":799,\"height\":533},{\"@type\":\"BreadcrumbList\",\"@id\":\"https:\\\/\\\/msconectado.com.br\\\/?p=22278#breadcrumb\",\"itemListElement\":[{\"@type\":\"ListItem\",\"position\":1,\"name\":\"In\u00edcio\",\"item\":\"https:\\\/\\\/msconectado.com.br\\\/\"},{\"@type\":\"ListItem\",\"position\":2,\"name\":\"Presidente do Tribunal de Justi\u00e7a vistoria constru\u00e7\u00e3o do novo F\u00f3rum de Maracaju.\"}]},{\"@type\":\"WebSite\",\"@id\":\"https:\\\/\\\/msconectado.com.br\\\/#website\",\"url\":\"https:\\\/\\\/msconectado.com.br\\\/\",\"name\":\"MsConectado\",\"description\":\"Voc\u00ea Conectado com a Not\u00edcia!\",\"publisher\":{\"@id\":\"https:\\\/\\\/msconectado.com.br\\\/#organization\"},\"potentialAction\":[{\"@type\":\"SearchAction\",\"target\":{\"@type\":\"EntryPoint\",\"urlTemplate\":\"https:\\\/\\\/msconectado.com.br\\\/?s={search_term_string}\"},\"query-input\":{\"@type\":\"PropertyValueSpecification\",\"valueRequired\":true,\"valueName\":\"search_term_string\"}}],\"inLanguage\":\"pt-BR\"},{\"@type\":\"Organization\",\"@id\":\"https:\\\/\\\/msconectado.com.br\\\/#organization\",\"name\":\"MsConectado\",\"url\":\"https:\\\/\\\/msconectado.com.br\\\/\",\"logo\":{\"@type\":\"ImageObject\",\"inLanguage\":\"pt-BR\",\"@id\":\"https:\\\/\\\/msconectado.com.br\\\/#\\\/schema\\\/logo\\\/image\\\/\",\"url\":\"https:\\\/\\\/msconectado.com.br\\\/wp-content\\\/uploads\\\/2023\\\/01\\\/cropped-noticia-2.png\",\"contentUrl\":\"https:\\\/\\\/msconectado.com.br\\\/wp-content\\\/uploads\\\/2023\\\/01\\\/cropped-noticia-2.png\",\"width\":720,\"height\":157,\"caption\":\"MsConectado\"},\"image\":{\"@id\":\"https:\\\/\\\/msconectado.com.br\\\/#\\\/schema\\\/logo\\\/image\\\/\"}},{\"@type\":\"Person\",\"@id\":\"https:\\\/\\\/msconectado.com.br\\\/#\\\/schema\\\/person\\\/e5585545b5687092f1041d350b6e2c16\",\"name\":\"MsConectado\",\"image\":{\"@type\":\"ImageObject\",\"inLanguage\":\"pt-BR\",\"@id\":\"https:\\\/\\\/secure.gravatar.com\\\/avatar\\\/3b4f84a0a8a4380ac4431fa79981d073692380c5da00ae97596e794ab0db5c8c?s=96&d=mm&r=g\",\"url\":\"https:\\\/\\\/secure.gravatar.com\\\/avatar\\\/3b4f84a0a8a4380ac4431fa79981d073692380c5da00ae97596e794ab0db5c8c?s=96&d=mm&r=g\",\"contentUrl\":\"https:\\\/\\\/secure.gravatar.com\\\/avatar\\\/3b4f84a0a8a4380ac4431fa79981d073692380c5da00ae97596e794ab0db5c8c?s=96&d=mm&r=g\",\"caption\":\"MsConectado\"},\"url\":\"https:\\\/\\\/msconectado.com.br\\\/?author=2\"}]}<\/script>\n<!-- \/ Yoast SEO plugin. -->","yoast_head_json":{"title":"Presidente do Tribunal de Justi\u00e7a vistoria constru\u00e7\u00e3o do novo F\u00f3rum de Maracaju. - MsConectado","robots":{"index":"index","follow":"follow","max-snippet":"max-snippet:-1","max-image-preview":"max-image-preview:large","max-video-preview":"max-video-preview:-1"},"canonical":"https:\/\/msconectado.com.br\/?p=22278","og_locale":"pt_BR","og_type":"article","og_title":"Presidente do Tribunal de Justi\u00e7a vistoria constru\u00e7\u00e3o do novo F\u00f3rum de Maracaju. - MsConectado","og_description":"O presidente do Tribunal de Justi\u00e7a de Mato Grosso do Sul, Des. S\u00e9rgio Fernandes Martins, esteve em Maracaju na tarde desta segunda-feira, dia 20 de maio, para uma visita t\u00e9cnica \u00e0 obra do novo pr\u00e9dio e a\u00e7\u00f5es no f\u00f3rum. Acompanhado do prefeito Jos\u00e9 Marcos Calderan, dos ju\u00edzes da comarca, Marco Ant\u00f4nio Montagnana Moraes e Raul [&hellip;]","og_url":"https:\/\/msconectado.com.br\/?p=22278","og_site_name":"MsConectado","article_published_time":"2024-05-22T09:21:09+00:00","article_modified_time":"2024-05-22T09:21:30+00:00","og_image":[{"width":799,"height":533,"url":"https:\/\/msconectado.com.br\/wp-content\/uploads\/2024\/05\/53734063582_36045b3214_c.jpg","type":"image\/jpeg"}],"author":"MsConectado","twitter_card":"summary_large_image","twitter_misc":{"Escrito por":"MsConectado","Est. tempo de leitura":"4 minutos"},"schema":{"@context":"https:\/\/schema.org","@graph":[{"@type":"Article","@id":"https:\/\/msconectado.com.br\/?p=22278#article","isPartOf":{"@id":"https:\/\/msconectado.com.br\/?p=22278"},"author":{"name":"MsConectado","@id":"https:\/\/msconectado.com.br\/#\/schema\/person\/e5585545b5687092f1041d350b6e2c16"},"headline":"Presidente do Tribunal de Justi\u00e7a vistoria constru\u00e7\u00e3o do novo F\u00f3rum de Maracaju.","datePublished":"2024-05-22T09:21:09+00:00","dateModified":"2024-05-22T09:21:30+00:00","mainEntityOfPage":{"@id":"https:\/\/msconectado.com.br\/?p=22278"},"wordCount":609,"commentCount":0,"publisher":{"@id":"https:\/\/msconectado.com.br\/#organization"},"image":{"@id":"https:\/\/msconectado.com.br\/?p=22278#primaryimage"},"thumbnailUrl":"https:\/\/msconectado.com.br\/wp-content\/uploads\/2024\/05\/53734063582_36045b3214_c.jpg","articleSection":["Cidades","Not\u00edcia"],"inLanguage":"pt-BR","potentialAction":[{"@type":"CommentAction","name":"Comment","target":["https:\/\/msconectado.com.br\/?p=22278#respond"]}]},{"@type":"WebPage","@id":"https:\/\/msconectado.com.br\/?p=22278","url":"https:\/\/msconectado.com.br\/?p=22278","name":"Presidente do Tribunal de Justi\u00e7a vistoria constru\u00e7\u00e3o do novo F\u00f3rum de Maracaju. - MsConectado","isPartOf":{"@id":"https:\/\/msconectado.com.br\/#website"},"primaryImageOfPage":{"@id":"https:\/\/msconectado.com.br\/?p=22278#primaryimage"},"image":{"@id":"https:\/\/msconectado.com.br\/?p=22278#primaryimage"},"thumbnailUrl":"https:\/\/msconectado.com.br\/wp-content\/uploads\/2024\/05\/53734063582_36045b3214_c.jpg","datePublished":"2024-05-22T09:21:09+00:00","dateModified":"2024-05-22T09:21:30+00:00","breadcrumb":{"@id":"https:\/\/msconectado.com.br\/?p=22278#breadcrumb"},"inLanguage":"pt-BR","potentialAction":[{"@type":"ReadAction","target":["https:\/\/msconectado.com.br\/?p=22278"]}]},{"@type":"ImageObject","inLanguage":"pt-BR","@id":"https:\/\/msconectado.com.br\/?p=22278#primaryimage","url":"https:\/\/msconectado.com.br\/wp-content\/uploads\/2024\/05\/53734063582_36045b3214_c.jpg","contentUrl":"https:\/\/msconectado.com.br\/wp-content\/uploads\/2024\/05\/53734063582_36045b3214_c.jpg","width":799,"height":533},{"@type":"BreadcrumbList","@id":"https:\/\/msconectado.com.br\/?p=22278#breadcrumb","itemListElement":[{"@type":"ListItem","position":1,"name":"In\u00edcio","item":"https:\/\/msconectado.com.br\/"},{"@type":"ListItem","position":2,"name":"Presidente do Tribunal de Justi\u00e7a vistoria constru\u00e7\u00e3o do novo F\u00f3rum de Maracaju."}]},{"@type":"WebSite","@id":"https:\/\/msconectado.com.br\/#website","url":"https:\/\/msconectado.com.br\/","name":"MsConectado","description":"Voc\u00ea Conectado com a Not\u00edcia!","publisher":{"@id":"https:\/\/msconectado.com.br\/#organization"},"potentialAction":[{"@type":"SearchAction","target":{"@type":"EntryPoint","urlTemplate":"https:\/\/msconectado.com.br\/?s={search_term_string}"},"query-input":{"@type":"PropertyValueSpecification","valueRequired":true,"valueName":"search_term_string"}}],"inLanguage":"pt-BR"},{"@type":"Organization","@id":"https:\/\/msconectado.com.br\/#organization","name":"MsConectado","url":"https:\/\/msconectado.com.br\/","logo":{"@type":"ImageObject","inLanguage":"pt-BR","@id":"https:\/\/msconectado.com.br\/#\/schema\/logo\/image\/","url":"https:\/\/msconectado.com.br\/wp-content\/uploads\/2023\/01\/cropped-noticia-2.png","contentUrl":"https:\/\/msconectado.com.br\/wp-content\/uploads\/2023\/01\/cropped-noticia-2.png","width":720,"height":157,"caption":"MsConectado"},"image":{"@id":"https:\/\/msconectado.com.br\/#\/schema\/logo\/image\/"}},{"@type":"Person","@id":"https:\/\/msconectado.com.br\/#\/schema\/person\/e5585545b5687092f1041d350b6e2c16","name":"MsConectado","image":{"@type":"ImageObject","inLanguage":"pt-BR","@id":"https:\/\/secure.gravatar.com\/avatar\/3b4f84a0a8a4380ac4431fa79981d073692380c5da00ae97596e794ab0db5c8c?s=96&d=mm&r=g","url":"https:\/\/secure.gravatar.com\/avatar\/3b4f84a0a8a4380ac4431fa79981d073692380c5da00ae97596e794ab0db5c8c?s=96&d=mm&r=g","contentUrl":"https:\/\/secure.gravatar.com\/avatar\/3b4f84a0a8a4380ac4431fa79981d073692380c5da00ae97596e794ab0db5c8c?s=96&d=mm&r=g","caption":"MsConectado"},"url":"https:\/\/msconectado.com.br\/?author=2"}]}},"_links":{"self":[{"href":"https:\/\/msconectado.com.br\/index.php?rest_route=\/wp\/v2\/posts\/22278","targetHints":{"allow":["GET"]}}],"collection":[{"href":"https:\/\/msconectado.com.br\/index.php?rest_route=\/wp\/v2\/posts"}],"about":[{"href":"https:\/\/msconectado.com.br\/index.php?rest_route=\/wp\/v2\/types\/post"}],"author":[{"embeddable":true,"href":"https:\/\/msconectado.com.br\/index.php?rest_route=\/wp\/v2\/users\/2"}],"replies":[{"embeddable":true,"href":"https:\/\/msconectado.com.br\/index.php?rest_route=%2Fwp%2Fv2%2Fcomments&post=22278"}],"version-history":[{"count":2,"href":"https:\/\/msconectado.com.br\/index.php?rest_route=\/wp\/v2\/posts\/22278\/revisions"}],"predecessor-version":[{"id":22283,"href":"https:\/\/msconectado.com.br\/index.php?rest_route=\/wp\/v2\/posts\/22278\/revisions\/22283"}],"wp:featuredmedia":[{"embeddable":true,"href":"https:\/\/msconectado.com.br\/index.php?rest_route=\/wp\/v2\/media\/22279"}],"wp:attachment":[{"href":"https:\/\/msconectado.com.br\/index.php?rest_route=%2Fwp%2Fv2%2Fmedia&parent=22278"}],"wp:term":[{"taxonomy":"category","embeddable":true,"href":"https:\/\/msconectado.com.br\/index.php?rest_route=%2Fwp%2Fv2%2Fcategories&post=22278"},{"taxonomy":"post_tag","embeddable":true,"href":"https:\/\/msconectado.com.br\/index.php?rest_route=%2Fwp%2Fv2%2Ftags&post=22278"}],"curies":[{"name":"wp","href":"https:\/\/api.w.org\/{rel}","templated":true}]}}