
{"id":22285,"date":"2024-05-22T17:34:51","date_gmt":"2024-05-22T17:34:51","guid":{"rendered":"https:\/\/msconectado.com.br\/?p=22285"},"modified":"2024-05-22T17:45:02","modified_gmt":"2024-05-22T17:45:02","slug":"robert-ziemann-se-reune-com-deputada-estadual-mara-caseiro-para-discutir-acoes-do-instituto-pequeno-cidadao","status":"publish","type":"post","link":"https:\/\/msconectado.com.br\/?p=22285","title":{"rendered":"Robert Ziemann se re\u00fane com deputada estadual Mara Caseiro para discutir a\u00e7\u00f5es do Instituto Pequeno Cidad\u00e3o."},"content":{"rendered":"\n<p>Na \u00faltima semana, o vereador Robert Ziemann esteve na Assembleia Legislativa em reuni\u00e3o com a deputada estadual Mara Caseiro para discutir as a\u00e7\u00f5es do Instituto Pequeno Cidad\u00e3o, do qual ele \u00e9 padrinho. O encontro teve como objetivo apresentar o trabalho desenvolvido pelo instituto em prol de mais de 450 crian\u00e7as, incluindo as de Sidrol\u00e2ndia e, em breve, de Rio Brilhante.<\/p>\n\n\n\n<p>Durante a reuni\u00e3o, Robert Ziemann destacou a import\u00e2ncia das atividades oferecidas pelo Instituto Pequeno Cidad\u00e3o, que abrangem oficinas, din\u00e2micas, refor\u00e7o escolar e outras iniciativas que incentivam o empreendedorismo e a forma\u00e7\u00e3o social dos jovens. \u201cFiquei muito feliz em ver o entusiasmo da deputada Mara Caseiro em abra\u00e7ar essa causa conosco. Ela se mostrou muito sol\u00edcita em nos ajudar nessa caminhada rumo ao desenvolvimento de nossas crian\u00e7as\u201d, afirmou o vereador.<\/p>\n\n\n<div class=\"wp-block-image\">\n<figure class=\"aligncenter size-large\"><img fetchpriority=\"high\" decoding=\"async\" width=\"1024\" height=\"683\" src=\"https:\/\/msconectado.com.br\/wp-content\/uploads\/2024\/05\/image-62-1024x683.png\" alt=\"\" class=\"wp-image-22287\" srcset=\"https:\/\/msconectado.com.br\/wp-content\/uploads\/2024\/05\/image-62-1024x683.png 1024w, https:\/\/msconectado.com.br\/wp-content\/uploads\/2024\/05\/image-62-300x200.png 300w, https:\/\/msconectado.com.br\/wp-content\/uploads\/2024\/05\/image-62-768x512.png 768w, https:\/\/msconectado.com.br\/wp-content\/uploads\/2024\/05\/image-62-1536x1024.png 1536w, https:\/\/msconectado.com.br\/wp-content\/uploads\/2024\/05\/image-62-360x240.png 360w, https:\/\/msconectado.com.br\/wp-content\/uploads\/2024\/05\/image-62.png 2048w\" sizes=\"(max-width: 1024px) 100vw, 1024px\" \/><\/figure>\n<\/div>\n\n\n<p>A deputada Mara Caseiro, conhecida por seu trabalho em prol da educa\u00e7\u00e3o e do desenvolvimento social, expressou seu apoio e interesse em colaborar com o instituto. \u201c\u00c9 gratificante ver projetos como o Instituto Pequeno Cidad\u00e3o, que realmente fazem a diferen\u00e7a na vida das nossas crian\u00e7as e jovens. Estou comprometida em ajudar e apoiar essa causa t\u00e3o nobre\u201d, declarou a deputada.<\/p>\n\n\n\n<p>O Instituto Pequeno Cidad\u00e3o j\u00e1 impactou positivamente a vida de muitas crian\u00e7as e suas fam\u00edlias, proporcionando um ambiente seguro e educativo no contraturno escolar. Com a poss\u00edvel expans\u00e3o para Rio Brilhante, a expectativa \u00e9 que ainda mais crian\u00e7as possam se beneficiar das iniciativas do Instituto.<\/p>\n\n\n<div class=\"wp-block-image\">\n<figure class=\"aligncenter size-large\"><img decoding=\"async\" width=\"1024\" height=\"683\" src=\"https:\/\/msconectado.com.br\/wp-content\/uploads\/2024\/05\/image-64-1024x683.png\" alt=\"\" class=\"wp-image-22289\" srcset=\"https:\/\/msconectado.com.br\/wp-content\/uploads\/2024\/05\/image-64-1024x683.png 1024w, https:\/\/msconectado.com.br\/wp-content\/uploads\/2024\/05\/image-64-300x200.png 300w, https:\/\/msconectado.com.br\/wp-content\/uploads\/2024\/05\/image-64-768x512.png 768w, https:\/\/msconectado.com.br\/wp-content\/uploads\/2024\/05\/image-64-1536x1024.png 1536w, https:\/\/msconectado.com.br\/wp-content\/uploads\/2024\/05\/image-64-360x240.png 360w, https:\/\/msconectado.com.br\/wp-content\/uploads\/2024\/05\/image-64.png 2048w\" sizes=\"(max-width: 1024px) 100vw, 1024px\" \/><\/figure>\n<\/div>\n\n\n<p>Robert Ziemann e Mara Caseiro concordaram em unir esfor\u00e7os para fortalecer o Instituto e buscar parcerias que possam ampliar ainda mais o alcance e a efic\u00e1cia das a\u00e7\u00f5es desenvolvidas. \u201cJuntos, vamos construir um futuro melhor para nossas comunidades, garantindo que nossas crian\u00e7as tenham acesso a oportunidades que as ajudem a crescer e se desenvolver de forma plena\u201d, concluiu Ziemann.<\/p>\n\n\n\n<p>A reuni\u00e3o entre o vereador e a deputada sinaliza um importante passo na busca por melhorias e apoio ao desenvolvimento social das crian\u00e7as de Mato Grosso do Sul. A colabora\u00e7\u00e3o entre o poder legislativo e projetos sociais como o Instituto Pequeno Cidad\u00e3o \u00e9 fundamental para a constru\u00e7\u00e3o de um futuro mais justo e igualit\u00e1rio para todos.<\/p>\n\n\n\n<p>Reda\u00e7\u00e3o<\/p>\n\n\n<div class=\"wp-block-image\">\n<figure class=\"aligncenter size-full\"><img decoding=\"async\" width=\"900\" height=\"100\" src=\"https:\/\/msconectado.com.br\/wp-content\/uploads\/2024\/05\/900x100.gif\" alt=\"\" class=\"wp-image-22267\"\/><\/figure>\n<\/div>","protected":false},"excerpt":{"rendered":"<p>Na \u00faltima semana, o vereador Robert Ziemann esteve na Assembleia Legislativa em reuni\u00e3o com a deputada estadual Mara Caseiro para discutir as a\u00e7\u00f5es do Instituto Pequeno Cidad\u00e3o, do qual ele \u00e9 padrinho. O encontro teve como objetivo apresentar o trabalho desenvolvido pelo instituto em prol de mais de 450 crian\u00e7as, incluindo as de Sidrol\u00e2ndia e, [&hellip;]<\/p>\n","protected":false},"author":2,"featured_media":22291,"comment_status":"open","ping_status":"closed","sticky":false,"template":"","format":"standard","meta":{"footnotes":""},"categories":[35,1],"tags":[],"class_list":["post-22285","post","type-post","status-publish","format-standard","has-post-thumbnail","hentry","category-cidades","category-noticia"],"yoast_head":"<!-- This site is optimized with the Yoast SEO plugin v27.5 - https:\/\/yoast.com\/product\/yoast-seo-wordpress\/ -->\n<title>Robert Ziemann se re\u00fane com deputada estadual Mara Caseiro para discutir a\u00e7\u00f5es do Instituto Pequeno Cidad\u00e3o. - MsConectado<\/title>\n<meta name=\"robots\" content=\"index, follow, max-snippet:-1, max-image-preview:large, max-video-preview:-1\" \/>\n<link rel=\"canonical\" href=\"https:\/\/msconectado.com.br\/?p=22285\" \/>\n<meta property=\"og:locale\" content=\"pt_BR\" \/>\n<meta property=\"og:type\" content=\"article\" \/>\n<meta property=\"og:title\" content=\"Robert Ziemann se re\u00fane com deputada estadual Mara Caseiro para discutir a\u00e7\u00f5es do Instituto Pequeno Cidad\u00e3o. - MsConectado\" \/>\n<meta property=\"og:description\" content=\"Na \u00faltima semana, o vereador Robert Ziemann esteve na Assembleia Legislativa em reuni\u00e3o com a deputada estadual Mara Caseiro para discutir as a\u00e7\u00f5es do Instituto Pequeno Cidad\u00e3o, do qual ele \u00e9 padrinho. O encontro teve como objetivo apresentar o trabalho desenvolvido pelo instituto em prol de mais de 450 crian\u00e7as, incluindo as de Sidrol\u00e2ndia e, [&hellip;]\" \/>\n<meta property=\"og:url\" content=\"https:\/\/msconectado.com.br\/?p=22285\" \/>\n<meta property=\"og:site_name\" content=\"MsConectado\" \/>\n<meta property=\"article:published_time\" content=\"2024-05-22T17:34:51+00:00\" \/>\n<meta property=\"article:modified_time\" content=\"2024-05-22T17:45:02+00:00\" \/>\n<meta property=\"og:image\" content=\"https:\/\/msconectado.com.br\/wp-content\/uploads\/2024\/05\/image-66-1024x683.png\" \/>\n\t<meta property=\"og:image:width\" content=\"1024\" \/>\n\t<meta property=\"og:image:height\" content=\"683\" \/>\n\t<meta property=\"og:image:type\" content=\"image\/png\" \/>\n<meta name=\"author\" content=\"MsConectado\" \/>\n<meta name=\"twitter:card\" content=\"summary_large_image\" \/>\n<meta name=\"twitter:label1\" content=\"Escrito por\" \/>\n\t<meta name=\"twitter:data1\" content=\"MsConectado\" \/>\n\t<meta name=\"twitter:label2\" content=\"Est. tempo de leitura\" \/>\n\t<meta name=\"twitter:data2\" content=\"3 minutos\" \/>\n<script type=\"application\/ld+json\" class=\"yoast-schema-graph\">{\"@context\":\"https:\\\/\\\/schema.org\",\"@graph\":[{\"@type\":\"Article\",\"@id\":\"https:\\\/\\\/msconectado.com.br\\\/?p=22285#article\",\"isPartOf\":{\"@id\":\"https:\\\/\\\/msconectado.com.br\\\/?p=22285\"},\"author\":{\"name\":\"MsConectado\",\"@id\":\"https:\\\/\\\/msconectado.com.br\\\/#\\\/schema\\\/person\\\/e5585545b5687092f1041d350b6e2c16\"},\"headline\":\"Robert Ziemann se re\u00fane com deputada estadual Mara Caseiro para discutir a\u00e7\u00f5es do Instituto Pequeno Cidad\u00e3o.\",\"datePublished\":\"2024-05-22T17:34:51+00:00\",\"dateModified\":\"2024-05-22T17:45:02+00:00\",\"mainEntityOfPage\":{\"@id\":\"https:\\\/\\\/msconectado.com.br\\\/?p=22285\"},\"wordCount\":400,\"commentCount\":0,\"publisher\":{\"@id\":\"https:\\\/\\\/msconectado.com.br\\\/#organization\"},\"image\":{\"@id\":\"https:\\\/\\\/msconectado.com.br\\\/?p=22285#primaryimage\"},\"thumbnailUrl\":\"https:\\\/\\\/msconectado.com.br\\\/wp-content\\\/uploads\\\/2024\\\/05\\\/image-66.png\",\"articleSection\":[\"Cidades\",\"Not\u00edcia\"],\"inLanguage\":\"pt-BR\",\"potentialAction\":[{\"@type\":\"CommentAction\",\"name\":\"Comment\",\"target\":[\"https:\\\/\\\/msconectado.com.br\\\/?p=22285#respond\"]}]},{\"@type\":\"WebPage\",\"@id\":\"https:\\\/\\\/msconectado.com.br\\\/?p=22285\",\"url\":\"https:\\\/\\\/msconectado.com.br\\\/?p=22285\",\"name\":\"Robert Ziemann se re\u00fane com deputada estadual Mara Caseiro para discutir a\u00e7\u00f5es do Instituto Pequeno Cidad\u00e3o. - MsConectado\",\"isPartOf\":{\"@id\":\"https:\\\/\\\/msconectado.com.br\\\/#website\"},\"primaryImageOfPage\":{\"@id\":\"https:\\\/\\\/msconectado.com.br\\\/?p=22285#primaryimage\"},\"image\":{\"@id\":\"https:\\\/\\\/msconectado.com.br\\\/?p=22285#primaryimage\"},\"thumbnailUrl\":\"https:\\\/\\\/msconectado.com.br\\\/wp-content\\\/uploads\\\/2024\\\/05\\\/image-66.png\",\"datePublished\":\"2024-05-22T17:34:51+00:00\",\"dateModified\":\"2024-05-22T17:45:02+00:00\",\"breadcrumb\":{\"@id\":\"https:\\\/\\\/msconectado.com.br\\\/?p=22285#breadcrumb\"},\"inLanguage\":\"pt-BR\",\"potentialAction\":[{\"@type\":\"ReadAction\",\"target\":[\"https:\\\/\\\/msconectado.com.br\\\/?p=22285\"]}]},{\"@type\":\"ImageObject\",\"inLanguage\":\"pt-BR\",\"@id\":\"https:\\\/\\\/msconectado.com.br\\\/?p=22285#primaryimage\",\"url\":\"https:\\\/\\\/msconectado.com.br\\\/wp-content\\\/uploads\\\/2024\\\/05\\\/image-66.png\",\"contentUrl\":\"https:\\\/\\\/msconectado.com.br\\\/wp-content\\\/uploads\\\/2024\\\/05\\\/image-66.png\",\"width\":2048,\"height\":1365},{\"@type\":\"BreadcrumbList\",\"@id\":\"https:\\\/\\\/msconectado.com.br\\\/?p=22285#breadcrumb\",\"itemListElement\":[{\"@type\":\"ListItem\",\"position\":1,\"name\":\"In\u00edcio\",\"item\":\"https:\\\/\\\/msconectado.com.br\\\/\"},{\"@type\":\"ListItem\",\"position\":2,\"name\":\"Robert Ziemann se re\u00fane com deputada estadual Mara Caseiro para discutir a\u00e7\u00f5es do Instituto Pequeno Cidad\u00e3o.\"}]},{\"@type\":\"WebSite\",\"@id\":\"https:\\\/\\\/msconectado.com.br\\\/#website\",\"url\":\"https:\\\/\\\/msconectado.com.br\\\/\",\"name\":\"MsConectado\",\"description\":\"Voc\u00ea Conectado com a Not\u00edcia!\",\"publisher\":{\"@id\":\"https:\\\/\\\/msconectado.com.br\\\/#organization\"},\"potentialAction\":[{\"@type\":\"SearchAction\",\"target\":{\"@type\":\"EntryPoint\",\"urlTemplate\":\"https:\\\/\\\/msconectado.com.br\\\/?s={search_term_string}\"},\"query-input\":{\"@type\":\"PropertyValueSpecification\",\"valueRequired\":true,\"valueName\":\"search_term_string\"}}],\"inLanguage\":\"pt-BR\"},{\"@type\":\"Organization\",\"@id\":\"https:\\\/\\\/msconectado.com.br\\\/#organization\",\"name\":\"MsConectado\",\"url\":\"https:\\\/\\\/msconectado.com.br\\\/\",\"logo\":{\"@type\":\"ImageObject\",\"inLanguage\":\"pt-BR\",\"@id\":\"https:\\\/\\\/msconectado.com.br\\\/#\\\/schema\\\/logo\\\/image\\\/\",\"url\":\"https:\\\/\\\/msconectado.com.br\\\/wp-content\\\/uploads\\\/2023\\\/01\\\/cropped-noticia-2.png\",\"contentUrl\":\"https:\\\/\\\/msconectado.com.br\\\/wp-content\\\/uploads\\\/2023\\\/01\\\/cropped-noticia-2.png\",\"width\":720,\"height\":157,\"caption\":\"MsConectado\"},\"image\":{\"@id\":\"https:\\\/\\\/msconectado.com.br\\\/#\\\/schema\\\/logo\\\/image\\\/\"}},{\"@type\":\"Person\",\"@id\":\"https:\\\/\\\/msconectado.com.br\\\/#\\\/schema\\\/person\\\/e5585545b5687092f1041d350b6e2c16\",\"name\":\"MsConectado\",\"image\":{\"@type\":\"ImageObject\",\"inLanguage\":\"pt-BR\",\"@id\":\"https:\\\/\\\/secure.gravatar.com\\\/avatar\\\/3b4f84a0a8a4380ac4431fa79981d073692380c5da00ae97596e794ab0db5c8c?s=96&d=mm&r=g\",\"url\":\"https:\\\/\\\/secure.gravatar.com\\\/avatar\\\/3b4f84a0a8a4380ac4431fa79981d073692380c5da00ae97596e794ab0db5c8c?s=96&d=mm&r=g\",\"contentUrl\":\"https:\\\/\\\/secure.gravatar.com\\\/avatar\\\/3b4f84a0a8a4380ac4431fa79981d073692380c5da00ae97596e794ab0db5c8c?s=96&d=mm&r=g\",\"caption\":\"MsConectado\"},\"url\":\"https:\\\/\\\/msconectado.com.br\\\/?author=2\"}]}<\/script>\n<!-- \/ Yoast SEO plugin. -->","yoast_head_json":{"title":"Robert Ziemann se re\u00fane com deputada estadual Mara Caseiro para discutir a\u00e7\u00f5es do Instituto Pequeno Cidad\u00e3o. - MsConectado","robots":{"index":"index","follow":"follow","max-snippet":"max-snippet:-1","max-image-preview":"max-image-preview:large","max-video-preview":"max-video-preview:-1"},"canonical":"https:\/\/msconectado.com.br\/?p=22285","og_locale":"pt_BR","og_type":"article","og_title":"Robert Ziemann se re\u00fane com deputada estadual Mara Caseiro para discutir a\u00e7\u00f5es do Instituto Pequeno Cidad\u00e3o. - MsConectado","og_description":"Na \u00faltima semana, o vereador Robert Ziemann esteve na Assembleia Legislativa em reuni\u00e3o com a deputada estadual Mara Caseiro para discutir as a\u00e7\u00f5es do Instituto Pequeno Cidad\u00e3o, do qual ele \u00e9 padrinho. O encontro teve como objetivo apresentar o trabalho desenvolvido pelo instituto em prol de mais de 450 crian\u00e7as, incluindo as de Sidrol\u00e2ndia e, [&hellip;]","og_url":"https:\/\/msconectado.com.br\/?p=22285","og_site_name":"MsConectado","article_published_time":"2024-05-22T17:34:51+00:00","article_modified_time":"2024-05-22T17:45:02+00:00","og_image":[{"width":1024,"height":683,"url":"https:\/\/msconectado.com.br\/wp-content\/uploads\/2024\/05\/image-66-1024x683.png","type":"image\/png"}],"author":"MsConectado","twitter_card":"summary_large_image","twitter_misc":{"Escrito por":"MsConectado","Est. tempo de leitura":"3 minutos"},"schema":{"@context":"https:\/\/schema.org","@graph":[{"@type":"Article","@id":"https:\/\/msconectado.com.br\/?p=22285#article","isPartOf":{"@id":"https:\/\/msconectado.com.br\/?p=22285"},"author":{"name":"MsConectado","@id":"https:\/\/msconectado.com.br\/#\/schema\/person\/e5585545b5687092f1041d350b6e2c16"},"headline":"Robert Ziemann se re\u00fane com deputada estadual Mara Caseiro para discutir a\u00e7\u00f5es do Instituto Pequeno Cidad\u00e3o.","datePublished":"2024-05-22T17:34:51+00:00","dateModified":"2024-05-22T17:45:02+00:00","mainEntityOfPage":{"@id":"https:\/\/msconectado.com.br\/?p=22285"},"wordCount":400,"commentCount":0,"publisher":{"@id":"https:\/\/msconectado.com.br\/#organization"},"image":{"@id":"https:\/\/msconectado.com.br\/?p=22285#primaryimage"},"thumbnailUrl":"https:\/\/msconectado.com.br\/wp-content\/uploads\/2024\/05\/image-66.png","articleSection":["Cidades","Not\u00edcia"],"inLanguage":"pt-BR","potentialAction":[{"@type":"CommentAction","name":"Comment","target":["https:\/\/msconectado.com.br\/?p=22285#respond"]}]},{"@type":"WebPage","@id":"https:\/\/msconectado.com.br\/?p=22285","url":"https:\/\/msconectado.com.br\/?p=22285","name":"Robert Ziemann se re\u00fane com deputada estadual Mara Caseiro para discutir a\u00e7\u00f5es do Instituto Pequeno Cidad\u00e3o. - MsConectado","isPartOf":{"@id":"https:\/\/msconectado.com.br\/#website"},"primaryImageOfPage":{"@id":"https:\/\/msconectado.com.br\/?p=22285#primaryimage"},"image":{"@id":"https:\/\/msconectado.com.br\/?p=22285#primaryimage"},"thumbnailUrl":"https:\/\/msconectado.com.br\/wp-content\/uploads\/2024\/05\/image-66.png","datePublished":"2024-05-22T17:34:51+00:00","dateModified":"2024-05-22T17:45:02+00:00","breadcrumb":{"@id":"https:\/\/msconectado.com.br\/?p=22285#breadcrumb"},"inLanguage":"pt-BR","potentialAction":[{"@type":"ReadAction","target":["https:\/\/msconectado.com.br\/?p=22285"]}]},{"@type":"ImageObject","inLanguage":"pt-BR","@id":"https:\/\/msconectado.com.br\/?p=22285#primaryimage","url":"https:\/\/msconectado.com.br\/wp-content\/uploads\/2024\/05\/image-66.png","contentUrl":"https:\/\/msconectado.com.br\/wp-content\/uploads\/2024\/05\/image-66.png","width":2048,"height":1365},{"@type":"BreadcrumbList","@id":"https:\/\/msconectado.com.br\/?p=22285#breadcrumb","itemListElement":[{"@type":"ListItem","position":1,"name":"In\u00edcio","item":"https:\/\/msconectado.com.br\/"},{"@type":"ListItem","position":2,"name":"Robert Ziemann se re\u00fane com deputada estadual Mara Caseiro para discutir a\u00e7\u00f5es do Instituto Pequeno Cidad\u00e3o."}]},{"@type":"WebSite","@id":"https:\/\/msconectado.com.br\/#website","url":"https:\/\/msconectado.com.br\/","name":"MsConectado","description":"Voc\u00ea Conectado com a Not\u00edcia!","publisher":{"@id":"https:\/\/msconectado.com.br\/#organization"},"potentialAction":[{"@type":"SearchAction","target":{"@type":"EntryPoint","urlTemplate":"https:\/\/msconectado.com.br\/?s={search_term_string}"},"query-input":{"@type":"PropertyValueSpecification","valueRequired":true,"valueName":"search_term_string"}}],"inLanguage":"pt-BR"},{"@type":"Organization","@id":"https:\/\/msconectado.com.br\/#organization","name":"MsConectado","url":"https:\/\/msconectado.com.br\/","logo":{"@type":"ImageObject","inLanguage":"pt-BR","@id":"https:\/\/msconectado.com.br\/#\/schema\/logo\/image\/","url":"https:\/\/msconectado.com.br\/wp-content\/uploads\/2023\/01\/cropped-noticia-2.png","contentUrl":"https:\/\/msconectado.com.br\/wp-content\/uploads\/2023\/01\/cropped-noticia-2.png","width":720,"height":157,"caption":"MsConectado"},"image":{"@id":"https:\/\/msconectado.com.br\/#\/schema\/logo\/image\/"}},{"@type":"Person","@id":"https:\/\/msconectado.com.br\/#\/schema\/person\/e5585545b5687092f1041d350b6e2c16","name":"MsConectado","image":{"@type":"ImageObject","inLanguage":"pt-BR","@id":"https:\/\/secure.gravatar.com\/avatar\/3b4f84a0a8a4380ac4431fa79981d073692380c5da00ae97596e794ab0db5c8c?s=96&d=mm&r=g","url":"https:\/\/secure.gravatar.com\/avatar\/3b4f84a0a8a4380ac4431fa79981d073692380c5da00ae97596e794ab0db5c8c?s=96&d=mm&r=g","contentUrl":"https:\/\/secure.gravatar.com\/avatar\/3b4f84a0a8a4380ac4431fa79981d073692380c5da00ae97596e794ab0db5c8c?s=96&d=mm&r=g","caption":"MsConectado"},"url":"https:\/\/msconectado.com.br\/?author=2"}]}},"_links":{"self":[{"href":"https:\/\/msconectado.com.br\/index.php?rest_route=\/wp\/v2\/posts\/22285","targetHints":{"allow":["GET"]}}],"collection":[{"href":"https:\/\/msconectado.com.br\/index.php?rest_route=\/wp\/v2\/posts"}],"about":[{"href":"https:\/\/msconectado.com.br\/index.php?rest_route=\/wp\/v2\/types\/post"}],"author":[{"embeddable":true,"href":"https:\/\/msconectado.com.br\/index.php?rest_route=\/wp\/v2\/users\/2"}],"replies":[{"embeddable":true,"href":"https:\/\/msconectado.com.br\/index.php?rest_route=%2Fwp%2Fv2%2Fcomments&post=22285"}],"version-history":[{"count":2,"href":"https:\/\/msconectado.com.br\/index.php?rest_route=\/wp\/v2\/posts\/22285\/revisions"}],"predecessor-version":[{"id":22293,"href":"https:\/\/msconectado.com.br\/index.php?rest_route=\/wp\/v2\/posts\/22285\/revisions\/22293"}],"wp:featuredmedia":[{"embeddable":true,"href":"https:\/\/msconectado.com.br\/index.php?rest_route=\/wp\/v2\/media\/22291"}],"wp:attachment":[{"href":"https:\/\/msconectado.com.br\/index.php?rest_route=%2Fwp%2Fv2%2Fmedia&parent=22285"}],"wp:term":[{"taxonomy":"category","embeddable":true,"href":"https:\/\/msconectado.com.br\/index.php?rest_route=%2Fwp%2Fv2%2Fcategories&post=22285"},{"taxonomy":"post_tag","embeddable":true,"href":"https:\/\/msconectado.com.br\/index.php?rest_route=%2Fwp%2Fv2%2Ftags&post=22285"}],"curies":[{"name":"wp","href":"https:\/\/api.w.org\/{rel}","templated":true}]}}