
{"id":22298,"date":"2024-05-22T20:42:03","date_gmt":"2024-05-22T20:42:03","guid":{"rendered":"https:\/\/msconectado.com.br\/?p=22298"},"modified":"2024-05-22T20:48:40","modified_gmt":"2024-05-22T20:48:40","slug":"na-setesc-primeira-dama-de-ms-recebe-doacoes-da-campanha-do-agasalho-seu-abraco-aquece","status":"publish","type":"post","link":"https:\/\/msconectado.com.br\/?p=22298","title":{"rendered":"Na Setesc, primeira-dama de MS recebe doa\u00e7\u00f5es da campanha do agasalho Seu Abra\u00e7o Aquece"},"content":{"rendered":"\n<p>Nesta quarta-feira (22), a primeira-dama de Mato Grosso do Sul, M\u00f4nica Riedel, esteve na Setesc (Secretaria de Estado de Turismo, Esporte e Cultura) para receber doa\u00e7\u00f5es da campanha do agasalho \u201cSeu Abra\u00e7o Aquece: Doe Calor e Fa\u00e7a o Bem\u201d, arrecadadas pelos servidores da pasta.<\/p>\n\n\n\n<p>A campanha promovida pelo Governo de Mato Grosso do Sul mobilizou os servidores da Setesc e de entidades vinculadas: FCMS (Funda\u00e7\u00e3o de Cultura), Fundesporte (Funda\u00e7\u00e3o de Desporto e Lazer), Suprova (Superintend\u00eancia de Pol\u00edtica Integradas de Prote\u00e7\u00e3o da Vida Animal) e Superintend\u00eancia de Economia Criativa e Pol\u00edticas Integradas.<\/p>\n\n\n\n<p>Foram arrecadados cerca de dois mil itens, incluindo pe\u00e7as de roupas, cobertores, agasalhos, luvas, cachec\u00f3is, camisas, meias, sapatos e outros itens de inverno novos e em bom estado de conserva\u00e7\u00e3o. A a\u00e7\u00e3o faz parte de um esfor\u00e7o do Governo de Mato Grosso do Sul para fornecer assist\u00eancia durante os meses mais frios do ano, especialmente para popula\u00e7\u00f5es em situa\u00e7\u00e3o de vulnerabilidade.<\/p>\n\n\n<div class=\"wp-block-image\">\n<figure class=\"aligncenter\"><a href=\"https:\/\/agenciadenoticias.ms.gov.br\/wp-content\/uploads\/2024\/05\/WhatsApp-Image-2024-05-22-at-11.37.19-2.jpeg\"><img decoding=\"async\" src=\"https:\/\/agenciadenoticias.ms.gov.br\/wp-content\/uploads\/2024\/05\/WhatsApp-Image-2024-05-22-at-11.37.19-2-1024x682.jpeg\" alt=\"\"\/><\/a><\/figure>\n<\/div>\n\n\n<p>M\u00f4nica Riedel, ao lado do secret\u00e1rio de Turismo, Esporte e Cultura, Marcelo Ferreira Miranda, e de outros representantes da secretaria, participou de cerim\u00f4nia, onde foram apresentados os resultados da campanha. Durante o evento, a primeira-dama destacou a import\u00e2ncia da solidariedade e do trabalho conjunto para amenizar as dificuldades enfrentadas durante o frio.<\/p>\n\n\n\n<p>&#8220;As doa\u00e7\u00f5es s\u00e3o um al\u00edvio significativo para muitas fam\u00edlias que enfrentam dificuldades durante o inverno. Sintam-se todos parabenizados e abra\u00e7ados por essa a\u00e7\u00e3o que vai atender as pessoas em vulnerabilidade. Isso d\u00e1 sentido \u00e0 nossa vida, porque acredito que se impactarmos positivamente a vida de algu\u00e9m que precisa, j\u00e1 valeu a nossa exist\u00eancia na Terra&#8221;, afirmou M\u00f4nica Riedel.<\/p>\n\n\n\n<p>O secret\u00e1rio Marcelo Ferreira Miranda tamb\u00e9m enfatizou o papel dos servidores p\u00fablicos na promo\u00e7\u00e3o de iniciativas sociais e ressaltou a import\u00e2ncia de a\u00e7\u00f5es como esta. &#8220;A campanha do agasalho \u00e9 uma demonstra\u00e7\u00e3o clara de como a uni\u00e3o e o compromisso dos nossos servidores podem fazer a diferen\u00e7a na vida de muitas pessoas. A campanha ainda n\u00e3o acabou, nas pr\u00f3ximas semanas vamos continuar arrecadando mais itens aqui na secretaria e em nossos eventos&#8221;.<\/p>\n\n\n\n<p>Ap\u00f3s a recep\u00e7\u00e3o das doa\u00e7\u00f5es, os itens ser\u00e3o encaminhados \u00e0s fam\u00edlias necessitadas em diversas regi\u00f5es do estado. A campanha do agasalho continuar\u00e1 a receber contribui\u00e7\u00f5es ao longo das pr\u00f3ximas semanas, com pontos de coleta espalhados em v\u00e1rias institui\u00e7\u00f5es.<\/p>\n\n\n\n<p>A campanha do agasalho \u201cSeu Abra\u00e7o Aquece\u201d continuar\u00e1 aceitando doa\u00e7\u00f5es at\u00e9 o dia 26 de maio, na Setesc e em pontos de coleta localizados nas demais secretarias e \u00f3rg\u00e3os do Parque dos Poderes, al\u00e9m de outras institui\u00e7\u00f5es parceiras.<\/p>\n\n\n\n<p>O encerramento da campanha ocorrer\u00e1 no dia 27 de maio, \u00e0s 14 horas, com evento no Centro de Conven\u00e7\u00f5es Rubens Gil de Camillo. Estar\u00e3o presentes o governador Eduardo Riedel, representantes das secretarias de Estado e todas as institui\u00e7\u00f5es parceiras.<\/p>\n\n\n\n<p>Assessoria<\/p>\n\n\n<div class=\"wp-block-image\">\n<figure class=\"aligncenter size-full\"><img fetchpriority=\"high\" decoding=\"async\" width=\"900\" height=\"100\" src=\"https:\/\/msconectado.com.br\/wp-content\/uploads\/2024\/05\/ezgif.com-animated-gif-maker.gif\" alt=\"\" class=\"wp-image-22166\"\/><\/figure>\n<\/div>","protected":false},"excerpt":{"rendered":"<p>Nesta quarta-feira (22), a primeira-dama de Mato Grosso do Sul, M\u00f4nica Riedel, esteve na Setesc (Secretaria de Estado de Turismo, Esporte e Cultura) para receber doa\u00e7\u00f5es da campanha do agasalho \u201cSeu Abra\u00e7o Aquece: Doe Calor e Fa\u00e7a o Bem\u201d, arrecadadas pelos servidores da pasta. A campanha promovida pelo Governo de Mato Grosso do Sul mobilizou [&hellip;]<\/p>\n","protected":false},"author":2,"featured_media":22299,"comment_status":"open","ping_status":"closed","sticky":false,"template":"","format":"standard","meta":{"footnotes":""},"categories":[35,1],"tags":[],"class_list":["post-22298","post","type-post","status-publish","format-standard","has-post-thumbnail","hentry","category-cidades","category-noticia"],"yoast_head":"<!-- This site is optimized with the Yoast SEO plugin v27.5 - https:\/\/yoast.com\/product\/yoast-seo-wordpress\/ -->\n<title>Na Setesc, primeira-dama de MS recebe doa\u00e7\u00f5es da campanha do agasalho Seu Abra\u00e7o Aquece - MsConectado<\/title>\n<meta name=\"robots\" content=\"index, follow, max-snippet:-1, max-image-preview:large, max-video-preview:-1\" \/>\n<link rel=\"canonical\" href=\"https:\/\/msconectado.com.br\/?p=22298\" \/>\n<meta property=\"og:locale\" content=\"pt_BR\" \/>\n<meta property=\"og:type\" content=\"article\" \/>\n<meta property=\"og:title\" content=\"Na Setesc, primeira-dama de MS recebe doa\u00e7\u00f5es da campanha do agasalho Seu Abra\u00e7o Aquece - MsConectado\" \/>\n<meta property=\"og:description\" content=\"Nesta quarta-feira (22), a primeira-dama de Mato Grosso do Sul, M\u00f4nica Riedel, esteve na Setesc (Secretaria de Estado de Turismo, Esporte e Cultura) para receber doa\u00e7\u00f5es da campanha do agasalho \u201cSeu Abra\u00e7o Aquece: Doe Calor e Fa\u00e7a o Bem\u201d, arrecadadas pelos servidores da pasta. A campanha promovida pelo Governo de Mato Grosso do Sul mobilizou [&hellip;]\" \/>\n<meta property=\"og:url\" content=\"https:\/\/msconectado.com.br\/?p=22298\" \/>\n<meta property=\"og:site_name\" content=\"MsConectado\" \/>\n<meta property=\"article:published_time\" content=\"2024-05-22T20:42:03+00:00\" \/>\n<meta property=\"article:modified_time\" content=\"2024-05-22T20:48:40+00:00\" \/>\n<meta property=\"og:image\" content=\"https:\/\/msconectado.com.br\/wp-content\/uploads\/2024\/05\/WhatsApp-Image-2024-05-22-at-11.37.15.jpeg\" \/>\n\t<meta property=\"og:image:width\" content=\"1600\" \/>\n\t<meta property=\"og:image:height\" content=\"1066\" \/>\n\t<meta property=\"og:image:type\" content=\"image\/jpeg\" \/>\n<meta name=\"author\" content=\"MsConectado\" \/>\n<meta name=\"twitter:card\" content=\"summary_large_image\" \/>\n<meta name=\"twitter:label1\" content=\"Escrito por\" \/>\n\t<meta name=\"twitter:data1\" content=\"MsConectado\" \/>\n\t<meta name=\"twitter:label2\" content=\"Est. tempo de leitura\" \/>\n\t<meta name=\"twitter:data2\" content=\"4 minutos\" \/>\n<script type=\"application\/ld+json\" class=\"yoast-schema-graph\">{\"@context\":\"https:\\\/\\\/schema.org\",\"@graph\":[{\"@type\":\"Article\",\"@id\":\"https:\\\/\\\/msconectado.com.br\\\/?p=22298#article\",\"isPartOf\":{\"@id\":\"https:\\\/\\\/msconectado.com.br\\\/?p=22298\"},\"author\":{\"name\":\"MsConectado\",\"@id\":\"https:\\\/\\\/msconectado.com.br\\\/#\\\/schema\\\/person\\\/e5585545b5687092f1041d350b6e2c16\"},\"headline\":\"Na Setesc, primeira-dama de MS recebe doa\u00e7\u00f5es da campanha do agasalho Seu Abra\u00e7o Aquece\",\"datePublished\":\"2024-05-22T20:42:03+00:00\",\"dateModified\":\"2024-05-22T20:48:40+00:00\",\"mainEntityOfPage\":{\"@id\":\"https:\\\/\\\/msconectado.com.br\\\/?p=22298\"},\"wordCount\":521,\"commentCount\":0,\"publisher\":{\"@id\":\"https:\\\/\\\/msconectado.com.br\\\/#organization\"},\"image\":{\"@id\":\"https:\\\/\\\/msconectado.com.br\\\/?p=22298#primaryimage\"},\"thumbnailUrl\":\"https:\\\/\\\/msconectado.com.br\\\/wp-content\\\/uploads\\\/2024\\\/05\\\/WhatsApp-Image-2024-05-22-at-11.37.15.jpeg\",\"articleSection\":[\"Cidades\",\"Not\u00edcia\"],\"inLanguage\":\"pt-BR\",\"potentialAction\":[{\"@type\":\"CommentAction\",\"name\":\"Comment\",\"target\":[\"https:\\\/\\\/msconectado.com.br\\\/?p=22298#respond\"]}]},{\"@type\":\"WebPage\",\"@id\":\"https:\\\/\\\/msconectado.com.br\\\/?p=22298\",\"url\":\"https:\\\/\\\/msconectado.com.br\\\/?p=22298\",\"name\":\"Na Setesc, primeira-dama de MS recebe doa\u00e7\u00f5es da campanha do agasalho Seu Abra\u00e7o Aquece - MsConectado\",\"isPartOf\":{\"@id\":\"https:\\\/\\\/msconectado.com.br\\\/#website\"},\"primaryImageOfPage\":{\"@id\":\"https:\\\/\\\/msconectado.com.br\\\/?p=22298#primaryimage\"},\"image\":{\"@id\":\"https:\\\/\\\/msconectado.com.br\\\/?p=22298#primaryimage\"},\"thumbnailUrl\":\"https:\\\/\\\/msconectado.com.br\\\/wp-content\\\/uploads\\\/2024\\\/05\\\/WhatsApp-Image-2024-05-22-at-11.37.15.jpeg\",\"datePublished\":\"2024-05-22T20:42:03+00:00\",\"dateModified\":\"2024-05-22T20:48:40+00:00\",\"breadcrumb\":{\"@id\":\"https:\\\/\\\/msconectado.com.br\\\/?p=22298#breadcrumb\"},\"inLanguage\":\"pt-BR\",\"potentialAction\":[{\"@type\":\"ReadAction\",\"target\":[\"https:\\\/\\\/msconectado.com.br\\\/?p=22298\"]}]},{\"@type\":\"ImageObject\",\"inLanguage\":\"pt-BR\",\"@id\":\"https:\\\/\\\/msconectado.com.br\\\/?p=22298#primaryimage\",\"url\":\"https:\\\/\\\/msconectado.com.br\\\/wp-content\\\/uploads\\\/2024\\\/05\\\/WhatsApp-Image-2024-05-22-at-11.37.15.jpeg\",\"contentUrl\":\"https:\\\/\\\/msconectado.com.br\\\/wp-content\\\/uploads\\\/2024\\\/05\\\/WhatsApp-Image-2024-05-22-at-11.37.15.jpeg\",\"width\":1600,\"height\":1066},{\"@type\":\"BreadcrumbList\",\"@id\":\"https:\\\/\\\/msconectado.com.br\\\/?p=22298#breadcrumb\",\"itemListElement\":[{\"@type\":\"ListItem\",\"position\":1,\"name\":\"In\u00edcio\",\"item\":\"https:\\\/\\\/msconectado.com.br\\\/\"},{\"@type\":\"ListItem\",\"position\":2,\"name\":\"Na Setesc, primeira-dama de MS recebe doa\u00e7\u00f5es da campanha do agasalho Seu Abra\u00e7o Aquece\"}]},{\"@type\":\"WebSite\",\"@id\":\"https:\\\/\\\/msconectado.com.br\\\/#website\",\"url\":\"https:\\\/\\\/msconectado.com.br\\\/\",\"name\":\"MsConectado\",\"description\":\"Voc\u00ea Conectado com a Not\u00edcia!\",\"publisher\":{\"@id\":\"https:\\\/\\\/msconectado.com.br\\\/#organization\"},\"potentialAction\":[{\"@type\":\"SearchAction\",\"target\":{\"@type\":\"EntryPoint\",\"urlTemplate\":\"https:\\\/\\\/msconectado.com.br\\\/?s={search_term_string}\"},\"query-input\":{\"@type\":\"PropertyValueSpecification\",\"valueRequired\":true,\"valueName\":\"search_term_string\"}}],\"inLanguage\":\"pt-BR\"},{\"@type\":\"Organization\",\"@id\":\"https:\\\/\\\/msconectado.com.br\\\/#organization\",\"name\":\"MsConectado\",\"url\":\"https:\\\/\\\/msconectado.com.br\\\/\",\"logo\":{\"@type\":\"ImageObject\",\"inLanguage\":\"pt-BR\",\"@id\":\"https:\\\/\\\/msconectado.com.br\\\/#\\\/schema\\\/logo\\\/image\\\/\",\"url\":\"https:\\\/\\\/msconectado.com.br\\\/wp-content\\\/uploads\\\/2023\\\/01\\\/cropped-noticia-2.png\",\"contentUrl\":\"https:\\\/\\\/msconectado.com.br\\\/wp-content\\\/uploads\\\/2023\\\/01\\\/cropped-noticia-2.png\",\"width\":720,\"height\":157,\"caption\":\"MsConectado\"},\"image\":{\"@id\":\"https:\\\/\\\/msconectado.com.br\\\/#\\\/schema\\\/logo\\\/image\\\/\"}},{\"@type\":\"Person\",\"@id\":\"https:\\\/\\\/msconectado.com.br\\\/#\\\/schema\\\/person\\\/e5585545b5687092f1041d350b6e2c16\",\"name\":\"MsConectado\",\"image\":{\"@type\":\"ImageObject\",\"inLanguage\":\"pt-BR\",\"@id\":\"https:\\\/\\\/secure.gravatar.com\\\/avatar\\\/3b4f84a0a8a4380ac4431fa79981d073692380c5da00ae97596e794ab0db5c8c?s=96&d=mm&r=g\",\"url\":\"https:\\\/\\\/secure.gravatar.com\\\/avatar\\\/3b4f84a0a8a4380ac4431fa79981d073692380c5da00ae97596e794ab0db5c8c?s=96&d=mm&r=g\",\"contentUrl\":\"https:\\\/\\\/secure.gravatar.com\\\/avatar\\\/3b4f84a0a8a4380ac4431fa79981d073692380c5da00ae97596e794ab0db5c8c?s=96&d=mm&r=g\",\"caption\":\"MsConectado\"},\"url\":\"https:\\\/\\\/msconectado.com.br\\\/?author=2\"}]}<\/script>\n<!-- \/ Yoast SEO plugin. -->","yoast_head_json":{"title":"Na Setesc, primeira-dama de MS recebe doa\u00e7\u00f5es da campanha do agasalho Seu Abra\u00e7o Aquece - MsConectado","robots":{"index":"index","follow":"follow","max-snippet":"max-snippet:-1","max-image-preview":"max-image-preview:large","max-video-preview":"max-video-preview:-1"},"canonical":"https:\/\/msconectado.com.br\/?p=22298","og_locale":"pt_BR","og_type":"article","og_title":"Na Setesc, primeira-dama de MS recebe doa\u00e7\u00f5es da campanha do agasalho Seu Abra\u00e7o Aquece - MsConectado","og_description":"Nesta quarta-feira (22), a primeira-dama de Mato Grosso do Sul, M\u00f4nica Riedel, esteve na Setesc (Secretaria de Estado de Turismo, Esporte e Cultura) para receber doa\u00e7\u00f5es da campanha do agasalho \u201cSeu Abra\u00e7o Aquece: Doe Calor e Fa\u00e7a o Bem\u201d, arrecadadas pelos servidores da pasta. A campanha promovida pelo Governo de Mato Grosso do Sul mobilizou [&hellip;]","og_url":"https:\/\/msconectado.com.br\/?p=22298","og_site_name":"MsConectado","article_published_time":"2024-05-22T20:42:03+00:00","article_modified_time":"2024-05-22T20:48:40+00:00","og_image":[{"width":1600,"height":1066,"url":"https:\/\/msconectado.com.br\/wp-content\/uploads\/2024\/05\/WhatsApp-Image-2024-05-22-at-11.37.15.jpeg","type":"image\/jpeg"}],"author":"MsConectado","twitter_card":"summary_large_image","twitter_misc":{"Escrito por":"MsConectado","Est. tempo de leitura":"4 minutos"},"schema":{"@context":"https:\/\/schema.org","@graph":[{"@type":"Article","@id":"https:\/\/msconectado.com.br\/?p=22298#article","isPartOf":{"@id":"https:\/\/msconectado.com.br\/?p=22298"},"author":{"name":"MsConectado","@id":"https:\/\/msconectado.com.br\/#\/schema\/person\/e5585545b5687092f1041d350b6e2c16"},"headline":"Na Setesc, primeira-dama de MS recebe doa\u00e7\u00f5es da campanha do agasalho Seu Abra\u00e7o Aquece","datePublished":"2024-05-22T20:42:03+00:00","dateModified":"2024-05-22T20:48:40+00:00","mainEntityOfPage":{"@id":"https:\/\/msconectado.com.br\/?p=22298"},"wordCount":521,"commentCount":0,"publisher":{"@id":"https:\/\/msconectado.com.br\/#organization"},"image":{"@id":"https:\/\/msconectado.com.br\/?p=22298#primaryimage"},"thumbnailUrl":"https:\/\/msconectado.com.br\/wp-content\/uploads\/2024\/05\/WhatsApp-Image-2024-05-22-at-11.37.15.jpeg","articleSection":["Cidades","Not\u00edcia"],"inLanguage":"pt-BR","potentialAction":[{"@type":"CommentAction","name":"Comment","target":["https:\/\/msconectado.com.br\/?p=22298#respond"]}]},{"@type":"WebPage","@id":"https:\/\/msconectado.com.br\/?p=22298","url":"https:\/\/msconectado.com.br\/?p=22298","name":"Na Setesc, primeira-dama de MS recebe doa\u00e7\u00f5es da campanha do agasalho Seu Abra\u00e7o Aquece - MsConectado","isPartOf":{"@id":"https:\/\/msconectado.com.br\/#website"},"primaryImageOfPage":{"@id":"https:\/\/msconectado.com.br\/?p=22298#primaryimage"},"image":{"@id":"https:\/\/msconectado.com.br\/?p=22298#primaryimage"},"thumbnailUrl":"https:\/\/msconectado.com.br\/wp-content\/uploads\/2024\/05\/WhatsApp-Image-2024-05-22-at-11.37.15.jpeg","datePublished":"2024-05-22T20:42:03+00:00","dateModified":"2024-05-22T20:48:40+00:00","breadcrumb":{"@id":"https:\/\/msconectado.com.br\/?p=22298#breadcrumb"},"inLanguage":"pt-BR","potentialAction":[{"@type":"ReadAction","target":["https:\/\/msconectado.com.br\/?p=22298"]}]},{"@type":"ImageObject","inLanguage":"pt-BR","@id":"https:\/\/msconectado.com.br\/?p=22298#primaryimage","url":"https:\/\/msconectado.com.br\/wp-content\/uploads\/2024\/05\/WhatsApp-Image-2024-05-22-at-11.37.15.jpeg","contentUrl":"https:\/\/msconectado.com.br\/wp-content\/uploads\/2024\/05\/WhatsApp-Image-2024-05-22-at-11.37.15.jpeg","width":1600,"height":1066},{"@type":"BreadcrumbList","@id":"https:\/\/msconectado.com.br\/?p=22298#breadcrumb","itemListElement":[{"@type":"ListItem","position":1,"name":"In\u00edcio","item":"https:\/\/msconectado.com.br\/"},{"@type":"ListItem","position":2,"name":"Na Setesc, primeira-dama de MS recebe doa\u00e7\u00f5es da campanha do agasalho Seu Abra\u00e7o Aquece"}]},{"@type":"WebSite","@id":"https:\/\/msconectado.com.br\/#website","url":"https:\/\/msconectado.com.br\/","name":"MsConectado","description":"Voc\u00ea Conectado com a Not\u00edcia!","publisher":{"@id":"https:\/\/msconectado.com.br\/#organization"},"potentialAction":[{"@type":"SearchAction","target":{"@type":"EntryPoint","urlTemplate":"https:\/\/msconectado.com.br\/?s={search_term_string}"},"query-input":{"@type":"PropertyValueSpecification","valueRequired":true,"valueName":"search_term_string"}}],"inLanguage":"pt-BR"},{"@type":"Organization","@id":"https:\/\/msconectado.com.br\/#organization","name":"MsConectado","url":"https:\/\/msconectado.com.br\/","logo":{"@type":"ImageObject","inLanguage":"pt-BR","@id":"https:\/\/msconectado.com.br\/#\/schema\/logo\/image\/","url":"https:\/\/msconectado.com.br\/wp-content\/uploads\/2023\/01\/cropped-noticia-2.png","contentUrl":"https:\/\/msconectado.com.br\/wp-content\/uploads\/2023\/01\/cropped-noticia-2.png","width":720,"height":157,"caption":"MsConectado"},"image":{"@id":"https:\/\/msconectado.com.br\/#\/schema\/logo\/image\/"}},{"@type":"Person","@id":"https:\/\/msconectado.com.br\/#\/schema\/person\/e5585545b5687092f1041d350b6e2c16","name":"MsConectado","image":{"@type":"ImageObject","inLanguage":"pt-BR","@id":"https:\/\/secure.gravatar.com\/avatar\/3b4f84a0a8a4380ac4431fa79981d073692380c5da00ae97596e794ab0db5c8c?s=96&d=mm&r=g","url":"https:\/\/secure.gravatar.com\/avatar\/3b4f84a0a8a4380ac4431fa79981d073692380c5da00ae97596e794ab0db5c8c?s=96&d=mm&r=g","contentUrl":"https:\/\/secure.gravatar.com\/avatar\/3b4f84a0a8a4380ac4431fa79981d073692380c5da00ae97596e794ab0db5c8c?s=96&d=mm&r=g","caption":"MsConectado"},"url":"https:\/\/msconectado.com.br\/?author=2"}]}},"_links":{"self":[{"href":"https:\/\/msconectado.com.br\/index.php?rest_route=\/wp\/v2\/posts\/22298","targetHints":{"allow":["GET"]}}],"collection":[{"href":"https:\/\/msconectado.com.br\/index.php?rest_route=\/wp\/v2\/posts"}],"about":[{"href":"https:\/\/msconectado.com.br\/index.php?rest_route=\/wp\/v2\/types\/post"}],"author":[{"embeddable":true,"href":"https:\/\/msconectado.com.br\/index.php?rest_route=\/wp\/v2\/users\/2"}],"replies":[{"embeddable":true,"href":"https:\/\/msconectado.com.br\/index.php?rest_route=%2Fwp%2Fv2%2Fcomments&post=22298"}],"version-history":[{"count":1,"href":"https:\/\/msconectado.com.br\/index.php?rest_route=\/wp\/v2\/posts\/22298\/revisions"}],"predecessor-version":[{"id":22300,"href":"https:\/\/msconectado.com.br\/index.php?rest_route=\/wp\/v2\/posts\/22298\/revisions\/22300"}],"wp:featuredmedia":[{"embeddable":true,"href":"https:\/\/msconectado.com.br\/index.php?rest_route=\/wp\/v2\/media\/22299"}],"wp:attachment":[{"href":"https:\/\/msconectado.com.br\/index.php?rest_route=%2Fwp%2Fv2%2Fmedia&parent=22298"}],"wp:term":[{"taxonomy":"category","embeddable":true,"href":"https:\/\/msconectado.com.br\/index.php?rest_route=%2Fwp%2Fv2%2Fcategories&post=22298"},{"taxonomy":"post_tag","embeddable":true,"href":"https:\/\/msconectado.com.br\/index.php?rest_route=%2Fwp%2Fv2%2Ftags&post=22298"}],"curies":[{"name":"wp","href":"https:\/\/api.w.org\/{rel}","templated":true}]}}