
{"id":22311,"date":"2024-05-23T15:01:11","date_gmt":"2024-05-23T15:01:11","guid":{"rendered":"https:\/\/msconectado.com.br\/?p=22311"},"modified":"2024-05-23T15:01:13","modified_gmt":"2024-05-23T15:01:13","slug":"durante-showtec-governador-reforca-apoio-a-gestao-de-marcos-calderan-e-maurao-o-que-e-bom-tem-que-continuar","status":"publish","type":"post","link":"https:\/\/msconectado.com.br\/?p=22311","title":{"rendered":"Durante Showtec, Governador refor\u00e7a apoio \u00e0 gest\u00e3o de Marcos Calderan e Maur\u00e3o: \u201cO que \u00e9 bom, tem que continuar!\u201d"},"content":{"rendered":"\n<p><strong>Prefeito de Maracaju, Marcos Calderan, recebeu autoridades e refor\u00e7ou voca\u00e7\u00e3o do munic\u00edpio para o agroneg\u00f3cio.<\/strong><\/p>\n\n\n\n<p>Na \u00faltima ter\u00e7a-feira, 21-05, ocorreu a abertura da Showtec 2024, chegando a sua 27\u00aa edi\u00e7\u00e3o, conta com recorde de expositores, apostando em inova\u00e7\u00e3o, tecnologia e muita pesquisa para auxiliar os produtores rurais na produ\u00e7\u00e3o agr\u00edcola de todo o estado.<\/p>\n\n\n\n<p>A expectativa desta 27\u00aa edi\u00e7\u00e3o da Showtec, segundo a Funda\u00e7\u00e3o MS, \u00e9 de atrair cerca de 28 mil pessoas nos tr\u00eas dias de programa\u00e7\u00e3o. No ano passado, o evento atraiu 25 mil pessoas e movimentou R$ 600 milh\u00f5es em neg\u00f3cios realizados na feira.<\/p>\n\n\n\n<p>O Prefeito de Maracaju, Marcos Calderan, foi o anfitri\u00e3o, juntamente com o Presidente da Funda\u00e7\u00e3o MS, Daniel Franco, recepcionando autoridades, visitantes, expositores e produtores, durante visita\u00e7\u00e3o a diversos stands, Marcos enalteceu a voca\u00e7\u00e3o do agro que o munic\u00edpio possui.<\/p>\n\n\n<div class=\"wp-block-image\">\n<figure class=\"aligncenter size-large\"><img fetchpriority=\"high\" decoding=\"async\" width=\"1024\" height=\"682\" src=\"https:\/\/msconectado.com.br\/wp-content\/uploads\/2024\/05\/image-73-1024x682.png\" alt=\"\" class=\"wp-image-22315\" srcset=\"https:\/\/msconectado.com.br\/wp-content\/uploads\/2024\/05\/image-73-1024x682.png 1024w, https:\/\/msconectado.com.br\/wp-content\/uploads\/2024\/05\/image-73-300x200.png 300w, https:\/\/msconectado.com.br\/wp-content\/uploads\/2024\/05\/image-73-768x512.png 768w, https:\/\/msconectado.com.br\/wp-content\/uploads\/2024\/05\/image-73-360x240.png 360w, https:\/\/msconectado.com.br\/wp-content\/uploads\/2024\/05\/image-73.png 1280w\" sizes=\"(max-width: 1024px) 100vw, 1024px\" \/><\/figure>\n<\/div>\n\n\n<p>\u201c<em>Showtec representa muito para Maracaju, pesquisa, inova\u00e7\u00e3o, tecnologia e neste ano, recorde de expositores, n\u00e3o tenho d\u00favidas do crescimento gradativo, s\u00f3lido e expressivo que este evento conquista a cada ano. Produtores rurais s\u00e3o exemplos de resili\u00eancia, sabemos dos desafios e dificuldades enfrentadas, especialmente neste ano at\u00edpico, al\u00e9m do apoio de conhecimento que a Funda\u00e7\u00e3o MS traz, certamente, nossa gest\u00e3o continuar\u00e1 apoiando a produ\u00e7\u00e3o, voca\u00e7\u00e3o direta de nossa cidade e grande respons\u00e1vel pelo sucesso de Maracaju estado afora. Parab\u00e9ns Funda\u00e7\u00e3o MS, Parab\u00e9ns Produtores<\/em>.\u201d Destacou Marcos Calderan.<\/p>\n\n\n\n<p>O Governador de Mato Grosso do Sul, Eduardo Riedel esteve presente, durante discurso aos produtores, expositores, t\u00e9cnicos e visitantes, refor\u00e7ou que o agro sul-mato-grossense deve muito a Funda\u00e7\u00e3o MS.<\/p>\n\n\n\n<p>&#8220;<em>O agro do Mato Grosso do Sul e a economia do Estado deve muito \u00e0 Funda\u00e7\u00e3o MS, pelo que ela construiu ao longo dos anos. O Showtec \u00e9 a grande vitrine. Nestes mais de 20 anos de trabalho, a Funda\u00e7\u00e3o MS construiu um conjunto de informa\u00e7\u00e3o e valida\u00e7\u00e3o de tecnologia que foi fundamental para o desenvolvimento do Estado de Mato Grosso do Sul<\/em>&#8220;, salientou Riedel.<\/p>\n\n\n\n<p>O Governador ainda completou que &#8220;<em>se n\u00f3s somos o que somos hoje, \u00e9 porque n\u00f3s tivemos a Funda\u00e7\u00e3o presente, com o produtor rural, desbravando novas tecnologias, validando, orientando. Creio que uma das grandes a\u00e7\u00f5es do Showtec e da pr\u00f3pria Funda\u00e7\u00e3o \u00e9 validar as grandes inova\u00e7\u00f5es que a ci\u00eancia e a pesquisa est\u00e3o produzindo<\/em>&#8220;.<\/p>\n\n\n\n<p>Outra fala que chamou bastante aten\u00e7\u00e3o dos presentes foi um enaltecimento direto de Riedel a gest\u00e3o de Marcos Calderan e Maur\u00e3o, gestores do munic\u00edpio desde o ano de 2020.<\/p>\n\n\n<div class=\"wp-block-image\">\n<figure class=\"aligncenter size-large\"><img decoding=\"async\" src=\"https:\/\/msconectado.com.br\/wp-content\/uploads\/2024\/05\/image-71-1024x682.png\" alt=\"\" class=\"wp-image-22313\"\/><\/figure>\n<\/div>\n\n\n<p>\u201c<em>Quero cumprimentar nosso Prefeito, Marcos Calderan e o Mauro, dupla de lideran\u00e7as de Maracaju e em vosso nome, cumprimentar toda a equipe, pessoas que fazem acontecer e representam muito bem o anseio de uma sociedade diversa, que demanda, exige na \u00e1rea da sa\u00fade, educa\u00e7\u00e3o e seguran\u00e7a p\u00fablica, voc\u00eas \u2018pegaram\u2019 isso com muita vontade e amor, n\u00e3o tenho nenhum problema de falar que \u00e9 o que \u00e9 bom, tem que continuar<\/em>.\u201d Afirmou Riedel.<\/p>\n\n\n\n<p>A fala, amplamente aplaudida, vai ao encontro do crescimento expressivo do munic\u00edpio, j\u00e1 que nos \u00faltimos anos, sob a tutela de Calderan, Maracaju comemorou muitas entregas, recupera\u00e7\u00e3o de ruas, sinaliza\u00e7\u00e3o, amplia\u00e7\u00e3o de investimentos na sa\u00fade e um hist\u00f3rico investimento na educa\u00e7\u00e3o, alcan\u00e7ando a cifra de 60 milh\u00f5es em constru\u00e7\u00e3o, reforma e amplia\u00e7\u00f5es de Escolas e CIEI\u2019s.<\/p>\n\n\n\n<p>Ap\u00f3s a abertura oficial do Showtec que transcorre at\u00e9 quinta-feira 23-05, Marcos Calderan e Riedel, acompanhado de outras autoridades, visitaram stands, entre eles da Patrulha Rural da Pol\u00edcia Militar de Mato Grosso do Sul, da UEMS (Universidade Estadual de Mato Grosso do Sul) e da Embrapa. Al\u00e9m da exposi\u00e7\u00e3o de produtos e servi\u00e7os e ligados ao agro, o Showtec contar\u00e1 16 palestras sobre diversos temas.<\/p>\n\n\n\n<p><strong>AUTORIDADES PRESENTES<\/strong><\/p>\n\n\n\n<p>Participaram do evento de abertura do Showtec 2024, al\u00e9m do Prefeito de Maracaju, Marcos Calderan e do Governador do MS, Eduardo Riedel, o Vice-Prefeito, Mauro Christianini, Deputado Estadual, Renato C\u00e2mara, Secret\u00e1rio de Estado de Meio Ambiente, Desenvolvimento, Ci\u00eancia, Tecnologia e Inova\u00e7\u00e3o, Jaime Verruck, Secret\u00e1rio de Estado de Administra\u00e7\u00e3o, Frederico Felini, Primeira-Dama de Maracaju, Meire Calderan, Secret\u00e1ria Municipal de Governo, Cl\u00e9o Wosniak, Secret\u00e1ria Municipal de Assist\u00eancia Social, Leiza Karen Barbosa, Secret\u00e1rio Municipal de Obras e Urbanismo, Joaquim Herrera, Secret\u00e1rio Municipal de Cultura, Rafael Fernandes Jara, Secret\u00e1rio Municipal de Desenvolvimento Econ\u00f4mico e Meio Ambiente, Agadir Mossmann, Chefe de Gabinete, Dayani Barbosa, Gerente da SANESUL \u2013 Unidade Maracaju, Agnaldo Lopes, Presidente da C\u00e2mara, Robert Ziemann, Vereadores, Nego do Povo, Catito, Gustavo Veterin\u00e1rio, Oseias Enfermeiro e Nen\u00ea da Vista Alegre, Comandante da Pol\u00edcia Militar, Danielle Grotti, Comandante do Corpo de Bombeiros, Lucas Medrado, Delegado de Pol\u00b4ciai Civil, Dr. Pedro Paiva, Presidente da Copasul, Gervasio Kamitani, Presidente da Sicredi Pantanal, Emerson Perosa, Diretor da UEMS \u2013 Unidade Maracaju, Reitor da UEMS, La\u00e9rcio Carvalho, Professor Alex Sandro Richter von M\u00fchlen, Presidente da OCB\/MS, Celso R\u00e9gis, Diretor Tesoureiro do Sistema Famasul, Frederico Stella, Presidente da Aprosoja\/MS, Jorge Michelc, Presidente da Funda\u00e7\u00e3o MS, Daniel Franco, al\u00e9m de outras autoridades, t\u00e9cnicos agr\u00edcolas, agr\u00f4nomos, produtores rurais e a comunidade em geral.<\/p>\n\n\n\n<p>Assessoria<\/p>\n\n\n<div class=\"wp-block-image\">\n<figure class=\"aligncenter size-full\"><img decoding=\"async\" width=\"900\" height=\"100\" src=\"https:\/\/msconectado.com.br\/wp-content\/uploads\/2024\/05\/ezgif.com-animated-gif-maker.gif\" alt=\"\" class=\"wp-image-22166\"\/><\/figure>\n<\/div>","protected":false},"excerpt":{"rendered":"<p>Prefeito de Maracaju, Marcos Calderan, recebeu autoridades e refor\u00e7ou voca\u00e7\u00e3o do munic\u00edpio para o agroneg\u00f3cio. Na \u00faltima ter\u00e7a-feira, 21-05, ocorreu a abertura da Showtec 2024, chegando a sua 27\u00aa edi\u00e7\u00e3o, conta com recorde de expositores, apostando em inova\u00e7\u00e3o, tecnologia e muita pesquisa para auxiliar os produtores rurais na produ\u00e7\u00e3o agr\u00edcola de todo o estado. A [&hellip;]<\/p>\n","protected":false},"author":2,"featured_media":22317,"comment_status":"open","ping_status":"closed","sticky":false,"template":"","format":"standard","meta":{"footnotes":""},"categories":[35,1,33],"tags":[],"class_list":["post-22311","post","type-post","status-publish","format-standard","has-post-thumbnail","hentry","category-cidades","category-noticia","category-politica"],"yoast_head":"<!-- This site is optimized with the Yoast SEO plugin v27.5 - https:\/\/yoast.com\/product\/yoast-seo-wordpress\/ -->\n<title>Durante Showtec, Governador refor\u00e7a apoio \u00e0 gest\u00e3o de Marcos Calderan e Maur\u00e3o: \u201cO que \u00e9 bom, tem que continuar!\u201d - MsConectado<\/title>\n<meta name=\"robots\" content=\"index, follow, max-snippet:-1, max-image-preview:large, max-video-preview:-1\" \/>\n<link rel=\"canonical\" href=\"https:\/\/msconectado.com.br\/?p=22311\" \/>\n<meta property=\"og:locale\" content=\"pt_BR\" \/>\n<meta property=\"og:type\" content=\"article\" \/>\n<meta property=\"og:title\" content=\"Durante Showtec, Governador refor\u00e7a apoio \u00e0 gest\u00e3o de Marcos Calderan e Maur\u00e3o: \u201cO que \u00e9 bom, tem que continuar!\u201d - MsConectado\" \/>\n<meta property=\"og:description\" content=\"Prefeito de Maracaju, Marcos Calderan, recebeu autoridades e refor\u00e7ou voca\u00e7\u00e3o do munic\u00edpio para o agroneg\u00f3cio. Na \u00faltima ter\u00e7a-feira, 21-05, ocorreu a abertura da Showtec 2024, chegando a sua 27\u00aa edi\u00e7\u00e3o, conta com recorde de expositores, apostando em inova\u00e7\u00e3o, tecnologia e muita pesquisa para auxiliar os produtores rurais na produ\u00e7\u00e3o agr\u00edcola de todo o estado. A [&hellip;]\" \/>\n<meta property=\"og:url\" content=\"https:\/\/msconectado.com.br\/?p=22311\" \/>\n<meta property=\"og:site_name\" content=\"MsConectado\" \/>\n<meta property=\"article:published_time\" content=\"2024-05-23T15:01:11+00:00\" \/>\n<meta property=\"article:modified_time\" content=\"2024-05-23T15:01:13+00:00\" \/>\n<meta property=\"og:image\" content=\"https:\/\/msconectado.com.br\/wp-content\/uploads\/2024\/05\/riedel-2.jpg\" \/>\n\t<meta property=\"og:image:width\" content=\"1280\" \/>\n\t<meta property=\"og:image:height\" content=\"853\" \/>\n\t<meta property=\"og:image:type\" content=\"image\/jpeg\" \/>\n<meta name=\"author\" content=\"MsConectado\" \/>\n<meta name=\"twitter:card\" content=\"summary_large_image\" \/>\n<meta name=\"twitter:label1\" content=\"Escrito por\" \/>\n\t<meta name=\"twitter:data1\" content=\"MsConectado\" \/>\n\t<meta name=\"twitter:label2\" content=\"Est. tempo de leitura\" \/>\n\t<meta name=\"twitter:data2\" content=\"6 minutos\" \/>\n<script type=\"application\/ld+json\" class=\"yoast-schema-graph\">{\"@context\":\"https:\\\/\\\/schema.org\",\"@graph\":[{\"@type\":\"Article\",\"@id\":\"https:\\\/\\\/msconectado.com.br\\\/?p=22311#article\",\"isPartOf\":{\"@id\":\"https:\\\/\\\/msconectado.com.br\\\/?p=22311\"},\"author\":{\"name\":\"MsConectado\",\"@id\":\"https:\\\/\\\/msconectado.com.br\\\/#\\\/schema\\\/person\\\/e5585545b5687092f1041d350b6e2c16\"},\"headline\":\"Durante Showtec, Governador refor\u00e7a apoio \u00e0 gest\u00e3o de Marcos Calderan e Maur\u00e3o: \u201cO que \u00e9 bom, tem que continuar!\u201d\",\"datePublished\":\"2024-05-23T15:01:11+00:00\",\"dateModified\":\"2024-05-23T15:01:13+00:00\",\"mainEntityOfPage\":{\"@id\":\"https:\\\/\\\/msconectado.com.br\\\/?p=22311\"},\"wordCount\":913,\"commentCount\":0,\"publisher\":{\"@id\":\"https:\\\/\\\/msconectado.com.br\\\/#organization\"},\"image\":{\"@id\":\"https:\\\/\\\/msconectado.com.br\\\/?p=22311#primaryimage\"},\"thumbnailUrl\":\"https:\\\/\\\/msconectado.com.br\\\/wp-content\\\/uploads\\\/2024\\\/05\\\/riedel-2.jpg\",\"articleSection\":[\"Cidades\",\"Not\u00edcia\",\"Pol\u00edtica\"],\"inLanguage\":\"pt-BR\",\"potentialAction\":[{\"@type\":\"CommentAction\",\"name\":\"Comment\",\"target\":[\"https:\\\/\\\/msconectado.com.br\\\/?p=22311#respond\"]}]},{\"@type\":\"WebPage\",\"@id\":\"https:\\\/\\\/msconectado.com.br\\\/?p=22311\",\"url\":\"https:\\\/\\\/msconectado.com.br\\\/?p=22311\",\"name\":\"Durante Showtec, Governador refor\u00e7a apoio \u00e0 gest\u00e3o de Marcos Calderan e Maur\u00e3o: \u201cO que \u00e9 bom, tem que continuar!\u201d - MsConectado\",\"isPartOf\":{\"@id\":\"https:\\\/\\\/msconectado.com.br\\\/#website\"},\"primaryImageOfPage\":{\"@id\":\"https:\\\/\\\/msconectado.com.br\\\/?p=22311#primaryimage\"},\"image\":{\"@id\":\"https:\\\/\\\/msconectado.com.br\\\/?p=22311#primaryimage\"},\"thumbnailUrl\":\"https:\\\/\\\/msconectado.com.br\\\/wp-content\\\/uploads\\\/2024\\\/05\\\/riedel-2.jpg\",\"datePublished\":\"2024-05-23T15:01:11+00:00\",\"dateModified\":\"2024-05-23T15:01:13+00:00\",\"breadcrumb\":{\"@id\":\"https:\\\/\\\/msconectado.com.br\\\/?p=22311#breadcrumb\"},\"inLanguage\":\"pt-BR\",\"potentialAction\":[{\"@type\":\"ReadAction\",\"target\":[\"https:\\\/\\\/msconectado.com.br\\\/?p=22311\"]}]},{\"@type\":\"ImageObject\",\"inLanguage\":\"pt-BR\",\"@id\":\"https:\\\/\\\/msconectado.com.br\\\/?p=22311#primaryimage\",\"url\":\"https:\\\/\\\/msconectado.com.br\\\/wp-content\\\/uploads\\\/2024\\\/05\\\/riedel-2.jpg\",\"contentUrl\":\"https:\\\/\\\/msconectado.com.br\\\/wp-content\\\/uploads\\\/2024\\\/05\\\/riedel-2.jpg\",\"width\":1280,\"height\":853},{\"@type\":\"BreadcrumbList\",\"@id\":\"https:\\\/\\\/msconectado.com.br\\\/?p=22311#breadcrumb\",\"itemListElement\":[{\"@type\":\"ListItem\",\"position\":1,\"name\":\"In\u00edcio\",\"item\":\"https:\\\/\\\/msconectado.com.br\\\/\"},{\"@type\":\"ListItem\",\"position\":2,\"name\":\"Durante Showtec, Governador refor\u00e7a apoio \u00e0 gest\u00e3o de Marcos Calderan e Maur\u00e3o: \u201cO que \u00e9 bom, tem que continuar!\u201d\"}]},{\"@type\":\"WebSite\",\"@id\":\"https:\\\/\\\/msconectado.com.br\\\/#website\",\"url\":\"https:\\\/\\\/msconectado.com.br\\\/\",\"name\":\"MsConectado\",\"description\":\"Voc\u00ea Conectado com a Not\u00edcia!\",\"publisher\":{\"@id\":\"https:\\\/\\\/msconectado.com.br\\\/#organization\"},\"potentialAction\":[{\"@type\":\"SearchAction\",\"target\":{\"@type\":\"EntryPoint\",\"urlTemplate\":\"https:\\\/\\\/msconectado.com.br\\\/?s={search_term_string}\"},\"query-input\":{\"@type\":\"PropertyValueSpecification\",\"valueRequired\":true,\"valueName\":\"search_term_string\"}}],\"inLanguage\":\"pt-BR\"},{\"@type\":\"Organization\",\"@id\":\"https:\\\/\\\/msconectado.com.br\\\/#organization\",\"name\":\"MsConectado\",\"url\":\"https:\\\/\\\/msconectado.com.br\\\/\",\"logo\":{\"@type\":\"ImageObject\",\"inLanguage\":\"pt-BR\",\"@id\":\"https:\\\/\\\/msconectado.com.br\\\/#\\\/schema\\\/logo\\\/image\\\/\",\"url\":\"https:\\\/\\\/msconectado.com.br\\\/wp-content\\\/uploads\\\/2023\\\/01\\\/cropped-noticia-2.png\",\"contentUrl\":\"https:\\\/\\\/msconectado.com.br\\\/wp-content\\\/uploads\\\/2023\\\/01\\\/cropped-noticia-2.png\",\"width\":720,\"height\":157,\"caption\":\"MsConectado\"},\"image\":{\"@id\":\"https:\\\/\\\/msconectado.com.br\\\/#\\\/schema\\\/logo\\\/image\\\/\"}},{\"@type\":\"Person\",\"@id\":\"https:\\\/\\\/msconectado.com.br\\\/#\\\/schema\\\/person\\\/e5585545b5687092f1041d350b6e2c16\",\"name\":\"MsConectado\",\"image\":{\"@type\":\"ImageObject\",\"inLanguage\":\"pt-BR\",\"@id\":\"https:\\\/\\\/secure.gravatar.com\\\/avatar\\\/3b4f84a0a8a4380ac4431fa79981d073692380c5da00ae97596e794ab0db5c8c?s=96&d=mm&r=g\",\"url\":\"https:\\\/\\\/secure.gravatar.com\\\/avatar\\\/3b4f84a0a8a4380ac4431fa79981d073692380c5da00ae97596e794ab0db5c8c?s=96&d=mm&r=g\",\"contentUrl\":\"https:\\\/\\\/secure.gravatar.com\\\/avatar\\\/3b4f84a0a8a4380ac4431fa79981d073692380c5da00ae97596e794ab0db5c8c?s=96&d=mm&r=g\",\"caption\":\"MsConectado\"},\"url\":\"https:\\\/\\\/msconectado.com.br\\\/?author=2\"}]}<\/script>\n<!-- \/ Yoast SEO plugin. -->","yoast_head_json":{"title":"Durante Showtec, Governador refor\u00e7a apoio \u00e0 gest\u00e3o de Marcos Calderan e Maur\u00e3o: \u201cO que \u00e9 bom, tem que continuar!\u201d - MsConectado","robots":{"index":"index","follow":"follow","max-snippet":"max-snippet:-1","max-image-preview":"max-image-preview:large","max-video-preview":"max-video-preview:-1"},"canonical":"https:\/\/msconectado.com.br\/?p=22311","og_locale":"pt_BR","og_type":"article","og_title":"Durante Showtec, Governador refor\u00e7a apoio \u00e0 gest\u00e3o de Marcos Calderan e Maur\u00e3o: \u201cO que \u00e9 bom, tem que continuar!\u201d - MsConectado","og_description":"Prefeito de Maracaju, Marcos Calderan, recebeu autoridades e refor\u00e7ou voca\u00e7\u00e3o do munic\u00edpio para o agroneg\u00f3cio. Na \u00faltima ter\u00e7a-feira, 21-05, ocorreu a abertura da Showtec 2024, chegando a sua 27\u00aa edi\u00e7\u00e3o, conta com recorde de expositores, apostando em inova\u00e7\u00e3o, tecnologia e muita pesquisa para auxiliar os produtores rurais na produ\u00e7\u00e3o agr\u00edcola de todo o estado. A [&hellip;]","og_url":"https:\/\/msconectado.com.br\/?p=22311","og_site_name":"MsConectado","article_published_time":"2024-05-23T15:01:11+00:00","article_modified_time":"2024-05-23T15:01:13+00:00","og_image":[{"width":1280,"height":853,"url":"https:\/\/msconectado.com.br\/wp-content\/uploads\/2024\/05\/riedel-2.jpg","type":"image\/jpeg"}],"author":"MsConectado","twitter_card":"summary_large_image","twitter_misc":{"Escrito por":"MsConectado","Est. tempo de leitura":"6 minutos"},"schema":{"@context":"https:\/\/schema.org","@graph":[{"@type":"Article","@id":"https:\/\/msconectado.com.br\/?p=22311#article","isPartOf":{"@id":"https:\/\/msconectado.com.br\/?p=22311"},"author":{"name":"MsConectado","@id":"https:\/\/msconectado.com.br\/#\/schema\/person\/e5585545b5687092f1041d350b6e2c16"},"headline":"Durante Showtec, Governador refor\u00e7a apoio \u00e0 gest\u00e3o de Marcos Calderan e Maur\u00e3o: \u201cO que \u00e9 bom, tem que continuar!\u201d","datePublished":"2024-05-23T15:01:11+00:00","dateModified":"2024-05-23T15:01:13+00:00","mainEntityOfPage":{"@id":"https:\/\/msconectado.com.br\/?p=22311"},"wordCount":913,"commentCount":0,"publisher":{"@id":"https:\/\/msconectado.com.br\/#organization"},"image":{"@id":"https:\/\/msconectado.com.br\/?p=22311#primaryimage"},"thumbnailUrl":"https:\/\/msconectado.com.br\/wp-content\/uploads\/2024\/05\/riedel-2.jpg","articleSection":["Cidades","Not\u00edcia","Pol\u00edtica"],"inLanguage":"pt-BR","potentialAction":[{"@type":"CommentAction","name":"Comment","target":["https:\/\/msconectado.com.br\/?p=22311#respond"]}]},{"@type":"WebPage","@id":"https:\/\/msconectado.com.br\/?p=22311","url":"https:\/\/msconectado.com.br\/?p=22311","name":"Durante Showtec, Governador refor\u00e7a apoio \u00e0 gest\u00e3o de Marcos Calderan e Maur\u00e3o: \u201cO que \u00e9 bom, tem que continuar!\u201d - MsConectado","isPartOf":{"@id":"https:\/\/msconectado.com.br\/#website"},"primaryImageOfPage":{"@id":"https:\/\/msconectado.com.br\/?p=22311#primaryimage"},"image":{"@id":"https:\/\/msconectado.com.br\/?p=22311#primaryimage"},"thumbnailUrl":"https:\/\/msconectado.com.br\/wp-content\/uploads\/2024\/05\/riedel-2.jpg","datePublished":"2024-05-23T15:01:11+00:00","dateModified":"2024-05-23T15:01:13+00:00","breadcrumb":{"@id":"https:\/\/msconectado.com.br\/?p=22311#breadcrumb"},"inLanguage":"pt-BR","potentialAction":[{"@type":"ReadAction","target":["https:\/\/msconectado.com.br\/?p=22311"]}]},{"@type":"ImageObject","inLanguage":"pt-BR","@id":"https:\/\/msconectado.com.br\/?p=22311#primaryimage","url":"https:\/\/msconectado.com.br\/wp-content\/uploads\/2024\/05\/riedel-2.jpg","contentUrl":"https:\/\/msconectado.com.br\/wp-content\/uploads\/2024\/05\/riedel-2.jpg","width":1280,"height":853},{"@type":"BreadcrumbList","@id":"https:\/\/msconectado.com.br\/?p=22311#breadcrumb","itemListElement":[{"@type":"ListItem","position":1,"name":"In\u00edcio","item":"https:\/\/msconectado.com.br\/"},{"@type":"ListItem","position":2,"name":"Durante Showtec, Governador refor\u00e7a apoio \u00e0 gest\u00e3o de Marcos Calderan e Maur\u00e3o: \u201cO que \u00e9 bom, tem que continuar!\u201d"}]},{"@type":"WebSite","@id":"https:\/\/msconectado.com.br\/#website","url":"https:\/\/msconectado.com.br\/","name":"MsConectado","description":"Voc\u00ea Conectado com a Not\u00edcia!","publisher":{"@id":"https:\/\/msconectado.com.br\/#organization"},"potentialAction":[{"@type":"SearchAction","target":{"@type":"EntryPoint","urlTemplate":"https:\/\/msconectado.com.br\/?s={search_term_string}"},"query-input":{"@type":"PropertyValueSpecification","valueRequired":true,"valueName":"search_term_string"}}],"inLanguage":"pt-BR"},{"@type":"Organization","@id":"https:\/\/msconectado.com.br\/#organization","name":"MsConectado","url":"https:\/\/msconectado.com.br\/","logo":{"@type":"ImageObject","inLanguage":"pt-BR","@id":"https:\/\/msconectado.com.br\/#\/schema\/logo\/image\/","url":"https:\/\/msconectado.com.br\/wp-content\/uploads\/2023\/01\/cropped-noticia-2.png","contentUrl":"https:\/\/msconectado.com.br\/wp-content\/uploads\/2023\/01\/cropped-noticia-2.png","width":720,"height":157,"caption":"MsConectado"},"image":{"@id":"https:\/\/msconectado.com.br\/#\/schema\/logo\/image\/"}},{"@type":"Person","@id":"https:\/\/msconectado.com.br\/#\/schema\/person\/e5585545b5687092f1041d350b6e2c16","name":"MsConectado","image":{"@type":"ImageObject","inLanguage":"pt-BR","@id":"https:\/\/secure.gravatar.com\/avatar\/3b4f84a0a8a4380ac4431fa79981d073692380c5da00ae97596e794ab0db5c8c?s=96&d=mm&r=g","url":"https:\/\/secure.gravatar.com\/avatar\/3b4f84a0a8a4380ac4431fa79981d073692380c5da00ae97596e794ab0db5c8c?s=96&d=mm&r=g","contentUrl":"https:\/\/secure.gravatar.com\/avatar\/3b4f84a0a8a4380ac4431fa79981d073692380c5da00ae97596e794ab0db5c8c?s=96&d=mm&r=g","caption":"MsConectado"},"url":"https:\/\/msconectado.com.br\/?author=2"}]}},"_links":{"self":[{"href":"https:\/\/msconectado.com.br\/index.php?rest_route=\/wp\/v2\/posts\/22311","targetHints":{"allow":["GET"]}}],"collection":[{"href":"https:\/\/msconectado.com.br\/index.php?rest_route=\/wp\/v2\/posts"}],"about":[{"href":"https:\/\/msconectado.com.br\/index.php?rest_route=\/wp\/v2\/types\/post"}],"author":[{"embeddable":true,"href":"https:\/\/msconectado.com.br\/index.php?rest_route=\/wp\/v2\/users\/2"}],"replies":[{"embeddable":true,"href":"https:\/\/msconectado.com.br\/index.php?rest_route=%2Fwp%2Fv2%2Fcomments&post=22311"}],"version-history":[{"count":1,"href":"https:\/\/msconectado.com.br\/index.php?rest_route=\/wp\/v2\/posts\/22311\/revisions"}],"predecessor-version":[{"id":22318,"href":"https:\/\/msconectado.com.br\/index.php?rest_route=\/wp\/v2\/posts\/22311\/revisions\/22318"}],"wp:featuredmedia":[{"embeddable":true,"href":"https:\/\/msconectado.com.br\/index.php?rest_route=\/wp\/v2\/media\/22317"}],"wp:attachment":[{"href":"https:\/\/msconectado.com.br\/index.php?rest_route=%2Fwp%2Fv2%2Fmedia&parent=22311"}],"wp:term":[{"taxonomy":"category","embeddable":true,"href":"https:\/\/msconectado.com.br\/index.php?rest_route=%2Fwp%2Fv2%2Fcategories&post=22311"},{"taxonomy":"post_tag","embeddable":true,"href":"https:\/\/msconectado.com.br\/index.php?rest_route=%2Fwp%2Fv2%2Ftags&post=22311"}],"curies":[{"name":"wp","href":"https:\/\/api.w.org\/{rel}","templated":true}]}}