
{"id":22333,"date":"2024-05-25T17:55:51","date_gmt":"2024-05-25T17:55:51","guid":{"rendered":"https:\/\/msconectado.com.br\/?p=22333"},"modified":"2024-05-25T17:55:53","modified_gmt":"2024-05-25T17:55:53","slug":"durante-a-semana-do-mei-prefeitura-de-maracaju-realizou-diversas-acoes-de-valorizacao-dos-pequenos-empreendedores","status":"publish","type":"post","link":"https:\/\/msconectado.com.br\/?p=22333","title":{"rendered":"Durante a \u201cSemana do MEI\u201d, Prefeitura de Maracaju realizou diversas a\u00e7\u00f5es de valoriza\u00e7\u00e3o dos pequenos empreendedores."},"content":{"rendered":"\n<p>A\u00e7\u00e3o foi uma iniciativa da Secretaria de Desenvolvimento Econ\u00f4mico e Meio Ambiente.<\/p>\n\n\n\n<p>Entre os dias 20 a 24 de maio, aconteceu em todo o Brasil a Semana do MEI (Microempreendedor Individual), um evento voltado para a capacita\u00e7\u00e3o, desenvolvimento e informa\u00e7\u00e3o para pequenos empres\u00e1rios. A Prefeitura de Maracaju por meio da Secretaria de Desenvolvimento Econ\u00f4mico e Meio Ambiente participou ativamente desta iniciativa, proporcionando aos seus microempreendedores diversas oportunidades de aprendizado, crescimento e regulariza\u00e7\u00e3o. A a\u00e7\u00e3o se deu atrav\u00e9s da parceria entre Sala do Empreendedor e SEBRAE.<\/p>\n\n\n\n<p>A abertura da Semana do MEI em Maracaju aconteceu no dia 20-05 com a palestra &#8220;Quero Vender Mais, E Agora?&#8221;, realizada na ASSEMA (Associa\u00e7\u00e3o Empresarial de Maracaju), visando orientar os participantes sobre como atingir melhores resultados em suas vendas.<\/p>\n\n\n\n<p>O especialista do SEBRAE compartilhou conhecimentos valiosos sobre a import\u00e2ncia de conhecer o p\u00fablico-alvo, entender e atender as necessidades dos clientes, inovar nos produtos e servi\u00e7os oferecidos e utilizar o marketing digital como uma ferramenta essencial para o sucesso.<\/p>\n\n\n\n<p>No dia 21 de maio, a programa\u00e7\u00e3o continuou com a Oficina &#8220;Como Vender Mais Atrav\u00e9s da Presen\u00e7a Digital&#8221;, que abordou a import\u00e2ncia da presen\u00e7a digital para os neg\u00f3cios. Durante esta oficina, os participantes foram introduzidos aos pilares da presen\u00e7a digital, como o posicionamento nas redes, a cria\u00e7\u00e3o de conte\u00fado relevante, o relacionamento com os clientes e o monitoramento das a\u00e7\u00f5es.<\/p>\n\n\n\n<p>Com uma abordagem pr\u00e1tica e interativa, o instrutor conduziu atividades em grupo, utilizando as pr\u00f3prias empresas dos participantes como estudo de caso. Foram apresentadas ferramentas de vendas dispon\u00edveis nas redes sociais, como Facebook e Instagram, destacando suas funcionalidades e como podem ser utilizadas para aumentar a visibilidade e as vendas.<\/p>\n\n\n\n<p>A Semana do MEI proporcionou aos microempreendedores locais uma oportunidade \u00fanica de capacita\u00e7\u00e3o e inova\u00e7\u00e3o. Atrav\u00e9s das palestras e oficinas oferecidas, os participantes adquiriram conhecimentos essenciais para enfrentar os desafios do mercado, aprimorar suas estrat\u00e9gias de vendas e fortalecer a presen\u00e7a digital de seus neg\u00f3cios.<br><br>SOBRE A SEMANA DO MEI<\/p>\n\n\n\n<p>Chegando a 15\u00aa edi\u00e7\u00e3o do evento com mais de 3 milh\u00f5es de clientes atendidos em todos esses anos. A Semana do MEI foca em quem quer empreender, se formalizar ou j\u00e1 \u00e9 um MEI.<\/p>\n\n\n\n<p>S\u00e3o muitos aprendizados, conex\u00f5es e experi\u00eancias que transformam vidas e neg\u00f3cios! Abordando sobre comportamento empreendedor, planejamento para formalizar ou decolar seu neg\u00f3cio, orienta\u00e7\u00f5es para cr\u00e9dito, gest\u00e3o financeira, inova\u00e7\u00e3o, transforma\u00e7\u00e3o digital, atendimento ao cliente, como vender mais e melhor, marketing e muito mais.<\/p>\n\n\n\n<p>Assessoria<\/p>\n\n\n<div class=\"wp-block-image\">\n<figure class=\"aligncenter size-full\"><img fetchpriority=\"high\" decoding=\"async\" width=\"900\" height=\"100\" src=\"https:\/\/msconectado.com.br\/wp-content\/uploads\/2024\/05\/900X100-PRIMEIRO.png\" alt=\"\" class=\"wp-image-22335\" srcset=\"https:\/\/msconectado.com.br\/wp-content\/uploads\/2024\/05\/900X100-PRIMEIRO.png 900w, https:\/\/msconectado.com.br\/wp-content\/uploads\/2024\/05\/900X100-PRIMEIRO-300x33.png 300w, https:\/\/msconectado.com.br\/wp-content\/uploads\/2024\/05\/900X100-PRIMEIRO-768x85.png 768w\" sizes=\"(max-width: 900px) 100vw, 900px\" \/><\/figure>\n<\/div>","protected":false},"excerpt":{"rendered":"<p>A\u00e7\u00e3o foi uma iniciativa da Secretaria de Desenvolvimento Econ\u00f4mico e Meio Ambiente. Entre os dias 20 a 24 de maio, aconteceu em todo o Brasil a Semana do MEI (Microempreendedor Individual), um evento voltado para a capacita\u00e7\u00e3o, desenvolvimento e informa\u00e7\u00e3o para pequenos empres\u00e1rios. A Prefeitura de Maracaju por meio da Secretaria de Desenvolvimento Econ\u00f4mico e [&hellip;]<\/p>\n","protected":false},"author":2,"featured_media":22336,"comment_status":"open","ping_status":"closed","sticky":false,"template":"","format":"standard","meta":{"footnotes":""},"categories":[35,1],"tags":[],"class_list":["post-22333","post","type-post","status-publish","format-standard","has-post-thumbnail","hentry","category-cidades","category-noticia"],"yoast_head":"<!-- This site is optimized with the Yoast SEO plugin v27.5 - https:\/\/yoast.com\/product\/yoast-seo-wordpress\/ -->\n<title>Durante a \u201cSemana do MEI\u201d, Prefeitura de Maracaju realizou diversas a\u00e7\u00f5es de valoriza\u00e7\u00e3o dos pequenos empreendedores. - MsConectado<\/title>\n<meta name=\"robots\" content=\"index, follow, max-snippet:-1, max-image-preview:large, max-video-preview:-1\" \/>\n<link rel=\"canonical\" href=\"https:\/\/msconectado.com.br\/?p=22333\" \/>\n<meta property=\"og:locale\" content=\"pt_BR\" \/>\n<meta property=\"og:type\" content=\"article\" \/>\n<meta property=\"og:title\" content=\"Durante a \u201cSemana do MEI\u201d, Prefeitura de Maracaju realizou diversas a\u00e7\u00f5es de valoriza\u00e7\u00e3o dos pequenos empreendedores. - MsConectado\" \/>\n<meta property=\"og:description\" content=\"A\u00e7\u00e3o foi uma iniciativa da Secretaria de Desenvolvimento Econ\u00f4mico e Meio Ambiente. Entre os dias 20 a 24 de maio, aconteceu em todo o Brasil a Semana do MEI (Microempreendedor Individual), um evento voltado para a capacita\u00e7\u00e3o, desenvolvimento e informa\u00e7\u00e3o para pequenos empres\u00e1rios. A Prefeitura de Maracaju por meio da Secretaria de Desenvolvimento Econ\u00f4mico e [&hellip;]\" \/>\n<meta property=\"og:url\" content=\"https:\/\/msconectado.com.br\/?p=22333\" \/>\n<meta property=\"og:site_name\" content=\"MsConectado\" \/>\n<meta property=\"article:published_time\" content=\"2024-05-25T17:55:51+00:00\" \/>\n<meta property=\"article:modified_time\" content=\"2024-05-25T17:55:53+00:00\" \/>\n<meta property=\"og:image\" content=\"https:\/\/msconectado.com.br\/wp-content\/uploads\/2024\/05\/2fbbc9f4-0eaf-44bd-8c15-8cba2a2fdc8d.jpg\" \/>\n\t<meta property=\"og:image:width\" content=\"1600\" \/>\n\t<meta property=\"og:image:height\" content=\"966\" \/>\n\t<meta property=\"og:image:type\" content=\"image\/jpeg\" \/>\n<meta name=\"author\" content=\"MsConectado\" \/>\n<meta name=\"twitter:card\" content=\"summary_large_image\" \/>\n<meta name=\"twitter:label1\" content=\"Escrito por\" \/>\n\t<meta name=\"twitter:data1\" content=\"MsConectado\" \/>\n\t<meta name=\"twitter:label2\" content=\"Est. tempo de leitura\" \/>\n\t<meta name=\"twitter:data2\" content=\"3 minutos\" \/>\n<script type=\"application\/ld+json\" class=\"yoast-schema-graph\">{\"@context\":\"https:\\\/\\\/schema.org\",\"@graph\":[{\"@type\":\"Article\",\"@id\":\"https:\\\/\\\/msconectado.com.br\\\/?p=22333#article\",\"isPartOf\":{\"@id\":\"https:\\\/\\\/msconectado.com.br\\\/?p=22333\"},\"author\":{\"name\":\"MsConectado\",\"@id\":\"https:\\\/\\\/msconectado.com.br\\\/#\\\/schema\\\/person\\\/e5585545b5687092f1041d350b6e2c16\"},\"headline\":\"Durante a \u201cSemana do MEI\u201d, Prefeitura de Maracaju realizou diversas a\u00e7\u00f5es de valoriza\u00e7\u00e3o dos pequenos empreendedores.\",\"datePublished\":\"2024-05-25T17:55:51+00:00\",\"dateModified\":\"2024-05-25T17:55:53+00:00\",\"mainEntityOfPage\":{\"@id\":\"https:\\\/\\\/msconectado.com.br\\\/?p=22333\"},\"wordCount\":456,\"commentCount\":0,\"publisher\":{\"@id\":\"https:\\\/\\\/msconectado.com.br\\\/#organization\"},\"image\":{\"@id\":\"https:\\\/\\\/msconectado.com.br\\\/?p=22333#primaryimage\"},\"thumbnailUrl\":\"https:\\\/\\\/msconectado.com.br\\\/wp-content\\\/uploads\\\/2024\\\/05\\\/2fbbc9f4-0eaf-44bd-8c15-8cba2a2fdc8d.jpg\",\"articleSection\":[\"Cidades\",\"Not\u00edcia\"],\"inLanguage\":\"pt-BR\",\"potentialAction\":[{\"@type\":\"CommentAction\",\"name\":\"Comment\",\"target\":[\"https:\\\/\\\/msconectado.com.br\\\/?p=22333#respond\"]}]},{\"@type\":\"WebPage\",\"@id\":\"https:\\\/\\\/msconectado.com.br\\\/?p=22333\",\"url\":\"https:\\\/\\\/msconectado.com.br\\\/?p=22333\",\"name\":\"Durante a \u201cSemana do MEI\u201d, Prefeitura de Maracaju realizou diversas a\u00e7\u00f5es de valoriza\u00e7\u00e3o dos pequenos empreendedores. - MsConectado\",\"isPartOf\":{\"@id\":\"https:\\\/\\\/msconectado.com.br\\\/#website\"},\"primaryImageOfPage\":{\"@id\":\"https:\\\/\\\/msconectado.com.br\\\/?p=22333#primaryimage\"},\"image\":{\"@id\":\"https:\\\/\\\/msconectado.com.br\\\/?p=22333#primaryimage\"},\"thumbnailUrl\":\"https:\\\/\\\/msconectado.com.br\\\/wp-content\\\/uploads\\\/2024\\\/05\\\/2fbbc9f4-0eaf-44bd-8c15-8cba2a2fdc8d.jpg\",\"datePublished\":\"2024-05-25T17:55:51+00:00\",\"dateModified\":\"2024-05-25T17:55:53+00:00\",\"breadcrumb\":{\"@id\":\"https:\\\/\\\/msconectado.com.br\\\/?p=22333#breadcrumb\"},\"inLanguage\":\"pt-BR\",\"potentialAction\":[{\"@type\":\"ReadAction\",\"target\":[\"https:\\\/\\\/msconectado.com.br\\\/?p=22333\"]}]},{\"@type\":\"ImageObject\",\"inLanguage\":\"pt-BR\",\"@id\":\"https:\\\/\\\/msconectado.com.br\\\/?p=22333#primaryimage\",\"url\":\"https:\\\/\\\/msconectado.com.br\\\/wp-content\\\/uploads\\\/2024\\\/05\\\/2fbbc9f4-0eaf-44bd-8c15-8cba2a2fdc8d.jpg\",\"contentUrl\":\"https:\\\/\\\/msconectado.com.br\\\/wp-content\\\/uploads\\\/2024\\\/05\\\/2fbbc9f4-0eaf-44bd-8c15-8cba2a2fdc8d.jpg\",\"width\":1600,\"height\":966},{\"@type\":\"BreadcrumbList\",\"@id\":\"https:\\\/\\\/msconectado.com.br\\\/?p=22333#breadcrumb\",\"itemListElement\":[{\"@type\":\"ListItem\",\"position\":1,\"name\":\"In\u00edcio\",\"item\":\"https:\\\/\\\/msconectado.com.br\\\/\"},{\"@type\":\"ListItem\",\"position\":2,\"name\":\"Durante a \u201cSemana do MEI\u201d, Prefeitura de Maracaju realizou diversas a\u00e7\u00f5es de valoriza\u00e7\u00e3o dos pequenos empreendedores.\"}]},{\"@type\":\"WebSite\",\"@id\":\"https:\\\/\\\/msconectado.com.br\\\/#website\",\"url\":\"https:\\\/\\\/msconectado.com.br\\\/\",\"name\":\"MsConectado\",\"description\":\"Voc\u00ea Conectado com a Not\u00edcia!\",\"publisher\":{\"@id\":\"https:\\\/\\\/msconectado.com.br\\\/#organization\"},\"potentialAction\":[{\"@type\":\"SearchAction\",\"target\":{\"@type\":\"EntryPoint\",\"urlTemplate\":\"https:\\\/\\\/msconectado.com.br\\\/?s={search_term_string}\"},\"query-input\":{\"@type\":\"PropertyValueSpecification\",\"valueRequired\":true,\"valueName\":\"search_term_string\"}}],\"inLanguage\":\"pt-BR\"},{\"@type\":\"Organization\",\"@id\":\"https:\\\/\\\/msconectado.com.br\\\/#organization\",\"name\":\"MsConectado\",\"url\":\"https:\\\/\\\/msconectado.com.br\\\/\",\"logo\":{\"@type\":\"ImageObject\",\"inLanguage\":\"pt-BR\",\"@id\":\"https:\\\/\\\/msconectado.com.br\\\/#\\\/schema\\\/logo\\\/image\\\/\",\"url\":\"https:\\\/\\\/msconectado.com.br\\\/wp-content\\\/uploads\\\/2023\\\/01\\\/cropped-noticia-2.png\",\"contentUrl\":\"https:\\\/\\\/msconectado.com.br\\\/wp-content\\\/uploads\\\/2023\\\/01\\\/cropped-noticia-2.png\",\"width\":720,\"height\":157,\"caption\":\"MsConectado\"},\"image\":{\"@id\":\"https:\\\/\\\/msconectado.com.br\\\/#\\\/schema\\\/logo\\\/image\\\/\"}},{\"@type\":\"Person\",\"@id\":\"https:\\\/\\\/msconectado.com.br\\\/#\\\/schema\\\/person\\\/e5585545b5687092f1041d350b6e2c16\",\"name\":\"MsConectado\",\"image\":{\"@type\":\"ImageObject\",\"inLanguage\":\"pt-BR\",\"@id\":\"https:\\\/\\\/secure.gravatar.com\\\/avatar\\\/3b4f84a0a8a4380ac4431fa79981d073692380c5da00ae97596e794ab0db5c8c?s=96&d=mm&r=g\",\"url\":\"https:\\\/\\\/secure.gravatar.com\\\/avatar\\\/3b4f84a0a8a4380ac4431fa79981d073692380c5da00ae97596e794ab0db5c8c?s=96&d=mm&r=g\",\"contentUrl\":\"https:\\\/\\\/secure.gravatar.com\\\/avatar\\\/3b4f84a0a8a4380ac4431fa79981d073692380c5da00ae97596e794ab0db5c8c?s=96&d=mm&r=g\",\"caption\":\"MsConectado\"},\"url\":\"https:\\\/\\\/msconectado.com.br\\\/?author=2\"}]}<\/script>\n<!-- \/ Yoast SEO plugin. -->","yoast_head_json":{"title":"Durante a \u201cSemana do MEI\u201d, Prefeitura de Maracaju realizou diversas a\u00e7\u00f5es de valoriza\u00e7\u00e3o dos pequenos empreendedores. - MsConectado","robots":{"index":"index","follow":"follow","max-snippet":"max-snippet:-1","max-image-preview":"max-image-preview:large","max-video-preview":"max-video-preview:-1"},"canonical":"https:\/\/msconectado.com.br\/?p=22333","og_locale":"pt_BR","og_type":"article","og_title":"Durante a \u201cSemana do MEI\u201d, Prefeitura de Maracaju realizou diversas a\u00e7\u00f5es de valoriza\u00e7\u00e3o dos pequenos empreendedores. - MsConectado","og_description":"A\u00e7\u00e3o foi uma iniciativa da Secretaria de Desenvolvimento Econ\u00f4mico e Meio Ambiente. Entre os dias 20 a 24 de maio, aconteceu em todo o Brasil a Semana do MEI (Microempreendedor Individual), um evento voltado para a capacita\u00e7\u00e3o, desenvolvimento e informa\u00e7\u00e3o para pequenos empres\u00e1rios. A Prefeitura de Maracaju por meio da Secretaria de Desenvolvimento Econ\u00f4mico e [&hellip;]","og_url":"https:\/\/msconectado.com.br\/?p=22333","og_site_name":"MsConectado","article_published_time":"2024-05-25T17:55:51+00:00","article_modified_time":"2024-05-25T17:55:53+00:00","og_image":[{"width":1600,"height":966,"url":"https:\/\/msconectado.com.br\/wp-content\/uploads\/2024\/05\/2fbbc9f4-0eaf-44bd-8c15-8cba2a2fdc8d.jpg","type":"image\/jpeg"}],"author":"MsConectado","twitter_card":"summary_large_image","twitter_misc":{"Escrito por":"MsConectado","Est. tempo de leitura":"3 minutos"},"schema":{"@context":"https:\/\/schema.org","@graph":[{"@type":"Article","@id":"https:\/\/msconectado.com.br\/?p=22333#article","isPartOf":{"@id":"https:\/\/msconectado.com.br\/?p=22333"},"author":{"name":"MsConectado","@id":"https:\/\/msconectado.com.br\/#\/schema\/person\/e5585545b5687092f1041d350b6e2c16"},"headline":"Durante a \u201cSemana do MEI\u201d, Prefeitura de Maracaju realizou diversas a\u00e7\u00f5es de valoriza\u00e7\u00e3o dos pequenos empreendedores.","datePublished":"2024-05-25T17:55:51+00:00","dateModified":"2024-05-25T17:55:53+00:00","mainEntityOfPage":{"@id":"https:\/\/msconectado.com.br\/?p=22333"},"wordCount":456,"commentCount":0,"publisher":{"@id":"https:\/\/msconectado.com.br\/#organization"},"image":{"@id":"https:\/\/msconectado.com.br\/?p=22333#primaryimage"},"thumbnailUrl":"https:\/\/msconectado.com.br\/wp-content\/uploads\/2024\/05\/2fbbc9f4-0eaf-44bd-8c15-8cba2a2fdc8d.jpg","articleSection":["Cidades","Not\u00edcia"],"inLanguage":"pt-BR","potentialAction":[{"@type":"CommentAction","name":"Comment","target":["https:\/\/msconectado.com.br\/?p=22333#respond"]}]},{"@type":"WebPage","@id":"https:\/\/msconectado.com.br\/?p=22333","url":"https:\/\/msconectado.com.br\/?p=22333","name":"Durante a \u201cSemana do MEI\u201d, Prefeitura de Maracaju realizou diversas a\u00e7\u00f5es de valoriza\u00e7\u00e3o dos pequenos empreendedores. - MsConectado","isPartOf":{"@id":"https:\/\/msconectado.com.br\/#website"},"primaryImageOfPage":{"@id":"https:\/\/msconectado.com.br\/?p=22333#primaryimage"},"image":{"@id":"https:\/\/msconectado.com.br\/?p=22333#primaryimage"},"thumbnailUrl":"https:\/\/msconectado.com.br\/wp-content\/uploads\/2024\/05\/2fbbc9f4-0eaf-44bd-8c15-8cba2a2fdc8d.jpg","datePublished":"2024-05-25T17:55:51+00:00","dateModified":"2024-05-25T17:55:53+00:00","breadcrumb":{"@id":"https:\/\/msconectado.com.br\/?p=22333#breadcrumb"},"inLanguage":"pt-BR","potentialAction":[{"@type":"ReadAction","target":["https:\/\/msconectado.com.br\/?p=22333"]}]},{"@type":"ImageObject","inLanguage":"pt-BR","@id":"https:\/\/msconectado.com.br\/?p=22333#primaryimage","url":"https:\/\/msconectado.com.br\/wp-content\/uploads\/2024\/05\/2fbbc9f4-0eaf-44bd-8c15-8cba2a2fdc8d.jpg","contentUrl":"https:\/\/msconectado.com.br\/wp-content\/uploads\/2024\/05\/2fbbc9f4-0eaf-44bd-8c15-8cba2a2fdc8d.jpg","width":1600,"height":966},{"@type":"BreadcrumbList","@id":"https:\/\/msconectado.com.br\/?p=22333#breadcrumb","itemListElement":[{"@type":"ListItem","position":1,"name":"In\u00edcio","item":"https:\/\/msconectado.com.br\/"},{"@type":"ListItem","position":2,"name":"Durante a \u201cSemana do MEI\u201d, Prefeitura de Maracaju realizou diversas a\u00e7\u00f5es de valoriza\u00e7\u00e3o dos pequenos empreendedores."}]},{"@type":"WebSite","@id":"https:\/\/msconectado.com.br\/#website","url":"https:\/\/msconectado.com.br\/","name":"MsConectado","description":"Voc\u00ea Conectado com a Not\u00edcia!","publisher":{"@id":"https:\/\/msconectado.com.br\/#organization"},"potentialAction":[{"@type":"SearchAction","target":{"@type":"EntryPoint","urlTemplate":"https:\/\/msconectado.com.br\/?s={search_term_string}"},"query-input":{"@type":"PropertyValueSpecification","valueRequired":true,"valueName":"search_term_string"}}],"inLanguage":"pt-BR"},{"@type":"Organization","@id":"https:\/\/msconectado.com.br\/#organization","name":"MsConectado","url":"https:\/\/msconectado.com.br\/","logo":{"@type":"ImageObject","inLanguage":"pt-BR","@id":"https:\/\/msconectado.com.br\/#\/schema\/logo\/image\/","url":"https:\/\/msconectado.com.br\/wp-content\/uploads\/2023\/01\/cropped-noticia-2.png","contentUrl":"https:\/\/msconectado.com.br\/wp-content\/uploads\/2023\/01\/cropped-noticia-2.png","width":720,"height":157,"caption":"MsConectado"},"image":{"@id":"https:\/\/msconectado.com.br\/#\/schema\/logo\/image\/"}},{"@type":"Person","@id":"https:\/\/msconectado.com.br\/#\/schema\/person\/e5585545b5687092f1041d350b6e2c16","name":"MsConectado","image":{"@type":"ImageObject","inLanguage":"pt-BR","@id":"https:\/\/secure.gravatar.com\/avatar\/3b4f84a0a8a4380ac4431fa79981d073692380c5da00ae97596e794ab0db5c8c?s=96&d=mm&r=g","url":"https:\/\/secure.gravatar.com\/avatar\/3b4f84a0a8a4380ac4431fa79981d073692380c5da00ae97596e794ab0db5c8c?s=96&d=mm&r=g","contentUrl":"https:\/\/secure.gravatar.com\/avatar\/3b4f84a0a8a4380ac4431fa79981d073692380c5da00ae97596e794ab0db5c8c?s=96&d=mm&r=g","caption":"MsConectado"},"url":"https:\/\/msconectado.com.br\/?author=2"}]}},"_links":{"self":[{"href":"https:\/\/msconectado.com.br\/index.php?rest_route=\/wp\/v2\/posts\/22333","targetHints":{"allow":["GET"]}}],"collection":[{"href":"https:\/\/msconectado.com.br\/index.php?rest_route=\/wp\/v2\/posts"}],"about":[{"href":"https:\/\/msconectado.com.br\/index.php?rest_route=\/wp\/v2\/types\/post"}],"author":[{"embeddable":true,"href":"https:\/\/msconectado.com.br\/index.php?rest_route=\/wp\/v2\/users\/2"}],"replies":[{"embeddable":true,"href":"https:\/\/msconectado.com.br\/index.php?rest_route=%2Fwp%2Fv2%2Fcomments&post=22333"}],"version-history":[{"count":1,"href":"https:\/\/msconectado.com.br\/index.php?rest_route=\/wp\/v2\/posts\/22333\/revisions"}],"predecessor-version":[{"id":22337,"href":"https:\/\/msconectado.com.br\/index.php?rest_route=\/wp\/v2\/posts\/22333\/revisions\/22337"}],"wp:featuredmedia":[{"embeddable":true,"href":"https:\/\/msconectado.com.br\/index.php?rest_route=\/wp\/v2\/media\/22336"}],"wp:attachment":[{"href":"https:\/\/msconectado.com.br\/index.php?rest_route=%2Fwp%2Fv2%2Fmedia&parent=22333"}],"wp:term":[{"taxonomy":"category","embeddable":true,"href":"https:\/\/msconectado.com.br\/index.php?rest_route=%2Fwp%2Fv2%2Fcategories&post=22333"},{"taxonomy":"post_tag","embeddable":true,"href":"https:\/\/msconectado.com.br\/index.php?rest_route=%2Fwp%2Fv2%2Ftags&post=22333"}],"curies":[{"name":"wp","href":"https:\/\/api.w.org\/{rel}","templated":true}]}}