
{"id":22341,"date":"2024-05-28T00:17:54","date_gmt":"2024-05-28T00:17:54","guid":{"rendered":"https:\/\/msconectado.com.br\/?p=22341"},"modified":"2024-05-28T00:17:56","modified_gmt":"2024-05-28T00:17:56","slug":"camara-municipal-de-maracaju-passa-por-importante-reforma-e-ampliacao-para-melhor-atender-a-populacao","status":"publish","type":"post","link":"https:\/\/msconectado.com.br\/?p=22341","title":{"rendered":"C\u00e2mara Municipal de Maracaju passa por importante reforma e amplia\u00e7\u00e3o para melhor atender \u00e0 popula\u00e7\u00e3o."},"content":{"rendered":"\n<p>Na 16\u00aa Sess\u00e3o Ordin\u00e1ria da C\u00e2mara Municipal de Maracaju, realizada nesta segunda-feira, 27, o presidente da Casa de Leis, vereador Robert Ziemann, destacou a import\u00e2ncia da reforma da C\u00e2mara Municipal. Em discurso entusiasmado, Ziemann afirmou: &#8220;Estou muito feliz em fazer parte desta gest\u00e3o que vai entregar uma c\u00e2mara totalmente reformada, com muita seguran\u00e7a e conforto para a popula\u00e7\u00e3o.&#8221;<\/p>\n\n\n<div class=\"wp-block-image\">\n<figure class=\"aligncenter size-large\"><img fetchpriority=\"high\" decoding=\"async\" width=\"1024\" height=\"768\" src=\"https:\/\/msconectado.com.br\/wp-content\/uploads\/2024\/05\/image-65-1024x768.png\" alt=\"\" class=\"wp-image-22343\" srcset=\"https:\/\/msconectado.com.br\/wp-content\/uploads\/2024\/05\/image-65-1024x768.png 1024w, https:\/\/msconectado.com.br\/wp-content\/uploads\/2024\/05\/image-65-300x225.png 300w, https:\/\/msconectado.com.br\/wp-content\/uploads\/2024\/05\/image-65-768x576.png 768w, https:\/\/msconectado.com.br\/wp-content\/uploads\/2024\/05\/image-65-1536x1152.png 1536w, https:\/\/msconectado.com.br\/wp-content\/uploads\/2024\/05\/image-65.png 1600w\" sizes=\"(max-width: 1024px) 100vw, 1024px\" \/><\/figure>\n<\/div>\n\n\n<p>Segundo o presidente, a reforma da C\u00e2mara Municipal j\u00e1 era uma necessidade h\u00e1 muito tempo. Durante per\u00edodos de chuva intensa, o pr\u00e9dio sofria com alagamentos e in\u00fameras goteiras no telhado. Al\u00e9m disso, o espa\u00e7o destinado aos vereadores era pequeno, sem conforto e sem privacidade. A reforma n\u00e3o apenas moderniza a infraestrutura do pr\u00e9dio, mas tamb\u00e9m amplia suas funcionalidades, tornando-o um espa\u00e7o mais vers\u00e1til e acess\u00edvel.<\/p>\n\n\n\n<p>&#8220;O novo espa\u00e7o ser\u00e1 ideal para pr\u00e1ticas culturais, palestras e muitas intera\u00e7\u00f5es com a comunidade&#8221;, explicou Ziemann, ressaltando o compromisso da gest\u00e3o com a valoriza\u00e7\u00e3o e promo\u00e7\u00e3o da cultura local.<\/p>\n\n\n\n<p>A iniciativa de reformar a C\u00e2mara Municipal visa atender \u00e0s crescentes demandas da popula\u00e7\u00e3o por um espa\u00e7o p\u00fablico que, al\u00e9m de cumprir suas fun\u00e7\u00f5es legislativas com respeito aos servidores e parlamentares, oferecendo-lhes um ambiente adequado e privado, tamb\u00e9m sirva como um ponto de encontro para eventos comunit\u00e1rios. Com a moderniza\u00e7\u00e3o, a expectativa \u00e9 que o local se torne um centro de refer\u00eancia para diversas atividades, promovendo maior engajamento e participa\u00e7\u00e3o dos cidad\u00e3os nas quest\u00f5es municipais.<\/p>\n\n\n<div class=\"wp-block-image\">\n<figure class=\"aligncenter size-large\"><img decoding=\"async\" src=\"https:\/\/msconectado.com.br\/wp-content\/uploads\/2024\/05\/image-70-1024x768.png\" alt=\"\" class=\"wp-image-22345\"\/><\/figure>\n<\/div>\n\n\n<p>Al\u00e9m das melhorias estruturais, a reforma inclui a atualiza\u00e7\u00e3o dos sistemas de seguran\u00e7a e acessibilidade, garantindo que o espa\u00e7o seja inclusivo e seguro para todos. A renova\u00e7\u00e3o do mobili\u00e1rio e a instala\u00e7\u00e3o de novos equipamentos tecnol\u00f3gicos tamb\u00e9m fazem parte do projeto, proporcionando um ambiente mais funcional e confort\u00e1vel para vereadores, funcion\u00e1rios e visitantes.<\/p>\n\n\n\n<p>O vereador Robert Ziemann destacou ainda que a reforma da C\u00e2mara \u00e9 um reflexo do compromisso da atual gest\u00e3o com a transpar\u00eancia e a efici\u00eancia na administra\u00e7\u00e3o p\u00fablica. &#8220;Estamos trabalhando para que a C\u00e2mara Municipal de Maracaju seja um exemplo de gest\u00e3o p\u00fablica, proporcionando um ambiente digno e adequado para o exerc\u00edcio da cidadania&#8221;, concluiu.<\/p>\n\n\n\n<p>A entrega da c\u00e2mara reformada est\u00e1 prevista para o fim do segundo semestre, e a expectativa \u00e9 que o novo espa\u00e7o fortale\u00e7a ainda mais a rela\u00e7\u00e3o entre a popula\u00e7\u00e3o e o poder legislativo municipal. Com a conclus\u00e3o das obras, Maracaju ganhar\u00e1 um importante marco, preparado para receber eventos diversos e aproximar cada vez mais a comunidade das decis\u00f5es que impactam o dia a dia da cidade.<\/p>\n\n\n<div class=\"wp-block-image\">\n<figure class=\"aligncenter size-large\"><img decoding=\"async\" width=\"1024\" height=\"768\" src=\"https:\/\/msconectado.com.br\/wp-content\/uploads\/2024\/05\/image-72-1024x768.png\" alt=\"\" class=\"wp-image-22347\" srcset=\"https:\/\/msconectado.com.br\/wp-content\/uploads\/2024\/05\/image-72-1024x768.png 1024w, https:\/\/msconectado.com.br\/wp-content\/uploads\/2024\/05\/image-72-300x225.png 300w, https:\/\/msconectado.com.br\/wp-content\/uploads\/2024\/05\/image-72-768x576.png 768w, https:\/\/msconectado.com.br\/wp-content\/uploads\/2024\/05\/image-72-1536x1152.png 1536w, https:\/\/msconectado.com.br\/wp-content\/uploads\/2024\/05\/image-72.png 1600w\" sizes=\"(max-width: 1024px) 100vw, 1024px\" \/><\/figure>\n<\/div>\n\n\n<p><\/p>\n\n\n\n<p>Reda\u00e7\u00e3o<\/p>\n\n\n<div class=\"wp-block-image\">\n<figure class=\"aligncenter size-full\"><img decoding=\"async\" width=\"900\" height=\"100\" src=\"https:\/\/msconectado.com.br\/wp-content\/uploads\/2024\/05\/celeriu-02.png\" alt=\"\" class=\"wp-image-22334\" srcset=\"https:\/\/msconectado.com.br\/wp-content\/uploads\/2024\/05\/celeriu-02.png 900w, https:\/\/msconectado.com.br\/wp-content\/uploads\/2024\/05\/celeriu-02-300x33.png 300w, https:\/\/msconectado.com.br\/wp-content\/uploads\/2024\/05\/celeriu-02-768x85.png 768w\" sizes=\"(max-width: 900px) 100vw, 900px\" \/><\/figure>\n<\/div>","protected":false},"excerpt":{"rendered":"<p>Na 16\u00aa Sess\u00e3o Ordin\u00e1ria da C\u00e2mara Municipal de Maracaju, realizada nesta segunda-feira, 27, o presidente da Casa de Leis, vereador Robert Ziemann, destacou a import\u00e2ncia da reforma da C\u00e2mara Municipal. Em discurso entusiasmado, Ziemann afirmou: &#8220;Estou muito feliz em fazer parte desta gest\u00e3o que vai entregar uma c\u00e2mara totalmente reformada, com muita seguran\u00e7a e conforto [&hellip;]<\/p>\n","protected":false},"author":3,"featured_media":22349,"comment_status":"open","ping_status":"closed","sticky":false,"template":"","format":"standard","meta":{"footnotes":""},"categories":[35,1],"tags":[],"class_list":["post-22341","post","type-post","status-publish","format-standard","has-post-thumbnail","hentry","category-cidades","category-noticia"],"yoast_head":"<!-- This site is optimized with the Yoast SEO plugin v27.5 - https:\/\/yoast.com\/product\/yoast-seo-wordpress\/ -->\n<title>C\u00e2mara Municipal de Maracaju passa por importante reforma e amplia\u00e7\u00e3o para melhor atender \u00e0 popula\u00e7\u00e3o. - MsConectado<\/title>\n<meta name=\"robots\" content=\"index, follow, max-snippet:-1, max-image-preview:large, max-video-preview:-1\" \/>\n<link rel=\"canonical\" href=\"https:\/\/msconectado.com.br\/?p=22341\" \/>\n<meta property=\"og:locale\" content=\"pt_BR\" \/>\n<meta property=\"og:type\" content=\"article\" \/>\n<meta property=\"og:title\" content=\"C\u00e2mara Municipal de Maracaju passa por importante reforma e amplia\u00e7\u00e3o para melhor atender \u00e0 popula\u00e7\u00e3o. - MsConectado\" \/>\n<meta property=\"og:description\" content=\"Na 16\u00aa Sess\u00e3o Ordin\u00e1ria da C\u00e2mara Municipal de Maracaju, realizada nesta segunda-feira, 27, o presidente da Casa de Leis, vereador Robert Ziemann, destacou a import\u00e2ncia da reforma da C\u00e2mara Municipal. Em discurso entusiasmado, Ziemann afirmou: &#8220;Estou muito feliz em fazer parte desta gest\u00e3o que vai entregar uma c\u00e2mara totalmente reformada, com muita seguran\u00e7a e conforto [&hellip;]\" \/>\n<meta property=\"og:url\" content=\"https:\/\/msconectado.com.br\/?p=22341\" \/>\n<meta property=\"og:site_name\" content=\"MsConectado\" \/>\n<meta property=\"article:published_time\" content=\"2024-05-28T00:17:54+00:00\" \/>\n<meta property=\"article:modified_time\" content=\"2024-05-28T00:17:56+00:00\" \/>\n<meta property=\"og:image\" content=\"https:\/\/msconectado.com.br\/wp-content\/uploads\/2024\/05\/image-75-1024x768.png\" \/>\n\t<meta property=\"og:image:width\" content=\"1024\" \/>\n\t<meta property=\"og:image:height\" content=\"768\" \/>\n\t<meta property=\"og:image:type\" content=\"image\/png\" \/>\n<meta name=\"author\" content=\"Jeferson\" \/>\n<meta name=\"twitter:card\" content=\"summary_large_image\" \/>\n<meta name=\"twitter:label1\" content=\"Escrito por\" \/>\n\t<meta name=\"twitter:data1\" content=\"Jeferson\" \/>\n\t<meta name=\"twitter:label2\" content=\"Est. tempo de leitura\" \/>\n\t<meta name=\"twitter:data2\" content=\"4 minutos\" \/>\n<script type=\"application\/ld+json\" class=\"yoast-schema-graph\">{\"@context\":\"https:\\\/\\\/schema.org\",\"@graph\":[{\"@type\":\"Article\",\"@id\":\"https:\\\/\\\/msconectado.com.br\\\/?p=22341#article\",\"isPartOf\":{\"@id\":\"https:\\\/\\\/msconectado.com.br\\\/?p=22341\"},\"author\":{\"name\":\"Jeferson\",\"@id\":\"https:\\\/\\\/msconectado.com.br\\\/#\\\/schema\\\/person\\\/feb123a95a93eebea36f0ed6a2e5ba48\"},\"headline\":\"C\u00e2mara Municipal de Maracaju passa por importante reforma e amplia\u00e7\u00e3o para melhor atender \u00e0 popula\u00e7\u00e3o.\",\"datePublished\":\"2024-05-28T00:17:54+00:00\",\"dateModified\":\"2024-05-28T00:17:56+00:00\",\"mainEntityOfPage\":{\"@id\":\"https:\\\/\\\/msconectado.com.br\\\/?p=22341\"},\"wordCount\":484,\"commentCount\":0,\"publisher\":{\"@id\":\"https:\\\/\\\/msconectado.com.br\\\/#organization\"},\"image\":{\"@id\":\"https:\\\/\\\/msconectado.com.br\\\/?p=22341#primaryimage\"},\"thumbnailUrl\":\"https:\\\/\\\/msconectado.com.br\\\/wp-content\\\/uploads\\\/2024\\\/05\\\/image-75.png\",\"articleSection\":[\"Cidades\",\"Not\u00edcia\"],\"inLanguage\":\"pt-BR\",\"potentialAction\":[{\"@type\":\"CommentAction\",\"name\":\"Comment\",\"target\":[\"https:\\\/\\\/msconectado.com.br\\\/?p=22341#respond\"]}]},{\"@type\":\"WebPage\",\"@id\":\"https:\\\/\\\/msconectado.com.br\\\/?p=22341\",\"url\":\"https:\\\/\\\/msconectado.com.br\\\/?p=22341\",\"name\":\"C\u00e2mara Municipal de Maracaju passa por importante reforma e amplia\u00e7\u00e3o para melhor atender \u00e0 popula\u00e7\u00e3o. - MsConectado\",\"isPartOf\":{\"@id\":\"https:\\\/\\\/msconectado.com.br\\\/#website\"},\"primaryImageOfPage\":{\"@id\":\"https:\\\/\\\/msconectado.com.br\\\/?p=22341#primaryimage\"},\"image\":{\"@id\":\"https:\\\/\\\/msconectado.com.br\\\/?p=22341#primaryimage\"},\"thumbnailUrl\":\"https:\\\/\\\/msconectado.com.br\\\/wp-content\\\/uploads\\\/2024\\\/05\\\/image-75.png\",\"datePublished\":\"2024-05-28T00:17:54+00:00\",\"dateModified\":\"2024-05-28T00:17:56+00:00\",\"breadcrumb\":{\"@id\":\"https:\\\/\\\/msconectado.com.br\\\/?p=22341#breadcrumb\"},\"inLanguage\":\"pt-BR\",\"potentialAction\":[{\"@type\":\"ReadAction\",\"target\":[\"https:\\\/\\\/msconectado.com.br\\\/?p=22341\"]}]},{\"@type\":\"ImageObject\",\"inLanguage\":\"pt-BR\",\"@id\":\"https:\\\/\\\/msconectado.com.br\\\/?p=22341#primaryimage\",\"url\":\"https:\\\/\\\/msconectado.com.br\\\/wp-content\\\/uploads\\\/2024\\\/05\\\/image-75.png\",\"contentUrl\":\"https:\\\/\\\/msconectado.com.br\\\/wp-content\\\/uploads\\\/2024\\\/05\\\/image-75.png\",\"width\":1600,\"height\":1200},{\"@type\":\"BreadcrumbList\",\"@id\":\"https:\\\/\\\/msconectado.com.br\\\/?p=22341#breadcrumb\",\"itemListElement\":[{\"@type\":\"ListItem\",\"position\":1,\"name\":\"In\u00edcio\",\"item\":\"https:\\\/\\\/msconectado.com.br\\\/\"},{\"@type\":\"ListItem\",\"position\":2,\"name\":\"C\u00e2mara Municipal de Maracaju passa por importante reforma e amplia\u00e7\u00e3o para melhor atender \u00e0 popula\u00e7\u00e3o.\"}]},{\"@type\":\"WebSite\",\"@id\":\"https:\\\/\\\/msconectado.com.br\\\/#website\",\"url\":\"https:\\\/\\\/msconectado.com.br\\\/\",\"name\":\"MsConectado\",\"description\":\"Voc\u00ea Conectado com a Not\u00edcia!\",\"publisher\":{\"@id\":\"https:\\\/\\\/msconectado.com.br\\\/#organization\"},\"potentialAction\":[{\"@type\":\"SearchAction\",\"target\":{\"@type\":\"EntryPoint\",\"urlTemplate\":\"https:\\\/\\\/msconectado.com.br\\\/?s={search_term_string}\"},\"query-input\":{\"@type\":\"PropertyValueSpecification\",\"valueRequired\":true,\"valueName\":\"search_term_string\"}}],\"inLanguage\":\"pt-BR\"},{\"@type\":\"Organization\",\"@id\":\"https:\\\/\\\/msconectado.com.br\\\/#organization\",\"name\":\"MsConectado\",\"url\":\"https:\\\/\\\/msconectado.com.br\\\/\",\"logo\":{\"@type\":\"ImageObject\",\"inLanguage\":\"pt-BR\",\"@id\":\"https:\\\/\\\/msconectado.com.br\\\/#\\\/schema\\\/logo\\\/image\\\/\",\"url\":\"https:\\\/\\\/msconectado.com.br\\\/wp-content\\\/uploads\\\/2023\\\/01\\\/cropped-noticia-2.png\",\"contentUrl\":\"https:\\\/\\\/msconectado.com.br\\\/wp-content\\\/uploads\\\/2023\\\/01\\\/cropped-noticia-2.png\",\"width\":720,\"height\":157,\"caption\":\"MsConectado\"},\"image\":{\"@id\":\"https:\\\/\\\/msconectado.com.br\\\/#\\\/schema\\\/logo\\\/image\\\/\"}},{\"@type\":\"Person\",\"@id\":\"https:\\\/\\\/msconectado.com.br\\\/#\\\/schema\\\/person\\\/feb123a95a93eebea36f0ed6a2e5ba48\",\"name\":\"Jeferson\",\"image\":{\"@type\":\"ImageObject\",\"inLanguage\":\"pt-BR\",\"@id\":\"https:\\\/\\\/secure.gravatar.com\\\/avatar\\\/e23e8901c88f0cdc0ad479ef7a39bf3e4c806344549c087c00b721a65549a328?s=96&d=mm&r=g\",\"url\":\"https:\\\/\\\/secure.gravatar.com\\\/avatar\\\/e23e8901c88f0cdc0ad479ef7a39bf3e4c806344549c087c00b721a65549a328?s=96&d=mm&r=g\",\"contentUrl\":\"https:\\\/\\\/secure.gravatar.com\\\/avatar\\\/e23e8901c88f0cdc0ad479ef7a39bf3e4c806344549c087c00b721a65549a328?s=96&d=mm&r=g\",\"caption\":\"Jeferson\"},\"url\":\"https:\\\/\\\/msconectado.com.br\\\/?author=3\"}]}<\/script>\n<!-- \/ Yoast SEO plugin. -->","yoast_head_json":{"title":"C\u00e2mara Municipal de Maracaju passa por importante reforma e amplia\u00e7\u00e3o para melhor atender \u00e0 popula\u00e7\u00e3o. - MsConectado","robots":{"index":"index","follow":"follow","max-snippet":"max-snippet:-1","max-image-preview":"max-image-preview:large","max-video-preview":"max-video-preview:-1"},"canonical":"https:\/\/msconectado.com.br\/?p=22341","og_locale":"pt_BR","og_type":"article","og_title":"C\u00e2mara Municipal de Maracaju passa por importante reforma e amplia\u00e7\u00e3o para melhor atender \u00e0 popula\u00e7\u00e3o. - MsConectado","og_description":"Na 16\u00aa Sess\u00e3o Ordin\u00e1ria da C\u00e2mara Municipal de Maracaju, realizada nesta segunda-feira, 27, o presidente da Casa de Leis, vereador Robert Ziemann, destacou a import\u00e2ncia da reforma da C\u00e2mara Municipal. Em discurso entusiasmado, Ziemann afirmou: &#8220;Estou muito feliz em fazer parte desta gest\u00e3o que vai entregar uma c\u00e2mara totalmente reformada, com muita seguran\u00e7a e conforto [&hellip;]","og_url":"https:\/\/msconectado.com.br\/?p=22341","og_site_name":"MsConectado","article_published_time":"2024-05-28T00:17:54+00:00","article_modified_time":"2024-05-28T00:17:56+00:00","og_image":[{"width":1024,"height":768,"url":"https:\/\/msconectado.com.br\/wp-content\/uploads\/2024\/05\/image-75-1024x768.png","type":"image\/png"}],"author":"Jeferson","twitter_card":"summary_large_image","twitter_misc":{"Escrito por":"Jeferson","Est. tempo de leitura":"4 minutos"},"schema":{"@context":"https:\/\/schema.org","@graph":[{"@type":"Article","@id":"https:\/\/msconectado.com.br\/?p=22341#article","isPartOf":{"@id":"https:\/\/msconectado.com.br\/?p=22341"},"author":{"name":"Jeferson","@id":"https:\/\/msconectado.com.br\/#\/schema\/person\/feb123a95a93eebea36f0ed6a2e5ba48"},"headline":"C\u00e2mara Municipal de Maracaju passa por importante reforma e amplia\u00e7\u00e3o para melhor atender \u00e0 popula\u00e7\u00e3o.","datePublished":"2024-05-28T00:17:54+00:00","dateModified":"2024-05-28T00:17:56+00:00","mainEntityOfPage":{"@id":"https:\/\/msconectado.com.br\/?p=22341"},"wordCount":484,"commentCount":0,"publisher":{"@id":"https:\/\/msconectado.com.br\/#organization"},"image":{"@id":"https:\/\/msconectado.com.br\/?p=22341#primaryimage"},"thumbnailUrl":"https:\/\/msconectado.com.br\/wp-content\/uploads\/2024\/05\/image-75.png","articleSection":["Cidades","Not\u00edcia"],"inLanguage":"pt-BR","potentialAction":[{"@type":"CommentAction","name":"Comment","target":["https:\/\/msconectado.com.br\/?p=22341#respond"]}]},{"@type":"WebPage","@id":"https:\/\/msconectado.com.br\/?p=22341","url":"https:\/\/msconectado.com.br\/?p=22341","name":"C\u00e2mara Municipal de Maracaju passa por importante reforma e amplia\u00e7\u00e3o para melhor atender \u00e0 popula\u00e7\u00e3o. - MsConectado","isPartOf":{"@id":"https:\/\/msconectado.com.br\/#website"},"primaryImageOfPage":{"@id":"https:\/\/msconectado.com.br\/?p=22341#primaryimage"},"image":{"@id":"https:\/\/msconectado.com.br\/?p=22341#primaryimage"},"thumbnailUrl":"https:\/\/msconectado.com.br\/wp-content\/uploads\/2024\/05\/image-75.png","datePublished":"2024-05-28T00:17:54+00:00","dateModified":"2024-05-28T00:17:56+00:00","breadcrumb":{"@id":"https:\/\/msconectado.com.br\/?p=22341#breadcrumb"},"inLanguage":"pt-BR","potentialAction":[{"@type":"ReadAction","target":["https:\/\/msconectado.com.br\/?p=22341"]}]},{"@type":"ImageObject","inLanguage":"pt-BR","@id":"https:\/\/msconectado.com.br\/?p=22341#primaryimage","url":"https:\/\/msconectado.com.br\/wp-content\/uploads\/2024\/05\/image-75.png","contentUrl":"https:\/\/msconectado.com.br\/wp-content\/uploads\/2024\/05\/image-75.png","width":1600,"height":1200},{"@type":"BreadcrumbList","@id":"https:\/\/msconectado.com.br\/?p=22341#breadcrumb","itemListElement":[{"@type":"ListItem","position":1,"name":"In\u00edcio","item":"https:\/\/msconectado.com.br\/"},{"@type":"ListItem","position":2,"name":"C\u00e2mara Municipal de Maracaju passa por importante reforma e amplia\u00e7\u00e3o para melhor atender \u00e0 popula\u00e7\u00e3o."}]},{"@type":"WebSite","@id":"https:\/\/msconectado.com.br\/#website","url":"https:\/\/msconectado.com.br\/","name":"MsConectado","description":"Voc\u00ea Conectado com a Not\u00edcia!","publisher":{"@id":"https:\/\/msconectado.com.br\/#organization"},"potentialAction":[{"@type":"SearchAction","target":{"@type":"EntryPoint","urlTemplate":"https:\/\/msconectado.com.br\/?s={search_term_string}"},"query-input":{"@type":"PropertyValueSpecification","valueRequired":true,"valueName":"search_term_string"}}],"inLanguage":"pt-BR"},{"@type":"Organization","@id":"https:\/\/msconectado.com.br\/#organization","name":"MsConectado","url":"https:\/\/msconectado.com.br\/","logo":{"@type":"ImageObject","inLanguage":"pt-BR","@id":"https:\/\/msconectado.com.br\/#\/schema\/logo\/image\/","url":"https:\/\/msconectado.com.br\/wp-content\/uploads\/2023\/01\/cropped-noticia-2.png","contentUrl":"https:\/\/msconectado.com.br\/wp-content\/uploads\/2023\/01\/cropped-noticia-2.png","width":720,"height":157,"caption":"MsConectado"},"image":{"@id":"https:\/\/msconectado.com.br\/#\/schema\/logo\/image\/"}},{"@type":"Person","@id":"https:\/\/msconectado.com.br\/#\/schema\/person\/feb123a95a93eebea36f0ed6a2e5ba48","name":"Jeferson","image":{"@type":"ImageObject","inLanguage":"pt-BR","@id":"https:\/\/secure.gravatar.com\/avatar\/e23e8901c88f0cdc0ad479ef7a39bf3e4c806344549c087c00b721a65549a328?s=96&d=mm&r=g","url":"https:\/\/secure.gravatar.com\/avatar\/e23e8901c88f0cdc0ad479ef7a39bf3e4c806344549c087c00b721a65549a328?s=96&d=mm&r=g","contentUrl":"https:\/\/secure.gravatar.com\/avatar\/e23e8901c88f0cdc0ad479ef7a39bf3e4c806344549c087c00b721a65549a328?s=96&d=mm&r=g","caption":"Jeferson"},"url":"https:\/\/msconectado.com.br\/?author=3"}]}},"_links":{"self":[{"href":"https:\/\/msconectado.com.br\/index.php?rest_route=\/wp\/v2\/posts\/22341","targetHints":{"allow":["GET"]}}],"collection":[{"href":"https:\/\/msconectado.com.br\/index.php?rest_route=\/wp\/v2\/posts"}],"about":[{"href":"https:\/\/msconectado.com.br\/index.php?rest_route=\/wp\/v2\/types\/post"}],"author":[{"embeddable":true,"href":"https:\/\/msconectado.com.br\/index.php?rest_route=\/wp\/v2\/users\/3"}],"replies":[{"embeddable":true,"href":"https:\/\/msconectado.com.br\/index.php?rest_route=%2Fwp%2Fv2%2Fcomments&post=22341"}],"version-history":[{"count":1,"href":"https:\/\/msconectado.com.br\/index.php?rest_route=\/wp\/v2\/posts\/22341\/revisions"}],"predecessor-version":[{"id":22350,"href":"https:\/\/msconectado.com.br\/index.php?rest_route=\/wp\/v2\/posts\/22341\/revisions\/22350"}],"wp:featuredmedia":[{"embeddable":true,"href":"https:\/\/msconectado.com.br\/index.php?rest_route=\/wp\/v2\/media\/22349"}],"wp:attachment":[{"href":"https:\/\/msconectado.com.br\/index.php?rest_route=%2Fwp%2Fv2%2Fmedia&parent=22341"}],"wp:term":[{"taxonomy":"category","embeddable":true,"href":"https:\/\/msconectado.com.br\/index.php?rest_route=%2Fwp%2Fv2%2Fcategories&post=22341"},{"taxonomy":"post_tag","embeddable":true,"href":"https:\/\/msconectado.com.br\/index.php?rest_route=%2Fwp%2Fv2%2Ftags&post=22341"}],"curies":[{"name":"wp","href":"https:\/\/api.w.org\/{rel}","templated":true}]}}