
{"id":22351,"date":"2024-05-31T00:33:34","date_gmt":"2024-05-31T00:33:34","guid":{"rendered":"https:\/\/msconectado.com.br\/?p=22351"},"modified":"2024-05-31T00:33:36","modified_gmt":"2024-05-31T00:33:36","slug":"vereador-joao-rocha-comenta-sobre-a-importancia-de-programas-habitacionais-no-municipio","status":"publish","type":"post","link":"https:\/\/msconectado.com.br\/?p=22351","title":{"rendered":"Vereador Jo\u00e3o Rocha comenta sobre a import\u00e2ncia de programas habitacionais no munic\u00edpio."},"content":{"rendered":"\n<p>Na 16\u00aa sess\u00e3o ordin\u00e1ria da C\u00e2mara Municipal de Maracaju, realizada na \u00faltima segunda-feira, o vereador Jo\u00e3o Rocha destacou a import\u00e2ncia crucial da implementa\u00e7\u00e3o de um programa de casas populares na cidade. Em seu discurso, Rocha enfatizou que Maracaju possui um dos alugu\u00e9is mais altos do estado, o que torna imperativa a cria\u00e7\u00e3o de solu\u00e7\u00f5es habitacionais acess\u00edveis para atender a crescente demanda da comunidade.<\/p>\n\n\n\n<p>&#8220;Maracaju est\u00e1 enfrentando uma crise habitacional. Os alugu\u00e9is aqui s\u00e3o exorbitantes e muitas fam\u00edlias est\u00e3o lutando para encontrar um lugar digno para morar. Precisamos urgentemente de um programa de casas populares que possa aliviar essa press\u00e3o e proporcionar moradia acess\u00edvel para os nossos cidad\u00e3os,&#8221; afirmou o vereador.<\/p>\n\n\n\n<p>Jo\u00e3o Rocha tamb\u00e9m ressaltou a necessidade de maior agilidade nos tr\u00e2mites burocr\u00e1ticos para a execu\u00e7\u00e3o do projeto. Segundo ele, a burocracia tem sido um grande obst\u00e1culo na implementa\u00e7\u00e3o de pol\u00edticas p\u00fablicas eficientes e na entrega de benef\u00edcios essenciais \u00e0 popula\u00e7\u00e3o.<\/p>\n\n\n\n<p>&#8220;\u00c9 fundamental que os processos sejam agilizados. A moradia \u00e9 um direito b\u00e1sico, e n\u00e3o podemos permitir que a burocracia continue atrasando projetos t\u00e3o importantes&#8221;. destacou.<\/p>\n\n\n<div class=\"wp-block-image\">\n<figure class=\"aligncenter size-full\"><img fetchpriority=\"high\" decoding=\"async\" width=\"900\" height=\"100\" src=\"https:\/\/msconectado.com.br\/wp-content\/uploads\/2024\/05\/celeriu-02.png\" alt=\"\" class=\"wp-image-22334\" srcset=\"https:\/\/msconectado.com.br\/wp-content\/uploads\/2024\/05\/celeriu-02.png 900w, https:\/\/msconectado.com.br\/wp-content\/uploads\/2024\/05\/celeriu-02-300x33.png 300w, https:\/\/msconectado.com.br\/wp-content\/uploads\/2024\/05\/celeriu-02-768x85.png 768w\" sizes=\"(max-width: 900px) 100vw, 900px\" \/><\/figure>\n<\/div>\n\n\n<p><\/p>\n","protected":false},"excerpt":{"rendered":"<p>Na 16\u00aa sess\u00e3o ordin\u00e1ria da C\u00e2mara Municipal de Maracaju, realizada na \u00faltima segunda-feira, o vereador Jo\u00e3o Rocha destacou a import\u00e2ncia crucial da implementa\u00e7\u00e3o de um programa de casas populares na cidade. Em seu discurso, Rocha enfatizou que Maracaju possui um dos alugu\u00e9is mais altos do estado, o que torna imperativa a cria\u00e7\u00e3o de solu\u00e7\u00f5es habitacionais [&hellip;]<\/p>\n","protected":false},"author":2,"featured_media":22352,"comment_status":"open","ping_status":"closed","sticky":false,"template":"","format":"standard","meta":{"footnotes":""},"categories":[35,1],"tags":[],"class_list":["post-22351","post","type-post","status-publish","format-standard","has-post-thumbnail","hentry","category-cidades","category-noticia"],"yoast_head":"<!-- This site is optimized with the Yoast SEO plugin v27.5 - https:\/\/yoast.com\/product\/yoast-seo-wordpress\/ -->\n<title>Vereador Jo\u00e3o Rocha comenta sobre a import\u00e2ncia de programas habitacionais no munic\u00edpio. - MsConectado<\/title>\n<meta name=\"robots\" content=\"index, follow, max-snippet:-1, max-image-preview:large, max-video-preview:-1\" \/>\n<link rel=\"canonical\" href=\"https:\/\/msconectado.com.br\/?p=22351\" \/>\n<meta property=\"og:locale\" content=\"pt_BR\" \/>\n<meta property=\"og:type\" content=\"article\" \/>\n<meta property=\"og:title\" content=\"Vereador Jo\u00e3o Rocha comenta sobre a import\u00e2ncia de programas habitacionais no munic\u00edpio. - MsConectado\" \/>\n<meta property=\"og:description\" content=\"Na 16\u00aa sess\u00e3o ordin\u00e1ria da C\u00e2mara Municipal de Maracaju, realizada na \u00faltima segunda-feira, o vereador Jo\u00e3o Rocha destacou a import\u00e2ncia crucial da implementa\u00e7\u00e3o de um programa de casas populares na cidade. Em seu discurso, Rocha enfatizou que Maracaju possui um dos alugu\u00e9is mais altos do estado, o que torna imperativa a cria\u00e7\u00e3o de solu\u00e7\u00f5es habitacionais [&hellip;]\" \/>\n<meta property=\"og:url\" content=\"https:\/\/msconectado.com.br\/?p=22351\" \/>\n<meta property=\"og:site_name\" content=\"MsConectado\" \/>\n<meta property=\"article:published_time\" content=\"2024-05-31T00:33:34+00:00\" \/>\n<meta property=\"article:modified_time\" content=\"2024-05-31T00:33:36+00:00\" \/>\n<meta property=\"og:image\" content=\"https:\/\/msconectado.com.br\/wp-content\/uploads\/2024\/05\/image-55-1024x682.png\" \/>\n\t<meta property=\"og:image:width\" content=\"1024\" \/>\n\t<meta property=\"og:image:height\" content=\"682\" \/>\n\t<meta property=\"og:image:type\" content=\"image\/png\" \/>\n<meta name=\"author\" content=\"MsConectado\" \/>\n<meta name=\"twitter:card\" content=\"summary_large_image\" \/>\n<meta name=\"twitter:label1\" content=\"Escrito por\" \/>\n\t<meta name=\"twitter:data1\" content=\"MsConectado\" \/>\n\t<meta name=\"twitter:label2\" content=\"Est. tempo de leitura\" \/>\n\t<meta name=\"twitter:data2\" content=\"2 minutos\" \/>\n<script type=\"application\/ld+json\" class=\"yoast-schema-graph\">{\"@context\":\"https:\\\/\\\/schema.org\",\"@graph\":[{\"@type\":\"Article\",\"@id\":\"https:\\\/\\\/msconectado.com.br\\\/?p=22351#article\",\"isPartOf\":{\"@id\":\"https:\\\/\\\/msconectado.com.br\\\/?p=22351\"},\"author\":{\"name\":\"MsConectado\",\"@id\":\"https:\\\/\\\/msconectado.com.br\\\/#\\\/schema\\\/person\\\/e5585545b5687092f1041d350b6e2c16\"},\"headline\":\"Vereador Jo\u00e3o Rocha comenta sobre a import\u00e2ncia de programas habitacionais no munic\u00edpio.\",\"datePublished\":\"2024-05-31T00:33:34+00:00\",\"dateModified\":\"2024-05-31T00:33:36+00:00\",\"mainEntityOfPage\":{\"@id\":\"https:\\\/\\\/msconectado.com.br\\\/?p=22351\"},\"wordCount\":218,\"commentCount\":0,\"publisher\":{\"@id\":\"https:\\\/\\\/msconectado.com.br\\\/#organization\"},\"image\":{\"@id\":\"https:\\\/\\\/msconectado.com.br\\\/?p=22351#primaryimage\"},\"thumbnailUrl\":\"https:\\\/\\\/msconectado.com.br\\\/wp-content\\\/uploads\\\/2024\\\/05\\\/image-55.png\",\"articleSection\":[\"Cidades\",\"Not\u00edcia\"],\"inLanguage\":\"pt-BR\",\"potentialAction\":[{\"@type\":\"CommentAction\",\"name\":\"Comment\",\"target\":[\"https:\\\/\\\/msconectado.com.br\\\/?p=22351#respond\"]}]},{\"@type\":\"WebPage\",\"@id\":\"https:\\\/\\\/msconectado.com.br\\\/?p=22351\",\"url\":\"https:\\\/\\\/msconectado.com.br\\\/?p=22351\",\"name\":\"Vereador Jo\u00e3o Rocha comenta sobre a import\u00e2ncia de programas habitacionais no munic\u00edpio. - MsConectado\",\"isPartOf\":{\"@id\":\"https:\\\/\\\/msconectado.com.br\\\/#website\"},\"primaryImageOfPage\":{\"@id\":\"https:\\\/\\\/msconectado.com.br\\\/?p=22351#primaryimage\"},\"image\":{\"@id\":\"https:\\\/\\\/msconectado.com.br\\\/?p=22351#primaryimage\"},\"thumbnailUrl\":\"https:\\\/\\\/msconectado.com.br\\\/wp-content\\\/uploads\\\/2024\\\/05\\\/image-55.png\",\"datePublished\":\"2024-05-31T00:33:34+00:00\",\"dateModified\":\"2024-05-31T00:33:36+00:00\",\"breadcrumb\":{\"@id\":\"https:\\\/\\\/msconectado.com.br\\\/?p=22351#breadcrumb\"},\"inLanguage\":\"pt-BR\",\"potentialAction\":[{\"@type\":\"ReadAction\",\"target\":[\"https:\\\/\\\/msconectado.com.br\\\/?p=22351\"]}]},{\"@type\":\"ImageObject\",\"inLanguage\":\"pt-BR\",\"@id\":\"https:\\\/\\\/msconectado.com.br\\\/?p=22351#primaryimage\",\"url\":\"https:\\\/\\\/msconectado.com.br\\\/wp-content\\\/uploads\\\/2024\\\/05\\\/image-55.png\",\"contentUrl\":\"https:\\\/\\\/msconectado.com.br\\\/wp-content\\\/uploads\\\/2024\\\/05\\\/image-55.png\",\"width\":1600,\"height\":1066},{\"@type\":\"BreadcrumbList\",\"@id\":\"https:\\\/\\\/msconectado.com.br\\\/?p=22351#breadcrumb\",\"itemListElement\":[{\"@type\":\"ListItem\",\"position\":1,\"name\":\"In\u00edcio\",\"item\":\"https:\\\/\\\/msconectado.com.br\\\/\"},{\"@type\":\"ListItem\",\"position\":2,\"name\":\"Vereador Jo\u00e3o Rocha comenta sobre a import\u00e2ncia de programas habitacionais no munic\u00edpio.\"}]},{\"@type\":\"WebSite\",\"@id\":\"https:\\\/\\\/msconectado.com.br\\\/#website\",\"url\":\"https:\\\/\\\/msconectado.com.br\\\/\",\"name\":\"MsConectado\",\"description\":\"Voc\u00ea Conectado com a Not\u00edcia!\",\"publisher\":{\"@id\":\"https:\\\/\\\/msconectado.com.br\\\/#organization\"},\"potentialAction\":[{\"@type\":\"SearchAction\",\"target\":{\"@type\":\"EntryPoint\",\"urlTemplate\":\"https:\\\/\\\/msconectado.com.br\\\/?s={search_term_string}\"},\"query-input\":{\"@type\":\"PropertyValueSpecification\",\"valueRequired\":true,\"valueName\":\"search_term_string\"}}],\"inLanguage\":\"pt-BR\"},{\"@type\":\"Organization\",\"@id\":\"https:\\\/\\\/msconectado.com.br\\\/#organization\",\"name\":\"MsConectado\",\"url\":\"https:\\\/\\\/msconectado.com.br\\\/\",\"logo\":{\"@type\":\"ImageObject\",\"inLanguage\":\"pt-BR\",\"@id\":\"https:\\\/\\\/msconectado.com.br\\\/#\\\/schema\\\/logo\\\/image\\\/\",\"url\":\"https:\\\/\\\/msconectado.com.br\\\/wp-content\\\/uploads\\\/2023\\\/01\\\/cropped-noticia-2.png\",\"contentUrl\":\"https:\\\/\\\/msconectado.com.br\\\/wp-content\\\/uploads\\\/2023\\\/01\\\/cropped-noticia-2.png\",\"width\":720,\"height\":157,\"caption\":\"MsConectado\"},\"image\":{\"@id\":\"https:\\\/\\\/msconectado.com.br\\\/#\\\/schema\\\/logo\\\/image\\\/\"}},{\"@type\":\"Person\",\"@id\":\"https:\\\/\\\/msconectado.com.br\\\/#\\\/schema\\\/person\\\/e5585545b5687092f1041d350b6e2c16\",\"name\":\"MsConectado\",\"image\":{\"@type\":\"ImageObject\",\"inLanguage\":\"pt-BR\",\"@id\":\"https:\\\/\\\/secure.gravatar.com\\\/avatar\\\/3b4f84a0a8a4380ac4431fa79981d073692380c5da00ae97596e794ab0db5c8c?s=96&d=mm&r=g\",\"url\":\"https:\\\/\\\/secure.gravatar.com\\\/avatar\\\/3b4f84a0a8a4380ac4431fa79981d073692380c5da00ae97596e794ab0db5c8c?s=96&d=mm&r=g\",\"contentUrl\":\"https:\\\/\\\/secure.gravatar.com\\\/avatar\\\/3b4f84a0a8a4380ac4431fa79981d073692380c5da00ae97596e794ab0db5c8c?s=96&d=mm&r=g\",\"caption\":\"MsConectado\"},\"url\":\"https:\\\/\\\/msconectado.com.br\\\/?author=2\"}]}<\/script>\n<!-- \/ Yoast SEO plugin. -->","yoast_head_json":{"title":"Vereador Jo\u00e3o Rocha comenta sobre a import\u00e2ncia de programas habitacionais no munic\u00edpio. - MsConectado","robots":{"index":"index","follow":"follow","max-snippet":"max-snippet:-1","max-image-preview":"max-image-preview:large","max-video-preview":"max-video-preview:-1"},"canonical":"https:\/\/msconectado.com.br\/?p=22351","og_locale":"pt_BR","og_type":"article","og_title":"Vereador Jo\u00e3o Rocha comenta sobre a import\u00e2ncia de programas habitacionais no munic\u00edpio. - MsConectado","og_description":"Na 16\u00aa sess\u00e3o ordin\u00e1ria da C\u00e2mara Municipal de Maracaju, realizada na \u00faltima segunda-feira, o vereador Jo\u00e3o Rocha destacou a import\u00e2ncia crucial da implementa\u00e7\u00e3o de um programa de casas populares na cidade. Em seu discurso, Rocha enfatizou que Maracaju possui um dos alugu\u00e9is mais altos do estado, o que torna imperativa a cria\u00e7\u00e3o de solu\u00e7\u00f5es habitacionais [&hellip;]","og_url":"https:\/\/msconectado.com.br\/?p=22351","og_site_name":"MsConectado","article_published_time":"2024-05-31T00:33:34+00:00","article_modified_time":"2024-05-31T00:33:36+00:00","og_image":[{"width":1024,"height":682,"url":"https:\/\/msconectado.com.br\/wp-content\/uploads\/2024\/05\/image-55-1024x682.png","type":"image\/png"}],"author":"MsConectado","twitter_card":"summary_large_image","twitter_misc":{"Escrito por":"MsConectado","Est. tempo de leitura":"2 minutos"},"schema":{"@context":"https:\/\/schema.org","@graph":[{"@type":"Article","@id":"https:\/\/msconectado.com.br\/?p=22351#article","isPartOf":{"@id":"https:\/\/msconectado.com.br\/?p=22351"},"author":{"name":"MsConectado","@id":"https:\/\/msconectado.com.br\/#\/schema\/person\/e5585545b5687092f1041d350b6e2c16"},"headline":"Vereador Jo\u00e3o Rocha comenta sobre a import\u00e2ncia de programas habitacionais no munic\u00edpio.","datePublished":"2024-05-31T00:33:34+00:00","dateModified":"2024-05-31T00:33:36+00:00","mainEntityOfPage":{"@id":"https:\/\/msconectado.com.br\/?p=22351"},"wordCount":218,"commentCount":0,"publisher":{"@id":"https:\/\/msconectado.com.br\/#organization"},"image":{"@id":"https:\/\/msconectado.com.br\/?p=22351#primaryimage"},"thumbnailUrl":"https:\/\/msconectado.com.br\/wp-content\/uploads\/2024\/05\/image-55.png","articleSection":["Cidades","Not\u00edcia"],"inLanguage":"pt-BR","potentialAction":[{"@type":"CommentAction","name":"Comment","target":["https:\/\/msconectado.com.br\/?p=22351#respond"]}]},{"@type":"WebPage","@id":"https:\/\/msconectado.com.br\/?p=22351","url":"https:\/\/msconectado.com.br\/?p=22351","name":"Vereador Jo\u00e3o Rocha comenta sobre a import\u00e2ncia de programas habitacionais no munic\u00edpio. - MsConectado","isPartOf":{"@id":"https:\/\/msconectado.com.br\/#website"},"primaryImageOfPage":{"@id":"https:\/\/msconectado.com.br\/?p=22351#primaryimage"},"image":{"@id":"https:\/\/msconectado.com.br\/?p=22351#primaryimage"},"thumbnailUrl":"https:\/\/msconectado.com.br\/wp-content\/uploads\/2024\/05\/image-55.png","datePublished":"2024-05-31T00:33:34+00:00","dateModified":"2024-05-31T00:33:36+00:00","breadcrumb":{"@id":"https:\/\/msconectado.com.br\/?p=22351#breadcrumb"},"inLanguage":"pt-BR","potentialAction":[{"@type":"ReadAction","target":["https:\/\/msconectado.com.br\/?p=22351"]}]},{"@type":"ImageObject","inLanguage":"pt-BR","@id":"https:\/\/msconectado.com.br\/?p=22351#primaryimage","url":"https:\/\/msconectado.com.br\/wp-content\/uploads\/2024\/05\/image-55.png","contentUrl":"https:\/\/msconectado.com.br\/wp-content\/uploads\/2024\/05\/image-55.png","width":1600,"height":1066},{"@type":"BreadcrumbList","@id":"https:\/\/msconectado.com.br\/?p=22351#breadcrumb","itemListElement":[{"@type":"ListItem","position":1,"name":"In\u00edcio","item":"https:\/\/msconectado.com.br\/"},{"@type":"ListItem","position":2,"name":"Vereador Jo\u00e3o Rocha comenta sobre a import\u00e2ncia de programas habitacionais no munic\u00edpio."}]},{"@type":"WebSite","@id":"https:\/\/msconectado.com.br\/#website","url":"https:\/\/msconectado.com.br\/","name":"MsConectado","description":"Voc\u00ea Conectado com a Not\u00edcia!","publisher":{"@id":"https:\/\/msconectado.com.br\/#organization"},"potentialAction":[{"@type":"SearchAction","target":{"@type":"EntryPoint","urlTemplate":"https:\/\/msconectado.com.br\/?s={search_term_string}"},"query-input":{"@type":"PropertyValueSpecification","valueRequired":true,"valueName":"search_term_string"}}],"inLanguage":"pt-BR"},{"@type":"Organization","@id":"https:\/\/msconectado.com.br\/#organization","name":"MsConectado","url":"https:\/\/msconectado.com.br\/","logo":{"@type":"ImageObject","inLanguage":"pt-BR","@id":"https:\/\/msconectado.com.br\/#\/schema\/logo\/image\/","url":"https:\/\/msconectado.com.br\/wp-content\/uploads\/2023\/01\/cropped-noticia-2.png","contentUrl":"https:\/\/msconectado.com.br\/wp-content\/uploads\/2023\/01\/cropped-noticia-2.png","width":720,"height":157,"caption":"MsConectado"},"image":{"@id":"https:\/\/msconectado.com.br\/#\/schema\/logo\/image\/"}},{"@type":"Person","@id":"https:\/\/msconectado.com.br\/#\/schema\/person\/e5585545b5687092f1041d350b6e2c16","name":"MsConectado","image":{"@type":"ImageObject","inLanguage":"pt-BR","@id":"https:\/\/secure.gravatar.com\/avatar\/3b4f84a0a8a4380ac4431fa79981d073692380c5da00ae97596e794ab0db5c8c?s=96&d=mm&r=g","url":"https:\/\/secure.gravatar.com\/avatar\/3b4f84a0a8a4380ac4431fa79981d073692380c5da00ae97596e794ab0db5c8c?s=96&d=mm&r=g","contentUrl":"https:\/\/secure.gravatar.com\/avatar\/3b4f84a0a8a4380ac4431fa79981d073692380c5da00ae97596e794ab0db5c8c?s=96&d=mm&r=g","caption":"MsConectado"},"url":"https:\/\/msconectado.com.br\/?author=2"}]}},"_links":{"self":[{"href":"https:\/\/msconectado.com.br\/index.php?rest_route=\/wp\/v2\/posts\/22351","targetHints":{"allow":["GET"]}}],"collection":[{"href":"https:\/\/msconectado.com.br\/index.php?rest_route=\/wp\/v2\/posts"}],"about":[{"href":"https:\/\/msconectado.com.br\/index.php?rest_route=\/wp\/v2\/types\/post"}],"author":[{"embeddable":true,"href":"https:\/\/msconectado.com.br\/index.php?rest_route=\/wp\/v2\/users\/2"}],"replies":[{"embeddable":true,"href":"https:\/\/msconectado.com.br\/index.php?rest_route=%2Fwp%2Fv2%2Fcomments&post=22351"}],"version-history":[{"count":1,"href":"https:\/\/msconectado.com.br\/index.php?rest_route=\/wp\/v2\/posts\/22351\/revisions"}],"predecessor-version":[{"id":22353,"href":"https:\/\/msconectado.com.br\/index.php?rest_route=\/wp\/v2\/posts\/22351\/revisions\/22353"}],"wp:featuredmedia":[{"embeddable":true,"href":"https:\/\/msconectado.com.br\/index.php?rest_route=\/wp\/v2\/media\/22352"}],"wp:attachment":[{"href":"https:\/\/msconectado.com.br\/index.php?rest_route=%2Fwp%2Fv2%2Fmedia&parent=22351"}],"wp:term":[{"taxonomy":"category","embeddable":true,"href":"https:\/\/msconectado.com.br\/index.php?rest_route=%2Fwp%2Fv2%2Fcategories&post=22351"},{"taxonomy":"post_tag","embeddable":true,"href":"https:\/\/msconectado.com.br\/index.php?rest_route=%2Fwp%2Fv2%2Ftags&post=22351"}],"curies":[{"name":"wp","href":"https:\/\/api.w.org\/{rel}","templated":true}]}}