{"id":22681,"date":"2024-07-01T18:48:23","date_gmt":"2024-07-01T18:48:23","guid":{"rendered":"https:\/\/msconectado.com.br\/?p=22681"},"modified":"2024-07-01T18:48:25","modified_gmt":"2024-07-01T18:48:25","slug":"com-boa-gestao-maracaju-e-contemplada-com-emendas-parlamentares-de-diversos-deputados-estaduais","status":"publish","type":"post","link":"https:\/\/msconectado.com.br\/?p=22681","title":{"rendered":"Com boa gest\u00e3o, Maracaju \u00e9 contemplada com emendas parlamentares de diversos deputados estaduais."},"content":{"rendered":"\n<p><strong>Somente ao munic\u00edpio foram 850 mil reais, aplicando em \u00e1reas de sa\u00fade, educa\u00e7\u00e3o e outros, al\u00e9m disso, entidades da cidade receber\u00e3o o montante de R$ 600.000,00<\/strong><\/p>\n\n\n\n<p>O Governo do Estado autorizou a libera\u00e7\u00e3o de R$ 72 milh\u00f5es por meio de emendas parlamentares para beneficiar entidades sem fins lucrativos, hospitais e as 79 cidades do Estado. Estes recursos ser\u00e3o direcionados para sa\u00fade, educa\u00e7\u00e3o, assist\u00eancia social, esporte, agricultura familiar e cultura.<\/p>\n\n\n<div class=\"wp-block-image\">\n<figure class=\"aligncenter size-large\"><img fetchpriority=\"high\" decoding=\"async\" width=\"1024\" height=\"682\" src=\"https:\/\/msconectado.com.br\/wp-content\/uploads\/2024\/07\/image-4-1024x682.png\" alt=\"\" class=\"wp-image-22684\" srcset=\"https:\/\/msconectado.com.br\/wp-content\/uploads\/2024\/07\/image-4-1024x682.png 1024w, https:\/\/msconectado.com.br\/wp-content\/uploads\/2024\/07\/image-4-300x200.png 300w, https:\/\/msconectado.com.br\/wp-content\/uploads\/2024\/07\/image-4-768x512.png 768w, https:\/\/msconectado.com.br\/wp-content\/uploads\/2024\/07\/image-4-360x240.png 360w, https:\/\/msconectado.com.br\/wp-content\/uploads\/2024\/07\/image-4.png 1181w\" sizes=\"(max-width: 1024px) 100vw, 1024px\" \/><\/figure>\n<\/div>\n\n\n<p>As emendas foram indicadas pelos 24 deputados estaduais. Cada parlamentar teve a sua disposi\u00e7\u00e3o R$ 3 milh\u00f5es para direcionar aos setores. Neste ano o Governo do Estado aumentou o valor de R$ 48 milh\u00f5es para 72 (milh\u00f5es). Ao todo foram 923 (emendas) individuais e duas coletivas. A solenidade ocorreu nesta ter\u00e7a-feira (25), na Assembleia Legislativa.<\/p>\n\n\n\n<p>Com boa gest\u00e3o financeira, Maracaju foi contemplado com 850 mil reais em recursos, indicados por diversos deputados, estando representando pela Secret\u00e1ria Municipal de Governo, Cl\u00e9o Wosniak e o Presidente da C\u00e2mara, Robert Ziemann, presentes no evento.<\/p>\n\n\n\n<p>\u201c<em>Aproveitamos a oportunidade para expressar nossa gratid\u00e3o pelo apoio e carinho dos deputados com Maracaju. Gra\u00e7as \u00e0 colabora\u00e7\u00e3o dos nossos vereadores, asseguramos um total de R$ 850.000,00 em emendas parlamentares para a nossa cidade<\/em>.\u201d Afirmou Cl\u00e9o Wosniak que no ato representou o Prefeito de Maracaju, Marcos Calderan.<\/p>\n\n\n\n<p><strong>CONFIRA QUAIS DEPUTADOS COLABORARAM COM MARACAJU<\/strong><\/p>\n\n\n\n<p>Repasses ao munic\u00edpio:<\/p>\n\n\n\n<p>\u00b7&nbsp;&nbsp; &nbsp;&nbsp;&nbsp;&nbsp; Paulo Corr\u00eaa: R$ 100.000,00<\/p>\n\n\n\n<p>\u00b7&nbsp;&nbsp; &nbsp;&nbsp;&nbsp;&nbsp; Z\u00e9 Teixeira: R$ 50.000,00<\/p>\n\n\n\n<p>\u00b7&nbsp;&nbsp; &nbsp;&nbsp;&nbsp;&nbsp; Renato C\u00e2mara: R$ 50.000,00<\/p>\n\n\n\n<p>\u00b7&nbsp;&nbsp; &nbsp;&nbsp;&nbsp;&nbsp; Pedro Pedrossian Neto: R$ 100.000,00<\/p>\n\n\n\n<p>\u00b7&nbsp;&nbsp; &nbsp;&nbsp;&nbsp;&nbsp; Jo\u00e3o Henrique Catan: R$ 50.000,00<\/p>\n\n\n\n<p>\u00b7&nbsp;&nbsp; &nbsp;&nbsp;&nbsp;&nbsp; Antonio Vaz Neto: R$ 50.000,00<\/p>\n\n\n\n<p>\u00b7&nbsp;&nbsp; &nbsp;&nbsp;&nbsp;&nbsp; Coronel David: R$ 100.000,00<\/p>\n\n\n\n<p>\u00b7&nbsp;&nbsp; &nbsp;&nbsp;&nbsp;&nbsp; Pedro Arlei Caravina: R$ 100.000,00<\/p>\n\n\n\n<p>\u00b7&nbsp;&nbsp; &nbsp;&nbsp;&nbsp;&nbsp; Lucas de Lima: R$100.000,00<\/p>\n\n\n\n<p>\u00b7&nbsp;&nbsp; &nbsp;&nbsp;&nbsp;&nbsp; Mara Caseiro: R$ 150.000,00<\/p>\n\n\n\n<p>Total: R$ 850.000,00<\/p>\n\n\n\n<p><strong>Repasses a entidades:<\/strong><\/p>\n\n\n\n<p>\u00b7&nbsp;&nbsp; &nbsp;&nbsp;&nbsp;&nbsp; Jamilson Lopes Name &#8211; R$ 100.000,00 (Viva Vida)<\/p>\n\n\n\n<p>\u00b7&nbsp;&nbsp; &nbsp;&nbsp;&nbsp;&nbsp; Mara Caseiro &#8211; R$ 200.000,00 (Instituto Pequeno Cidad\u00e3o)<\/p>\n\n\n\n<p>\u00b7&nbsp;&nbsp; &nbsp;&nbsp;&nbsp;&nbsp; Mara Caseiro &#8211; R$ 100.000,00 (Projeto Atitude Social)<\/p>\n\n\n\n<p>\u00b7&nbsp;&nbsp; &nbsp;&nbsp;&nbsp;&nbsp; Z\u00e9 Teixeira &#8211; R$ 200.000,00 (Associa\u00e7\u00e3o For\u00e7a do Amor)<\/p>\n\n\n\n<p>Total: R$ 600.000,00<\/p>\n\n\n\n<p>Total de repasse a Maracaju: R$ 1.450.000,00<\/p>\n\n\n\n<p>Assessoria<\/p>\n\n\n<div class=\"wp-block-image\">\n<figure class=\"aligncenter size-full\"><img decoding=\"async\" width=\"900\" height=\"100\" src=\"https:\/\/msconectado.com.br\/wp-content\/uploads\/2024\/06\/ezgif.com-animated-gif-maker.gif\" alt=\"\" class=\"wp-image-22521\"\/><\/figure>\n<\/div>","protected":false},"excerpt":{"rendered":"<p>Somente ao munic\u00edpio foram 850 mil reais, aplicando em \u00e1reas de sa\u00fade, educa\u00e7\u00e3o e outros, al\u00e9m disso, entidades da cidade receber\u00e3o o montante de R$ 600.000,00 O Governo do Estado autorizou a libera\u00e7\u00e3o de R$ 72 milh\u00f5es por meio de emendas parlamentares para beneficiar entidades sem fins lucrativos, hospitais e as 79 cidades do Estado. [&hellip;]<\/p>\n","protected":false},"author":2,"featured_media":22682,"comment_status":"open","ping_status":"closed","sticky":false,"template":"","format":"standard","meta":{"footnotes":""},"categories":[38,33],"tags":[],"class_list":["post-22681","post","type-post","status-publish","format-standard","has-post-thumbnail","hentry","category-assembleia-legislativa","category-politica"],"yoast_head":"<!-- This site is optimized with the Yoast SEO plugin v27.5 - https:\/\/yoast.com\/product\/yoast-seo-wordpress\/ -->\n<title>Com boa gest\u00e3o, Maracaju \u00e9 contemplada com emendas parlamentares de diversos deputados estaduais. - MsConectado<\/title>\n<meta name=\"robots\" content=\"index, follow, max-snippet:-1, max-image-preview:large, max-video-preview:-1\" \/>\n<link rel=\"canonical\" href=\"https:\/\/msconectado.com.br\/?p=22681\" \/>\n<meta property=\"og:locale\" content=\"pt_BR\" \/>\n<meta property=\"og:type\" content=\"article\" \/>\n<meta property=\"og:title\" content=\"Com boa gest\u00e3o, Maracaju \u00e9 contemplada com emendas parlamentares de diversos deputados estaduais. - MsConectado\" \/>\n<meta property=\"og:description\" content=\"Somente ao munic\u00edpio foram 850 mil reais, aplicando em \u00e1reas de sa\u00fade, educa\u00e7\u00e3o e outros, al\u00e9m disso, entidades da cidade receber\u00e3o o montante de R$ 600.000,00 O Governo do Estado autorizou a libera\u00e7\u00e3o de R$ 72 milh\u00f5es por meio de emendas parlamentares para beneficiar entidades sem fins lucrativos, hospitais e as 79 cidades do Estado. [&hellip;]\" \/>\n<meta property=\"og:url\" content=\"https:\/\/msconectado.com.br\/?p=22681\" \/>\n<meta property=\"og:site_name\" content=\"MsConectado\" \/>\n<meta property=\"article:published_time\" content=\"2024-07-01T18:48:23+00:00\" \/>\n<meta property=\"article:modified_time\" content=\"2024-07-01T18:48:25+00:00\" \/>\n<meta property=\"og:image\" content=\"https:\/\/msconectado.com.br\/wp-content\/uploads\/2024\/07\/image-1024x682.png\" \/>\n\t<meta property=\"og:image:width\" content=\"1024\" \/>\n\t<meta property=\"og:image:height\" content=\"682\" \/>\n\t<meta property=\"og:image:type\" content=\"image\/png\" \/>\n<meta name=\"author\" content=\"MsConectado\" \/>\n<meta name=\"twitter:card\" content=\"summary_large_image\" \/>\n<meta name=\"twitter:label1\" content=\"Escrito por\" \/>\n\t<meta name=\"twitter:data1\" content=\"MsConectado\" \/>\n\t<meta name=\"twitter:label2\" content=\"Est. tempo de leitura\" \/>\n\t<meta name=\"twitter:data2\" content=\"3 minutos\" \/>\n<script type=\"application\/ld+json\" class=\"yoast-schema-graph\">{\"@context\":\"https:\\\/\\\/schema.org\",\"@graph\":[{\"@type\":\"Article\",\"@id\":\"https:\\\/\\\/msconectado.com.br\\\/?p=22681#article\",\"isPartOf\":{\"@id\":\"https:\\\/\\\/msconectado.com.br\\\/?p=22681\"},\"author\":{\"name\":\"MsConectado\",\"@id\":\"https:\\\/\\\/msconectado.com.br\\\/#\\\/schema\\\/person\\\/e5585545b5687092f1041d350b6e2c16\"},\"headline\":\"Com boa gest\u00e3o, Maracaju \u00e9 contemplada com emendas parlamentares de diversos deputados estaduais.\",\"datePublished\":\"2024-07-01T18:48:23+00:00\",\"dateModified\":\"2024-07-01T18:48:25+00:00\",\"mainEntityOfPage\":{\"@id\":\"https:\\\/\\\/msconectado.com.br\\\/?p=22681\"},\"wordCount\":409,\"commentCount\":0,\"publisher\":{\"@id\":\"https:\\\/\\\/msconectado.com.br\\\/#organization\"},\"image\":{\"@id\":\"https:\\\/\\\/msconectado.com.br\\\/?p=22681#primaryimage\"},\"thumbnailUrl\":\"https:\\\/\\\/msconectado.com.br\\\/wp-content\\\/uploads\\\/2024\\\/07\\\/image.png\",\"articleSection\":[\"Assembleia Legislativa\",\"Pol\u00edtica\"],\"inLanguage\":\"pt-BR\",\"potentialAction\":[{\"@type\":\"CommentAction\",\"name\":\"Comment\",\"target\":[\"https:\\\/\\\/msconectado.com.br\\\/?p=22681#respond\"]}]},{\"@type\":\"WebPage\",\"@id\":\"https:\\\/\\\/msconectado.com.br\\\/?p=22681\",\"url\":\"https:\\\/\\\/msconectado.com.br\\\/?p=22681\",\"name\":\"Com boa gest\u00e3o, Maracaju \u00e9 contemplada com emendas parlamentares de diversos deputados estaduais. - MsConectado\",\"isPartOf\":{\"@id\":\"https:\\\/\\\/msconectado.com.br\\\/#website\"},\"primaryImageOfPage\":{\"@id\":\"https:\\\/\\\/msconectado.com.br\\\/?p=22681#primaryimage\"},\"image\":{\"@id\":\"https:\\\/\\\/msconectado.com.br\\\/?p=22681#primaryimage\"},\"thumbnailUrl\":\"https:\\\/\\\/msconectado.com.br\\\/wp-content\\\/uploads\\\/2024\\\/07\\\/image.png\",\"datePublished\":\"2024-07-01T18:48:23+00:00\",\"dateModified\":\"2024-07-01T18:48:25+00:00\",\"breadcrumb\":{\"@id\":\"https:\\\/\\\/msconectado.com.br\\\/?p=22681#breadcrumb\"},\"inLanguage\":\"pt-BR\",\"potentialAction\":[{\"@type\":\"ReadAction\",\"target\":[\"https:\\\/\\\/msconectado.com.br\\\/?p=22681\"]}]},{\"@type\":\"ImageObject\",\"inLanguage\":\"pt-BR\",\"@id\":\"https:\\\/\\\/msconectado.com.br\\\/?p=22681#primaryimage\",\"url\":\"https:\\\/\\\/msconectado.com.br\\\/wp-content\\\/uploads\\\/2024\\\/07\\\/image.png\",\"contentUrl\":\"https:\\\/\\\/msconectado.com.br\\\/wp-content\\\/uploads\\\/2024\\\/07\\\/image.png\",\"width\":1181,\"height\":787},{\"@type\":\"BreadcrumbList\",\"@id\":\"https:\\\/\\\/msconectado.com.br\\\/?p=22681#breadcrumb\",\"itemListElement\":[{\"@type\":\"ListItem\",\"position\":1,\"name\":\"In\u00edcio\",\"item\":\"https:\\\/\\\/msconectado.com.br\\\/?page_id=105\"},{\"@type\":\"ListItem\",\"position\":2,\"name\":\"Com boa gest\u00e3o, Maracaju \u00e9 contemplada com emendas parlamentares de diversos deputados estaduais.\"}]},{\"@type\":\"WebSite\",\"@id\":\"https:\\\/\\\/msconectado.com.br\\\/#website\",\"url\":\"https:\\\/\\\/msconectado.com.br\\\/\",\"name\":\"MsConectado\",\"description\":\"Voc\u00ea Conectado com a Not\u00edcia!\",\"publisher\":{\"@id\":\"https:\\\/\\\/msconectado.com.br\\\/#organization\"},\"potentialAction\":[{\"@type\":\"SearchAction\",\"target\":{\"@type\":\"EntryPoint\",\"urlTemplate\":\"https:\\\/\\\/msconectado.com.br\\\/?s={search_term_string}\"},\"query-input\":{\"@type\":\"PropertyValueSpecification\",\"valueRequired\":true,\"valueName\":\"search_term_string\"}}],\"inLanguage\":\"pt-BR\"},{\"@type\":\"Organization\",\"@id\":\"https:\\\/\\\/msconectado.com.br\\\/#organization\",\"name\":\"MsConectado\",\"url\":\"https:\\\/\\\/msconectado.com.br\\\/\",\"logo\":{\"@type\":\"ImageObject\",\"inLanguage\":\"pt-BR\",\"@id\":\"https:\\\/\\\/msconectado.com.br\\\/#\\\/schema\\\/logo\\\/image\\\/\",\"url\":\"https:\\\/\\\/msconectado.com.br\\\/wp-content\\\/uploads\\\/2023\\\/01\\\/cropped-noticia-2.png\",\"contentUrl\":\"https:\\\/\\\/msconectado.com.br\\\/wp-content\\\/uploads\\\/2023\\\/01\\\/cropped-noticia-2.png\",\"width\":720,\"height\":157,\"caption\":\"MsConectado\"},\"image\":{\"@id\":\"https:\\\/\\\/msconectado.com.br\\\/#\\\/schema\\\/logo\\\/image\\\/\"}},{\"@type\":\"Person\",\"@id\":\"https:\\\/\\\/msconectado.com.br\\\/#\\\/schema\\\/person\\\/e5585545b5687092f1041d350b6e2c16\",\"name\":\"MsConectado\",\"image\":{\"@type\":\"ImageObject\",\"inLanguage\":\"pt-BR\",\"@id\":\"https:\\\/\\\/secure.gravatar.com\\\/avatar\\\/3b4f84a0a8a4380ac4431fa79981d073692380c5da00ae97596e794ab0db5c8c?s=96&d=mm&r=g\",\"url\":\"https:\\\/\\\/secure.gravatar.com\\\/avatar\\\/3b4f84a0a8a4380ac4431fa79981d073692380c5da00ae97596e794ab0db5c8c?s=96&d=mm&r=g\",\"contentUrl\":\"https:\\\/\\\/secure.gravatar.com\\\/avatar\\\/3b4f84a0a8a4380ac4431fa79981d073692380c5da00ae97596e794ab0db5c8c?s=96&d=mm&r=g\",\"caption\":\"MsConectado\"},\"url\":\"https:\\\/\\\/msconectado.com.br\\\/?author=2\"}]}<\/script>\n<!-- \/ Yoast SEO plugin. -->","yoast_head_json":{"title":"Com boa gest\u00e3o, Maracaju \u00e9 contemplada com emendas parlamentares de diversos deputados estaduais. - MsConectado","robots":{"index":"index","follow":"follow","max-snippet":"max-snippet:-1","max-image-preview":"max-image-preview:large","max-video-preview":"max-video-preview:-1"},"canonical":"https:\/\/msconectado.com.br\/?p=22681","og_locale":"pt_BR","og_type":"article","og_title":"Com boa gest\u00e3o, Maracaju \u00e9 contemplada com emendas parlamentares de diversos deputados estaduais. - MsConectado","og_description":"Somente ao munic\u00edpio foram 850 mil reais, aplicando em \u00e1reas de sa\u00fade, educa\u00e7\u00e3o e outros, al\u00e9m disso, entidades da cidade receber\u00e3o o montante de R$ 600.000,00 O Governo do Estado autorizou a libera\u00e7\u00e3o de R$ 72 milh\u00f5es por meio de emendas parlamentares para beneficiar entidades sem fins lucrativos, hospitais e as 79 cidades do Estado. [&hellip;]","og_url":"https:\/\/msconectado.com.br\/?p=22681","og_site_name":"MsConectado","article_published_time":"2024-07-01T18:48:23+00:00","article_modified_time":"2024-07-01T18:48:25+00:00","og_image":[{"width":1024,"height":682,"url":"https:\/\/msconectado.com.br\/wp-content\/uploads\/2024\/07\/image-1024x682.png","type":"image\/png"}],"author":"MsConectado","twitter_card":"summary_large_image","twitter_misc":{"Escrito por":"MsConectado","Est. tempo de leitura":"3 minutos"},"schema":{"@context":"https:\/\/schema.org","@graph":[{"@type":"Article","@id":"https:\/\/msconectado.com.br\/?p=22681#article","isPartOf":{"@id":"https:\/\/msconectado.com.br\/?p=22681"},"author":{"name":"MsConectado","@id":"https:\/\/msconectado.com.br\/#\/schema\/person\/e5585545b5687092f1041d350b6e2c16"},"headline":"Com boa gest\u00e3o, Maracaju \u00e9 contemplada com emendas parlamentares de diversos deputados estaduais.","datePublished":"2024-07-01T18:48:23+00:00","dateModified":"2024-07-01T18:48:25+00:00","mainEntityOfPage":{"@id":"https:\/\/msconectado.com.br\/?p=22681"},"wordCount":409,"commentCount":0,"publisher":{"@id":"https:\/\/msconectado.com.br\/#organization"},"image":{"@id":"https:\/\/msconectado.com.br\/?p=22681#primaryimage"},"thumbnailUrl":"https:\/\/msconectado.com.br\/wp-content\/uploads\/2024\/07\/image.png","articleSection":["Assembleia Legislativa","Pol\u00edtica"],"inLanguage":"pt-BR","potentialAction":[{"@type":"CommentAction","name":"Comment","target":["https:\/\/msconectado.com.br\/?p=22681#respond"]}]},{"@type":"WebPage","@id":"https:\/\/msconectado.com.br\/?p=22681","url":"https:\/\/msconectado.com.br\/?p=22681","name":"Com boa gest\u00e3o, Maracaju \u00e9 contemplada com emendas parlamentares de diversos deputados estaduais. - MsConectado","isPartOf":{"@id":"https:\/\/msconectado.com.br\/#website"},"primaryImageOfPage":{"@id":"https:\/\/msconectado.com.br\/?p=22681#primaryimage"},"image":{"@id":"https:\/\/msconectado.com.br\/?p=22681#primaryimage"},"thumbnailUrl":"https:\/\/msconectado.com.br\/wp-content\/uploads\/2024\/07\/image.png","datePublished":"2024-07-01T18:48:23+00:00","dateModified":"2024-07-01T18:48:25+00:00","breadcrumb":{"@id":"https:\/\/msconectado.com.br\/?p=22681#breadcrumb"},"inLanguage":"pt-BR","potentialAction":[{"@type":"ReadAction","target":["https:\/\/msconectado.com.br\/?p=22681"]}]},{"@type":"ImageObject","inLanguage":"pt-BR","@id":"https:\/\/msconectado.com.br\/?p=22681#primaryimage","url":"https:\/\/msconectado.com.br\/wp-content\/uploads\/2024\/07\/image.png","contentUrl":"https:\/\/msconectado.com.br\/wp-content\/uploads\/2024\/07\/image.png","width":1181,"height":787},{"@type":"BreadcrumbList","@id":"https:\/\/msconectado.com.br\/?p=22681#breadcrumb","itemListElement":[{"@type":"ListItem","position":1,"name":"In\u00edcio","item":"https:\/\/msconectado.com.br\/?page_id=105"},{"@type":"ListItem","position":2,"name":"Com boa gest\u00e3o, Maracaju \u00e9 contemplada com emendas parlamentares de diversos deputados estaduais."}]},{"@type":"WebSite","@id":"https:\/\/msconectado.com.br\/#website","url":"https:\/\/msconectado.com.br\/","name":"MsConectado","description":"Voc\u00ea Conectado com a Not\u00edcia!","publisher":{"@id":"https:\/\/msconectado.com.br\/#organization"},"potentialAction":[{"@type":"SearchAction","target":{"@type":"EntryPoint","urlTemplate":"https:\/\/msconectado.com.br\/?s={search_term_string}"},"query-input":{"@type":"PropertyValueSpecification","valueRequired":true,"valueName":"search_term_string"}}],"inLanguage":"pt-BR"},{"@type":"Organization","@id":"https:\/\/msconectado.com.br\/#organization","name":"MsConectado","url":"https:\/\/msconectado.com.br\/","logo":{"@type":"ImageObject","inLanguage":"pt-BR","@id":"https:\/\/msconectado.com.br\/#\/schema\/logo\/image\/","url":"https:\/\/msconectado.com.br\/wp-content\/uploads\/2023\/01\/cropped-noticia-2.png","contentUrl":"https:\/\/msconectado.com.br\/wp-content\/uploads\/2023\/01\/cropped-noticia-2.png","width":720,"height":157,"caption":"MsConectado"},"image":{"@id":"https:\/\/msconectado.com.br\/#\/schema\/logo\/image\/"}},{"@type":"Person","@id":"https:\/\/msconectado.com.br\/#\/schema\/person\/e5585545b5687092f1041d350b6e2c16","name":"MsConectado","image":{"@type":"ImageObject","inLanguage":"pt-BR","@id":"https:\/\/secure.gravatar.com\/avatar\/3b4f84a0a8a4380ac4431fa79981d073692380c5da00ae97596e794ab0db5c8c?s=96&d=mm&r=g","url":"https:\/\/secure.gravatar.com\/avatar\/3b4f84a0a8a4380ac4431fa79981d073692380c5da00ae97596e794ab0db5c8c?s=96&d=mm&r=g","contentUrl":"https:\/\/secure.gravatar.com\/avatar\/3b4f84a0a8a4380ac4431fa79981d073692380c5da00ae97596e794ab0db5c8c?s=96&d=mm&r=g","caption":"MsConectado"},"url":"https:\/\/msconectado.com.br\/?author=2"}]}},"_links":{"self":[{"href":"https:\/\/msconectado.com.br\/index.php?rest_route=\/wp\/v2\/posts\/22681","targetHints":{"allow":["GET"]}}],"collection":[{"href":"https:\/\/msconectado.com.br\/index.php?rest_route=\/wp\/v2\/posts"}],"about":[{"href":"https:\/\/msconectado.com.br\/index.php?rest_route=\/wp\/v2\/types\/post"}],"author":[{"embeddable":true,"href":"https:\/\/msconectado.com.br\/index.php?rest_route=\/wp\/v2\/users\/2"}],"replies":[{"embeddable":true,"href":"https:\/\/msconectado.com.br\/index.php?rest_route=%2Fwp%2Fv2%2Fcomments&post=22681"}],"version-history":[{"count":1,"href":"https:\/\/msconectado.com.br\/index.php?rest_route=\/wp\/v2\/posts\/22681\/revisions"}],"predecessor-version":[{"id":22685,"href":"https:\/\/msconectado.com.br\/index.php?rest_route=\/wp\/v2\/posts\/22681\/revisions\/22685"}],"wp:featuredmedia":[{"embeddable":true,"href":"https:\/\/msconectado.com.br\/index.php?rest_route=\/wp\/v2\/media\/22682"}],"wp:attachment":[{"href":"https:\/\/msconectado.com.br\/index.php?rest_route=%2Fwp%2Fv2%2Fmedia&parent=22681"}],"wp:term":[{"taxonomy":"category","embeddable":true,"href":"https:\/\/msconectado.com.br\/index.php?rest_route=%2Fwp%2Fv2%2Fcategories&post=22681"},{"taxonomy":"post_tag","embeddable":true,"href":"https:\/\/msconectado.com.br\/index.php?rest_route=%2Fwp%2Fv2%2Ftags&post=22681"}],"curies":[{"name":"wp","href":"https:\/\/api.w.org\/{rel}","templated":true}]}}