
{"id":23204,"date":"2024-10-15T01:45:33","date_gmt":"2024-10-15T01:45:33","guid":{"rendered":"https:\/\/msconectado.com.br\/?p=23204"},"modified":"2024-10-15T12:35:04","modified_gmt":"2024-10-15T12:35:04","slug":"vereador-glaucio-cabreira-homenageia-instituto-guarda-mirim-ambiental-de-jardim","status":"publish","type":"post","link":"https:\/\/msconectado.com.br\/?p=23204","title":{"rendered":"Vereador Glaucio Cabreira homenageia Instituto Guarda Mirim Ambiental de Jardim"},"content":{"rendered":"\n<p>Durante a sess\u00e3o ordin\u00e1ria da C\u00e2mara Municipal de Jardim, realizada nesta ter\u00e7a-feira, 14 de outubro, o presidente do Poder Legislativo, Glaucio Cabreira (PSDB), apresentou uma Mo\u00e7\u00e3o de Congratula\u00e7\u00e3o e Aplausos ao Instituto Guarda Mirim Ambiental de Jardim. Em homenagem, dirigida ao Diretor Nisroque Soares, relatou o excelente trabalho da equipe na identifica\u00e7\u00e3o e realoca\u00e7\u00e3o de peixes de um po\u00e7o isolado do rio, onde uma grande quantidade de peixes estava morrendo devido \u00e0 falta de oxig\u00eanio.<\/p>\n\n\n\n<p>Na justificativa da a\u00e7\u00e3o, o vereador Glaucio Cabreira destacou o comprometimento e a organiza\u00e7\u00e3o do Instituto, que ap\u00f3s monitoramento do local, formou uma for\u00e7a-tarefa para a a\u00e7\u00e3o de resgate. A opera\u00e7\u00e3o teve in\u00edcio no dia 30 de setembro, com reconhecimento e an\u00e1lise da situa\u00e7\u00e3o. Nos dias 01 a 03 de outubro, as institui\u00e7\u00f5es envolvidas realizaram a montagem da necessidade log\u00edstica, promoveram a oxigena\u00e7\u00e3o do po\u00e7o e, finalmente, efetuaram a realoca\u00e7\u00e3o de mais de 350 peixes para um trecho do rio onde o fluxo h\u00eddrico segue no<\/p>\n\n\n\n<p>\u201cFoi um trabalho exemplar, que mostra o compromisso dessas institui\u00e7\u00f5es com a preserva\u00e7\u00e3o do meio ambiente e a vida aqu\u00e1tica. A atua\u00e7\u00e3o r\u00e1pida e coordenada garantiu a sobreviv\u00eancia de centenas de peixes e a manuten\u00e7\u00e3o do equil\u00edbrio ecol\u00f3gico da regi\u00e3o\u201d, afirmou Glaucio Cabreira.<\/p>\n\n\n\n<p>O vereador tamb\u00e9m estendeu os cumprimentos aos parceiros que participaram da a\u00e7\u00e3o, incluindo a Promotoria P\u00fablica, Pol\u00edcia Militar Ambiental, Instituto Homem Pantaneiro, Amigos do Rio da Prata, Recanto Ecol\u00f3gico Rio da Prata, Instituto de Apoio \u00e0 Pesquisa e Educa\u00e7\u00e3o Ambiental (IASB), e a Universidade Estadual de Mato Grosso do Sul (UEMS) de Jardim. Cabreira ressaltou que o esfor\u00e7o coletivo e a dedica\u00e7\u00e3o das institui\u00e7\u00f5es foram fundamentais para o sucesso da iniciativa, em benef\u00edcio da natureza e da comunidade local.<\/p>\n\n\n<div class=\"wp-block-image\">\n<figure class=\"aligncenter size-full\"><img fetchpriority=\"high\" decoding=\"async\" width=\"440\" height=\"270\" src=\"https:\/\/msconectado.com.br\/wp-content\/uploads\/2024\/10\/image-8.png\" alt=\"\" class=\"wp-image-23211\" srcset=\"https:\/\/msconectado.com.br\/wp-content\/uploads\/2024\/10\/image-8.png 440w, https:\/\/msconectado.com.br\/wp-content\/uploads\/2024\/10\/image-8-300x184.png 300w\" sizes=\"(max-width: 440px) 100vw, 440px\" \/><\/figure>\n<\/div>\n\n\n<p>Assessoria<\/p>\n\n\n<div class=\"wp-block-image\">\n<figure class=\"aligncenter size-full\"><img decoding=\"async\" width=\"900\" height=\"100\" src=\"https:\/\/msconectado.com.br\/wp-content\/uploads\/2024\/10\/CASTIN1.png\" alt=\"\" class=\"wp-image-23145\" srcset=\"https:\/\/msconectado.com.br\/wp-content\/uploads\/2024\/10\/CASTIN1.png 900w, https:\/\/msconectado.com.br\/wp-content\/uploads\/2024\/10\/CASTIN1-300x33.png 300w, https:\/\/msconectado.com.br\/wp-content\/uploads\/2024\/10\/CASTIN1-768x85.png 768w\" sizes=\"(max-width: 900px) 100vw, 900px\" \/><\/figure>\n<\/div>","protected":false},"excerpt":{"rendered":"<p>Durante a sess\u00e3o ordin\u00e1ria da C\u00e2mara Municipal de Jardim, realizada nesta ter\u00e7a-feira, 14 de outubro, o presidente do Poder Legislativo, Glaucio Cabreira (PSDB), apresentou uma Mo\u00e7\u00e3o de Congratula\u00e7\u00e3o e Aplausos ao Instituto Guarda Mirim Ambiental de Jardim. Em homenagem, dirigida ao Diretor Nisroque Soares, relatou o excelente trabalho da equipe na identifica\u00e7\u00e3o e realoca\u00e7\u00e3o de [&hellip;]<\/p>\n","protected":false},"author":3,"featured_media":23217,"comment_status":"open","ping_status":"closed","sticky":false,"template":"","format":"standard","meta":{"footnotes":""},"categories":[34,1,33],"tags":[],"class_list":["post-23204","post","type-post","status-publish","format-standard","has-post-thumbnail","hentry","category-comercio","category-noticia","category-politica"],"yoast_head":"<!-- This site is optimized with the Yoast SEO plugin v27.5 - https:\/\/yoast.com\/product\/yoast-seo-wordpress\/ -->\n<title>Vereador Glaucio Cabreira homenageia Instituto Guarda Mirim Ambiental de Jardim - MsConectado<\/title>\n<meta name=\"robots\" content=\"index, follow, max-snippet:-1, max-image-preview:large, max-video-preview:-1\" \/>\n<link rel=\"canonical\" href=\"https:\/\/msconectado.com.br\/?p=23204\" \/>\n<meta property=\"og:locale\" content=\"pt_BR\" \/>\n<meta property=\"og:type\" content=\"article\" \/>\n<meta property=\"og:title\" content=\"Vereador Glaucio Cabreira homenageia Instituto Guarda Mirim Ambiental de Jardim - MsConectado\" \/>\n<meta property=\"og:description\" content=\"Durante a sess\u00e3o ordin\u00e1ria da C\u00e2mara Municipal de Jardim, realizada nesta ter\u00e7a-feira, 14 de outubro, o presidente do Poder Legislativo, Glaucio Cabreira (PSDB), apresentou uma Mo\u00e7\u00e3o de Congratula\u00e7\u00e3o e Aplausos ao Instituto Guarda Mirim Ambiental de Jardim. Em homenagem, dirigida ao Diretor Nisroque Soares, relatou o excelente trabalho da equipe na identifica\u00e7\u00e3o e realoca\u00e7\u00e3o de [&hellip;]\" \/>\n<meta property=\"og:url\" content=\"https:\/\/msconectado.com.br\/?p=23204\" \/>\n<meta property=\"og:site_name\" content=\"MsConectado\" \/>\n<meta property=\"article:published_time\" content=\"2024-10-15T01:45:33+00:00\" \/>\n<meta property=\"article:modified_time\" content=\"2024-10-15T12:35:04+00:00\" \/>\n<meta property=\"og:image\" content=\"https:\/\/msconectado.com.br\/wp-content\/uploads\/2024\/10\/68ebf42f-5498-4f7c-82d9-c56ac83aaec5-1.jpg\" \/>\n\t<meta property=\"og:image:width\" content=\"1349\" \/>\n\t<meta property=\"og:image:height\" content=\"1065\" \/>\n\t<meta property=\"og:image:type\" content=\"image\/jpeg\" \/>\n<meta name=\"author\" content=\"Jeferson\" \/>\n<meta name=\"twitter:card\" content=\"summary_large_image\" \/>\n<meta name=\"twitter:label1\" content=\"Escrito por\" \/>\n\t<meta name=\"twitter:data1\" content=\"Jeferson\" \/>\n\t<meta name=\"twitter:label2\" content=\"Est. tempo de leitura\" \/>\n\t<meta name=\"twitter:data2\" content=\"3 minutos\" \/>\n<script type=\"application\/ld+json\" class=\"yoast-schema-graph\">{\"@context\":\"https:\\\/\\\/schema.org\",\"@graph\":[{\"@type\":\"Article\",\"@id\":\"https:\\\/\\\/msconectado.com.br\\\/?p=23204#article\",\"isPartOf\":{\"@id\":\"https:\\\/\\\/msconectado.com.br\\\/?p=23204\"},\"author\":{\"name\":\"Jeferson\",\"@id\":\"https:\\\/\\\/msconectado.com.br\\\/#\\\/schema\\\/person\\\/feb123a95a93eebea36f0ed6a2e5ba48\"},\"headline\":\"Vereador Glaucio Cabreira homenageia Instituto Guarda Mirim Ambiental de Jardim\",\"datePublished\":\"2024-10-15T01:45:33+00:00\",\"dateModified\":\"2024-10-15T12:35:04+00:00\",\"mainEntityOfPage\":{\"@id\":\"https:\\\/\\\/msconectado.com.br\\\/?p=23204\"},\"wordCount\":332,\"commentCount\":0,\"publisher\":{\"@id\":\"https:\\\/\\\/msconectado.com.br\\\/#organization\"},\"image\":{\"@id\":\"https:\\\/\\\/msconectado.com.br\\\/?p=23204#primaryimage\"},\"thumbnailUrl\":\"https:\\\/\\\/msconectado.com.br\\\/wp-content\\\/uploads\\\/2024\\\/10\\\/68ebf42f-5498-4f7c-82d9-c56ac83aaec5-1.jpg\",\"articleSection\":[\"Com\u00e9rcio\",\"Not\u00edcia\",\"Pol\u00edtica\"],\"inLanguage\":\"pt-BR\",\"potentialAction\":[{\"@type\":\"CommentAction\",\"name\":\"Comment\",\"target\":[\"https:\\\/\\\/msconectado.com.br\\\/?p=23204#respond\"]}]},{\"@type\":\"WebPage\",\"@id\":\"https:\\\/\\\/msconectado.com.br\\\/?p=23204\",\"url\":\"https:\\\/\\\/msconectado.com.br\\\/?p=23204\",\"name\":\"Vereador Glaucio Cabreira homenageia Instituto Guarda Mirim Ambiental de Jardim - MsConectado\",\"isPartOf\":{\"@id\":\"https:\\\/\\\/msconectado.com.br\\\/#website\"},\"primaryImageOfPage\":{\"@id\":\"https:\\\/\\\/msconectado.com.br\\\/?p=23204#primaryimage\"},\"image\":{\"@id\":\"https:\\\/\\\/msconectado.com.br\\\/?p=23204#primaryimage\"},\"thumbnailUrl\":\"https:\\\/\\\/msconectado.com.br\\\/wp-content\\\/uploads\\\/2024\\\/10\\\/68ebf42f-5498-4f7c-82d9-c56ac83aaec5-1.jpg\",\"datePublished\":\"2024-10-15T01:45:33+00:00\",\"dateModified\":\"2024-10-15T12:35:04+00:00\",\"breadcrumb\":{\"@id\":\"https:\\\/\\\/msconectado.com.br\\\/?p=23204#breadcrumb\"},\"inLanguage\":\"pt-BR\",\"potentialAction\":[{\"@type\":\"ReadAction\",\"target\":[\"https:\\\/\\\/msconectado.com.br\\\/?p=23204\"]}]},{\"@type\":\"ImageObject\",\"inLanguage\":\"pt-BR\",\"@id\":\"https:\\\/\\\/msconectado.com.br\\\/?p=23204#primaryimage\",\"url\":\"https:\\\/\\\/msconectado.com.br\\\/wp-content\\\/uploads\\\/2024\\\/10\\\/68ebf42f-5498-4f7c-82d9-c56ac83aaec5-1.jpg\",\"contentUrl\":\"https:\\\/\\\/msconectado.com.br\\\/wp-content\\\/uploads\\\/2024\\\/10\\\/68ebf42f-5498-4f7c-82d9-c56ac83aaec5-1.jpg\",\"width\":1349,\"height\":1065},{\"@type\":\"BreadcrumbList\",\"@id\":\"https:\\\/\\\/msconectado.com.br\\\/?p=23204#breadcrumb\",\"itemListElement\":[{\"@type\":\"ListItem\",\"position\":1,\"name\":\"In\u00edcio\",\"item\":\"https:\\\/\\\/msconectado.com.br\\\/?page_id=105\"},{\"@type\":\"ListItem\",\"position\":2,\"name\":\"Vereador Glaucio Cabreira homenageia Instituto Guarda Mirim Ambiental de Jardim\"}]},{\"@type\":\"WebSite\",\"@id\":\"https:\\\/\\\/msconectado.com.br\\\/#website\",\"url\":\"https:\\\/\\\/msconectado.com.br\\\/\",\"name\":\"MsConectado\",\"description\":\"Voc\u00ea Conectado com a Not\u00edcia!\",\"publisher\":{\"@id\":\"https:\\\/\\\/msconectado.com.br\\\/#organization\"},\"potentialAction\":[{\"@type\":\"SearchAction\",\"target\":{\"@type\":\"EntryPoint\",\"urlTemplate\":\"https:\\\/\\\/msconectado.com.br\\\/?s={search_term_string}\"},\"query-input\":{\"@type\":\"PropertyValueSpecification\",\"valueRequired\":true,\"valueName\":\"search_term_string\"}}],\"inLanguage\":\"pt-BR\"},{\"@type\":\"Organization\",\"@id\":\"https:\\\/\\\/msconectado.com.br\\\/#organization\",\"name\":\"MsConectado\",\"url\":\"https:\\\/\\\/msconectado.com.br\\\/\",\"logo\":{\"@type\":\"ImageObject\",\"inLanguage\":\"pt-BR\",\"@id\":\"https:\\\/\\\/msconectado.com.br\\\/#\\\/schema\\\/logo\\\/image\\\/\",\"url\":\"https:\\\/\\\/msconectado.com.br\\\/wp-content\\\/uploads\\\/2023\\\/01\\\/cropped-noticia-2.png\",\"contentUrl\":\"https:\\\/\\\/msconectado.com.br\\\/wp-content\\\/uploads\\\/2023\\\/01\\\/cropped-noticia-2.png\",\"width\":720,\"height\":157,\"caption\":\"MsConectado\"},\"image\":{\"@id\":\"https:\\\/\\\/msconectado.com.br\\\/#\\\/schema\\\/logo\\\/image\\\/\"}},{\"@type\":\"Person\",\"@id\":\"https:\\\/\\\/msconectado.com.br\\\/#\\\/schema\\\/person\\\/feb123a95a93eebea36f0ed6a2e5ba48\",\"name\":\"Jeferson\",\"image\":{\"@type\":\"ImageObject\",\"inLanguage\":\"pt-BR\",\"@id\":\"https:\\\/\\\/secure.gravatar.com\\\/avatar\\\/e23e8901c88f0cdc0ad479ef7a39bf3e4c806344549c087c00b721a65549a328?s=96&d=mm&r=g\",\"url\":\"https:\\\/\\\/secure.gravatar.com\\\/avatar\\\/e23e8901c88f0cdc0ad479ef7a39bf3e4c806344549c087c00b721a65549a328?s=96&d=mm&r=g\",\"contentUrl\":\"https:\\\/\\\/secure.gravatar.com\\\/avatar\\\/e23e8901c88f0cdc0ad479ef7a39bf3e4c806344549c087c00b721a65549a328?s=96&d=mm&r=g\",\"caption\":\"Jeferson\"},\"url\":\"https:\\\/\\\/msconectado.com.br\\\/?author=3\"}]}<\/script>\n<!-- \/ Yoast SEO plugin. -->","yoast_head_json":{"title":"Vereador Glaucio Cabreira homenageia Instituto Guarda Mirim Ambiental de Jardim - MsConectado","robots":{"index":"index","follow":"follow","max-snippet":"max-snippet:-1","max-image-preview":"max-image-preview:large","max-video-preview":"max-video-preview:-1"},"canonical":"https:\/\/msconectado.com.br\/?p=23204","og_locale":"pt_BR","og_type":"article","og_title":"Vereador Glaucio Cabreira homenageia Instituto Guarda Mirim Ambiental de Jardim - MsConectado","og_description":"Durante a sess\u00e3o ordin\u00e1ria da C\u00e2mara Municipal de Jardim, realizada nesta ter\u00e7a-feira, 14 de outubro, o presidente do Poder Legislativo, Glaucio Cabreira (PSDB), apresentou uma Mo\u00e7\u00e3o de Congratula\u00e7\u00e3o e Aplausos ao Instituto Guarda Mirim Ambiental de Jardim. Em homenagem, dirigida ao Diretor Nisroque Soares, relatou o excelente trabalho da equipe na identifica\u00e7\u00e3o e realoca\u00e7\u00e3o de [&hellip;]","og_url":"https:\/\/msconectado.com.br\/?p=23204","og_site_name":"MsConectado","article_published_time":"2024-10-15T01:45:33+00:00","article_modified_time":"2024-10-15T12:35:04+00:00","og_image":[{"width":1349,"height":1065,"url":"https:\/\/msconectado.com.br\/wp-content\/uploads\/2024\/10\/68ebf42f-5498-4f7c-82d9-c56ac83aaec5-1.jpg","type":"image\/jpeg"}],"author":"Jeferson","twitter_card":"summary_large_image","twitter_misc":{"Escrito por":"Jeferson","Est. tempo de leitura":"3 minutos"},"schema":{"@context":"https:\/\/schema.org","@graph":[{"@type":"Article","@id":"https:\/\/msconectado.com.br\/?p=23204#article","isPartOf":{"@id":"https:\/\/msconectado.com.br\/?p=23204"},"author":{"name":"Jeferson","@id":"https:\/\/msconectado.com.br\/#\/schema\/person\/feb123a95a93eebea36f0ed6a2e5ba48"},"headline":"Vereador Glaucio Cabreira homenageia Instituto Guarda Mirim Ambiental de Jardim","datePublished":"2024-10-15T01:45:33+00:00","dateModified":"2024-10-15T12:35:04+00:00","mainEntityOfPage":{"@id":"https:\/\/msconectado.com.br\/?p=23204"},"wordCount":332,"commentCount":0,"publisher":{"@id":"https:\/\/msconectado.com.br\/#organization"},"image":{"@id":"https:\/\/msconectado.com.br\/?p=23204#primaryimage"},"thumbnailUrl":"https:\/\/msconectado.com.br\/wp-content\/uploads\/2024\/10\/68ebf42f-5498-4f7c-82d9-c56ac83aaec5-1.jpg","articleSection":["Com\u00e9rcio","Not\u00edcia","Pol\u00edtica"],"inLanguage":"pt-BR","potentialAction":[{"@type":"CommentAction","name":"Comment","target":["https:\/\/msconectado.com.br\/?p=23204#respond"]}]},{"@type":"WebPage","@id":"https:\/\/msconectado.com.br\/?p=23204","url":"https:\/\/msconectado.com.br\/?p=23204","name":"Vereador Glaucio Cabreira homenageia Instituto Guarda Mirim Ambiental de Jardim - MsConectado","isPartOf":{"@id":"https:\/\/msconectado.com.br\/#website"},"primaryImageOfPage":{"@id":"https:\/\/msconectado.com.br\/?p=23204#primaryimage"},"image":{"@id":"https:\/\/msconectado.com.br\/?p=23204#primaryimage"},"thumbnailUrl":"https:\/\/msconectado.com.br\/wp-content\/uploads\/2024\/10\/68ebf42f-5498-4f7c-82d9-c56ac83aaec5-1.jpg","datePublished":"2024-10-15T01:45:33+00:00","dateModified":"2024-10-15T12:35:04+00:00","breadcrumb":{"@id":"https:\/\/msconectado.com.br\/?p=23204#breadcrumb"},"inLanguage":"pt-BR","potentialAction":[{"@type":"ReadAction","target":["https:\/\/msconectado.com.br\/?p=23204"]}]},{"@type":"ImageObject","inLanguage":"pt-BR","@id":"https:\/\/msconectado.com.br\/?p=23204#primaryimage","url":"https:\/\/msconectado.com.br\/wp-content\/uploads\/2024\/10\/68ebf42f-5498-4f7c-82d9-c56ac83aaec5-1.jpg","contentUrl":"https:\/\/msconectado.com.br\/wp-content\/uploads\/2024\/10\/68ebf42f-5498-4f7c-82d9-c56ac83aaec5-1.jpg","width":1349,"height":1065},{"@type":"BreadcrumbList","@id":"https:\/\/msconectado.com.br\/?p=23204#breadcrumb","itemListElement":[{"@type":"ListItem","position":1,"name":"In\u00edcio","item":"https:\/\/msconectado.com.br\/?page_id=105"},{"@type":"ListItem","position":2,"name":"Vereador Glaucio Cabreira homenageia Instituto Guarda Mirim Ambiental de Jardim"}]},{"@type":"WebSite","@id":"https:\/\/msconectado.com.br\/#website","url":"https:\/\/msconectado.com.br\/","name":"MsConectado","description":"Voc\u00ea Conectado com a Not\u00edcia!","publisher":{"@id":"https:\/\/msconectado.com.br\/#organization"},"potentialAction":[{"@type":"SearchAction","target":{"@type":"EntryPoint","urlTemplate":"https:\/\/msconectado.com.br\/?s={search_term_string}"},"query-input":{"@type":"PropertyValueSpecification","valueRequired":true,"valueName":"search_term_string"}}],"inLanguage":"pt-BR"},{"@type":"Organization","@id":"https:\/\/msconectado.com.br\/#organization","name":"MsConectado","url":"https:\/\/msconectado.com.br\/","logo":{"@type":"ImageObject","inLanguage":"pt-BR","@id":"https:\/\/msconectado.com.br\/#\/schema\/logo\/image\/","url":"https:\/\/msconectado.com.br\/wp-content\/uploads\/2023\/01\/cropped-noticia-2.png","contentUrl":"https:\/\/msconectado.com.br\/wp-content\/uploads\/2023\/01\/cropped-noticia-2.png","width":720,"height":157,"caption":"MsConectado"},"image":{"@id":"https:\/\/msconectado.com.br\/#\/schema\/logo\/image\/"}},{"@type":"Person","@id":"https:\/\/msconectado.com.br\/#\/schema\/person\/feb123a95a93eebea36f0ed6a2e5ba48","name":"Jeferson","image":{"@type":"ImageObject","inLanguage":"pt-BR","@id":"https:\/\/secure.gravatar.com\/avatar\/e23e8901c88f0cdc0ad479ef7a39bf3e4c806344549c087c00b721a65549a328?s=96&d=mm&r=g","url":"https:\/\/secure.gravatar.com\/avatar\/e23e8901c88f0cdc0ad479ef7a39bf3e4c806344549c087c00b721a65549a328?s=96&d=mm&r=g","contentUrl":"https:\/\/secure.gravatar.com\/avatar\/e23e8901c88f0cdc0ad479ef7a39bf3e4c806344549c087c00b721a65549a328?s=96&d=mm&r=g","caption":"Jeferson"},"url":"https:\/\/msconectado.com.br\/?author=3"}]}},"_links":{"self":[{"href":"https:\/\/msconectado.com.br\/index.php?rest_route=\/wp\/v2\/posts\/23204","targetHints":{"allow":["GET"]}}],"collection":[{"href":"https:\/\/msconectado.com.br\/index.php?rest_route=\/wp\/v2\/posts"}],"about":[{"href":"https:\/\/msconectado.com.br\/index.php?rest_route=\/wp\/v2\/types\/post"}],"author":[{"embeddable":true,"href":"https:\/\/msconectado.com.br\/index.php?rest_route=\/wp\/v2\/users\/3"}],"replies":[{"embeddable":true,"href":"https:\/\/msconectado.com.br\/index.php?rest_route=%2Fwp%2Fv2%2Fcomments&post=23204"}],"version-history":[{"count":5,"href":"https:\/\/msconectado.com.br\/index.php?rest_route=\/wp\/v2\/posts\/23204\/revisions"}],"predecessor-version":[{"id":23212,"href":"https:\/\/msconectado.com.br\/index.php?rest_route=\/wp\/v2\/posts\/23204\/revisions\/23212"}],"wp:featuredmedia":[{"embeddable":true,"href":"https:\/\/msconectado.com.br\/index.php?rest_route=\/wp\/v2\/media\/23217"}],"wp:attachment":[{"href":"https:\/\/msconectado.com.br\/index.php?rest_route=%2Fwp%2Fv2%2Fmedia&parent=23204"}],"wp:term":[{"taxonomy":"category","embeddable":true,"href":"https:\/\/msconectado.com.br\/index.php?rest_route=%2Fwp%2Fv2%2Fcategories&post=23204"},{"taxonomy":"post_tag","embeddable":true,"href":"https:\/\/msconectado.com.br\/index.php?rest_route=%2Fwp%2Fv2%2Ftags&post=23204"}],"curies":[{"name":"wp","href":"https:\/\/api.w.org\/{rel}","templated":true}]}}