
{"id":23285,"date":"2024-10-22T17:10:34","date_gmt":"2024-10-22T17:10:34","guid":{"rendered":"https:\/\/msconectado.com.br\/?p=23285"},"modified":"2024-10-22T17:10:36","modified_gmt":"2024-10-22T17:10:36","slug":"mara-caseiro-solicita-ampliacao-do-centro-de-educacao-infantil-em-aparecida-do-taboado","status":"publish","type":"post","link":"https:\/\/msconectado.com.br\/?p=23285","title":{"rendered":"Mara Caseiro solicita amplia\u00e7\u00e3o do Centro de Educa\u00e7\u00e3o Infantil em Aparecida do Taboado"},"content":{"rendered":"\n<p>A deputada estadual Mara Caseiro (PSDB) apresentou, nesta ter\u00e7a-feira (22), um pedido ao Governo de Mato Grosso do Sul, solicitando recursos para a amplia\u00e7\u00e3o do Centro Municipal de Educa\u00e7\u00e3o Infantil (CMEI) Adalberton Rodrigues de Almeida, no munic\u00edpio de Aparecida do Taboado. A demanda foi formalizada por meio de uma Indica\u00e7\u00e3o encaminhada ao governador Eduardo Correa Riedel, ao Secret\u00e1rio de Estado de Infraestrutura e Log\u00edstica, Guilherme Alc\u00e2ntara, e ao Secret\u00e1rio de Estado de Educa\u00e7\u00e3o, H\u00e9lio Queiroz Daher.<\/p>\n\n\n\n<p>O pedido, que visa a constru\u00e7\u00e3o de tr\u00eas novas salas de aula, foi motivado por uma solicita\u00e7\u00e3o da vereadora Cley Ramires de Oliveira, tamb\u00e9m de Aparecida do Taboado. Segundo a vereadora, o CMEI atende atualmente um n\u00famero elevado de crian\u00e7as em per\u00edodo integral, mas o espa\u00e7o f\u00edsico da unidade \u00e9 insuficiente para comportar<\/p>\n\n\n\n<p>Mara Caseiro, ao incluir a Indica\u00e7\u00e3o, ressaltou a necessidade de um ambiente escolar adequado que favore\u00e7a o aprendizado e a intera\u00e7\u00e3o entre alunos e professores. \u201cA amplia\u00e7\u00e3o da estrutura \u00e9 fundamental para proporcionar um ambiente que estimule o desenvolvimento educacional das crian\u00e7as\u201d, afirmou.<\/p>\n\n\n\n<p>A \u00e1rea onde o CMEI est\u00e1 localizado possui espa\u00e7o dispon\u00edvel para expans\u00e3o, mas \u00e9 necess\u00e1ria uma articula\u00e7\u00e3o entre o munic\u00edpio e o Estado para que os recursos sejam liberados e a obra realizada. \u201c\u00c9 um esfor\u00e7o conjunto que se faz necess\u00e1rio para atender a crescente demanda pela educa\u00e7\u00e3o infantil em Aparecida do Taboado\u201d, destacou Caseiro.<\/p>\n\n\n\n<p>A deputada ainda refor\u00e7ou que o projeto de amplia\u00e7\u00e3o \u00e9 essencial para garantir a continuidade e o crescimento da unidade, que desempenha um papel crucial na forma\u00e7\u00e3o das crian\u00e7as do munic\u00edpio. \u201c\u00c9 preciso dar condi\u00e7\u00f5es adequadas para que esse trabalho de extrema relev\u00e2ncia social seja mantido e ampliado\u201d, concluiu.<\/p>\n\n\n\n<p>A Indica\u00e7\u00e3o agora aguarda an\u00e1lise e poss\u00edvel encaminhamento por parte do Governo do Estado e das secretarias envolvidas.<\/p>\n\n\n\n<p>ALEMS<\/p>\n\n\n<div class=\"wp-block-image\">\n<figure class=\"aligncenter size-full\"><img fetchpriority=\"high\" decoding=\"async\" width=\"900\" height=\"100\" src=\"https:\/\/msconectado.com.br\/wp-content\/uploads\/2024\/10\/ezgif.com-animated-gif-maker.gif\" alt=\"\" class=\"wp-image-23249\"\/><\/figure>\n<\/div>\n\n\n<p><\/p>\n","protected":false},"excerpt":{"rendered":"<p>A deputada estadual Mara Caseiro (PSDB) apresentou, nesta ter\u00e7a-feira (22), um pedido ao Governo de Mato Grosso do Sul, solicitando recursos para a amplia\u00e7\u00e3o do Centro Municipal de Educa\u00e7\u00e3o Infantil (CMEI) Adalberton Rodrigues de Almeida, no munic\u00edpio de Aparecida do Taboado. A demanda foi formalizada por meio de uma Indica\u00e7\u00e3o encaminhada ao governador Eduardo Correa [&hellip;]<\/p>\n","protected":false},"author":3,"featured_media":23286,"comment_status":"open","ping_status":"closed","sticky":false,"template":"","format":"standard","meta":{"footnotes":""},"categories":[38,33],"tags":[],"class_list":["post-23285","post","type-post","status-publish","format-standard","has-post-thumbnail","hentry","category-assembleia-legislativa","category-politica"],"yoast_head":"<!-- This site is optimized with the Yoast SEO plugin v27.5 - https:\/\/yoast.com\/product\/yoast-seo-wordpress\/ -->\n<title>Mara Caseiro solicita amplia\u00e7\u00e3o do Centro de Educa\u00e7\u00e3o Infantil em Aparecida do Taboado - MsConectado<\/title>\n<meta name=\"robots\" content=\"index, follow, max-snippet:-1, max-image-preview:large, max-video-preview:-1\" \/>\n<link rel=\"canonical\" href=\"https:\/\/msconectado.com.br\/?p=23285\" \/>\n<meta property=\"og:locale\" content=\"pt_BR\" \/>\n<meta property=\"og:type\" content=\"article\" \/>\n<meta property=\"og:title\" content=\"Mara Caseiro solicita amplia\u00e7\u00e3o do Centro de Educa\u00e7\u00e3o Infantil em Aparecida do Taboado - MsConectado\" \/>\n<meta property=\"og:description\" content=\"A deputada estadual Mara Caseiro (PSDB) apresentou, nesta ter\u00e7a-feira (22), um pedido ao Governo de Mato Grosso do Sul, solicitando recursos para a amplia\u00e7\u00e3o do Centro Municipal de Educa\u00e7\u00e3o Infantil (CMEI) Adalberton Rodrigues de Almeida, no munic\u00edpio de Aparecida do Taboado. A demanda foi formalizada por meio de uma Indica\u00e7\u00e3o encaminhada ao governador Eduardo Correa [&hellip;]\" \/>\n<meta property=\"og:url\" content=\"https:\/\/msconectado.com.br\/?p=23285\" \/>\n<meta property=\"og:site_name\" content=\"MsConectado\" \/>\n<meta property=\"article:published_time\" content=\"2024-10-22T17:10:34+00:00\" \/>\n<meta property=\"article:modified_time\" content=\"2024-10-22T17:10:36+00:00\" \/>\n<meta property=\"og:image\" content=\"https:\/\/msconectado.com.br\/wp-content\/uploads\/2024\/10\/WhatsApp-Image-2024-09-10-at-15.57.07-1-730x480-1.jpeg\" \/>\n\t<meta property=\"og:image:width\" content=\"740\" \/>\n\t<meta property=\"og:image:height\" content=\"493\" \/>\n\t<meta property=\"og:image:type\" content=\"image\/jpeg\" \/>\n<meta name=\"author\" content=\"Jeferson\" \/>\n<meta name=\"twitter:card\" content=\"summary_large_image\" \/>\n<meta name=\"twitter:label1\" content=\"Escrito por\" \/>\n\t<meta name=\"twitter:data1\" content=\"Jeferson\" \/>\n\t<meta name=\"twitter:label2\" content=\"Est. tempo de leitura\" \/>\n\t<meta name=\"twitter:data2\" content=\"3 minutos\" \/>\n<script type=\"application\/ld+json\" class=\"yoast-schema-graph\">{\"@context\":\"https:\\\/\\\/schema.org\",\"@graph\":[{\"@type\":\"Article\",\"@id\":\"https:\\\/\\\/msconectado.com.br\\\/?p=23285#article\",\"isPartOf\":{\"@id\":\"https:\\\/\\\/msconectado.com.br\\\/?p=23285\"},\"author\":{\"name\":\"Jeferson\",\"@id\":\"https:\\\/\\\/msconectado.com.br\\\/#\\\/schema\\\/person\\\/feb123a95a93eebea36f0ed6a2e5ba48\"},\"headline\":\"Mara Caseiro solicita amplia\u00e7\u00e3o do Centro de Educa\u00e7\u00e3o Infantil em Aparecida do Taboado\",\"datePublished\":\"2024-10-22T17:10:34+00:00\",\"dateModified\":\"2024-10-22T17:10:36+00:00\",\"mainEntityOfPage\":{\"@id\":\"https:\\\/\\\/msconectado.com.br\\\/?p=23285\"},\"wordCount\":347,\"commentCount\":0,\"publisher\":{\"@id\":\"https:\\\/\\\/msconectado.com.br\\\/#organization\"},\"image\":{\"@id\":\"https:\\\/\\\/msconectado.com.br\\\/?p=23285#primaryimage\"},\"thumbnailUrl\":\"https:\\\/\\\/msconectado.com.br\\\/wp-content\\\/uploads\\\/2024\\\/10\\\/WhatsApp-Image-2024-09-10-at-15.57.07-1-730x480-1.jpeg\",\"articleSection\":[\"Assembleia Legislativa\",\"Pol\u00edtica\"],\"inLanguage\":\"pt-BR\",\"potentialAction\":[{\"@type\":\"CommentAction\",\"name\":\"Comment\",\"target\":[\"https:\\\/\\\/msconectado.com.br\\\/?p=23285#respond\"]}]},{\"@type\":\"WebPage\",\"@id\":\"https:\\\/\\\/msconectado.com.br\\\/?p=23285\",\"url\":\"https:\\\/\\\/msconectado.com.br\\\/?p=23285\",\"name\":\"Mara Caseiro solicita amplia\u00e7\u00e3o do Centro de Educa\u00e7\u00e3o Infantil em Aparecida do Taboado - MsConectado\",\"isPartOf\":{\"@id\":\"https:\\\/\\\/msconectado.com.br\\\/#website\"},\"primaryImageOfPage\":{\"@id\":\"https:\\\/\\\/msconectado.com.br\\\/?p=23285#primaryimage\"},\"image\":{\"@id\":\"https:\\\/\\\/msconectado.com.br\\\/?p=23285#primaryimage\"},\"thumbnailUrl\":\"https:\\\/\\\/msconectado.com.br\\\/wp-content\\\/uploads\\\/2024\\\/10\\\/WhatsApp-Image-2024-09-10-at-15.57.07-1-730x480-1.jpeg\",\"datePublished\":\"2024-10-22T17:10:34+00:00\",\"dateModified\":\"2024-10-22T17:10:36+00:00\",\"breadcrumb\":{\"@id\":\"https:\\\/\\\/msconectado.com.br\\\/?p=23285#breadcrumb\"},\"inLanguage\":\"pt-BR\",\"potentialAction\":[{\"@type\":\"ReadAction\",\"target\":[\"https:\\\/\\\/msconectado.com.br\\\/?p=23285\"]}]},{\"@type\":\"ImageObject\",\"inLanguage\":\"pt-BR\",\"@id\":\"https:\\\/\\\/msconectado.com.br\\\/?p=23285#primaryimage\",\"url\":\"https:\\\/\\\/msconectado.com.br\\\/wp-content\\\/uploads\\\/2024\\\/10\\\/WhatsApp-Image-2024-09-10-at-15.57.07-1-730x480-1.jpeg\",\"contentUrl\":\"https:\\\/\\\/msconectado.com.br\\\/wp-content\\\/uploads\\\/2024\\\/10\\\/WhatsApp-Image-2024-09-10-at-15.57.07-1-730x480-1.jpeg\",\"width\":740,\"height\":493},{\"@type\":\"BreadcrumbList\",\"@id\":\"https:\\\/\\\/msconectado.com.br\\\/?p=23285#breadcrumb\",\"itemListElement\":[{\"@type\":\"ListItem\",\"position\":1,\"name\":\"In\u00edcio\",\"item\":\"https:\\\/\\\/msconectado.com.br\\\/?page_id=105\"},{\"@type\":\"ListItem\",\"position\":2,\"name\":\"Mara Caseiro solicita amplia\u00e7\u00e3o do Centro de Educa\u00e7\u00e3o Infantil em Aparecida do Taboado\"}]},{\"@type\":\"WebSite\",\"@id\":\"https:\\\/\\\/msconectado.com.br\\\/#website\",\"url\":\"https:\\\/\\\/msconectado.com.br\\\/\",\"name\":\"MsConectado\",\"description\":\"Voc\u00ea Conectado com a Not\u00edcia!\",\"publisher\":{\"@id\":\"https:\\\/\\\/msconectado.com.br\\\/#organization\"},\"potentialAction\":[{\"@type\":\"SearchAction\",\"target\":{\"@type\":\"EntryPoint\",\"urlTemplate\":\"https:\\\/\\\/msconectado.com.br\\\/?s={search_term_string}\"},\"query-input\":{\"@type\":\"PropertyValueSpecification\",\"valueRequired\":true,\"valueName\":\"search_term_string\"}}],\"inLanguage\":\"pt-BR\"},{\"@type\":\"Organization\",\"@id\":\"https:\\\/\\\/msconectado.com.br\\\/#organization\",\"name\":\"MsConectado\",\"url\":\"https:\\\/\\\/msconectado.com.br\\\/\",\"logo\":{\"@type\":\"ImageObject\",\"inLanguage\":\"pt-BR\",\"@id\":\"https:\\\/\\\/msconectado.com.br\\\/#\\\/schema\\\/logo\\\/image\\\/\",\"url\":\"https:\\\/\\\/msconectado.com.br\\\/wp-content\\\/uploads\\\/2023\\\/01\\\/cropped-noticia-2.png\",\"contentUrl\":\"https:\\\/\\\/msconectado.com.br\\\/wp-content\\\/uploads\\\/2023\\\/01\\\/cropped-noticia-2.png\",\"width\":720,\"height\":157,\"caption\":\"MsConectado\"},\"image\":{\"@id\":\"https:\\\/\\\/msconectado.com.br\\\/#\\\/schema\\\/logo\\\/image\\\/\"}},{\"@type\":\"Person\",\"@id\":\"https:\\\/\\\/msconectado.com.br\\\/#\\\/schema\\\/person\\\/feb123a95a93eebea36f0ed6a2e5ba48\",\"name\":\"Jeferson\",\"image\":{\"@type\":\"ImageObject\",\"inLanguage\":\"pt-BR\",\"@id\":\"https:\\\/\\\/secure.gravatar.com\\\/avatar\\\/e23e8901c88f0cdc0ad479ef7a39bf3e4c806344549c087c00b721a65549a328?s=96&d=mm&r=g\",\"url\":\"https:\\\/\\\/secure.gravatar.com\\\/avatar\\\/e23e8901c88f0cdc0ad479ef7a39bf3e4c806344549c087c00b721a65549a328?s=96&d=mm&r=g\",\"contentUrl\":\"https:\\\/\\\/secure.gravatar.com\\\/avatar\\\/e23e8901c88f0cdc0ad479ef7a39bf3e4c806344549c087c00b721a65549a328?s=96&d=mm&r=g\",\"caption\":\"Jeferson\"},\"url\":\"https:\\\/\\\/msconectado.com.br\\\/?author=3\"}]}<\/script>\n<!-- \/ Yoast SEO plugin. -->","yoast_head_json":{"title":"Mara Caseiro solicita amplia\u00e7\u00e3o do Centro de Educa\u00e7\u00e3o Infantil em Aparecida do Taboado - MsConectado","robots":{"index":"index","follow":"follow","max-snippet":"max-snippet:-1","max-image-preview":"max-image-preview:large","max-video-preview":"max-video-preview:-1"},"canonical":"https:\/\/msconectado.com.br\/?p=23285","og_locale":"pt_BR","og_type":"article","og_title":"Mara Caseiro solicita amplia\u00e7\u00e3o do Centro de Educa\u00e7\u00e3o Infantil em Aparecida do Taboado - MsConectado","og_description":"A deputada estadual Mara Caseiro (PSDB) apresentou, nesta ter\u00e7a-feira (22), um pedido ao Governo de Mato Grosso do Sul, solicitando recursos para a amplia\u00e7\u00e3o do Centro Municipal de Educa\u00e7\u00e3o Infantil (CMEI) Adalberton Rodrigues de Almeida, no munic\u00edpio de Aparecida do Taboado. A demanda foi formalizada por meio de uma Indica\u00e7\u00e3o encaminhada ao governador Eduardo Correa [&hellip;]","og_url":"https:\/\/msconectado.com.br\/?p=23285","og_site_name":"MsConectado","article_published_time":"2024-10-22T17:10:34+00:00","article_modified_time":"2024-10-22T17:10:36+00:00","og_image":[{"width":740,"height":493,"url":"https:\/\/msconectado.com.br\/wp-content\/uploads\/2024\/10\/WhatsApp-Image-2024-09-10-at-15.57.07-1-730x480-1.jpeg","type":"image\/jpeg"}],"author":"Jeferson","twitter_card":"summary_large_image","twitter_misc":{"Escrito por":"Jeferson","Est. tempo de leitura":"3 minutos"},"schema":{"@context":"https:\/\/schema.org","@graph":[{"@type":"Article","@id":"https:\/\/msconectado.com.br\/?p=23285#article","isPartOf":{"@id":"https:\/\/msconectado.com.br\/?p=23285"},"author":{"name":"Jeferson","@id":"https:\/\/msconectado.com.br\/#\/schema\/person\/feb123a95a93eebea36f0ed6a2e5ba48"},"headline":"Mara Caseiro solicita amplia\u00e7\u00e3o do Centro de Educa\u00e7\u00e3o Infantil em Aparecida do Taboado","datePublished":"2024-10-22T17:10:34+00:00","dateModified":"2024-10-22T17:10:36+00:00","mainEntityOfPage":{"@id":"https:\/\/msconectado.com.br\/?p=23285"},"wordCount":347,"commentCount":0,"publisher":{"@id":"https:\/\/msconectado.com.br\/#organization"},"image":{"@id":"https:\/\/msconectado.com.br\/?p=23285#primaryimage"},"thumbnailUrl":"https:\/\/msconectado.com.br\/wp-content\/uploads\/2024\/10\/WhatsApp-Image-2024-09-10-at-15.57.07-1-730x480-1.jpeg","articleSection":["Assembleia Legislativa","Pol\u00edtica"],"inLanguage":"pt-BR","potentialAction":[{"@type":"CommentAction","name":"Comment","target":["https:\/\/msconectado.com.br\/?p=23285#respond"]}]},{"@type":"WebPage","@id":"https:\/\/msconectado.com.br\/?p=23285","url":"https:\/\/msconectado.com.br\/?p=23285","name":"Mara Caseiro solicita amplia\u00e7\u00e3o do Centro de Educa\u00e7\u00e3o Infantil em Aparecida do Taboado - MsConectado","isPartOf":{"@id":"https:\/\/msconectado.com.br\/#website"},"primaryImageOfPage":{"@id":"https:\/\/msconectado.com.br\/?p=23285#primaryimage"},"image":{"@id":"https:\/\/msconectado.com.br\/?p=23285#primaryimage"},"thumbnailUrl":"https:\/\/msconectado.com.br\/wp-content\/uploads\/2024\/10\/WhatsApp-Image-2024-09-10-at-15.57.07-1-730x480-1.jpeg","datePublished":"2024-10-22T17:10:34+00:00","dateModified":"2024-10-22T17:10:36+00:00","breadcrumb":{"@id":"https:\/\/msconectado.com.br\/?p=23285#breadcrumb"},"inLanguage":"pt-BR","potentialAction":[{"@type":"ReadAction","target":["https:\/\/msconectado.com.br\/?p=23285"]}]},{"@type":"ImageObject","inLanguage":"pt-BR","@id":"https:\/\/msconectado.com.br\/?p=23285#primaryimage","url":"https:\/\/msconectado.com.br\/wp-content\/uploads\/2024\/10\/WhatsApp-Image-2024-09-10-at-15.57.07-1-730x480-1.jpeg","contentUrl":"https:\/\/msconectado.com.br\/wp-content\/uploads\/2024\/10\/WhatsApp-Image-2024-09-10-at-15.57.07-1-730x480-1.jpeg","width":740,"height":493},{"@type":"BreadcrumbList","@id":"https:\/\/msconectado.com.br\/?p=23285#breadcrumb","itemListElement":[{"@type":"ListItem","position":1,"name":"In\u00edcio","item":"https:\/\/msconectado.com.br\/?page_id=105"},{"@type":"ListItem","position":2,"name":"Mara Caseiro solicita amplia\u00e7\u00e3o do Centro de Educa\u00e7\u00e3o Infantil em Aparecida do Taboado"}]},{"@type":"WebSite","@id":"https:\/\/msconectado.com.br\/#website","url":"https:\/\/msconectado.com.br\/","name":"MsConectado","description":"Voc\u00ea Conectado com a Not\u00edcia!","publisher":{"@id":"https:\/\/msconectado.com.br\/#organization"},"potentialAction":[{"@type":"SearchAction","target":{"@type":"EntryPoint","urlTemplate":"https:\/\/msconectado.com.br\/?s={search_term_string}"},"query-input":{"@type":"PropertyValueSpecification","valueRequired":true,"valueName":"search_term_string"}}],"inLanguage":"pt-BR"},{"@type":"Organization","@id":"https:\/\/msconectado.com.br\/#organization","name":"MsConectado","url":"https:\/\/msconectado.com.br\/","logo":{"@type":"ImageObject","inLanguage":"pt-BR","@id":"https:\/\/msconectado.com.br\/#\/schema\/logo\/image\/","url":"https:\/\/msconectado.com.br\/wp-content\/uploads\/2023\/01\/cropped-noticia-2.png","contentUrl":"https:\/\/msconectado.com.br\/wp-content\/uploads\/2023\/01\/cropped-noticia-2.png","width":720,"height":157,"caption":"MsConectado"},"image":{"@id":"https:\/\/msconectado.com.br\/#\/schema\/logo\/image\/"}},{"@type":"Person","@id":"https:\/\/msconectado.com.br\/#\/schema\/person\/feb123a95a93eebea36f0ed6a2e5ba48","name":"Jeferson","image":{"@type":"ImageObject","inLanguage":"pt-BR","@id":"https:\/\/secure.gravatar.com\/avatar\/e23e8901c88f0cdc0ad479ef7a39bf3e4c806344549c087c00b721a65549a328?s=96&d=mm&r=g","url":"https:\/\/secure.gravatar.com\/avatar\/e23e8901c88f0cdc0ad479ef7a39bf3e4c806344549c087c00b721a65549a328?s=96&d=mm&r=g","contentUrl":"https:\/\/secure.gravatar.com\/avatar\/e23e8901c88f0cdc0ad479ef7a39bf3e4c806344549c087c00b721a65549a328?s=96&d=mm&r=g","caption":"Jeferson"},"url":"https:\/\/msconectado.com.br\/?author=3"}]}},"_links":{"self":[{"href":"https:\/\/msconectado.com.br\/index.php?rest_route=\/wp\/v2\/posts\/23285","targetHints":{"allow":["GET"]}}],"collection":[{"href":"https:\/\/msconectado.com.br\/index.php?rest_route=\/wp\/v2\/posts"}],"about":[{"href":"https:\/\/msconectado.com.br\/index.php?rest_route=\/wp\/v2\/types\/post"}],"author":[{"embeddable":true,"href":"https:\/\/msconectado.com.br\/index.php?rest_route=\/wp\/v2\/users\/3"}],"replies":[{"embeddable":true,"href":"https:\/\/msconectado.com.br\/index.php?rest_route=%2Fwp%2Fv2%2Fcomments&post=23285"}],"version-history":[{"count":1,"href":"https:\/\/msconectado.com.br\/index.php?rest_route=\/wp\/v2\/posts\/23285\/revisions"}],"predecessor-version":[{"id":23287,"href":"https:\/\/msconectado.com.br\/index.php?rest_route=\/wp\/v2\/posts\/23285\/revisions\/23287"}],"wp:featuredmedia":[{"embeddable":true,"href":"https:\/\/msconectado.com.br\/index.php?rest_route=\/wp\/v2\/media\/23286"}],"wp:attachment":[{"href":"https:\/\/msconectado.com.br\/index.php?rest_route=%2Fwp%2Fv2%2Fmedia&parent=23285"}],"wp:term":[{"taxonomy":"category","embeddable":true,"href":"https:\/\/msconectado.com.br\/index.php?rest_route=%2Fwp%2Fv2%2Fcategories&post=23285"},{"taxonomy":"post_tag","embeddable":true,"href":"https:\/\/msconectado.com.br\/index.php?rest_route=%2Fwp%2Fv2%2Ftags&post=23285"}],"curies":[{"name":"wp","href":"https:\/\/api.w.org\/{rel}","templated":true}]}}