{"id":23352,"date":"2024-10-29T19:04:08","date_gmt":"2024-10-29T19:04:08","guid":{"rendered":"https:\/\/msconectado.com.br\/?p=23352"},"modified":"2024-10-29T19:04:10","modified_gmt":"2024-10-29T19:04:10","slug":"politica-de-protecao-as-maes-atipicas-e-tema-de-projeto","status":"publish","type":"post","link":"https:\/\/msconectado.com.br\/?p=23352","title":{"rendered":"Pol\u00edtica de prote\u00e7\u00e3o \u00e0s m\u00e3es at\u00edpicas \u00e9 tema de projeto"},"content":{"rendered":"\n<p>Nesta ter\u00e7a-feira (29) come\u00e7ou a tramitar, na Assembleia Legislativa de Mato Grosso do Sul (ALEMS), o&nbsp;<a href=\"http:\/\/sgpl.consulta.al.ms.gov.br\/sgpl-publico\/#\/linha-tempo?idProposicao=324121\" target=\"_blank\" rel=\"noreferrer noopener\">Projeto de Lei 236\/2024<\/a>, da deputada Mara Caseiro (PSDB), que institui a Pol\u00edtica Estadual de Prote\u00e7\u00e3o e Aten\u00e7\u00e3o \u00e0s M\u00e3es At\u00edpicas e tamb\u00e9m a Semana Estadual das M\u00e3es At\u00edpicas.<\/p>\n\n\n\n<p>De acordo com a mat\u00e9ria, a Pol\u00edtica Estadual de Prote\u00e7\u00e3o e Aten\u00e7\u00e3o \u00e0s M\u00e3es At\u00edpicas apresenta a finalidade de propor a assist\u00eancia psicol\u00f3gica e psiqui\u00e1trica \u00e0s m\u00e3es de pessoas com defici\u00eancia, com foco especial naquelas que s\u00e3o de baixa renda, al\u00e9m de promover a inclus\u00e3o social das m\u00e3es at\u00edpicas, combatendo a invisibilidade e o estigma enfrentados no cuidado de pessoas com defici\u00eancia.<\/p>\n\n\n\n<p>E a Semana Estadual das M\u00e3es At\u00edpicas ser\u00e1 realizada anualmente, na primeira semana do m\u00eas de setembro, com objetivo de fortalecer essa promo\u00e7\u00e3o de pol\u00edticas p\u00fablicas de prote\u00e7\u00e3o \u00e0s m\u00e3es at\u00edpicas. O texto sugere que a iniciativa estimular\u00e1 a realiza\u00e7\u00e3o de encontros, semin\u00e1rios, confer\u00eancias e f\u00f3runs de debates para enfatizar a import\u00e2ncia do apoio \u00e0s m\u00e3es at\u00edpicas<\/p>\n\n\n\n<p>\u201cA proposta reconhece o papel fundamental dessas m\u00e3es, que dedicam suas vidas ao cuidado de seus filhos, enfrentando in\u00fameras dificuldades. O objetivo principal \u00e9 apoiar e valorizar essas m\u00e3es, promovendo pol\u00edticas integradas entre sa\u00fade, educa\u00e7\u00e3o e assist\u00eancia social, incentivando a pesquisa, capacita\u00e7\u00e3o de profissionais, conscientiza\u00e7\u00e3o da sociedade, e cria\u00e7\u00e3o de mecanismos de apoio \u00e0s fam\u00edlias afetadas\u201d, explicou a parlamentar.<\/p>\n\n\n\n<p>Conforme o projeto, considera-se m\u00e3e at\u00edpica a mulher e\/ou cuidadora respons\u00e1vel pela cria\u00e7\u00e3o de filhos que necessitam de cuidados espec\u00edficos para pessoas com defici\u00eancia, s\u00edndromes, transtornos, doen\u00e7as raras, Transtorno do D\u00e9ficit de Aten\u00e7\u00e3o com Hiperatividade (TDAH), Transtorno do D\u00e9ficit de Aten\u00e7\u00e3o (TDA), Transtorno dos Espectro Autista (TEA), Atrofia Muscular Espinhal (AME), dislexia, entre outros.<\/p>\n\n\n\n<p>\u201cApesar dos avan\u00e7os nas pol\u00edticas de inclus\u00e3o das pessoas com defici\u00eancia, muitas vezes essas m\u00e3es enfrentam desafios e traumas que afetam sua sa\u00fade mental. A assist\u00eancia psicol\u00f3gica e psiqui\u00e1trica \u00e9 essencial para que essas mulheres possam enfrentar os desafios di\u00e1rios com mais equil\u00edbrio emocional, proporcionando-lhes melhores condi\u00e7\u00f5es para cuidar de seus filhos com defici\u00eancia e lutar pelos seus direitos\u201d, destacou Mara Caseiro.<\/p>\n\n\n\n<p>ALEMS<\/p>\n\n\n<div class=\"wp-block-image\">\n<figure class=\"aligncenter size-full\"><img fetchpriority=\"high\" decoding=\"async\" width=\"900\" height=\"100\" src=\"https:\/\/msconectado.com.br\/wp-content\/uploads\/2024\/10\/ezgif.com-animated-gif-maker.gif\" alt=\"\" class=\"wp-image-23249\"\/><\/figure>\n<\/div>","protected":false},"excerpt":{"rendered":"<p>Nesta ter\u00e7a-feira (29) come\u00e7ou a tramitar, na Assembleia Legislativa de Mato Grosso do Sul (ALEMS), o&nbsp;Projeto de Lei 236\/2024, da deputada Mara Caseiro (PSDB), que institui a Pol\u00edtica Estadual de Prote\u00e7\u00e3o e Aten\u00e7\u00e3o \u00e0s M\u00e3es At\u00edpicas e tamb\u00e9m a Semana Estadual das M\u00e3es At\u00edpicas. De acordo com a mat\u00e9ria, a Pol\u00edtica Estadual de Prote\u00e7\u00e3o e [&hellip;]<\/p>\n","protected":false},"author":3,"featured_media":23353,"comment_status":"open","ping_status":"closed","sticky":false,"template":"","format":"standard","meta":{"footnotes":""},"categories":[38,35,1],"tags":[],"class_list":["post-23352","post","type-post","status-publish","format-standard","has-post-thumbnail","hentry","category-assembleia-legislativa","category-cidades","category-noticia"],"yoast_head":"<!-- This site is optimized with the Yoast SEO plugin v27.5 - https:\/\/yoast.com\/product\/yoast-seo-wordpress\/ -->\n<title>Pol\u00edtica de prote\u00e7\u00e3o \u00e0s m\u00e3es at\u00edpicas \u00e9 tema de projeto - MsConectado<\/title>\n<meta name=\"robots\" content=\"index, follow, max-snippet:-1, max-image-preview:large, max-video-preview:-1\" \/>\n<link rel=\"canonical\" href=\"https:\/\/msconectado.com.br\/?p=23352\" \/>\n<meta property=\"og:locale\" content=\"pt_BR\" \/>\n<meta property=\"og:type\" content=\"article\" \/>\n<meta property=\"og:title\" content=\"Pol\u00edtica de prote\u00e7\u00e3o \u00e0s m\u00e3es at\u00edpicas \u00e9 tema de projeto - MsConectado\" \/>\n<meta property=\"og:description\" content=\"Nesta ter\u00e7a-feira (29) come\u00e7ou a tramitar, na Assembleia Legislativa de Mato Grosso do Sul (ALEMS), o&nbsp;Projeto de Lei 236\/2024, da deputada Mara Caseiro (PSDB), que institui a Pol\u00edtica Estadual de Prote\u00e7\u00e3o e Aten\u00e7\u00e3o \u00e0s M\u00e3es At\u00edpicas e tamb\u00e9m a Semana Estadual das M\u00e3es At\u00edpicas. De acordo com a mat\u00e9ria, a Pol\u00edtica Estadual de Prote\u00e7\u00e3o e [&hellip;]\" \/>\n<meta property=\"og:url\" content=\"https:\/\/msconectado.com.br\/?p=23352\" \/>\n<meta property=\"og:site_name\" content=\"MsConectado\" \/>\n<meta property=\"article:published_time\" content=\"2024-10-29T19:04:08+00:00\" \/>\n<meta property=\"article:modified_time\" content=\"2024-10-29T19:04:10+00:00\" \/>\n<meta property=\"og:image\" content=\"https:\/\/msconectado.com.br\/wp-content\/uploads\/2024\/10\/2024_10_29_02_13_32_70714566-b7e1-45c1-bb0e-679b54d20782.jpg\" \/>\n\t<meta property=\"og:image:width\" content=\"740\" \/>\n\t<meta property=\"og:image:height\" content=\"493\" \/>\n\t<meta property=\"og:image:type\" content=\"image\/jpeg\" \/>\n<meta name=\"author\" content=\"Jeferson\" \/>\n<meta name=\"twitter:card\" content=\"summary_large_image\" \/>\n<meta name=\"twitter:label1\" content=\"Escrito por\" \/>\n\t<meta name=\"twitter:data1\" content=\"Jeferson\" \/>\n\t<meta name=\"twitter:label2\" content=\"Est. tempo de leitura\" \/>\n\t<meta name=\"twitter:data2\" content=\"3 minutos\" \/>\n<script type=\"application\/ld+json\" class=\"yoast-schema-graph\">{\"@context\":\"https:\\\/\\\/schema.org\",\"@graph\":[{\"@type\":\"Article\",\"@id\":\"https:\\\/\\\/msconectado.com.br\\\/?p=23352#article\",\"isPartOf\":{\"@id\":\"https:\\\/\\\/msconectado.com.br\\\/?p=23352\"},\"author\":{\"name\":\"Jeferson\",\"@id\":\"https:\\\/\\\/msconectado.com.br\\\/#\\\/schema\\\/person\\\/feb123a95a93eebea36f0ed6a2e5ba48\"},\"headline\":\"Pol\u00edtica de prote\u00e7\u00e3o \u00e0s m\u00e3es at\u00edpicas \u00e9 tema de projeto\",\"datePublished\":\"2024-10-29T19:04:08+00:00\",\"dateModified\":\"2024-10-29T19:04:10+00:00\",\"mainEntityOfPage\":{\"@id\":\"https:\\\/\\\/msconectado.com.br\\\/?p=23352\"},\"wordCount\":430,\"commentCount\":0,\"publisher\":{\"@id\":\"https:\\\/\\\/msconectado.com.br\\\/#organization\"},\"image\":{\"@id\":\"https:\\\/\\\/msconectado.com.br\\\/?p=23352#primaryimage\"},\"thumbnailUrl\":\"https:\\\/\\\/msconectado.com.br\\\/wp-content\\\/uploads\\\/2024\\\/10\\\/2024_10_29_02_13_32_70714566-b7e1-45c1-bb0e-679b54d20782.jpg\",\"articleSection\":[\"Assembleia Legislativa\",\"Cidades\",\"Not\u00edcia\"],\"inLanguage\":\"pt-BR\",\"potentialAction\":[{\"@type\":\"CommentAction\",\"name\":\"Comment\",\"target\":[\"https:\\\/\\\/msconectado.com.br\\\/?p=23352#respond\"]}]},{\"@type\":\"WebPage\",\"@id\":\"https:\\\/\\\/msconectado.com.br\\\/?p=23352\",\"url\":\"https:\\\/\\\/msconectado.com.br\\\/?p=23352\",\"name\":\"Pol\u00edtica de prote\u00e7\u00e3o \u00e0s m\u00e3es at\u00edpicas \u00e9 tema de projeto - MsConectado\",\"isPartOf\":{\"@id\":\"https:\\\/\\\/msconectado.com.br\\\/#website\"},\"primaryImageOfPage\":{\"@id\":\"https:\\\/\\\/msconectado.com.br\\\/?p=23352#primaryimage\"},\"image\":{\"@id\":\"https:\\\/\\\/msconectado.com.br\\\/?p=23352#primaryimage\"},\"thumbnailUrl\":\"https:\\\/\\\/msconectado.com.br\\\/wp-content\\\/uploads\\\/2024\\\/10\\\/2024_10_29_02_13_32_70714566-b7e1-45c1-bb0e-679b54d20782.jpg\",\"datePublished\":\"2024-10-29T19:04:08+00:00\",\"dateModified\":\"2024-10-29T19:04:10+00:00\",\"breadcrumb\":{\"@id\":\"https:\\\/\\\/msconectado.com.br\\\/?p=23352#breadcrumb\"},\"inLanguage\":\"pt-BR\",\"potentialAction\":[{\"@type\":\"ReadAction\",\"target\":[\"https:\\\/\\\/msconectado.com.br\\\/?p=23352\"]}]},{\"@type\":\"ImageObject\",\"inLanguage\":\"pt-BR\",\"@id\":\"https:\\\/\\\/msconectado.com.br\\\/?p=23352#primaryimage\",\"url\":\"https:\\\/\\\/msconectado.com.br\\\/wp-content\\\/uploads\\\/2024\\\/10\\\/2024_10_29_02_13_32_70714566-b7e1-45c1-bb0e-679b54d20782.jpg\",\"contentUrl\":\"https:\\\/\\\/msconectado.com.br\\\/wp-content\\\/uploads\\\/2024\\\/10\\\/2024_10_29_02_13_32_70714566-b7e1-45c1-bb0e-679b54d20782.jpg\",\"width\":740,\"height\":493},{\"@type\":\"BreadcrumbList\",\"@id\":\"https:\\\/\\\/msconectado.com.br\\\/?p=23352#breadcrumb\",\"itemListElement\":[{\"@type\":\"ListItem\",\"position\":1,\"name\":\"In\u00edcio\",\"item\":\"https:\\\/\\\/msconectado.com.br\\\/?page_id=105\"},{\"@type\":\"ListItem\",\"position\":2,\"name\":\"Pol\u00edtica de prote\u00e7\u00e3o \u00e0s m\u00e3es at\u00edpicas \u00e9 tema de projeto\"}]},{\"@type\":\"WebSite\",\"@id\":\"https:\\\/\\\/msconectado.com.br\\\/#website\",\"url\":\"https:\\\/\\\/msconectado.com.br\\\/\",\"name\":\"MsConectado\",\"description\":\"Voc\u00ea Conectado com a Not\u00edcia!\",\"publisher\":{\"@id\":\"https:\\\/\\\/msconectado.com.br\\\/#organization\"},\"potentialAction\":[{\"@type\":\"SearchAction\",\"target\":{\"@type\":\"EntryPoint\",\"urlTemplate\":\"https:\\\/\\\/msconectado.com.br\\\/?s={search_term_string}\"},\"query-input\":{\"@type\":\"PropertyValueSpecification\",\"valueRequired\":true,\"valueName\":\"search_term_string\"}}],\"inLanguage\":\"pt-BR\"},{\"@type\":\"Organization\",\"@id\":\"https:\\\/\\\/msconectado.com.br\\\/#organization\",\"name\":\"MsConectado\",\"url\":\"https:\\\/\\\/msconectado.com.br\\\/\",\"logo\":{\"@type\":\"ImageObject\",\"inLanguage\":\"pt-BR\",\"@id\":\"https:\\\/\\\/msconectado.com.br\\\/#\\\/schema\\\/logo\\\/image\\\/\",\"url\":\"https:\\\/\\\/msconectado.com.br\\\/wp-content\\\/uploads\\\/2023\\\/01\\\/cropped-noticia-2.png\",\"contentUrl\":\"https:\\\/\\\/msconectado.com.br\\\/wp-content\\\/uploads\\\/2023\\\/01\\\/cropped-noticia-2.png\",\"width\":720,\"height\":157,\"caption\":\"MsConectado\"},\"image\":{\"@id\":\"https:\\\/\\\/msconectado.com.br\\\/#\\\/schema\\\/logo\\\/image\\\/\"}},{\"@type\":\"Person\",\"@id\":\"https:\\\/\\\/msconectado.com.br\\\/#\\\/schema\\\/person\\\/feb123a95a93eebea36f0ed6a2e5ba48\",\"name\":\"Jeferson\",\"image\":{\"@type\":\"ImageObject\",\"inLanguage\":\"pt-BR\",\"@id\":\"https:\\\/\\\/secure.gravatar.com\\\/avatar\\\/e23e8901c88f0cdc0ad479ef7a39bf3e4c806344549c087c00b721a65549a328?s=96&d=mm&r=g\",\"url\":\"https:\\\/\\\/secure.gravatar.com\\\/avatar\\\/e23e8901c88f0cdc0ad479ef7a39bf3e4c806344549c087c00b721a65549a328?s=96&d=mm&r=g\",\"contentUrl\":\"https:\\\/\\\/secure.gravatar.com\\\/avatar\\\/e23e8901c88f0cdc0ad479ef7a39bf3e4c806344549c087c00b721a65549a328?s=96&d=mm&r=g\",\"caption\":\"Jeferson\"},\"url\":\"https:\\\/\\\/msconectado.com.br\\\/?author=3\"}]}<\/script>\n<!-- \/ Yoast SEO plugin. -->","yoast_head_json":{"title":"Pol\u00edtica de prote\u00e7\u00e3o \u00e0s m\u00e3es at\u00edpicas \u00e9 tema de projeto - MsConectado","robots":{"index":"index","follow":"follow","max-snippet":"max-snippet:-1","max-image-preview":"max-image-preview:large","max-video-preview":"max-video-preview:-1"},"canonical":"https:\/\/msconectado.com.br\/?p=23352","og_locale":"pt_BR","og_type":"article","og_title":"Pol\u00edtica de prote\u00e7\u00e3o \u00e0s m\u00e3es at\u00edpicas \u00e9 tema de projeto - MsConectado","og_description":"Nesta ter\u00e7a-feira (29) come\u00e7ou a tramitar, na Assembleia Legislativa de Mato Grosso do Sul (ALEMS), o&nbsp;Projeto de Lei 236\/2024, da deputada Mara Caseiro (PSDB), que institui a Pol\u00edtica Estadual de Prote\u00e7\u00e3o e Aten\u00e7\u00e3o \u00e0s M\u00e3es At\u00edpicas e tamb\u00e9m a Semana Estadual das M\u00e3es At\u00edpicas. De acordo com a mat\u00e9ria, a Pol\u00edtica Estadual de Prote\u00e7\u00e3o e [&hellip;]","og_url":"https:\/\/msconectado.com.br\/?p=23352","og_site_name":"MsConectado","article_published_time":"2024-10-29T19:04:08+00:00","article_modified_time":"2024-10-29T19:04:10+00:00","og_image":[{"width":740,"height":493,"url":"https:\/\/msconectado.com.br\/wp-content\/uploads\/2024\/10\/2024_10_29_02_13_32_70714566-b7e1-45c1-bb0e-679b54d20782.jpg","type":"image\/jpeg"}],"author":"Jeferson","twitter_card":"summary_large_image","twitter_misc":{"Escrito por":"Jeferson","Est. tempo de leitura":"3 minutos"},"schema":{"@context":"https:\/\/schema.org","@graph":[{"@type":"Article","@id":"https:\/\/msconectado.com.br\/?p=23352#article","isPartOf":{"@id":"https:\/\/msconectado.com.br\/?p=23352"},"author":{"name":"Jeferson","@id":"https:\/\/msconectado.com.br\/#\/schema\/person\/feb123a95a93eebea36f0ed6a2e5ba48"},"headline":"Pol\u00edtica de prote\u00e7\u00e3o \u00e0s m\u00e3es at\u00edpicas \u00e9 tema de projeto","datePublished":"2024-10-29T19:04:08+00:00","dateModified":"2024-10-29T19:04:10+00:00","mainEntityOfPage":{"@id":"https:\/\/msconectado.com.br\/?p=23352"},"wordCount":430,"commentCount":0,"publisher":{"@id":"https:\/\/msconectado.com.br\/#organization"},"image":{"@id":"https:\/\/msconectado.com.br\/?p=23352#primaryimage"},"thumbnailUrl":"https:\/\/msconectado.com.br\/wp-content\/uploads\/2024\/10\/2024_10_29_02_13_32_70714566-b7e1-45c1-bb0e-679b54d20782.jpg","articleSection":["Assembleia Legislativa","Cidades","Not\u00edcia"],"inLanguage":"pt-BR","potentialAction":[{"@type":"CommentAction","name":"Comment","target":["https:\/\/msconectado.com.br\/?p=23352#respond"]}]},{"@type":"WebPage","@id":"https:\/\/msconectado.com.br\/?p=23352","url":"https:\/\/msconectado.com.br\/?p=23352","name":"Pol\u00edtica de prote\u00e7\u00e3o \u00e0s m\u00e3es at\u00edpicas \u00e9 tema de projeto - MsConectado","isPartOf":{"@id":"https:\/\/msconectado.com.br\/#website"},"primaryImageOfPage":{"@id":"https:\/\/msconectado.com.br\/?p=23352#primaryimage"},"image":{"@id":"https:\/\/msconectado.com.br\/?p=23352#primaryimage"},"thumbnailUrl":"https:\/\/msconectado.com.br\/wp-content\/uploads\/2024\/10\/2024_10_29_02_13_32_70714566-b7e1-45c1-bb0e-679b54d20782.jpg","datePublished":"2024-10-29T19:04:08+00:00","dateModified":"2024-10-29T19:04:10+00:00","breadcrumb":{"@id":"https:\/\/msconectado.com.br\/?p=23352#breadcrumb"},"inLanguage":"pt-BR","potentialAction":[{"@type":"ReadAction","target":["https:\/\/msconectado.com.br\/?p=23352"]}]},{"@type":"ImageObject","inLanguage":"pt-BR","@id":"https:\/\/msconectado.com.br\/?p=23352#primaryimage","url":"https:\/\/msconectado.com.br\/wp-content\/uploads\/2024\/10\/2024_10_29_02_13_32_70714566-b7e1-45c1-bb0e-679b54d20782.jpg","contentUrl":"https:\/\/msconectado.com.br\/wp-content\/uploads\/2024\/10\/2024_10_29_02_13_32_70714566-b7e1-45c1-bb0e-679b54d20782.jpg","width":740,"height":493},{"@type":"BreadcrumbList","@id":"https:\/\/msconectado.com.br\/?p=23352#breadcrumb","itemListElement":[{"@type":"ListItem","position":1,"name":"In\u00edcio","item":"https:\/\/msconectado.com.br\/?page_id=105"},{"@type":"ListItem","position":2,"name":"Pol\u00edtica de prote\u00e7\u00e3o \u00e0s m\u00e3es at\u00edpicas \u00e9 tema de projeto"}]},{"@type":"WebSite","@id":"https:\/\/msconectado.com.br\/#website","url":"https:\/\/msconectado.com.br\/","name":"MsConectado","description":"Voc\u00ea Conectado com a Not\u00edcia!","publisher":{"@id":"https:\/\/msconectado.com.br\/#organization"},"potentialAction":[{"@type":"SearchAction","target":{"@type":"EntryPoint","urlTemplate":"https:\/\/msconectado.com.br\/?s={search_term_string}"},"query-input":{"@type":"PropertyValueSpecification","valueRequired":true,"valueName":"search_term_string"}}],"inLanguage":"pt-BR"},{"@type":"Organization","@id":"https:\/\/msconectado.com.br\/#organization","name":"MsConectado","url":"https:\/\/msconectado.com.br\/","logo":{"@type":"ImageObject","inLanguage":"pt-BR","@id":"https:\/\/msconectado.com.br\/#\/schema\/logo\/image\/","url":"https:\/\/msconectado.com.br\/wp-content\/uploads\/2023\/01\/cropped-noticia-2.png","contentUrl":"https:\/\/msconectado.com.br\/wp-content\/uploads\/2023\/01\/cropped-noticia-2.png","width":720,"height":157,"caption":"MsConectado"},"image":{"@id":"https:\/\/msconectado.com.br\/#\/schema\/logo\/image\/"}},{"@type":"Person","@id":"https:\/\/msconectado.com.br\/#\/schema\/person\/feb123a95a93eebea36f0ed6a2e5ba48","name":"Jeferson","image":{"@type":"ImageObject","inLanguage":"pt-BR","@id":"https:\/\/secure.gravatar.com\/avatar\/e23e8901c88f0cdc0ad479ef7a39bf3e4c806344549c087c00b721a65549a328?s=96&d=mm&r=g","url":"https:\/\/secure.gravatar.com\/avatar\/e23e8901c88f0cdc0ad479ef7a39bf3e4c806344549c087c00b721a65549a328?s=96&d=mm&r=g","contentUrl":"https:\/\/secure.gravatar.com\/avatar\/e23e8901c88f0cdc0ad479ef7a39bf3e4c806344549c087c00b721a65549a328?s=96&d=mm&r=g","caption":"Jeferson"},"url":"https:\/\/msconectado.com.br\/?author=3"}]}},"_links":{"self":[{"href":"https:\/\/msconectado.com.br\/index.php?rest_route=\/wp\/v2\/posts\/23352","targetHints":{"allow":["GET"]}}],"collection":[{"href":"https:\/\/msconectado.com.br\/index.php?rest_route=\/wp\/v2\/posts"}],"about":[{"href":"https:\/\/msconectado.com.br\/index.php?rest_route=\/wp\/v2\/types\/post"}],"author":[{"embeddable":true,"href":"https:\/\/msconectado.com.br\/index.php?rest_route=\/wp\/v2\/users\/3"}],"replies":[{"embeddable":true,"href":"https:\/\/msconectado.com.br\/index.php?rest_route=%2Fwp%2Fv2%2Fcomments&post=23352"}],"version-history":[{"count":1,"href":"https:\/\/msconectado.com.br\/index.php?rest_route=\/wp\/v2\/posts\/23352\/revisions"}],"predecessor-version":[{"id":23354,"href":"https:\/\/msconectado.com.br\/index.php?rest_route=\/wp\/v2\/posts\/23352\/revisions\/23354"}],"wp:featuredmedia":[{"embeddable":true,"href":"https:\/\/msconectado.com.br\/index.php?rest_route=\/wp\/v2\/media\/23353"}],"wp:attachment":[{"href":"https:\/\/msconectado.com.br\/index.php?rest_route=%2Fwp%2Fv2%2Fmedia&parent=23352"}],"wp:term":[{"taxonomy":"category","embeddable":true,"href":"https:\/\/msconectado.com.br\/index.php?rest_route=%2Fwp%2Fv2%2Fcategories&post=23352"},{"taxonomy":"post_tag","embeddable":true,"href":"https:\/\/msconectado.com.br\/index.php?rest_route=%2Fwp%2Fv2%2Ftags&post=23352"}],"curies":[{"name":"wp","href":"https:\/\/api.w.org\/{rel}","templated":true}]}}