
{"id":23381,"date":"2024-11-01T23:09:38","date_gmt":"2024-11-01T23:09:38","guid":{"rendered":"https:\/\/msconectado.com.br\/?p=23381"},"modified":"2024-11-01T23:17:21","modified_gmt":"2024-11-01T23:17:21","slug":"governo-do-estado-entrega-onibus-para-escola-civico-militar-e-inaugura-alojamento-para-bombeiros-em-maracaju","status":"publish","type":"post","link":"https:\/\/msconectado.com.br\/?p=23381","title":{"rendered":"Governo do Estado entrega \u00f4nibus para Escola C\u00edvico-Militar e inaugura alojamento para Bombeiros em Maracaju"},"content":{"rendered":"\n<p>Na tarde desta sexta-feira, 1\u00ba de novembro, o Governo do Estado realizou um importante entrega em Maracaju, consolidando seu compromisso com a educa\u00e7\u00e3o e a seguran\u00e7a p\u00fablica. Em cerim\u00f4nia oficial, foram entregues um \u00f4nibus destinado \u00e0 Escola C\u00edvico-Militar e abriu um novo alojamento para o Corpo de Bombeiros Militar. Ambas as iniciativas s\u00e3o consideradas essenciais para o desenvolvimento do munic\u00edpio e para a valoriza\u00e7\u00e3o dos servi\u00e7os p\u00fablicos locais.<\/p>\n\n\n\n<p>O novo \u00f4nibus escolar ampliar\u00e1 o alcance das atividades da Escola C\u00edvico-Militar de Maracaju, oferecendo um transporte seguro e adequado para os estudantes, que agora poder\u00e3o participar de eventos, competi\u00e7\u00f5es e atividades externas. Para os Bombeiros Militares, a entrega do alojamento representa um salto na qualidade das suas instala\u00e7\u00f5es, oferecendo melhores condi\u00e7\u00f5es de descanso e suporte para a equipa, o que \u00e9 crucial para que eles desempenhem as suas fun\u00e7\u00f5es de maneira segura e eficaz.<\/p>\n\n\n\n<p>Durante o evento, o presidente da c\u00e2mara vereador Robert Ziemann elogiou as a\u00e7\u00f5es do governo e ressaltou a import\u00e2ncia desses investimentos para Maracaju. \u201cEssas entregas representam um avan\u00e7o significativo para a nossa cidade. A Escola C\u00edvico-Militar, ao receber este \u00f4nibus, ganha uma ferramenta fundamental para expandir suas atividades e enriquecer a forma\u00e7\u00e3o dos alunos. E os nossos bombeiros, agora com um alojamento adequado, recebem o respeito e o reconhecimento que merecem pelo seu trabalho \u00e1rduo. agradecer ao Governo do Estado por priorizar essas \u00e1reas t\u00e3o espec\u00edficas para a nossa comunidade\u201d, declarou Robert.<\/p>\n\n\n<div class=\"wp-block-image\">\n<figure class=\"aligncenter size-large\"><img fetchpriority=\"high\" decoding=\"async\" width=\"1024\" height=\"682\" src=\"https:\/\/msconectado.com.br\/wp-content\/uploads\/2024\/11\/image-3-1024x682.png\" alt=\"\" class=\"wp-image-23385\" srcset=\"https:\/\/msconectado.com.br\/wp-content\/uploads\/2024\/11\/image-3-1024x682.png 1024w, https:\/\/msconectado.com.br\/wp-content\/uploads\/2024\/11\/image-3-300x200.png 300w, https:\/\/msconectado.com.br\/wp-content\/uploads\/2024\/11\/image-3-768x512.png 768w, https:\/\/msconectado.com.br\/wp-content\/uploads\/2024\/11\/image-3-1536x1023.png 1536w, https:\/\/msconectado.com.br\/wp-content\/uploads\/2024\/11\/image-3-360x240.png 360w, https:\/\/msconectado.com.br\/wp-content\/uploads\/2024\/11\/image-3.png 1600w\" sizes=\"(max-width: 1024px) 100vw, 1024px\" \/><\/figure>\n<\/div>\n\n\n<p>A cerim\u00f4nia contou com a presen\u00e7a de diversas autoridades, liderados pelo secret\u00e1rio de Estado de Educa\u00e7\u00e3o, H\u00e9lio Queiroz Daher, e pelo comandante do Corpo de Bombeiros, Coronel Frederico Reis. Tamb\u00e9m estiveram presentes a secret\u00e1ria municipal de Educa\u00e7\u00e3o, Carol, o Coronel Bruno, o presidente da C\u00e2mara Municipal, o vereador Robert Ziemann, e os vereadores Gustavo e Rener, al\u00e9m de lideran\u00e7as locais e membros da comunidade. Todos celebraram as entregas como um marco no fortalecimento da infraestrutura de Maracaju. Com essas melhorias, o Governo do Estado reafirma seu compromisso com o desenvolvimento sustent\u00e1vel do munic\u00edpio, investindo diretamente na qualidade de vida e no bem-estar dos moradores.<\/p>\n\n\n<div class=\"wp-block-image\">\n<figure class=\"aligncenter size-large\"><img decoding=\"async\" width=\"1024\" height=\"682\" src=\"https:\/\/msconectado.com.br\/wp-content\/uploads\/2024\/11\/image-5-1024x682.png\" alt=\"\" class=\"wp-image-23387\" srcset=\"https:\/\/msconectado.com.br\/wp-content\/uploads\/2024\/11\/image-5-1024x682.png 1024w, https:\/\/msconectado.com.br\/wp-content\/uploads\/2024\/11\/image-5-300x200.png 300w, https:\/\/msconectado.com.br\/wp-content\/uploads\/2024\/11\/image-5-768x512.png 768w, https:\/\/msconectado.com.br\/wp-content\/uploads\/2024\/11\/image-5-1536x1023.png 1536w, https:\/\/msconectado.com.br\/wp-content\/uploads\/2024\/11\/image-5-360x240.png 360w, https:\/\/msconectado.com.br\/wp-content\/uploads\/2024\/11\/image-5.png 1600w\" sizes=\"(max-width: 1024px) 100vw, 1024px\" \/><\/figure>\n<\/div>\n\n\n<p>Reda\u00e7\u00e3o Ms Conectado &#8211; DRT 001808\/MS<\/p>\n\n\n<div class=\"wp-block-image\">\n<figure class=\"aligncenter size-full\"><img decoding=\"async\" width=\"900\" height=\"100\" src=\"https:\/\/msconectado.com.br\/wp-content\/uploads\/2024\/10\/ezgif.com-animated-gif-maker.gif\" alt=\"\" class=\"wp-image-23249\"\/><\/figure>\n<\/div>","protected":false},"excerpt":{"rendered":"<p>Na tarde desta sexta-feira, 1\u00ba de novembro, o Governo do Estado realizou um importante entrega em Maracaju, consolidando seu compromisso com a educa\u00e7\u00e3o e a seguran\u00e7a p\u00fablica. Em cerim\u00f4nia oficial, foram entregues um \u00f4nibus destinado \u00e0 Escola C\u00edvico-Militar e abriu um novo alojamento para o Corpo de Bombeiros Militar. Ambas as iniciativas s\u00e3o consideradas essenciais [&hellip;]<\/p>\n","protected":false},"author":3,"featured_media":23383,"comment_status":"open","ping_status":"closed","sticky":false,"template":"","format":"standard","meta":{"footnotes":""},"categories":[35,1,33],"tags":[],"class_list":["post-23381","post","type-post","status-publish","format-standard","has-post-thumbnail","hentry","category-cidades","category-noticia","category-politica"],"yoast_head":"<!-- This site is optimized with the Yoast SEO plugin v27.5 - https:\/\/yoast.com\/product\/yoast-seo-wordpress\/ -->\n<title>Governo do Estado entrega \u00f4nibus para Escola C\u00edvico-Militar e inaugura alojamento para Bombeiros em Maracaju - MsConectado<\/title>\n<meta name=\"robots\" content=\"index, follow, max-snippet:-1, max-image-preview:large, max-video-preview:-1\" \/>\n<link rel=\"canonical\" href=\"https:\/\/msconectado.com.br\/?p=23381\" \/>\n<meta property=\"og:locale\" content=\"pt_BR\" \/>\n<meta property=\"og:type\" content=\"article\" \/>\n<meta property=\"og:title\" content=\"Governo do Estado entrega \u00f4nibus para Escola C\u00edvico-Militar e inaugura alojamento para Bombeiros em Maracaju - MsConectado\" \/>\n<meta property=\"og:description\" content=\"Na tarde desta sexta-feira, 1\u00ba de novembro, o Governo do Estado realizou um importante entrega em Maracaju, consolidando seu compromisso com a educa\u00e7\u00e3o e a seguran\u00e7a p\u00fablica. Em cerim\u00f4nia oficial, foram entregues um \u00f4nibus destinado \u00e0 Escola C\u00edvico-Militar e abriu um novo alojamento para o Corpo de Bombeiros Militar. Ambas as iniciativas s\u00e3o consideradas essenciais [&hellip;]\" \/>\n<meta property=\"og:url\" content=\"https:\/\/msconectado.com.br\/?p=23381\" \/>\n<meta property=\"og:site_name\" content=\"MsConectado\" \/>\n<meta property=\"article:published_time\" content=\"2024-11-01T23:09:38+00:00\" \/>\n<meta property=\"article:modified_time\" content=\"2024-11-01T23:17:21+00:00\" \/>\n<meta property=\"og:image\" content=\"https:\/\/msconectado.com.br\/wp-content\/uploads\/2024\/11\/image-1-1024x682.png\" \/>\n\t<meta property=\"og:image:width\" content=\"1024\" \/>\n\t<meta property=\"og:image:height\" content=\"682\" \/>\n\t<meta property=\"og:image:type\" content=\"image\/png\" \/>\n<meta name=\"author\" content=\"Jeferson\" \/>\n<meta name=\"twitter:card\" content=\"summary_large_image\" \/>\n<meta name=\"twitter:label1\" content=\"Escrito por\" \/>\n\t<meta name=\"twitter:data1\" content=\"Jeferson\" \/>\n\t<meta name=\"twitter:label2\" content=\"Est. tempo de leitura\" \/>\n\t<meta name=\"twitter:data2\" content=\"3 minutos\" \/>\n<script type=\"application\/ld+json\" class=\"yoast-schema-graph\">{\"@context\":\"https:\\\/\\\/schema.org\",\"@graph\":[{\"@type\":\"Article\",\"@id\":\"https:\\\/\\\/msconectado.com.br\\\/?p=23381#article\",\"isPartOf\":{\"@id\":\"https:\\\/\\\/msconectado.com.br\\\/?p=23381\"},\"author\":{\"name\":\"Jeferson\",\"@id\":\"https:\\\/\\\/msconectado.com.br\\\/#\\\/schema\\\/person\\\/feb123a95a93eebea36f0ed6a2e5ba48\"},\"headline\":\"Governo do Estado entrega \u00f4nibus para Escola C\u00edvico-Militar e inaugura alojamento para Bombeiros em Maracaju\",\"datePublished\":\"2024-11-01T23:09:38+00:00\",\"dateModified\":\"2024-11-01T23:17:21+00:00\",\"mainEntityOfPage\":{\"@id\":\"https:\\\/\\\/msconectado.com.br\\\/?p=23381\"},\"wordCount\":396,\"commentCount\":0,\"publisher\":{\"@id\":\"https:\\\/\\\/msconectado.com.br\\\/#organization\"},\"image\":{\"@id\":\"https:\\\/\\\/msconectado.com.br\\\/?p=23381#primaryimage\"},\"thumbnailUrl\":\"https:\\\/\\\/msconectado.com.br\\\/wp-content\\\/uploads\\\/2024\\\/11\\\/image-1.png\",\"articleSection\":[\"Cidades\",\"Not\u00edcia\",\"Pol\u00edtica\"],\"inLanguage\":\"pt-BR\",\"potentialAction\":[{\"@type\":\"CommentAction\",\"name\":\"Comment\",\"target\":[\"https:\\\/\\\/msconectado.com.br\\\/?p=23381#respond\"]}]},{\"@type\":\"WebPage\",\"@id\":\"https:\\\/\\\/msconectado.com.br\\\/?p=23381\",\"url\":\"https:\\\/\\\/msconectado.com.br\\\/?p=23381\",\"name\":\"Governo do Estado entrega \u00f4nibus para Escola C\u00edvico-Militar e inaugura alojamento para Bombeiros em Maracaju - MsConectado\",\"isPartOf\":{\"@id\":\"https:\\\/\\\/msconectado.com.br\\\/#website\"},\"primaryImageOfPage\":{\"@id\":\"https:\\\/\\\/msconectado.com.br\\\/?p=23381#primaryimage\"},\"image\":{\"@id\":\"https:\\\/\\\/msconectado.com.br\\\/?p=23381#primaryimage\"},\"thumbnailUrl\":\"https:\\\/\\\/msconectado.com.br\\\/wp-content\\\/uploads\\\/2024\\\/11\\\/image-1.png\",\"datePublished\":\"2024-11-01T23:09:38+00:00\",\"dateModified\":\"2024-11-01T23:17:21+00:00\",\"breadcrumb\":{\"@id\":\"https:\\\/\\\/msconectado.com.br\\\/?p=23381#breadcrumb\"},\"inLanguage\":\"pt-BR\",\"potentialAction\":[{\"@type\":\"ReadAction\",\"target\":[\"https:\\\/\\\/msconectado.com.br\\\/?p=23381\"]}]},{\"@type\":\"ImageObject\",\"inLanguage\":\"pt-BR\",\"@id\":\"https:\\\/\\\/msconectado.com.br\\\/?p=23381#primaryimage\",\"url\":\"https:\\\/\\\/msconectado.com.br\\\/wp-content\\\/uploads\\\/2024\\\/11\\\/image-1.png\",\"contentUrl\":\"https:\\\/\\\/msconectado.com.br\\\/wp-content\\\/uploads\\\/2024\\\/11\\\/image-1.png\",\"width\":1600,\"height\":1066},{\"@type\":\"BreadcrumbList\",\"@id\":\"https:\\\/\\\/msconectado.com.br\\\/?p=23381#breadcrumb\",\"itemListElement\":[{\"@type\":\"ListItem\",\"position\":1,\"name\":\"In\u00edcio\",\"item\":\"https:\\\/\\\/msconectado.com.br\\\/\"},{\"@type\":\"ListItem\",\"position\":2,\"name\":\"Governo do Estado entrega \u00f4nibus para Escola C\u00edvico-Militar e inaugura alojamento para Bombeiros em Maracaju\"}]},{\"@type\":\"WebSite\",\"@id\":\"https:\\\/\\\/msconectado.com.br\\\/#website\",\"url\":\"https:\\\/\\\/msconectado.com.br\\\/\",\"name\":\"MsConectado\",\"description\":\"Voc\u00ea Conectado com a Not\u00edcia!\",\"publisher\":{\"@id\":\"https:\\\/\\\/msconectado.com.br\\\/#organization\"},\"potentialAction\":[{\"@type\":\"SearchAction\",\"target\":{\"@type\":\"EntryPoint\",\"urlTemplate\":\"https:\\\/\\\/msconectado.com.br\\\/?s={search_term_string}\"},\"query-input\":{\"@type\":\"PropertyValueSpecification\",\"valueRequired\":true,\"valueName\":\"search_term_string\"}}],\"inLanguage\":\"pt-BR\"},{\"@type\":\"Organization\",\"@id\":\"https:\\\/\\\/msconectado.com.br\\\/#organization\",\"name\":\"MsConectado\",\"url\":\"https:\\\/\\\/msconectado.com.br\\\/\",\"logo\":{\"@type\":\"ImageObject\",\"inLanguage\":\"pt-BR\",\"@id\":\"https:\\\/\\\/msconectado.com.br\\\/#\\\/schema\\\/logo\\\/image\\\/\",\"url\":\"https:\\\/\\\/msconectado.com.br\\\/wp-content\\\/uploads\\\/2023\\\/01\\\/cropped-noticia-2.png\",\"contentUrl\":\"https:\\\/\\\/msconectado.com.br\\\/wp-content\\\/uploads\\\/2023\\\/01\\\/cropped-noticia-2.png\",\"width\":720,\"height\":157,\"caption\":\"MsConectado\"},\"image\":{\"@id\":\"https:\\\/\\\/msconectado.com.br\\\/#\\\/schema\\\/logo\\\/image\\\/\"}},{\"@type\":\"Person\",\"@id\":\"https:\\\/\\\/msconectado.com.br\\\/#\\\/schema\\\/person\\\/feb123a95a93eebea36f0ed6a2e5ba48\",\"name\":\"Jeferson\",\"image\":{\"@type\":\"ImageObject\",\"inLanguage\":\"pt-BR\",\"@id\":\"https:\\\/\\\/secure.gravatar.com\\\/avatar\\\/e23e8901c88f0cdc0ad479ef7a39bf3e4c806344549c087c00b721a65549a328?s=96&d=mm&r=g\",\"url\":\"https:\\\/\\\/secure.gravatar.com\\\/avatar\\\/e23e8901c88f0cdc0ad479ef7a39bf3e4c806344549c087c00b721a65549a328?s=96&d=mm&r=g\",\"contentUrl\":\"https:\\\/\\\/secure.gravatar.com\\\/avatar\\\/e23e8901c88f0cdc0ad479ef7a39bf3e4c806344549c087c00b721a65549a328?s=96&d=mm&r=g\",\"caption\":\"Jeferson\"},\"url\":\"https:\\\/\\\/msconectado.com.br\\\/?author=3\"}]}<\/script>\n<!-- \/ Yoast SEO plugin. -->","yoast_head_json":{"title":"Governo do Estado entrega \u00f4nibus para Escola C\u00edvico-Militar e inaugura alojamento para Bombeiros em Maracaju - MsConectado","robots":{"index":"index","follow":"follow","max-snippet":"max-snippet:-1","max-image-preview":"max-image-preview:large","max-video-preview":"max-video-preview:-1"},"canonical":"https:\/\/msconectado.com.br\/?p=23381","og_locale":"pt_BR","og_type":"article","og_title":"Governo do Estado entrega \u00f4nibus para Escola C\u00edvico-Militar e inaugura alojamento para Bombeiros em Maracaju - MsConectado","og_description":"Na tarde desta sexta-feira, 1\u00ba de novembro, o Governo do Estado realizou um importante entrega em Maracaju, consolidando seu compromisso com a educa\u00e7\u00e3o e a seguran\u00e7a p\u00fablica. Em cerim\u00f4nia oficial, foram entregues um \u00f4nibus destinado \u00e0 Escola C\u00edvico-Militar e abriu um novo alojamento para o Corpo de Bombeiros Militar. Ambas as iniciativas s\u00e3o consideradas essenciais [&hellip;]","og_url":"https:\/\/msconectado.com.br\/?p=23381","og_site_name":"MsConectado","article_published_time":"2024-11-01T23:09:38+00:00","article_modified_time":"2024-11-01T23:17:21+00:00","og_image":[{"width":1024,"height":682,"url":"https:\/\/msconectado.com.br\/wp-content\/uploads\/2024\/11\/image-1-1024x682.png","type":"image\/png"}],"author":"Jeferson","twitter_card":"summary_large_image","twitter_misc":{"Escrito por":"Jeferson","Est. tempo de leitura":"3 minutos"},"schema":{"@context":"https:\/\/schema.org","@graph":[{"@type":"Article","@id":"https:\/\/msconectado.com.br\/?p=23381#article","isPartOf":{"@id":"https:\/\/msconectado.com.br\/?p=23381"},"author":{"name":"Jeferson","@id":"https:\/\/msconectado.com.br\/#\/schema\/person\/feb123a95a93eebea36f0ed6a2e5ba48"},"headline":"Governo do Estado entrega \u00f4nibus para Escola C\u00edvico-Militar e inaugura alojamento para Bombeiros em Maracaju","datePublished":"2024-11-01T23:09:38+00:00","dateModified":"2024-11-01T23:17:21+00:00","mainEntityOfPage":{"@id":"https:\/\/msconectado.com.br\/?p=23381"},"wordCount":396,"commentCount":0,"publisher":{"@id":"https:\/\/msconectado.com.br\/#organization"},"image":{"@id":"https:\/\/msconectado.com.br\/?p=23381#primaryimage"},"thumbnailUrl":"https:\/\/msconectado.com.br\/wp-content\/uploads\/2024\/11\/image-1.png","articleSection":["Cidades","Not\u00edcia","Pol\u00edtica"],"inLanguage":"pt-BR","potentialAction":[{"@type":"CommentAction","name":"Comment","target":["https:\/\/msconectado.com.br\/?p=23381#respond"]}]},{"@type":"WebPage","@id":"https:\/\/msconectado.com.br\/?p=23381","url":"https:\/\/msconectado.com.br\/?p=23381","name":"Governo do Estado entrega \u00f4nibus para Escola C\u00edvico-Militar e inaugura alojamento para Bombeiros em Maracaju - MsConectado","isPartOf":{"@id":"https:\/\/msconectado.com.br\/#website"},"primaryImageOfPage":{"@id":"https:\/\/msconectado.com.br\/?p=23381#primaryimage"},"image":{"@id":"https:\/\/msconectado.com.br\/?p=23381#primaryimage"},"thumbnailUrl":"https:\/\/msconectado.com.br\/wp-content\/uploads\/2024\/11\/image-1.png","datePublished":"2024-11-01T23:09:38+00:00","dateModified":"2024-11-01T23:17:21+00:00","breadcrumb":{"@id":"https:\/\/msconectado.com.br\/?p=23381#breadcrumb"},"inLanguage":"pt-BR","potentialAction":[{"@type":"ReadAction","target":["https:\/\/msconectado.com.br\/?p=23381"]}]},{"@type":"ImageObject","inLanguage":"pt-BR","@id":"https:\/\/msconectado.com.br\/?p=23381#primaryimage","url":"https:\/\/msconectado.com.br\/wp-content\/uploads\/2024\/11\/image-1.png","contentUrl":"https:\/\/msconectado.com.br\/wp-content\/uploads\/2024\/11\/image-1.png","width":1600,"height":1066},{"@type":"BreadcrumbList","@id":"https:\/\/msconectado.com.br\/?p=23381#breadcrumb","itemListElement":[{"@type":"ListItem","position":1,"name":"In\u00edcio","item":"https:\/\/msconectado.com.br\/"},{"@type":"ListItem","position":2,"name":"Governo do Estado entrega \u00f4nibus para Escola C\u00edvico-Militar e inaugura alojamento para Bombeiros em Maracaju"}]},{"@type":"WebSite","@id":"https:\/\/msconectado.com.br\/#website","url":"https:\/\/msconectado.com.br\/","name":"MsConectado","description":"Voc\u00ea Conectado com a Not\u00edcia!","publisher":{"@id":"https:\/\/msconectado.com.br\/#organization"},"potentialAction":[{"@type":"SearchAction","target":{"@type":"EntryPoint","urlTemplate":"https:\/\/msconectado.com.br\/?s={search_term_string}"},"query-input":{"@type":"PropertyValueSpecification","valueRequired":true,"valueName":"search_term_string"}}],"inLanguage":"pt-BR"},{"@type":"Organization","@id":"https:\/\/msconectado.com.br\/#organization","name":"MsConectado","url":"https:\/\/msconectado.com.br\/","logo":{"@type":"ImageObject","inLanguage":"pt-BR","@id":"https:\/\/msconectado.com.br\/#\/schema\/logo\/image\/","url":"https:\/\/msconectado.com.br\/wp-content\/uploads\/2023\/01\/cropped-noticia-2.png","contentUrl":"https:\/\/msconectado.com.br\/wp-content\/uploads\/2023\/01\/cropped-noticia-2.png","width":720,"height":157,"caption":"MsConectado"},"image":{"@id":"https:\/\/msconectado.com.br\/#\/schema\/logo\/image\/"}},{"@type":"Person","@id":"https:\/\/msconectado.com.br\/#\/schema\/person\/feb123a95a93eebea36f0ed6a2e5ba48","name":"Jeferson","image":{"@type":"ImageObject","inLanguage":"pt-BR","@id":"https:\/\/secure.gravatar.com\/avatar\/e23e8901c88f0cdc0ad479ef7a39bf3e4c806344549c087c00b721a65549a328?s=96&d=mm&r=g","url":"https:\/\/secure.gravatar.com\/avatar\/e23e8901c88f0cdc0ad479ef7a39bf3e4c806344549c087c00b721a65549a328?s=96&d=mm&r=g","contentUrl":"https:\/\/secure.gravatar.com\/avatar\/e23e8901c88f0cdc0ad479ef7a39bf3e4c806344549c087c00b721a65549a328?s=96&d=mm&r=g","caption":"Jeferson"},"url":"https:\/\/msconectado.com.br\/?author=3"}]}},"_links":{"self":[{"href":"https:\/\/msconectado.com.br\/index.php?rest_route=\/wp\/v2\/posts\/23381","targetHints":{"allow":["GET"]}}],"collection":[{"href":"https:\/\/msconectado.com.br\/index.php?rest_route=\/wp\/v2\/posts"}],"about":[{"href":"https:\/\/msconectado.com.br\/index.php?rest_route=\/wp\/v2\/types\/post"}],"author":[{"embeddable":true,"href":"https:\/\/msconectado.com.br\/index.php?rest_route=\/wp\/v2\/users\/3"}],"replies":[{"embeddable":true,"href":"https:\/\/msconectado.com.br\/index.php?rest_route=%2Fwp%2Fv2%2Fcomments&post=23381"}],"version-history":[{"count":2,"href":"https:\/\/msconectado.com.br\/index.php?rest_route=\/wp\/v2\/posts\/23381\/revisions"}],"predecessor-version":[{"id":23390,"href":"https:\/\/msconectado.com.br\/index.php?rest_route=\/wp\/v2\/posts\/23381\/revisions\/23390"}],"wp:featuredmedia":[{"embeddable":true,"href":"https:\/\/msconectado.com.br\/index.php?rest_route=\/wp\/v2\/media\/23383"}],"wp:attachment":[{"href":"https:\/\/msconectado.com.br\/index.php?rest_route=%2Fwp%2Fv2%2Fmedia&parent=23381"}],"wp:term":[{"taxonomy":"category","embeddable":true,"href":"https:\/\/msconectado.com.br\/index.php?rest_route=%2Fwp%2Fv2%2Fcategories&post=23381"},{"taxonomy":"post_tag","embeddable":true,"href":"https:\/\/msconectado.com.br\/index.php?rest_route=%2Fwp%2Fv2%2Ftags&post=23381"}],"curies":[{"name":"wp","href":"https:\/\/api.w.org\/{rel}","templated":true}]}}