{"id":23519,"date":"2024-11-13T17:14:09","date_gmt":"2024-11-13T17:14:09","guid":{"rendered":"https:\/\/msconectado.com.br\/?p=23519"},"modified":"2024-11-13T17:14:11","modified_gmt":"2024-11-13T17:14:11","slug":"mesa-diretora-da-alems-e-reeleita-por-unanimidade-para-o-proximo-bienio","status":"publish","type":"post","link":"https:\/\/msconectado.com.br\/?p=23519","title":{"rendered":"Mesa Diretora da ALEMS \u00e9 reeleita por unanimidade para o pr\u00f3ximo bi\u00eanio"},"content":{"rendered":"\n<p>A atual composi\u00e7\u00e3o da Mesa Diretora, com Gerson Claro (PP) presidente, foi reeleita para o pr\u00f3ximo bi\u00eanio (2025-2026) na Assembleia Legislativa de Mato Grosso do Sul (ALEMS). Por unanimidade de votos, foram mantidos nos cargos de 1\u00ba secret\u00e1rio o deputado Paulo Corr\u00eaa (PSDB) e Pedro Kemp (PT) para 2\u00ba secret\u00e1rio.<\/p>\n\n\n\n<p>Os demais cargos da chapa \u00fanica, denominada Democracia Viva, tamb\u00e9m foram mantidos com Renato C\u00e2mara (MDB) de 1\u00aa vice-presidente, Z\u00e9 Teixeira (PSDB) na 2\u00aa vice-presid\u00eancia, Mara Caseiro (PSDB) como 3\u00aa vice-presidente e Lucas de Lima (Sem partido) como o 3\u00ba secret\u00e1rio. A sess\u00e3o desta quarta-feira (13) teve o pequeno e o grande expedientes suprimidos para a vota\u00e7\u00e3o como pauta exclusiva, de forma nominal e aberta, al\u00e9m de por escrito em papel entregue ao 2\u00ba secret\u00e1rio.<\/p>\n\n\n\n<p>Ao votar, todos os deputados presentes parabenizaram o trabalho da Mesa Diretora reeleita. Pedro Kemp agradeceu e destacou a pluralidade respeitada. Paulo Corr\u00eaa disse que tem orgulho de participa\u00e7\u00e3o da composi\u00e7\u00e3o desta gest\u00e3o. Gerson Claro tamb\u00e9m votou e agradeceu a confian\u00e7a de todos.<\/p>\n\n\n\n<p>&#8220;Meu sentimento \u00e9 de responsabilidade e compromisso renovado, de fazer tudo o que estiver ao alcance da adminstra\u00e7\u00e3o para atender a expectativa do cidad\u00e3o sul-mato-grossense&#8221;, disse Gerson Claro &#8211;&nbsp;<a href=\"https:\/\/al.ms.gov.br\/Noticias\/140984\/bmesa-diretora-b-reeleitos-destacam-dialogo-e-harmonia-na-reconducao-ao-novo-bienio\" target=\"_blank\" rel=\"noreferrer noopener\">veja os discursos dos eleitos na \u00edntegra clicando aqui<\/a>.&nbsp;A posse da Mesa eleita foi convocada por Gerson para o&nbsp;dia 3 de fevereiro de 2025, \u00e0s 9h, na Sala da Presid\u00eancia.&nbsp;<\/p>\n\n\n\n<p><strong>Compet\u00eancias<\/strong><\/p>\n\n\n\n<p>De acordo com o&nbsp;<a href=\"https:\/\/al.ms.gov.br\/upload\/Pdf\/2023_08_07_04_14_21_regimento_interno-atualizado_22_06_2023.pdf\">Regimento Interno da ALEMS<\/a>, o presidente \u00e9 \u201co representante da Assembleia quando ela houver de se enunciar coletivamente, o dirigente dos seus trabalhos e o fiscal da ordem\u201d. O primeiro vice-presidente \u00e9 o substituto imediato do presidente, enquanto o segundo vice-presidente o substitui e a este o terceiro vice-presidente.&nbsp;<\/p>\n\n\n\n<p>A parte administrativa est\u00e1 dentre as compet\u00eancias da 1\u00aa&nbsp;Secretaria, como autorizar despesas e pagamentos, mandar organizar a folha de pagamento dos subs\u00eddios dos deputados e manter livro pr\u00f3prio para registro de aus\u00eancia dos parlamentares. J\u00e1 ao 2\u00ba secret\u00e1rio cabe ler e fiscalizar as atas das sess\u00f5es, anotar as vota\u00e7\u00f5es nominais e auxiliar o 1\u00ba secret\u00e1rio a fazer a correspond\u00eancia oficial da Assembleia.<\/p>\n\n\n\n<p><strong>Servi\u00e7o<\/strong><\/p>\n\n\n\n<p>Reveja a elei\u00e7\u00e3o completa na transmiss\u00e3o ao vivo no&nbsp;<ins><a href=\"https:\/\/www.facebook.com\/assembleiams\" target=\"_blank\" rel=\"noreferrer noopener\">Facebook<\/a><\/ins>&nbsp;e&nbsp;<ins><a href=\"https:\/\/www.youtube.com\/c\/AssembleiaLegislativadeMS?app=desktop%C2%A0\" target=\"_blank\" rel=\"noreferrer noopener\">Youtube<\/a><\/ins>&nbsp;oficiais da Casa de Leis. A cobertura foi feita pela&nbsp;<a href=\"https:\/\/al.ms.gov.br\/TvAssembleia\" target=\"_blank\" rel=\"noreferrer noopener\">TV<\/a>,&nbsp;<a href=\"https:\/\/al.ms.gov.br\/RadioAssembleia\/Audios?idMenu=601\" target=\"_blank\" rel=\"noreferrer noopener\">R\u00e1dio ALEMS<\/a>,&nbsp;<a href=\"https:\/\/al.ms.gov.br\/\" target=\"_blank\" rel=\"noreferrer noopener\">Portal da ALEMS<\/a>&nbsp;e&nbsp;<ins><a href=\"https:\/\/www.instagram.com\/assembleiams\/\" target=\"_blank\" rel=\"noreferrer noopener\">Instagram<\/a><\/ins>.&nbsp;A TV e a R\u00e1dio ALEMS tamb\u00e9m est\u00e3o no sinal aberto, respectivamente, no&nbsp;canal&nbsp;7.2 e na&nbsp;FM 105.5.<\/p>\n\n\n\n<p>ALEMS<\/p>\n\n\n<div class=\"wp-block-image\">\n<figure class=\"aligncenter size-full\"><img fetchpriority=\"high\" decoding=\"async\" width=\"900\" height=\"100\" src=\"https:\/\/msconectado.com.br\/wp-content\/uploads\/2024\/11\/ezgif.com-animated-gif-maker.gif\" alt=\"\" class=\"wp-image-23474\"\/><\/figure>\n<\/div>","protected":false},"excerpt":{"rendered":"<p>A atual composi\u00e7\u00e3o da Mesa Diretora, com Gerson Claro (PP) presidente, foi reeleita para o pr\u00f3ximo bi\u00eanio (2025-2026) na Assembleia Legislativa de Mato Grosso do Sul (ALEMS). Por unanimidade de votos, foram mantidos nos cargos de 1\u00ba secret\u00e1rio o deputado Paulo Corr\u00eaa (PSDB) e Pedro Kemp (PT) para 2\u00ba secret\u00e1rio. Os demais cargos da chapa [&hellip;]<\/p>\n","protected":false},"author":3,"featured_media":23520,"comment_status":"open","ping_status":"closed","sticky":false,"template":"","format":"standard","meta":{"footnotes":""},"categories":[38,33],"tags":[],"class_list":["post-23519","post","type-post","status-publish","format-standard","has-post-thumbnail","hentry","category-assembleia-legislativa","category-politica"],"yoast_head":"<!-- This site is optimized with the Yoast SEO plugin v27.5 - https:\/\/yoast.com\/product\/yoast-seo-wordpress\/ -->\n<title>Mesa Diretora da ALEMS \u00e9 reeleita por unanimidade para o pr\u00f3ximo bi\u00eanio - MsConectado<\/title>\n<meta name=\"robots\" content=\"index, follow, max-snippet:-1, max-image-preview:large, max-video-preview:-1\" \/>\n<link rel=\"canonical\" href=\"https:\/\/msconectado.com.br\/?p=23519\" \/>\n<meta property=\"og:locale\" content=\"pt_BR\" \/>\n<meta property=\"og:type\" content=\"article\" \/>\n<meta property=\"og:title\" content=\"Mesa Diretora da ALEMS \u00e9 reeleita por unanimidade para o pr\u00f3ximo bi\u00eanio - MsConectado\" \/>\n<meta property=\"og:description\" content=\"A atual composi\u00e7\u00e3o da Mesa Diretora, com Gerson Claro (PP) presidente, foi reeleita para o pr\u00f3ximo bi\u00eanio (2025-2026) na Assembleia Legislativa de Mato Grosso do Sul (ALEMS). Por unanimidade de votos, foram mantidos nos cargos de 1\u00ba secret\u00e1rio o deputado Paulo Corr\u00eaa (PSDB) e Pedro Kemp (PT) para 2\u00ba secret\u00e1rio. Os demais cargos da chapa [&hellip;]\" \/>\n<meta property=\"og:url\" content=\"https:\/\/msconectado.com.br\/?p=23519\" \/>\n<meta property=\"og:site_name\" content=\"MsConectado\" \/>\n<meta property=\"article:published_time\" content=\"2024-11-13T17:14:09+00:00\" \/>\n<meta property=\"article:modified_time\" content=\"2024-11-13T17:14:11+00:00\" \/>\n<meta property=\"og:image\" content=\"https:\/\/msconectado.com.br\/wp-content\/uploads\/2024\/11\/re2-2.jpg\" \/>\n\t<meta property=\"og:image:width\" content=\"740\" \/>\n\t<meta property=\"og:image:height\" content=\"493\" \/>\n\t<meta property=\"og:image:type\" content=\"image\/jpeg\" \/>\n<meta name=\"author\" content=\"Jeferson\" \/>\n<meta name=\"twitter:card\" content=\"summary_large_image\" \/>\n<meta name=\"twitter:label1\" content=\"Escrito por\" \/>\n\t<meta name=\"twitter:data1\" content=\"Jeferson\" \/>\n\t<meta name=\"twitter:label2\" content=\"Est. tempo de leitura\" \/>\n\t<meta name=\"twitter:data2\" content=\"3 minutos\" \/>\n<script type=\"application\/ld+json\" class=\"yoast-schema-graph\">{\"@context\":\"https:\\\/\\\/schema.org\",\"@graph\":[{\"@type\":\"Article\",\"@id\":\"https:\\\/\\\/msconectado.com.br\\\/?p=23519#article\",\"isPartOf\":{\"@id\":\"https:\\\/\\\/msconectado.com.br\\\/?p=23519\"},\"author\":{\"name\":\"Jeferson\",\"@id\":\"https:\\\/\\\/msconectado.com.br\\\/#\\\/schema\\\/person\\\/feb123a95a93eebea36f0ed6a2e5ba48\"},\"headline\":\"Mesa Diretora da ALEMS \u00e9 reeleita por unanimidade para o pr\u00f3ximo bi\u00eanio\",\"datePublished\":\"2024-11-13T17:14:09+00:00\",\"dateModified\":\"2024-11-13T17:14:11+00:00\",\"mainEntityOfPage\":{\"@id\":\"https:\\\/\\\/msconectado.com.br\\\/?p=23519\"},\"wordCount\":452,\"commentCount\":0,\"publisher\":{\"@id\":\"https:\\\/\\\/msconectado.com.br\\\/#organization\"},\"image\":{\"@id\":\"https:\\\/\\\/msconectado.com.br\\\/?p=23519#primaryimage\"},\"thumbnailUrl\":\"https:\\\/\\\/msconectado.com.br\\\/wp-content\\\/uploads\\\/2024\\\/11\\\/re2-2.jpg\",\"articleSection\":[\"Assembleia Legislativa\",\"Pol\u00edtica\"],\"inLanguage\":\"pt-BR\",\"potentialAction\":[{\"@type\":\"CommentAction\",\"name\":\"Comment\",\"target\":[\"https:\\\/\\\/msconectado.com.br\\\/?p=23519#respond\"]}]},{\"@type\":\"WebPage\",\"@id\":\"https:\\\/\\\/msconectado.com.br\\\/?p=23519\",\"url\":\"https:\\\/\\\/msconectado.com.br\\\/?p=23519\",\"name\":\"Mesa Diretora da ALEMS \u00e9 reeleita por unanimidade para o pr\u00f3ximo bi\u00eanio - MsConectado\",\"isPartOf\":{\"@id\":\"https:\\\/\\\/msconectado.com.br\\\/#website\"},\"primaryImageOfPage\":{\"@id\":\"https:\\\/\\\/msconectado.com.br\\\/?p=23519#primaryimage\"},\"image\":{\"@id\":\"https:\\\/\\\/msconectado.com.br\\\/?p=23519#primaryimage\"},\"thumbnailUrl\":\"https:\\\/\\\/msconectado.com.br\\\/wp-content\\\/uploads\\\/2024\\\/11\\\/re2-2.jpg\",\"datePublished\":\"2024-11-13T17:14:09+00:00\",\"dateModified\":\"2024-11-13T17:14:11+00:00\",\"breadcrumb\":{\"@id\":\"https:\\\/\\\/msconectado.com.br\\\/?p=23519#breadcrumb\"},\"inLanguage\":\"pt-BR\",\"potentialAction\":[{\"@type\":\"ReadAction\",\"target\":[\"https:\\\/\\\/msconectado.com.br\\\/?p=23519\"]}]},{\"@type\":\"ImageObject\",\"inLanguage\":\"pt-BR\",\"@id\":\"https:\\\/\\\/msconectado.com.br\\\/?p=23519#primaryimage\",\"url\":\"https:\\\/\\\/msconectado.com.br\\\/wp-content\\\/uploads\\\/2024\\\/11\\\/re2-2.jpg\",\"contentUrl\":\"https:\\\/\\\/msconectado.com.br\\\/wp-content\\\/uploads\\\/2024\\\/11\\\/re2-2.jpg\",\"width\":740,\"height\":493},{\"@type\":\"BreadcrumbList\",\"@id\":\"https:\\\/\\\/msconectado.com.br\\\/?p=23519#breadcrumb\",\"itemListElement\":[{\"@type\":\"ListItem\",\"position\":1,\"name\":\"In\u00edcio\",\"item\":\"https:\\\/\\\/msconectado.com.br\\\/?page_id=105\"},{\"@type\":\"ListItem\",\"position\":2,\"name\":\"Mesa Diretora da ALEMS \u00e9 reeleita por unanimidade para o pr\u00f3ximo bi\u00eanio\"}]},{\"@type\":\"WebSite\",\"@id\":\"https:\\\/\\\/msconectado.com.br\\\/#website\",\"url\":\"https:\\\/\\\/msconectado.com.br\\\/\",\"name\":\"MsConectado\",\"description\":\"Voc\u00ea Conectado com a Not\u00edcia!\",\"publisher\":{\"@id\":\"https:\\\/\\\/msconectado.com.br\\\/#organization\"},\"potentialAction\":[{\"@type\":\"SearchAction\",\"target\":{\"@type\":\"EntryPoint\",\"urlTemplate\":\"https:\\\/\\\/msconectado.com.br\\\/?s={search_term_string}\"},\"query-input\":{\"@type\":\"PropertyValueSpecification\",\"valueRequired\":true,\"valueName\":\"search_term_string\"}}],\"inLanguage\":\"pt-BR\"},{\"@type\":\"Organization\",\"@id\":\"https:\\\/\\\/msconectado.com.br\\\/#organization\",\"name\":\"MsConectado\",\"url\":\"https:\\\/\\\/msconectado.com.br\\\/\",\"logo\":{\"@type\":\"ImageObject\",\"inLanguage\":\"pt-BR\",\"@id\":\"https:\\\/\\\/msconectado.com.br\\\/#\\\/schema\\\/logo\\\/image\\\/\",\"url\":\"https:\\\/\\\/msconectado.com.br\\\/wp-content\\\/uploads\\\/2023\\\/01\\\/cropped-noticia-2.png\",\"contentUrl\":\"https:\\\/\\\/msconectado.com.br\\\/wp-content\\\/uploads\\\/2023\\\/01\\\/cropped-noticia-2.png\",\"width\":720,\"height\":157,\"caption\":\"MsConectado\"},\"image\":{\"@id\":\"https:\\\/\\\/msconectado.com.br\\\/#\\\/schema\\\/logo\\\/image\\\/\"}},{\"@type\":\"Person\",\"@id\":\"https:\\\/\\\/msconectado.com.br\\\/#\\\/schema\\\/person\\\/feb123a95a93eebea36f0ed6a2e5ba48\",\"name\":\"Jeferson\",\"image\":{\"@type\":\"ImageObject\",\"inLanguage\":\"pt-BR\",\"@id\":\"https:\\\/\\\/secure.gravatar.com\\\/avatar\\\/e23e8901c88f0cdc0ad479ef7a39bf3e4c806344549c087c00b721a65549a328?s=96&d=mm&r=g\",\"url\":\"https:\\\/\\\/secure.gravatar.com\\\/avatar\\\/e23e8901c88f0cdc0ad479ef7a39bf3e4c806344549c087c00b721a65549a328?s=96&d=mm&r=g\",\"contentUrl\":\"https:\\\/\\\/secure.gravatar.com\\\/avatar\\\/e23e8901c88f0cdc0ad479ef7a39bf3e4c806344549c087c00b721a65549a328?s=96&d=mm&r=g\",\"caption\":\"Jeferson\"},\"url\":\"https:\\\/\\\/msconectado.com.br\\\/?author=3\"}]}<\/script>\n<!-- \/ Yoast SEO plugin. -->","yoast_head_json":{"title":"Mesa Diretora da ALEMS \u00e9 reeleita por unanimidade para o pr\u00f3ximo bi\u00eanio - MsConectado","robots":{"index":"index","follow":"follow","max-snippet":"max-snippet:-1","max-image-preview":"max-image-preview:large","max-video-preview":"max-video-preview:-1"},"canonical":"https:\/\/msconectado.com.br\/?p=23519","og_locale":"pt_BR","og_type":"article","og_title":"Mesa Diretora da ALEMS \u00e9 reeleita por unanimidade para o pr\u00f3ximo bi\u00eanio - MsConectado","og_description":"A atual composi\u00e7\u00e3o da Mesa Diretora, com Gerson Claro (PP) presidente, foi reeleita para o pr\u00f3ximo bi\u00eanio (2025-2026) na Assembleia Legislativa de Mato Grosso do Sul (ALEMS). Por unanimidade de votos, foram mantidos nos cargos de 1\u00ba secret\u00e1rio o deputado Paulo Corr\u00eaa (PSDB) e Pedro Kemp (PT) para 2\u00ba secret\u00e1rio. Os demais cargos da chapa [&hellip;]","og_url":"https:\/\/msconectado.com.br\/?p=23519","og_site_name":"MsConectado","article_published_time":"2024-11-13T17:14:09+00:00","article_modified_time":"2024-11-13T17:14:11+00:00","og_image":[{"width":740,"height":493,"url":"https:\/\/msconectado.com.br\/wp-content\/uploads\/2024\/11\/re2-2.jpg","type":"image\/jpeg"}],"author":"Jeferson","twitter_card":"summary_large_image","twitter_misc":{"Escrito por":"Jeferson","Est. tempo de leitura":"3 minutos"},"schema":{"@context":"https:\/\/schema.org","@graph":[{"@type":"Article","@id":"https:\/\/msconectado.com.br\/?p=23519#article","isPartOf":{"@id":"https:\/\/msconectado.com.br\/?p=23519"},"author":{"name":"Jeferson","@id":"https:\/\/msconectado.com.br\/#\/schema\/person\/feb123a95a93eebea36f0ed6a2e5ba48"},"headline":"Mesa Diretora da ALEMS \u00e9 reeleita por unanimidade para o pr\u00f3ximo bi\u00eanio","datePublished":"2024-11-13T17:14:09+00:00","dateModified":"2024-11-13T17:14:11+00:00","mainEntityOfPage":{"@id":"https:\/\/msconectado.com.br\/?p=23519"},"wordCount":452,"commentCount":0,"publisher":{"@id":"https:\/\/msconectado.com.br\/#organization"},"image":{"@id":"https:\/\/msconectado.com.br\/?p=23519#primaryimage"},"thumbnailUrl":"https:\/\/msconectado.com.br\/wp-content\/uploads\/2024\/11\/re2-2.jpg","articleSection":["Assembleia Legislativa","Pol\u00edtica"],"inLanguage":"pt-BR","potentialAction":[{"@type":"CommentAction","name":"Comment","target":["https:\/\/msconectado.com.br\/?p=23519#respond"]}]},{"@type":"WebPage","@id":"https:\/\/msconectado.com.br\/?p=23519","url":"https:\/\/msconectado.com.br\/?p=23519","name":"Mesa Diretora da ALEMS \u00e9 reeleita por unanimidade para o pr\u00f3ximo bi\u00eanio - MsConectado","isPartOf":{"@id":"https:\/\/msconectado.com.br\/#website"},"primaryImageOfPage":{"@id":"https:\/\/msconectado.com.br\/?p=23519#primaryimage"},"image":{"@id":"https:\/\/msconectado.com.br\/?p=23519#primaryimage"},"thumbnailUrl":"https:\/\/msconectado.com.br\/wp-content\/uploads\/2024\/11\/re2-2.jpg","datePublished":"2024-11-13T17:14:09+00:00","dateModified":"2024-11-13T17:14:11+00:00","breadcrumb":{"@id":"https:\/\/msconectado.com.br\/?p=23519#breadcrumb"},"inLanguage":"pt-BR","potentialAction":[{"@type":"ReadAction","target":["https:\/\/msconectado.com.br\/?p=23519"]}]},{"@type":"ImageObject","inLanguage":"pt-BR","@id":"https:\/\/msconectado.com.br\/?p=23519#primaryimage","url":"https:\/\/msconectado.com.br\/wp-content\/uploads\/2024\/11\/re2-2.jpg","contentUrl":"https:\/\/msconectado.com.br\/wp-content\/uploads\/2024\/11\/re2-2.jpg","width":740,"height":493},{"@type":"BreadcrumbList","@id":"https:\/\/msconectado.com.br\/?p=23519#breadcrumb","itemListElement":[{"@type":"ListItem","position":1,"name":"In\u00edcio","item":"https:\/\/msconectado.com.br\/?page_id=105"},{"@type":"ListItem","position":2,"name":"Mesa Diretora da ALEMS \u00e9 reeleita por unanimidade para o pr\u00f3ximo bi\u00eanio"}]},{"@type":"WebSite","@id":"https:\/\/msconectado.com.br\/#website","url":"https:\/\/msconectado.com.br\/","name":"MsConectado","description":"Voc\u00ea Conectado com a Not\u00edcia!","publisher":{"@id":"https:\/\/msconectado.com.br\/#organization"},"potentialAction":[{"@type":"SearchAction","target":{"@type":"EntryPoint","urlTemplate":"https:\/\/msconectado.com.br\/?s={search_term_string}"},"query-input":{"@type":"PropertyValueSpecification","valueRequired":true,"valueName":"search_term_string"}}],"inLanguage":"pt-BR"},{"@type":"Organization","@id":"https:\/\/msconectado.com.br\/#organization","name":"MsConectado","url":"https:\/\/msconectado.com.br\/","logo":{"@type":"ImageObject","inLanguage":"pt-BR","@id":"https:\/\/msconectado.com.br\/#\/schema\/logo\/image\/","url":"https:\/\/msconectado.com.br\/wp-content\/uploads\/2023\/01\/cropped-noticia-2.png","contentUrl":"https:\/\/msconectado.com.br\/wp-content\/uploads\/2023\/01\/cropped-noticia-2.png","width":720,"height":157,"caption":"MsConectado"},"image":{"@id":"https:\/\/msconectado.com.br\/#\/schema\/logo\/image\/"}},{"@type":"Person","@id":"https:\/\/msconectado.com.br\/#\/schema\/person\/feb123a95a93eebea36f0ed6a2e5ba48","name":"Jeferson","image":{"@type":"ImageObject","inLanguage":"pt-BR","@id":"https:\/\/secure.gravatar.com\/avatar\/e23e8901c88f0cdc0ad479ef7a39bf3e4c806344549c087c00b721a65549a328?s=96&d=mm&r=g","url":"https:\/\/secure.gravatar.com\/avatar\/e23e8901c88f0cdc0ad479ef7a39bf3e4c806344549c087c00b721a65549a328?s=96&d=mm&r=g","contentUrl":"https:\/\/secure.gravatar.com\/avatar\/e23e8901c88f0cdc0ad479ef7a39bf3e4c806344549c087c00b721a65549a328?s=96&d=mm&r=g","caption":"Jeferson"},"url":"https:\/\/msconectado.com.br\/?author=3"}]}},"_links":{"self":[{"href":"https:\/\/msconectado.com.br\/index.php?rest_route=\/wp\/v2\/posts\/23519","targetHints":{"allow":["GET"]}}],"collection":[{"href":"https:\/\/msconectado.com.br\/index.php?rest_route=\/wp\/v2\/posts"}],"about":[{"href":"https:\/\/msconectado.com.br\/index.php?rest_route=\/wp\/v2\/types\/post"}],"author":[{"embeddable":true,"href":"https:\/\/msconectado.com.br\/index.php?rest_route=\/wp\/v2\/users\/3"}],"replies":[{"embeddable":true,"href":"https:\/\/msconectado.com.br\/index.php?rest_route=%2Fwp%2Fv2%2Fcomments&post=23519"}],"version-history":[{"count":1,"href":"https:\/\/msconectado.com.br\/index.php?rest_route=\/wp\/v2\/posts\/23519\/revisions"}],"predecessor-version":[{"id":23521,"href":"https:\/\/msconectado.com.br\/index.php?rest_route=\/wp\/v2\/posts\/23519\/revisions\/23521"}],"wp:featuredmedia":[{"embeddable":true,"href":"https:\/\/msconectado.com.br\/index.php?rest_route=\/wp\/v2\/media\/23520"}],"wp:attachment":[{"href":"https:\/\/msconectado.com.br\/index.php?rest_route=%2Fwp%2Fv2%2Fmedia&parent=23519"}],"wp:term":[{"taxonomy":"category","embeddable":true,"href":"https:\/\/msconectado.com.br\/index.php?rest_route=%2Fwp%2Fv2%2Fcategories&post=23519"},{"taxonomy":"post_tag","embeddable":true,"href":"https:\/\/msconectado.com.br\/index.php?rest_route=%2Fwp%2Fv2%2Ftags&post=23519"}],"curies":[{"name":"wp","href":"https:\/\/api.w.org\/{rel}","templated":true}]}}