{"id":23675,"date":"2024-12-03T20:02:27","date_gmt":"2024-12-03T20:02:27","guid":{"rendered":"https:\/\/msconectado.com.br\/?p=23675"},"modified":"2024-12-03T20:02:29","modified_gmt":"2024-12-03T20:02:29","slug":"ao-tce-mara-caseiro-pede-mais-tempo-para-prefeitos-se-adaptarem-ao-novo-sistema","status":"publish","type":"post","link":"https:\/\/msconectado.com.br\/?p=23675","title":{"rendered":"Ao TCE, Mara Caseiro pede mais tempo para prefeitos se adaptarem ao novo sistema"},"content":{"rendered":"\n<p>A deputada estadual Mara Caseiro (PSDB) apresentou hoje (03), indica\u00e7\u00e3o ao TCE (Tribunal de Contas do Estado), solicitando o adiamento da vig\u00eancia do sistema e-Sfinge (Sistema de Fiscaliza\u00e7\u00e3o Integrada de Gest\u00e3o) para 1\u00ba de janeiro de 2026. A proposta ser\u00e1 encaminhada ao presidente do Tribunal de Contas, conselheiro Jerson Domingos, visando atender \u00e0 demanda de prefeitos eleitos em 2024.<\/p>\n\n\n\n<p>O e-Sfinge, institu\u00eddo pela Resolu\u00e7\u00e3o TCE\/MS n\u00ba 225 de setembro de 2024, \u00e9 uma plataforma de moderniza\u00e7\u00e3o da gest\u00e3o p\u00fablica, que permite ao TCE-MS receber dados fiscais e or\u00e7ament\u00e1rios em tempo real, fortalecendo a fiscaliza\u00e7\u00e3o e promovendo maior transpar\u00eancia. No entanto, segundo a justificativa apresentada pela deputada, o prazo atual para a implementa\u00e7\u00e3o \u2014 janeiro de 2025 \u2014 \u00e9 insuficiente para que os novos gestores e suas equipes sejam treinados adequadamente, o que pode comprometer o in\u00edcio de suas administra\u00e7\u00f5es.<\/p>\n\n\n\n<p>\u201cA transi\u00e7\u00e3o administrativa \u00e9 um per\u00edodo crucial para qualquer governo. Um sistema de tamanha complexidade requer tempo para que as equipes sejam capacitadas e possam operar de forma eficiente\u201d, argumentou Mara Caseiro no plen\u00e1rio. A deputada destacou que as penalidades previstas na Resolu\u00e7\u00e3o, como a possibilidade de representa\u00e7\u00e3o ao Minist\u00e9rio P\u00fablico em caso de falhas no fornecimento de informa\u00e7\u00f5es, tornam o preparo t\u00e9cnico ainda mais imprescind\u00edvel.<\/p>\n\n\n\n<p>A sugest\u00e3o de adiamento para 2026 \u00e9 vista como uma solu\u00e7\u00e3o que equilibra a necessidade de moderniza\u00e7\u00e3o com a realidade das gest\u00f5es municipais. Para a deputada, a implementa\u00e7\u00e3o de um sistema dessa magnitude deve ser feita com planejamento e suporte adequado, de modo a n\u00e3o prejudicar os prefeitos eleitos em 2024 e suas equipes no in\u00edcio de seus mandatos.<\/p>\n\n\n\n<p>Assessoria<\/p>\n\n\n\n<p>Foto ALEMS<\/p>\n\n\n<div class=\"wp-block-image\">\n<figure class=\"aligncenter size-full\"><img fetchpriority=\"high\" decoding=\"async\" width=\"900\" height=\"100\" src=\"https:\/\/msconectado.com.br\/wp-content\/uploads\/2024\/11\/MS-conectato-900-x-100-px.gif\" alt=\"\" class=\"wp-image-23475\"\/><\/figure>\n<\/div>","protected":false},"excerpt":{"rendered":"<p>A deputada estadual Mara Caseiro (PSDB) apresentou hoje (03), indica\u00e7\u00e3o ao TCE (Tribunal de Contas do Estado), solicitando o adiamento da vig\u00eancia do sistema e-Sfinge (Sistema de Fiscaliza\u00e7\u00e3o Integrada de Gest\u00e3o) para 1\u00ba de janeiro de 2026. A proposta ser\u00e1 encaminhada ao presidente do Tribunal de Contas, conselheiro Jerson Domingos, visando atender \u00e0 demanda de [&hellip;]<\/p>\n","protected":false},"author":3,"featured_media":23676,"comment_status":"open","ping_status":"closed","sticky":false,"template":"","format":"standard","meta":{"footnotes":""},"categories":[38,35,1,33],"tags":[],"class_list":["post-23675","post","type-post","status-publish","format-standard","has-post-thumbnail","hentry","category-assembleia-legislativa","category-cidades","category-noticia","category-politica"],"yoast_head":"<!-- This site is optimized with the Yoast SEO plugin v27.5 - https:\/\/yoast.com\/product\/yoast-seo-wordpress\/ -->\n<title>Ao TCE, Mara Caseiro pede mais tempo para prefeitos se adaptarem ao novo sistema - MsConectado<\/title>\n<meta name=\"robots\" content=\"index, follow, max-snippet:-1, max-image-preview:large, max-video-preview:-1\" \/>\n<link rel=\"canonical\" href=\"https:\/\/msconectado.com.br\/?p=23675\" \/>\n<meta property=\"og:locale\" content=\"pt_BR\" \/>\n<meta property=\"og:type\" content=\"article\" \/>\n<meta property=\"og:title\" content=\"Ao TCE, Mara Caseiro pede mais tempo para prefeitos se adaptarem ao novo sistema - MsConectado\" \/>\n<meta property=\"og:description\" content=\"A deputada estadual Mara Caseiro (PSDB) apresentou hoje (03), indica\u00e7\u00e3o ao TCE (Tribunal de Contas do Estado), solicitando o adiamento da vig\u00eancia do sistema e-Sfinge (Sistema de Fiscaliza\u00e7\u00e3o Integrada de Gest\u00e3o) para 1\u00ba de janeiro de 2026. A proposta ser\u00e1 encaminhada ao presidente do Tribunal de Contas, conselheiro Jerson Domingos, visando atender \u00e0 demanda de [&hellip;]\" \/>\n<meta property=\"og:url\" content=\"https:\/\/msconectado.com.br\/?p=23675\" \/>\n<meta property=\"og:site_name\" content=\"MsConectado\" \/>\n<meta property=\"article:published_time\" content=\"2024-12-03T20:02:27+00:00\" \/>\n<meta property=\"article:modified_time\" content=\"2024-12-03T20:02:29+00:00\" \/>\n<meta property=\"og:image\" content=\"https:\/\/msconectado.com.br\/wp-content\/uploads\/2024\/12\/re2.jpg\" \/>\n\t<meta property=\"og:image:width\" content=\"740\" \/>\n\t<meta property=\"og:image:height\" content=\"493\" \/>\n\t<meta property=\"og:image:type\" content=\"image\/jpeg\" \/>\n<meta name=\"author\" content=\"Jeferson\" \/>\n<meta name=\"twitter:card\" content=\"summary_large_image\" \/>\n<meta name=\"twitter:label1\" content=\"Escrito por\" \/>\n\t<meta name=\"twitter:data1\" content=\"Jeferson\" \/>\n\t<meta name=\"twitter:label2\" content=\"Est. tempo de leitura\" \/>\n\t<meta name=\"twitter:data2\" content=\"2 minutos\" \/>\n<script type=\"application\/ld+json\" class=\"yoast-schema-graph\">{\"@context\":\"https:\\\/\\\/schema.org\",\"@graph\":[{\"@type\":\"Article\",\"@id\":\"https:\\\/\\\/msconectado.com.br\\\/?p=23675#article\",\"isPartOf\":{\"@id\":\"https:\\\/\\\/msconectado.com.br\\\/?p=23675\"},\"author\":{\"name\":\"Jeferson\",\"@id\":\"https:\\\/\\\/msconectado.com.br\\\/#\\\/schema\\\/person\\\/feb123a95a93eebea36f0ed6a2e5ba48\"},\"headline\":\"Ao TCE, Mara Caseiro pede mais tempo para prefeitos se adaptarem ao novo sistema\",\"datePublished\":\"2024-12-03T20:02:27+00:00\",\"dateModified\":\"2024-12-03T20:02:29+00:00\",\"mainEntityOfPage\":{\"@id\":\"https:\\\/\\\/msconectado.com.br\\\/?p=23675\"},\"wordCount\":299,\"commentCount\":0,\"publisher\":{\"@id\":\"https:\\\/\\\/msconectado.com.br\\\/#organization\"},\"image\":{\"@id\":\"https:\\\/\\\/msconectado.com.br\\\/?p=23675#primaryimage\"},\"thumbnailUrl\":\"https:\\\/\\\/msconectado.com.br\\\/wp-content\\\/uploads\\\/2024\\\/12\\\/re2.jpg\",\"articleSection\":[\"Assembleia Legislativa\",\"Cidades\",\"Not\u00edcia\",\"Pol\u00edtica\"],\"inLanguage\":\"pt-BR\",\"potentialAction\":[{\"@type\":\"CommentAction\",\"name\":\"Comment\",\"target\":[\"https:\\\/\\\/msconectado.com.br\\\/?p=23675#respond\"]}]},{\"@type\":\"WebPage\",\"@id\":\"https:\\\/\\\/msconectado.com.br\\\/?p=23675\",\"url\":\"https:\\\/\\\/msconectado.com.br\\\/?p=23675\",\"name\":\"Ao TCE, Mara Caseiro pede mais tempo para prefeitos se adaptarem ao novo sistema - MsConectado\",\"isPartOf\":{\"@id\":\"https:\\\/\\\/msconectado.com.br\\\/#website\"},\"primaryImageOfPage\":{\"@id\":\"https:\\\/\\\/msconectado.com.br\\\/?p=23675#primaryimage\"},\"image\":{\"@id\":\"https:\\\/\\\/msconectado.com.br\\\/?p=23675#primaryimage\"},\"thumbnailUrl\":\"https:\\\/\\\/msconectado.com.br\\\/wp-content\\\/uploads\\\/2024\\\/12\\\/re2.jpg\",\"datePublished\":\"2024-12-03T20:02:27+00:00\",\"dateModified\":\"2024-12-03T20:02:29+00:00\",\"breadcrumb\":{\"@id\":\"https:\\\/\\\/msconectado.com.br\\\/?p=23675#breadcrumb\"},\"inLanguage\":\"pt-BR\",\"potentialAction\":[{\"@type\":\"ReadAction\",\"target\":[\"https:\\\/\\\/msconectado.com.br\\\/?p=23675\"]}]},{\"@type\":\"ImageObject\",\"inLanguage\":\"pt-BR\",\"@id\":\"https:\\\/\\\/msconectado.com.br\\\/?p=23675#primaryimage\",\"url\":\"https:\\\/\\\/msconectado.com.br\\\/wp-content\\\/uploads\\\/2024\\\/12\\\/re2.jpg\",\"contentUrl\":\"https:\\\/\\\/msconectado.com.br\\\/wp-content\\\/uploads\\\/2024\\\/12\\\/re2.jpg\",\"width\":740,\"height\":493},{\"@type\":\"BreadcrumbList\",\"@id\":\"https:\\\/\\\/msconectado.com.br\\\/?p=23675#breadcrumb\",\"itemListElement\":[{\"@type\":\"ListItem\",\"position\":1,\"name\":\"In\u00edcio\",\"item\":\"https:\\\/\\\/msconectado.com.br\\\/?page_id=105\"},{\"@type\":\"ListItem\",\"position\":2,\"name\":\"Ao TCE, Mara Caseiro pede mais tempo para prefeitos se adaptarem ao novo sistema\"}]},{\"@type\":\"WebSite\",\"@id\":\"https:\\\/\\\/msconectado.com.br\\\/#website\",\"url\":\"https:\\\/\\\/msconectado.com.br\\\/\",\"name\":\"MsConectado\",\"description\":\"Voc\u00ea Conectado com a Not\u00edcia!\",\"publisher\":{\"@id\":\"https:\\\/\\\/msconectado.com.br\\\/#organization\"},\"potentialAction\":[{\"@type\":\"SearchAction\",\"target\":{\"@type\":\"EntryPoint\",\"urlTemplate\":\"https:\\\/\\\/msconectado.com.br\\\/?s={search_term_string}\"},\"query-input\":{\"@type\":\"PropertyValueSpecification\",\"valueRequired\":true,\"valueName\":\"search_term_string\"}}],\"inLanguage\":\"pt-BR\"},{\"@type\":\"Organization\",\"@id\":\"https:\\\/\\\/msconectado.com.br\\\/#organization\",\"name\":\"MsConectado\",\"url\":\"https:\\\/\\\/msconectado.com.br\\\/\",\"logo\":{\"@type\":\"ImageObject\",\"inLanguage\":\"pt-BR\",\"@id\":\"https:\\\/\\\/msconectado.com.br\\\/#\\\/schema\\\/logo\\\/image\\\/\",\"url\":\"https:\\\/\\\/msconectado.com.br\\\/wp-content\\\/uploads\\\/2023\\\/01\\\/cropped-noticia-2.png\",\"contentUrl\":\"https:\\\/\\\/msconectado.com.br\\\/wp-content\\\/uploads\\\/2023\\\/01\\\/cropped-noticia-2.png\",\"width\":720,\"height\":157,\"caption\":\"MsConectado\"},\"image\":{\"@id\":\"https:\\\/\\\/msconectado.com.br\\\/#\\\/schema\\\/logo\\\/image\\\/\"}},{\"@type\":\"Person\",\"@id\":\"https:\\\/\\\/msconectado.com.br\\\/#\\\/schema\\\/person\\\/feb123a95a93eebea36f0ed6a2e5ba48\",\"name\":\"Jeferson\",\"image\":{\"@type\":\"ImageObject\",\"inLanguage\":\"pt-BR\",\"@id\":\"https:\\\/\\\/secure.gravatar.com\\\/avatar\\\/e23e8901c88f0cdc0ad479ef7a39bf3e4c806344549c087c00b721a65549a328?s=96&d=mm&r=g\",\"url\":\"https:\\\/\\\/secure.gravatar.com\\\/avatar\\\/e23e8901c88f0cdc0ad479ef7a39bf3e4c806344549c087c00b721a65549a328?s=96&d=mm&r=g\",\"contentUrl\":\"https:\\\/\\\/secure.gravatar.com\\\/avatar\\\/e23e8901c88f0cdc0ad479ef7a39bf3e4c806344549c087c00b721a65549a328?s=96&d=mm&r=g\",\"caption\":\"Jeferson\"},\"url\":\"https:\\\/\\\/msconectado.com.br\\\/?author=3\"}]}<\/script>\n<!-- \/ Yoast SEO plugin. -->","yoast_head_json":{"title":"Ao TCE, Mara Caseiro pede mais tempo para prefeitos se adaptarem ao novo sistema - MsConectado","robots":{"index":"index","follow":"follow","max-snippet":"max-snippet:-1","max-image-preview":"max-image-preview:large","max-video-preview":"max-video-preview:-1"},"canonical":"https:\/\/msconectado.com.br\/?p=23675","og_locale":"pt_BR","og_type":"article","og_title":"Ao TCE, Mara Caseiro pede mais tempo para prefeitos se adaptarem ao novo sistema - MsConectado","og_description":"A deputada estadual Mara Caseiro (PSDB) apresentou hoje (03), indica\u00e7\u00e3o ao TCE (Tribunal de Contas do Estado), solicitando o adiamento da vig\u00eancia do sistema e-Sfinge (Sistema de Fiscaliza\u00e7\u00e3o Integrada de Gest\u00e3o) para 1\u00ba de janeiro de 2026. A proposta ser\u00e1 encaminhada ao presidente do Tribunal de Contas, conselheiro Jerson Domingos, visando atender \u00e0 demanda de [&hellip;]","og_url":"https:\/\/msconectado.com.br\/?p=23675","og_site_name":"MsConectado","article_published_time":"2024-12-03T20:02:27+00:00","article_modified_time":"2024-12-03T20:02:29+00:00","og_image":[{"width":740,"height":493,"url":"https:\/\/msconectado.com.br\/wp-content\/uploads\/2024\/12\/re2.jpg","type":"image\/jpeg"}],"author":"Jeferson","twitter_card":"summary_large_image","twitter_misc":{"Escrito por":"Jeferson","Est. tempo de leitura":"2 minutos"},"schema":{"@context":"https:\/\/schema.org","@graph":[{"@type":"Article","@id":"https:\/\/msconectado.com.br\/?p=23675#article","isPartOf":{"@id":"https:\/\/msconectado.com.br\/?p=23675"},"author":{"name":"Jeferson","@id":"https:\/\/msconectado.com.br\/#\/schema\/person\/feb123a95a93eebea36f0ed6a2e5ba48"},"headline":"Ao TCE, Mara Caseiro pede mais tempo para prefeitos se adaptarem ao novo sistema","datePublished":"2024-12-03T20:02:27+00:00","dateModified":"2024-12-03T20:02:29+00:00","mainEntityOfPage":{"@id":"https:\/\/msconectado.com.br\/?p=23675"},"wordCount":299,"commentCount":0,"publisher":{"@id":"https:\/\/msconectado.com.br\/#organization"},"image":{"@id":"https:\/\/msconectado.com.br\/?p=23675#primaryimage"},"thumbnailUrl":"https:\/\/msconectado.com.br\/wp-content\/uploads\/2024\/12\/re2.jpg","articleSection":["Assembleia Legislativa","Cidades","Not\u00edcia","Pol\u00edtica"],"inLanguage":"pt-BR","potentialAction":[{"@type":"CommentAction","name":"Comment","target":["https:\/\/msconectado.com.br\/?p=23675#respond"]}]},{"@type":"WebPage","@id":"https:\/\/msconectado.com.br\/?p=23675","url":"https:\/\/msconectado.com.br\/?p=23675","name":"Ao TCE, Mara Caseiro pede mais tempo para prefeitos se adaptarem ao novo sistema - MsConectado","isPartOf":{"@id":"https:\/\/msconectado.com.br\/#website"},"primaryImageOfPage":{"@id":"https:\/\/msconectado.com.br\/?p=23675#primaryimage"},"image":{"@id":"https:\/\/msconectado.com.br\/?p=23675#primaryimage"},"thumbnailUrl":"https:\/\/msconectado.com.br\/wp-content\/uploads\/2024\/12\/re2.jpg","datePublished":"2024-12-03T20:02:27+00:00","dateModified":"2024-12-03T20:02:29+00:00","breadcrumb":{"@id":"https:\/\/msconectado.com.br\/?p=23675#breadcrumb"},"inLanguage":"pt-BR","potentialAction":[{"@type":"ReadAction","target":["https:\/\/msconectado.com.br\/?p=23675"]}]},{"@type":"ImageObject","inLanguage":"pt-BR","@id":"https:\/\/msconectado.com.br\/?p=23675#primaryimage","url":"https:\/\/msconectado.com.br\/wp-content\/uploads\/2024\/12\/re2.jpg","contentUrl":"https:\/\/msconectado.com.br\/wp-content\/uploads\/2024\/12\/re2.jpg","width":740,"height":493},{"@type":"BreadcrumbList","@id":"https:\/\/msconectado.com.br\/?p=23675#breadcrumb","itemListElement":[{"@type":"ListItem","position":1,"name":"In\u00edcio","item":"https:\/\/msconectado.com.br\/?page_id=105"},{"@type":"ListItem","position":2,"name":"Ao TCE, Mara Caseiro pede mais tempo para prefeitos se adaptarem ao novo sistema"}]},{"@type":"WebSite","@id":"https:\/\/msconectado.com.br\/#website","url":"https:\/\/msconectado.com.br\/","name":"MsConectado","description":"Voc\u00ea Conectado com a Not\u00edcia!","publisher":{"@id":"https:\/\/msconectado.com.br\/#organization"},"potentialAction":[{"@type":"SearchAction","target":{"@type":"EntryPoint","urlTemplate":"https:\/\/msconectado.com.br\/?s={search_term_string}"},"query-input":{"@type":"PropertyValueSpecification","valueRequired":true,"valueName":"search_term_string"}}],"inLanguage":"pt-BR"},{"@type":"Organization","@id":"https:\/\/msconectado.com.br\/#organization","name":"MsConectado","url":"https:\/\/msconectado.com.br\/","logo":{"@type":"ImageObject","inLanguage":"pt-BR","@id":"https:\/\/msconectado.com.br\/#\/schema\/logo\/image\/","url":"https:\/\/msconectado.com.br\/wp-content\/uploads\/2023\/01\/cropped-noticia-2.png","contentUrl":"https:\/\/msconectado.com.br\/wp-content\/uploads\/2023\/01\/cropped-noticia-2.png","width":720,"height":157,"caption":"MsConectado"},"image":{"@id":"https:\/\/msconectado.com.br\/#\/schema\/logo\/image\/"}},{"@type":"Person","@id":"https:\/\/msconectado.com.br\/#\/schema\/person\/feb123a95a93eebea36f0ed6a2e5ba48","name":"Jeferson","image":{"@type":"ImageObject","inLanguage":"pt-BR","@id":"https:\/\/secure.gravatar.com\/avatar\/e23e8901c88f0cdc0ad479ef7a39bf3e4c806344549c087c00b721a65549a328?s=96&d=mm&r=g","url":"https:\/\/secure.gravatar.com\/avatar\/e23e8901c88f0cdc0ad479ef7a39bf3e4c806344549c087c00b721a65549a328?s=96&d=mm&r=g","contentUrl":"https:\/\/secure.gravatar.com\/avatar\/e23e8901c88f0cdc0ad479ef7a39bf3e4c806344549c087c00b721a65549a328?s=96&d=mm&r=g","caption":"Jeferson"},"url":"https:\/\/msconectado.com.br\/?author=3"}]}},"_links":{"self":[{"href":"https:\/\/msconectado.com.br\/index.php?rest_route=\/wp\/v2\/posts\/23675","targetHints":{"allow":["GET"]}}],"collection":[{"href":"https:\/\/msconectado.com.br\/index.php?rest_route=\/wp\/v2\/posts"}],"about":[{"href":"https:\/\/msconectado.com.br\/index.php?rest_route=\/wp\/v2\/types\/post"}],"author":[{"embeddable":true,"href":"https:\/\/msconectado.com.br\/index.php?rest_route=\/wp\/v2\/users\/3"}],"replies":[{"embeddable":true,"href":"https:\/\/msconectado.com.br\/index.php?rest_route=%2Fwp%2Fv2%2Fcomments&post=23675"}],"version-history":[{"count":1,"href":"https:\/\/msconectado.com.br\/index.php?rest_route=\/wp\/v2\/posts\/23675\/revisions"}],"predecessor-version":[{"id":23677,"href":"https:\/\/msconectado.com.br\/index.php?rest_route=\/wp\/v2\/posts\/23675\/revisions\/23677"}],"wp:featuredmedia":[{"embeddable":true,"href":"https:\/\/msconectado.com.br\/index.php?rest_route=\/wp\/v2\/media\/23676"}],"wp:attachment":[{"href":"https:\/\/msconectado.com.br\/index.php?rest_route=%2Fwp%2Fv2%2Fmedia&parent=23675"}],"wp:term":[{"taxonomy":"category","embeddable":true,"href":"https:\/\/msconectado.com.br\/index.php?rest_route=%2Fwp%2Fv2%2Fcategories&post=23675"},{"taxonomy":"post_tag","embeddable":true,"href":"https:\/\/msconectado.com.br\/index.php?rest_route=%2Fwp%2Fv2%2Ftags&post=23675"}],"curies":[{"name":"wp","href":"https:\/\/api.w.org\/{rel}","templated":true}]}}