
{"id":23706,"date":"2024-12-06T13:27:45","date_gmt":"2024-12-06T13:27:45","guid":{"rendered":"https:\/\/msconectado.com.br\/?p=23706"},"modified":"2024-12-06T13:37:39","modified_gmt":"2024-12-06T13:37:39","slug":"presidente-da-camara-de-maracaju-reune-se-com-policia-militar-e-assema-para-planejamento-da-operacao-boas-festas","status":"publish","type":"post","link":"https:\/\/msconectado.com.br\/?p=23706","title":{"rendered":"Presidente da C\u00e2mara de Maracaju re\u00fane-se com Pol\u00edcia Militar e ASSEMA para planejamento da &#8220;Opera\u00e7\u00e3o Boas Festas&#8221;"},"content":{"rendered":"\n<p>Na manh\u00e3 desta quinta-feira, o presidente da C\u00e2mara Municipal de Maracaju, Robert Ziemann, participou de uma importante reuni\u00e3o com o comando da Pol\u00edcia Militar e a diretoria da ASSEMA (Associa\u00e7\u00e3o Comercial e Empresarial de Maracaju) para discutir o planejamento da &#8220;<strong>Opera\u00e7\u00e3o Boas Festas<\/strong>&#8220;. O objetivo principal da opera\u00e7\u00e3o \u00e9 intensificar o policiamento durante o per\u00edodo de festas de fim de ano, garantindo maior seguran\u00e7a para a popula\u00e7\u00e3o e o com\u00e9rcio local.<\/p>\n\n\n\n<p>Durante o encontro, Robert Ziemann ressaltou a import\u00e2ncia de a\u00e7\u00f5es estrat\u00e9gicas que visem proporcionar mais tranquilidade para a popula\u00e7\u00e3o e apoiar o com\u00e9rcio local, que neste per\u00edodo tende a aumentar o fluxo de clientes. \u201c\u00c9 essencial intensificar o policiamento neste per\u00edodo, de forma a assegurar mais seguran\u00e7a para as fam\u00edlias maracajuenses e os comerciantes, promovendo um ambiente tranquilo para todos\u201d, afirmou o presidente da C\u00e2mara.<\/p>\n\n\n<div class=\"wp-block-image\">\n<figure class=\"aligncenter size-large\"><img decoding=\"async\" src=\"https:\/\/robertziemann.com.br\/wp-content\/uploads\/2024\/12\/image-5-1024x682.png\" alt=\"\" class=\"wp-image-20105\"\/><\/figure>\n<\/div>\n\n\n<p>O <strong>Major Nelson Vieira<\/strong>, comandante da Pol\u00edcia Militar de Maracaju, refor\u00e7ou o compromisso da corpora\u00e7\u00e3o em garantir a seguran\u00e7a da popula\u00e7\u00e3o durante as festas. &#8220;Vamos posicionar policiais em pontos estrat\u00e9gicos de movimenta\u00e7\u00e3o, como \u00e1reas comerciais e de maior circula\u00e7\u00e3o, com o intuito de inibir a\u00e7\u00f5es criminosas e garantir um final de ano mais seguro para todos&#8221;, declarou o Major.<\/p>\n\n\n\n<p>A <strong>Opera\u00e7\u00e3o Boas Festas<\/strong> ter\u00e1 in\u00edcio nas pr\u00f3ximas semanas e contar\u00e1 com uma s\u00e9rie de a\u00e7\u00f5es coordenadas entre a Pol\u00edcia Militar e a ASSEMA. O planejamento inclui patrulhamento intensificado em hor\u00e1rios de pico, fiscaliza\u00e7\u00f5es em pontos comerciais e a\u00e7\u00f5es educativas para conscientizar a popula\u00e7\u00e3o sobre seguran\u00e7a.<\/p>\n\n\n\n<p>A colabora\u00e7\u00e3o entre a C\u00e2mara Municipal, Pol\u00edcia Militar e a ASSEMA \u00e9 vista como uma importante iniciativa para garantir a paz e a tranquilidade de todos durante as festas de fim de ano em Maracaju. A expectativa \u00e9 que a opera\u00e7\u00e3o contribua para a redu\u00e7\u00e3o de ocorr\u00eancias e para o fortalecimento da sensa\u00e7\u00e3o de seguran\u00e7a na cidade.<\/p>\n\n\n\n<p>Reda\u00e7\u00e3o Ms Conectado &#8211; DRT 001808\/MS<\/p>\n\n\n<div class=\"wp-block-image\">\n<figure class=\"aligncenter size-full\"><img fetchpriority=\"high\" decoding=\"async\" width=\"900\" height=\"100\" src=\"https:\/\/msconectado.com.br\/wp-content\/uploads\/2024\/12\/Sicredi-Web-Banner-900x100-min.png\" alt=\"\" class=\"wp-image-23689\" srcset=\"https:\/\/msconectado.com.br\/wp-content\/uploads\/2024\/12\/Sicredi-Web-Banner-900x100-min.png 900w, https:\/\/msconectado.com.br\/wp-content\/uploads\/2024\/12\/Sicredi-Web-Banner-900x100-min-300x33.png 300w, https:\/\/msconectado.com.br\/wp-content\/uploads\/2024\/12\/Sicredi-Web-Banner-900x100-min-768x85.png 768w\" sizes=\"(max-width: 900px) 100vw, 900px\" \/><\/figure>\n<\/div>\n\n\n<p><\/p>\n","protected":false},"excerpt":{"rendered":"<p>Na manh\u00e3 desta quinta-feira, o presidente da C\u00e2mara Municipal de Maracaju, Robert Ziemann, participou de uma importante reuni\u00e3o com o comando da Pol\u00edcia Militar e a diretoria da ASSEMA (Associa\u00e7\u00e3o Comercial e Empresarial de Maracaju) para discutir o planejamento da &#8220;Opera\u00e7\u00e3o Boas Festas&#8220;. O objetivo principal da opera\u00e7\u00e3o \u00e9 intensificar o policiamento durante o per\u00edodo [&hellip;]<\/p>\n","protected":false},"author":3,"featured_media":23707,"comment_status":"open","ping_status":"closed","sticky":false,"template":"","format":"standard","meta":{"footnotes":""},"categories":[35,34,1],"tags":[],"class_list":["post-23706","post","type-post","status-publish","format-standard","has-post-thumbnail","hentry","category-cidades","category-comercio","category-noticia"],"yoast_head":"<!-- This site is optimized with the Yoast SEO plugin v27.5 - https:\/\/yoast.com\/product\/yoast-seo-wordpress\/ -->\n<title>Presidente da C\u00e2mara de Maracaju re\u00fane-se com Pol\u00edcia Militar e ASSEMA para planejamento da &quot;Opera\u00e7\u00e3o Boas Festas&quot; - MsConectado<\/title>\n<meta name=\"robots\" content=\"index, follow, max-snippet:-1, max-image-preview:large, max-video-preview:-1\" \/>\n<link rel=\"canonical\" href=\"https:\/\/msconectado.com.br\/?p=23706\" \/>\n<meta property=\"og:locale\" content=\"pt_BR\" \/>\n<meta property=\"og:type\" content=\"article\" \/>\n<meta property=\"og:title\" content=\"Presidente da C\u00e2mara de Maracaju re\u00fane-se com Pol\u00edcia Militar e ASSEMA para planejamento da &quot;Opera\u00e7\u00e3o Boas Festas&quot; - MsConectado\" \/>\n<meta property=\"og:description\" content=\"Na manh\u00e3 desta quinta-feira, o presidente da C\u00e2mara Municipal de Maracaju, Robert Ziemann, participou de uma importante reuni\u00e3o com o comando da Pol\u00edcia Militar e a diretoria da ASSEMA (Associa\u00e7\u00e3o Comercial e Empresarial de Maracaju) para discutir o planejamento da &#8220;Opera\u00e7\u00e3o Boas Festas&#8220;. O objetivo principal da opera\u00e7\u00e3o \u00e9 intensificar o policiamento durante o per\u00edodo [&hellip;]\" \/>\n<meta property=\"og:url\" content=\"https:\/\/msconectado.com.br\/?p=23706\" \/>\n<meta property=\"og:site_name\" content=\"MsConectado\" \/>\n<meta property=\"article:published_time\" content=\"2024-12-06T13:27:45+00:00\" \/>\n<meta property=\"article:modified_time\" content=\"2024-12-06T13:37:39+00:00\" \/>\n<meta property=\"og:image\" content=\"https:\/\/msconectado.com.br\/wp-content\/uploads\/2024\/12\/pm2.jpg\" \/>\n\t<meta property=\"og:image:width\" content=\"1600\" \/>\n\t<meta property=\"og:image:height\" content=\"1066\" \/>\n\t<meta property=\"og:image:type\" content=\"image\/jpeg\" \/>\n<meta name=\"author\" content=\"Jeferson\" \/>\n<meta name=\"twitter:card\" content=\"summary_large_image\" \/>\n<meta name=\"twitter:label1\" content=\"Escrito por\" \/>\n\t<meta name=\"twitter:data1\" content=\"Jeferson\" \/>\n\t<meta name=\"twitter:label2\" content=\"Est. tempo de leitura\" \/>\n\t<meta name=\"twitter:data2\" content=\"3 minutos\" \/>\n<script type=\"application\/ld+json\" class=\"yoast-schema-graph\">{\"@context\":\"https:\\\/\\\/schema.org\",\"@graph\":[{\"@type\":\"Article\",\"@id\":\"https:\\\/\\\/msconectado.com.br\\\/?p=23706#article\",\"isPartOf\":{\"@id\":\"https:\\\/\\\/msconectado.com.br\\\/?p=23706\"},\"author\":{\"name\":\"Jeferson\",\"@id\":\"https:\\\/\\\/msconectado.com.br\\\/#\\\/schema\\\/person\\\/feb123a95a93eebea36f0ed6a2e5ba48\"},\"headline\":\"Presidente da C\u00e2mara de Maracaju re\u00fane-se com Pol\u00edcia Militar e ASSEMA para planejamento da &#8220;Opera\u00e7\u00e3o Boas Festas&#8221;\",\"datePublished\":\"2024-12-06T13:27:45+00:00\",\"dateModified\":\"2024-12-06T13:37:39+00:00\",\"mainEntityOfPage\":{\"@id\":\"https:\\\/\\\/msconectado.com.br\\\/?p=23706\"},\"wordCount\":370,\"commentCount\":0,\"publisher\":{\"@id\":\"https:\\\/\\\/msconectado.com.br\\\/#organization\"},\"image\":{\"@id\":\"https:\\\/\\\/msconectado.com.br\\\/?p=23706#primaryimage\"},\"thumbnailUrl\":\"https:\\\/\\\/msconectado.com.br\\\/wp-content\\\/uploads\\\/2024\\\/12\\\/pm2.jpg\",\"articleSection\":[\"Cidades\",\"Com\u00e9rcio\",\"Not\u00edcia\"],\"inLanguage\":\"pt-BR\",\"potentialAction\":[{\"@type\":\"CommentAction\",\"name\":\"Comment\",\"target\":[\"https:\\\/\\\/msconectado.com.br\\\/?p=23706#respond\"]}]},{\"@type\":\"WebPage\",\"@id\":\"https:\\\/\\\/msconectado.com.br\\\/?p=23706\",\"url\":\"https:\\\/\\\/msconectado.com.br\\\/?p=23706\",\"name\":\"Presidente da C\u00e2mara de Maracaju re\u00fane-se com Pol\u00edcia Militar e ASSEMA para planejamento da \\\"Opera\u00e7\u00e3o Boas Festas\\\" - MsConectado\",\"isPartOf\":{\"@id\":\"https:\\\/\\\/msconectado.com.br\\\/#website\"},\"primaryImageOfPage\":{\"@id\":\"https:\\\/\\\/msconectado.com.br\\\/?p=23706#primaryimage\"},\"image\":{\"@id\":\"https:\\\/\\\/msconectado.com.br\\\/?p=23706#primaryimage\"},\"thumbnailUrl\":\"https:\\\/\\\/msconectado.com.br\\\/wp-content\\\/uploads\\\/2024\\\/12\\\/pm2.jpg\",\"datePublished\":\"2024-12-06T13:27:45+00:00\",\"dateModified\":\"2024-12-06T13:37:39+00:00\",\"breadcrumb\":{\"@id\":\"https:\\\/\\\/msconectado.com.br\\\/?p=23706#breadcrumb\"},\"inLanguage\":\"pt-BR\",\"potentialAction\":[{\"@type\":\"ReadAction\",\"target\":[\"https:\\\/\\\/msconectado.com.br\\\/?p=23706\"]}]},{\"@type\":\"ImageObject\",\"inLanguage\":\"pt-BR\",\"@id\":\"https:\\\/\\\/msconectado.com.br\\\/?p=23706#primaryimage\",\"url\":\"https:\\\/\\\/msconectado.com.br\\\/wp-content\\\/uploads\\\/2024\\\/12\\\/pm2.jpg\",\"contentUrl\":\"https:\\\/\\\/msconectado.com.br\\\/wp-content\\\/uploads\\\/2024\\\/12\\\/pm2.jpg\",\"width\":1600,\"height\":1066},{\"@type\":\"BreadcrumbList\",\"@id\":\"https:\\\/\\\/msconectado.com.br\\\/?p=23706#breadcrumb\",\"itemListElement\":[{\"@type\":\"ListItem\",\"position\":1,\"name\":\"In\u00edcio\",\"item\":\"https:\\\/\\\/msconectado.com.br\\\/?page_id=105\"},{\"@type\":\"ListItem\",\"position\":2,\"name\":\"Presidente da C\u00e2mara de Maracaju re\u00fane-se com Pol\u00edcia Militar e ASSEMA para planejamento da &#8220;Opera\u00e7\u00e3o Boas Festas&#8221;\"}]},{\"@type\":\"WebSite\",\"@id\":\"https:\\\/\\\/msconectado.com.br\\\/#website\",\"url\":\"https:\\\/\\\/msconectado.com.br\\\/\",\"name\":\"MsConectado\",\"description\":\"Voc\u00ea Conectado com a Not\u00edcia!\",\"publisher\":{\"@id\":\"https:\\\/\\\/msconectado.com.br\\\/#organization\"},\"potentialAction\":[{\"@type\":\"SearchAction\",\"target\":{\"@type\":\"EntryPoint\",\"urlTemplate\":\"https:\\\/\\\/msconectado.com.br\\\/?s={search_term_string}\"},\"query-input\":{\"@type\":\"PropertyValueSpecification\",\"valueRequired\":true,\"valueName\":\"search_term_string\"}}],\"inLanguage\":\"pt-BR\"},{\"@type\":\"Organization\",\"@id\":\"https:\\\/\\\/msconectado.com.br\\\/#organization\",\"name\":\"MsConectado\",\"url\":\"https:\\\/\\\/msconectado.com.br\\\/\",\"logo\":{\"@type\":\"ImageObject\",\"inLanguage\":\"pt-BR\",\"@id\":\"https:\\\/\\\/msconectado.com.br\\\/#\\\/schema\\\/logo\\\/image\\\/\",\"url\":\"https:\\\/\\\/msconectado.com.br\\\/wp-content\\\/uploads\\\/2023\\\/01\\\/cropped-noticia-2.png\",\"contentUrl\":\"https:\\\/\\\/msconectado.com.br\\\/wp-content\\\/uploads\\\/2023\\\/01\\\/cropped-noticia-2.png\",\"width\":720,\"height\":157,\"caption\":\"MsConectado\"},\"image\":{\"@id\":\"https:\\\/\\\/msconectado.com.br\\\/#\\\/schema\\\/logo\\\/image\\\/\"}},{\"@type\":\"Person\",\"@id\":\"https:\\\/\\\/msconectado.com.br\\\/#\\\/schema\\\/person\\\/feb123a95a93eebea36f0ed6a2e5ba48\",\"name\":\"Jeferson\",\"image\":{\"@type\":\"ImageObject\",\"inLanguage\":\"pt-BR\",\"@id\":\"https:\\\/\\\/secure.gravatar.com\\\/avatar\\\/e23e8901c88f0cdc0ad479ef7a39bf3e4c806344549c087c00b721a65549a328?s=96&d=mm&r=g\",\"url\":\"https:\\\/\\\/secure.gravatar.com\\\/avatar\\\/e23e8901c88f0cdc0ad479ef7a39bf3e4c806344549c087c00b721a65549a328?s=96&d=mm&r=g\",\"contentUrl\":\"https:\\\/\\\/secure.gravatar.com\\\/avatar\\\/e23e8901c88f0cdc0ad479ef7a39bf3e4c806344549c087c00b721a65549a328?s=96&d=mm&r=g\",\"caption\":\"Jeferson\"},\"url\":\"https:\\\/\\\/msconectado.com.br\\\/?author=3\"}]}<\/script>\n<!-- \/ Yoast SEO plugin. -->","yoast_head_json":{"title":"Presidente da C\u00e2mara de Maracaju re\u00fane-se com Pol\u00edcia Militar e ASSEMA para planejamento da \"Opera\u00e7\u00e3o Boas Festas\" - MsConectado","robots":{"index":"index","follow":"follow","max-snippet":"max-snippet:-1","max-image-preview":"max-image-preview:large","max-video-preview":"max-video-preview:-1"},"canonical":"https:\/\/msconectado.com.br\/?p=23706","og_locale":"pt_BR","og_type":"article","og_title":"Presidente da C\u00e2mara de Maracaju re\u00fane-se com Pol\u00edcia Militar e ASSEMA para planejamento da \"Opera\u00e7\u00e3o Boas Festas\" - MsConectado","og_description":"Na manh\u00e3 desta quinta-feira, o presidente da C\u00e2mara Municipal de Maracaju, Robert Ziemann, participou de uma importante reuni\u00e3o com o comando da Pol\u00edcia Militar e a diretoria da ASSEMA (Associa\u00e7\u00e3o Comercial e Empresarial de Maracaju) para discutir o planejamento da &#8220;Opera\u00e7\u00e3o Boas Festas&#8220;. O objetivo principal da opera\u00e7\u00e3o \u00e9 intensificar o policiamento durante o per\u00edodo [&hellip;]","og_url":"https:\/\/msconectado.com.br\/?p=23706","og_site_name":"MsConectado","article_published_time":"2024-12-06T13:27:45+00:00","article_modified_time":"2024-12-06T13:37:39+00:00","og_image":[{"width":1600,"height":1066,"url":"https:\/\/msconectado.com.br\/wp-content\/uploads\/2024\/12\/pm2.jpg","type":"image\/jpeg"}],"author":"Jeferson","twitter_card":"summary_large_image","twitter_misc":{"Escrito por":"Jeferson","Est. tempo de leitura":"3 minutos"},"schema":{"@context":"https:\/\/schema.org","@graph":[{"@type":"Article","@id":"https:\/\/msconectado.com.br\/?p=23706#article","isPartOf":{"@id":"https:\/\/msconectado.com.br\/?p=23706"},"author":{"name":"Jeferson","@id":"https:\/\/msconectado.com.br\/#\/schema\/person\/feb123a95a93eebea36f0ed6a2e5ba48"},"headline":"Presidente da C\u00e2mara de Maracaju re\u00fane-se com Pol\u00edcia Militar e ASSEMA para planejamento da &#8220;Opera\u00e7\u00e3o Boas Festas&#8221;","datePublished":"2024-12-06T13:27:45+00:00","dateModified":"2024-12-06T13:37:39+00:00","mainEntityOfPage":{"@id":"https:\/\/msconectado.com.br\/?p=23706"},"wordCount":370,"commentCount":0,"publisher":{"@id":"https:\/\/msconectado.com.br\/#organization"},"image":{"@id":"https:\/\/msconectado.com.br\/?p=23706#primaryimage"},"thumbnailUrl":"https:\/\/msconectado.com.br\/wp-content\/uploads\/2024\/12\/pm2.jpg","articleSection":["Cidades","Com\u00e9rcio","Not\u00edcia"],"inLanguage":"pt-BR","potentialAction":[{"@type":"CommentAction","name":"Comment","target":["https:\/\/msconectado.com.br\/?p=23706#respond"]}]},{"@type":"WebPage","@id":"https:\/\/msconectado.com.br\/?p=23706","url":"https:\/\/msconectado.com.br\/?p=23706","name":"Presidente da C\u00e2mara de Maracaju re\u00fane-se com Pol\u00edcia Militar e ASSEMA para planejamento da \"Opera\u00e7\u00e3o Boas Festas\" - MsConectado","isPartOf":{"@id":"https:\/\/msconectado.com.br\/#website"},"primaryImageOfPage":{"@id":"https:\/\/msconectado.com.br\/?p=23706#primaryimage"},"image":{"@id":"https:\/\/msconectado.com.br\/?p=23706#primaryimage"},"thumbnailUrl":"https:\/\/msconectado.com.br\/wp-content\/uploads\/2024\/12\/pm2.jpg","datePublished":"2024-12-06T13:27:45+00:00","dateModified":"2024-12-06T13:37:39+00:00","breadcrumb":{"@id":"https:\/\/msconectado.com.br\/?p=23706#breadcrumb"},"inLanguage":"pt-BR","potentialAction":[{"@type":"ReadAction","target":["https:\/\/msconectado.com.br\/?p=23706"]}]},{"@type":"ImageObject","inLanguage":"pt-BR","@id":"https:\/\/msconectado.com.br\/?p=23706#primaryimage","url":"https:\/\/msconectado.com.br\/wp-content\/uploads\/2024\/12\/pm2.jpg","contentUrl":"https:\/\/msconectado.com.br\/wp-content\/uploads\/2024\/12\/pm2.jpg","width":1600,"height":1066},{"@type":"BreadcrumbList","@id":"https:\/\/msconectado.com.br\/?p=23706#breadcrumb","itemListElement":[{"@type":"ListItem","position":1,"name":"In\u00edcio","item":"https:\/\/msconectado.com.br\/?page_id=105"},{"@type":"ListItem","position":2,"name":"Presidente da C\u00e2mara de Maracaju re\u00fane-se com Pol\u00edcia Militar e ASSEMA para planejamento da &#8220;Opera\u00e7\u00e3o Boas Festas&#8221;"}]},{"@type":"WebSite","@id":"https:\/\/msconectado.com.br\/#website","url":"https:\/\/msconectado.com.br\/","name":"MsConectado","description":"Voc\u00ea Conectado com a Not\u00edcia!","publisher":{"@id":"https:\/\/msconectado.com.br\/#organization"},"potentialAction":[{"@type":"SearchAction","target":{"@type":"EntryPoint","urlTemplate":"https:\/\/msconectado.com.br\/?s={search_term_string}"},"query-input":{"@type":"PropertyValueSpecification","valueRequired":true,"valueName":"search_term_string"}}],"inLanguage":"pt-BR"},{"@type":"Organization","@id":"https:\/\/msconectado.com.br\/#organization","name":"MsConectado","url":"https:\/\/msconectado.com.br\/","logo":{"@type":"ImageObject","inLanguage":"pt-BR","@id":"https:\/\/msconectado.com.br\/#\/schema\/logo\/image\/","url":"https:\/\/msconectado.com.br\/wp-content\/uploads\/2023\/01\/cropped-noticia-2.png","contentUrl":"https:\/\/msconectado.com.br\/wp-content\/uploads\/2023\/01\/cropped-noticia-2.png","width":720,"height":157,"caption":"MsConectado"},"image":{"@id":"https:\/\/msconectado.com.br\/#\/schema\/logo\/image\/"}},{"@type":"Person","@id":"https:\/\/msconectado.com.br\/#\/schema\/person\/feb123a95a93eebea36f0ed6a2e5ba48","name":"Jeferson","image":{"@type":"ImageObject","inLanguage":"pt-BR","@id":"https:\/\/secure.gravatar.com\/avatar\/e23e8901c88f0cdc0ad479ef7a39bf3e4c806344549c087c00b721a65549a328?s=96&d=mm&r=g","url":"https:\/\/secure.gravatar.com\/avatar\/e23e8901c88f0cdc0ad479ef7a39bf3e4c806344549c087c00b721a65549a328?s=96&d=mm&r=g","contentUrl":"https:\/\/secure.gravatar.com\/avatar\/e23e8901c88f0cdc0ad479ef7a39bf3e4c806344549c087c00b721a65549a328?s=96&d=mm&r=g","caption":"Jeferson"},"url":"https:\/\/msconectado.com.br\/?author=3"}]}},"_links":{"self":[{"href":"https:\/\/msconectado.com.br\/index.php?rest_route=\/wp\/v2\/posts\/23706","targetHints":{"allow":["GET"]}}],"collection":[{"href":"https:\/\/msconectado.com.br\/index.php?rest_route=\/wp\/v2\/posts"}],"about":[{"href":"https:\/\/msconectado.com.br\/index.php?rest_route=\/wp\/v2\/types\/post"}],"author":[{"embeddable":true,"href":"https:\/\/msconectado.com.br\/index.php?rest_route=\/wp\/v2\/users\/3"}],"replies":[{"embeddable":true,"href":"https:\/\/msconectado.com.br\/index.php?rest_route=%2Fwp%2Fv2%2Fcomments&post=23706"}],"version-history":[{"count":2,"href":"https:\/\/msconectado.com.br\/index.php?rest_route=\/wp\/v2\/posts\/23706\/revisions"}],"predecessor-version":[{"id":23709,"href":"https:\/\/msconectado.com.br\/index.php?rest_route=\/wp\/v2\/posts\/23706\/revisions\/23709"}],"wp:featuredmedia":[{"embeddable":true,"href":"https:\/\/msconectado.com.br\/index.php?rest_route=\/wp\/v2\/media\/23707"}],"wp:attachment":[{"href":"https:\/\/msconectado.com.br\/index.php?rest_route=%2Fwp%2Fv2%2Fmedia&parent=23706"}],"wp:term":[{"taxonomy":"category","embeddable":true,"href":"https:\/\/msconectado.com.br\/index.php?rest_route=%2Fwp%2Fv2%2Fcategories&post=23706"},{"taxonomy":"post_tag","embeddable":true,"href":"https:\/\/msconectado.com.br\/index.php?rest_route=%2Fwp%2Fv2%2Ftags&post=23706"}],"curies":[{"name":"wp","href":"https:\/\/api.w.org\/{rel}","templated":true}]}}