
{"id":23710,"date":"2024-12-07T18:20:12","date_gmt":"2024-12-07T18:20:12","guid":{"rendered":"https:\/\/msconectado.com.br\/?p=23710"},"modified":"2024-12-07T18:20:14","modified_gmt":"2024-12-07T18:20:14","slug":"escola-sesi-maracaju-realiza-noite-especial-com-apresentacoes-e-diversao-na-praca-central","status":"publish","type":"post","link":"https:\/\/msconectado.com.br\/?p=23710","title":{"rendered":"Escola SESI Maracaju realiza noite especial com apresenta\u00e7\u00f5es e divers\u00e3o na pra\u00e7a central"},"content":{"rendered":"\n<p>Na noite desta sexta-feira (6), a Pra\u00e7a Central de Maracaju foi palco de um evento especial promovido pela Escola SESI. Com foco em apresentar \u00e0 comunidade as iniciativas realizadas ao longo do ano, a escola destacou projetos como rob\u00f3tica, experimentos cient\u00edficos, esportes e outras a\u00e7\u00f5es educacionais.<\/p>\n\n\n<div class=\"wp-block-image\">\n<figure class=\"aligncenter size-large\"><img fetchpriority=\"high\" decoding=\"async\" width=\"1024\" height=\"682\" src=\"https:\/\/msconectado.com.br\/wp-content\/uploads\/2024\/12\/gringo1-2-1024x682.jpg\" alt=\"\" class=\"wp-image-23715\" srcset=\"https:\/\/msconectado.com.br\/wp-content\/uploads\/2024\/12\/gringo1-2-1024x682.jpg 1024w, https:\/\/msconectado.com.br\/wp-content\/uploads\/2024\/12\/gringo1-2-300x200.jpg 300w, https:\/\/msconectado.com.br\/wp-content\/uploads\/2024\/12\/gringo1-2-768x512.jpg 768w, https:\/\/msconectado.com.br\/wp-content\/uploads\/2024\/12\/gringo1-2-1536x1023.jpg 1536w, https:\/\/msconectado.com.br\/wp-content\/uploads\/2024\/12\/gringo1-2-360x240.jpg 360w, https:\/\/msconectado.com.br\/wp-content\/uploads\/2024\/12\/gringo1-2.jpg 1600w\" sizes=\"(max-width: 1024px) 100vw, 1024px\" \/><\/figure>\n<\/div>\n\n\n<p><br>Al\u00e9m disso, a programa\u00e7\u00e3o conta com diversas atra\u00e7\u00f5es para as crian\u00e7as, incluindo brinquedos infl\u00e1veis \u200b\u200bque garantem momentos de muita divers\u00e3o. O evento reuniu alunos, pais e moradores, promovendo um ambiente de intera\u00e7\u00e3o e destacando os resultados alcan\u00e7ados pela institui\u00e7\u00e3o.<\/p>\n\n\n<div class=\"wp-block-image\">\n<figure class=\"aligncenter size-large\"><img decoding=\"async\" width=\"1024\" height=\"682\" src=\"https:\/\/msconectado.com.br\/wp-content\/uploads\/2024\/12\/53288b86-6b2f-4945-8c98-d7d7fb870a43-1024x682.jpg\" alt=\"\" class=\"wp-image-23712\" srcset=\"https:\/\/msconectado.com.br\/wp-content\/uploads\/2024\/12\/53288b86-6b2f-4945-8c98-d7d7fb870a43-1024x682.jpg 1024w, https:\/\/msconectado.com.br\/wp-content\/uploads\/2024\/12\/53288b86-6b2f-4945-8c98-d7d7fb870a43-300x200.jpg 300w, https:\/\/msconectado.com.br\/wp-content\/uploads\/2024\/12\/53288b86-6b2f-4945-8c98-d7d7fb870a43-768x512.jpg 768w, https:\/\/msconectado.com.br\/wp-content\/uploads\/2024\/12\/53288b86-6b2f-4945-8c98-d7d7fb870a43-1536x1023.jpg 1536w, https:\/\/msconectado.com.br\/wp-content\/uploads\/2024\/12\/53288b86-6b2f-4945-8c98-d7d7fb870a43-360x240.jpg 360w, https:\/\/msconectado.com.br\/wp-content\/uploads\/2024\/12\/53288b86-6b2f-4945-8c98-d7d7fb870a43.jpg 1600w\" sizes=\"(max-width: 1024px) 100vw, 1024px\" \/><\/figure>\n<\/div>\n\n\n<p>Para a diretora da Escola SESI, Thayci Alencar Coutinho, a iniciativa teve como objetivo mostrar o compromisso da equipe escolar com a forma\u00e7\u00e3o integral dos alunos. &#8220;Esse momento \u00e9 de apresenta\u00e7\u00e3o de resultados, fruto de muito trabalho e dedica\u00e7\u00e3o. Al\u00e9m disso, refor\u00e7amos a import\u00e2ncia de garantir uma educa\u00e7\u00e3o de qualidade. Lembramos que as matr\u00edculas est\u00e3o abertas e todos s\u00e3o bem-vindos para fazer parte da nossa comunidade escolar&#8221;, destacado.<\/p>\n\n\n<div class=\"wp-block-image\">\n<figure class=\"aligncenter size-large\"><img decoding=\"async\" width=\"1024\" height=\"682\" src=\"https:\/\/msconectado.com.br\/wp-content\/uploads\/2024\/12\/b74f2133-9e43-4eb5-821f-80af751ad9e2-1024x682.jpg\" alt=\"\" class=\"wp-image-23713\" srcset=\"https:\/\/msconectado.com.br\/wp-content\/uploads\/2024\/12\/b74f2133-9e43-4eb5-821f-80af751ad9e2-1024x682.jpg 1024w, https:\/\/msconectado.com.br\/wp-content\/uploads\/2024\/12\/b74f2133-9e43-4eb5-821f-80af751ad9e2-300x200.jpg 300w, https:\/\/msconectado.com.br\/wp-content\/uploads\/2024\/12\/b74f2133-9e43-4eb5-821f-80af751ad9e2-768x512.jpg 768w, https:\/\/msconectado.com.br\/wp-content\/uploads\/2024\/12\/b74f2133-9e43-4eb5-821f-80af751ad9e2-1536x1023.jpg 1536w, https:\/\/msconectado.com.br\/wp-content\/uploads\/2024\/12\/b74f2133-9e43-4eb5-821f-80af751ad9e2-360x240.jpg 360w, https:\/\/msconectado.com.br\/wp-content\/uploads\/2024\/12\/b74f2133-9e43-4eb5-821f-80af751ad9e2.jpg 1600w\" sizes=\"(max-width: 1024px) 100vw, 1024px\" \/><\/figure>\n<\/div>\n\n\n<p>Os detalhes em conhecer mais sobre a Escola SESI podem visitar a secretaria, que funciona de segunda a sexta-feira, das 7h30 \u00e0s 17h30. O contato para informa\u00e7\u00f5es e matr\u00edculas \u00e9 o telefone (67) 99976-8547.<\/p>\n\n\n\n<p>O evento refor\u00e7ou o papel da educa\u00e7\u00e3o como um pilar fundamental no desenvolvimento da cidade, conectando a comunidade e inspirando novas conquistas para o futuro.<\/p>\n\n\n\n<figure class=\"wp-block-image size-large\"><img loading=\"lazy\" decoding=\"async\" width=\"1024\" height=\"682\" src=\"https:\/\/msconectado.com.br\/wp-content\/uploads\/2024\/12\/cd7ff1e5-b0d0-4faa-b7b1-1884a393a266-1024x682.jpg\" alt=\"\" class=\"wp-image-23714\" srcset=\"https:\/\/msconectado.com.br\/wp-content\/uploads\/2024\/12\/cd7ff1e5-b0d0-4faa-b7b1-1884a393a266-1024x682.jpg 1024w, https:\/\/msconectado.com.br\/wp-content\/uploads\/2024\/12\/cd7ff1e5-b0d0-4faa-b7b1-1884a393a266-300x200.jpg 300w, https:\/\/msconectado.com.br\/wp-content\/uploads\/2024\/12\/cd7ff1e5-b0d0-4faa-b7b1-1884a393a266-768x512.jpg 768w, https:\/\/msconectado.com.br\/wp-content\/uploads\/2024\/12\/cd7ff1e5-b0d0-4faa-b7b1-1884a393a266-1536x1023.jpg 1536w, https:\/\/msconectado.com.br\/wp-content\/uploads\/2024\/12\/cd7ff1e5-b0d0-4faa-b7b1-1884a393a266-360x240.jpg 360w, https:\/\/msconectado.com.br\/wp-content\/uploads\/2024\/12\/cd7ff1e5-b0d0-4faa-b7b1-1884a393a266.jpg 1600w\" sizes=\"(max-width: 1024px) 100vw, 1024px\" \/><\/figure>\n\n\n\n<p><\/p>\n\n\n\n<p>Por: Jeferson Silveira DRT 001808\/MS<\/p>\n\n\n<div class=\"wp-block-image\">\n<figure class=\"aligncenter size-full\"><img loading=\"lazy\" decoding=\"async\" width=\"900\" height=\"100\" src=\"https:\/\/msconectado.com.br\/wp-content\/uploads\/2024\/12\/900x100_CAMARA-MARACAJU_DUODECIMO-1.gif\" alt=\"\" class=\"wp-image-23665\"\/><\/figure>\n<\/div>","protected":false},"excerpt":{"rendered":"<p>Na noite desta sexta-feira (6), a Pra\u00e7a Central de Maracaju foi palco de um evento especial promovido pela Escola SESI. Com foco em apresentar \u00e0 comunidade as iniciativas realizadas ao longo do ano, a escola destacou projetos como rob\u00f3tica, experimentos cient\u00edficos, esportes e outras a\u00e7\u00f5es educacionais. Al\u00e9m disso, a programa\u00e7\u00e3o conta com diversas atra\u00e7\u00f5es para [&hellip;]<\/p>\n","protected":false},"author":3,"featured_media":23711,"comment_status":"open","ping_status":"closed","sticky":false,"template":"","format":"standard","meta":{"footnotes":""},"categories":[34,36,1],"tags":[],"class_list":["post-23710","post","type-post","status-publish","format-standard","has-post-thumbnail","hentry","category-comercio","category-eventos","category-noticia"],"yoast_head":"<!-- This site is optimized with the Yoast SEO plugin v27.5 - https:\/\/yoast.com\/product\/yoast-seo-wordpress\/ -->\n<title>Escola SESI Maracaju realiza noite especial com apresenta\u00e7\u00f5es e divers\u00e3o na pra\u00e7a central - MsConectado<\/title>\n<meta name=\"robots\" content=\"index, follow, max-snippet:-1, max-image-preview:large, max-video-preview:-1\" \/>\n<link rel=\"canonical\" href=\"https:\/\/msconectado.com.br\/?p=23710\" \/>\n<meta property=\"og:locale\" content=\"pt_BR\" \/>\n<meta property=\"og:type\" content=\"article\" \/>\n<meta property=\"og:title\" content=\"Escola SESI Maracaju realiza noite especial com apresenta\u00e7\u00f5es e divers\u00e3o na pra\u00e7a central - MsConectado\" \/>\n<meta property=\"og:description\" content=\"Na noite desta sexta-feira (6), a Pra\u00e7a Central de Maracaju foi palco de um evento especial promovido pela Escola SESI. Com foco em apresentar \u00e0 comunidade as iniciativas realizadas ao longo do ano, a escola destacou projetos como rob\u00f3tica, experimentos cient\u00edficos, esportes e outras a\u00e7\u00f5es educacionais. Al\u00e9m disso, a programa\u00e7\u00e3o conta com diversas atra\u00e7\u00f5es para [&hellip;]\" \/>\n<meta property=\"og:url\" content=\"https:\/\/msconectado.com.br\/?p=23710\" \/>\n<meta property=\"og:site_name\" content=\"MsConectado\" \/>\n<meta property=\"article:published_time\" content=\"2024-12-07T18:20:12+00:00\" \/>\n<meta property=\"article:modified_time\" content=\"2024-12-07T18:20:14+00:00\" \/>\n<meta property=\"og:image\" content=\"https:\/\/msconectado.com.br\/wp-content\/uploads\/2024\/12\/re-2.jpg\" \/>\n\t<meta property=\"og:image:width\" content=\"1600\" \/>\n\t<meta property=\"og:image:height\" content=\"1066\" \/>\n\t<meta property=\"og:image:type\" content=\"image\/jpeg\" \/>\n<meta name=\"author\" content=\"Jeferson\" \/>\n<meta name=\"twitter:card\" content=\"summary_large_image\" \/>\n<meta name=\"twitter:label1\" content=\"Escrito por\" \/>\n\t<meta name=\"twitter:data1\" content=\"Jeferson\" \/>\n\t<meta name=\"twitter:label2\" content=\"Est. tempo de leitura\" \/>\n\t<meta name=\"twitter:data2\" content=\"3 minutos\" \/>\n<script type=\"application\/ld+json\" class=\"yoast-schema-graph\">{\"@context\":\"https:\\\/\\\/schema.org\",\"@graph\":[{\"@type\":\"Article\",\"@id\":\"https:\\\/\\\/msconectado.com.br\\\/?p=23710#article\",\"isPartOf\":{\"@id\":\"https:\\\/\\\/msconectado.com.br\\\/?p=23710\"},\"author\":{\"name\":\"Jeferson\",\"@id\":\"https:\\\/\\\/msconectado.com.br\\\/#\\\/schema\\\/person\\\/feb123a95a93eebea36f0ed6a2e5ba48\"},\"headline\":\"Escola SESI Maracaju realiza noite especial com apresenta\u00e7\u00f5es e divers\u00e3o na pra\u00e7a central\",\"datePublished\":\"2024-12-07T18:20:12+00:00\",\"dateModified\":\"2024-12-07T18:20:14+00:00\",\"mainEntityOfPage\":{\"@id\":\"https:\\\/\\\/msconectado.com.br\\\/?p=23710\"},\"wordCount\":255,\"commentCount\":0,\"publisher\":{\"@id\":\"https:\\\/\\\/msconectado.com.br\\\/#organization\"},\"image\":{\"@id\":\"https:\\\/\\\/msconectado.com.br\\\/?p=23710#primaryimage\"},\"thumbnailUrl\":\"https:\\\/\\\/msconectado.com.br\\\/wp-content\\\/uploads\\\/2024\\\/12\\\/re-2.jpg\",\"articleSection\":[\"Com\u00e9rcio\",\"Eventos\",\"Not\u00edcia\"],\"inLanguage\":\"pt-BR\",\"potentialAction\":[{\"@type\":\"CommentAction\",\"name\":\"Comment\",\"target\":[\"https:\\\/\\\/msconectado.com.br\\\/?p=23710#respond\"]}]},{\"@type\":\"WebPage\",\"@id\":\"https:\\\/\\\/msconectado.com.br\\\/?p=23710\",\"url\":\"https:\\\/\\\/msconectado.com.br\\\/?p=23710\",\"name\":\"Escola SESI Maracaju realiza noite especial com apresenta\u00e7\u00f5es e divers\u00e3o na pra\u00e7a central - MsConectado\",\"isPartOf\":{\"@id\":\"https:\\\/\\\/msconectado.com.br\\\/#website\"},\"primaryImageOfPage\":{\"@id\":\"https:\\\/\\\/msconectado.com.br\\\/?p=23710#primaryimage\"},\"image\":{\"@id\":\"https:\\\/\\\/msconectado.com.br\\\/?p=23710#primaryimage\"},\"thumbnailUrl\":\"https:\\\/\\\/msconectado.com.br\\\/wp-content\\\/uploads\\\/2024\\\/12\\\/re-2.jpg\",\"datePublished\":\"2024-12-07T18:20:12+00:00\",\"dateModified\":\"2024-12-07T18:20:14+00:00\",\"breadcrumb\":{\"@id\":\"https:\\\/\\\/msconectado.com.br\\\/?p=23710#breadcrumb\"},\"inLanguage\":\"pt-BR\",\"potentialAction\":[{\"@type\":\"ReadAction\",\"target\":[\"https:\\\/\\\/msconectado.com.br\\\/?p=23710\"]}]},{\"@type\":\"ImageObject\",\"inLanguage\":\"pt-BR\",\"@id\":\"https:\\\/\\\/msconectado.com.br\\\/?p=23710#primaryimage\",\"url\":\"https:\\\/\\\/msconectado.com.br\\\/wp-content\\\/uploads\\\/2024\\\/12\\\/re-2.jpg\",\"contentUrl\":\"https:\\\/\\\/msconectado.com.br\\\/wp-content\\\/uploads\\\/2024\\\/12\\\/re-2.jpg\",\"width\":1600,\"height\":1066},{\"@type\":\"BreadcrumbList\",\"@id\":\"https:\\\/\\\/msconectado.com.br\\\/?p=23710#breadcrumb\",\"itemListElement\":[{\"@type\":\"ListItem\",\"position\":1,\"name\":\"In\u00edcio\",\"item\":\"https:\\\/\\\/msconectado.com.br\\\/?page_id=105\"},{\"@type\":\"ListItem\",\"position\":2,\"name\":\"Escola SESI Maracaju realiza noite especial com apresenta\u00e7\u00f5es e divers\u00e3o na pra\u00e7a central\"}]},{\"@type\":\"WebSite\",\"@id\":\"https:\\\/\\\/msconectado.com.br\\\/#website\",\"url\":\"https:\\\/\\\/msconectado.com.br\\\/\",\"name\":\"MsConectado\",\"description\":\"Voc\u00ea Conectado com a Not\u00edcia!\",\"publisher\":{\"@id\":\"https:\\\/\\\/msconectado.com.br\\\/#organization\"},\"potentialAction\":[{\"@type\":\"SearchAction\",\"target\":{\"@type\":\"EntryPoint\",\"urlTemplate\":\"https:\\\/\\\/msconectado.com.br\\\/?s={search_term_string}\"},\"query-input\":{\"@type\":\"PropertyValueSpecification\",\"valueRequired\":true,\"valueName\":\"search_term_string\"}}],\"inLanguage\":\"pt-BR\"},{\"@type\":\"Organization\",\"@id\":\"https:\\\/\\\/msconectado.com.br\\\/#organization\",\"name\":\"MsConectado\",\"url\":\"https:\\\/\\\/msconectado.com.br\\\/\",\"logo\":{\"@type\":\"ImageObject\",\"inLanguage\":\"pt-BR\",\"@id\":\"https:\\\/\\\/msconectado.com.br\\\/#\\\/schema\\\/logo\\\/image\\\/\",\"url\":\"https:\\\/\\\/msconectado.com.br\\\/wp-content\\\/uploads\\\/2023\\\/01\\\/cropped-noticia-2.png\",\"contentUrl\":\"https:\\\/\\\/msconectado.com.br\\\/wp-content\\\/uploads\\\/2023\\\/01\\\/cropped-noticia-2.png\",\"width\":720,\"height\":157,\"caption\":\"MsConectado\"},\"image\":{\"@id\":\"https:\\\/\\\/msconectado.com.br\\\/#\\\/schema\\\/logo\\\/image\\\/\"}},{\"@type\":\"Person\",\"@id\":\"https:\\\/\\\/msconectado.com.br\\\/#\\\/schema\\\/person\\\/feb123a95a93eebea36f0ed6a2e5ba48\",\"name\":\"Jeferson\",\"image\":{\"@type\":\"ImageObject\",\"inLanguage\":\"pt-BR\",\"@id\":\"https:\\\/\\\/secure.gravatar.com\\\/avatar\\\/e23e8901c88f0cdc0ad479ef7a39bf3e4c806344549c087c00b721a65549a328?s=96&d=mm&r=g\",\"url\":\"https:\\\/\\\/secure.gravatar.com\\\/avatar\\\/e23e8901c88f0cdc0ad479ef7a39bf3e4c806344549c087c00b721a65549a328?s=96&d=mm&r=g\",\"contentUrl\":\"https:\\\/\\\/secure.gravatar.com\\\/avatar\\\/e23e8901c88f0cdc0ad479ef7a39bf3e4c806344549c087c00b721a65549a328?s=96&d=mm&r=g\",\"caption\":\"Jeferson\"},\"url\":\"https:\\\/\\\/msconectado.com.br\\\/?author=3\"}]}<\/script>\n<!-- \/ Yoast SEO plugin. -->","yoast_head_json":{"title":"Escola SESI Maracaju realiza noite especial com apresenta\u00e7\u00f5es e divers\u00e3o na pra\u00e7a central - MsConectado","robots":{"index":"index","follow":"follow","max-snippet":"max-snippet:-1","max-image-preview":"max-image-preview:large","max-video-preview":"max-video-preview:-1"},"canonical":"https:\/\/msconectado.com.br\/?p=23710","og_locale":"pt_BR","og_type":"article","og_title":"Escola SESI Maracaju realiza noite especial com apresenta\u00e7\u00f5es e divers\u00e3o na pra\u00e7a central - MsConectado","og_description":"Na noite desta sexta-feira (6), a Pra\u00e7a Central de Maracaju foi palco de um evento especial promovido pela Escola SESI. Com foco em apresentar \u00e0 comunidade as iniciativas realizadas ao longo do ano, a escola destacou projetos como rob\u00f3tica, experimentos cient\u00edficos, esportes e outras a\u00e7\u00f5es educacionais. Al\u00e9m disso, a programa\u00e7\u00e3o conta com diversas atra\u00e7\u00f5es para [&hellip;]","og_url":"https:\/\/msconectado.com.br\/?p=23710","og_site_name":"MsConectado","article_published_time":"2024-12-07T18:20:12+00:00","article_modified_time":"2024-12-07T18:20:14+00:00","og_image":[{"width":1600,"height":1066,"url":"https:\/\/msconectado.com.br\/wp-content\/uploads\/2024\/12\/re-2.jpg","type":"image\/jpeg"}],"author":"Jeferson","twitter_card":"summary_large_image","twitter_misc":{"Escrito por":"Jeferson","Est. tempo de leitura":"3 minutos"},"schema":{"@context":"https:\/\/schema.org","@graph":[{"@type":"Article","@id":"https:\/\/msconectado.com.br\/?p=23710#article","isPartOf":{"@id":"https:\/\/msconectado.com.br\/?p=23710"},"author":{"name":"Jeferson","@id":"https:\/\/msconectado.com.br\/#\/schema\/person\/feb123a95a93eebea36f0ed6a2e5ba48"},"headline":"Escola SESI Maracaju realiza noite especial com apresenta\u00e7\u00f5es e divers\u00e3o na pra\u00e7a central","datePublished":"2024-12-07T18:20:12+00:00","dateModified":"2024-12-07T18:20:14+00:00","mainEntityOfPage":{"@id":"https:\/\/msconectado.com.br\/?p=23710"},"wordCount":255,"commentCount":0,"publisher":{"@id":"https:\/\/msconectado.com.br\/#organization"},"image":{"@id":"https:\/\/msconectado.com.br\/?p=23710#primaryimage"},"thumbnailUrl":"https:\/\/msconectado.com.br\/wp-content\/uploads\/2024\/12\/re-2.jpg","articleSection":["Com\u00e9rcio","Eventos","Not\u00edcia"],"inLanguage":"pt-BR","potentialAction":[{"@type":"CommentAction","name":"Comment","target":["https:\/\/msconectado.com.br\/?p=23710#respond"]}]},{"@type":"WebPage","@id":"https:\/\/msconectado.com.br\/?p=23710","url":"https:\/\/msconectado.com.br\/?p=23710","name":"Escola SESI Maracaju realiza noite especial com apresenta\u00e7\u00f5es e divers\u00e3o na pra\u00e7a central - MsConectado","isPartOf":{"@id":"https:\/\/msconectado.com.br\/#website"},"primaryImageOfPage":{"@id":"https:\/\/msconectado.com.br\/?p=23710#primaryimage"},"image":{"@id":"https:\/\/msconectado.com.br\/?p=23710#primaryimage"},"thumbnailUrl":"https:\/\/msconectado.com.br\/wp-content\/uploads\/2024\/12\/re-2.jpg","datePublished":"2024-12-07T18:20:12+00:00","dateModified":"2024-12-07T18:20:14+00:00","breadcrumb":{"@id":"https:\/\/msconectado.com.br\/?p=23710#breadcrumb"},"inLanguage":"pt-BR","potentialAction":[{"@type":"ReadAction","target":["https:\/\/msconectado.com.br\/?p=23710"]}]},{"@type":"ImageObject","inLanguage":"pt-BR","@id":"https:\/\/msconectado.com.br\/?p=23710#primaryimage","url":"https:\/\/msconectado.com.br\/wp-content\/uploads\/2024\/12\/re-2.jpg","contentUrl":"https:\/\/msconectado.com.br\/wp-content\/uploads\/2024\/12\/re-2.jpg","width":1600,"height":1066},{"@type":"BreadcrumbList","@id":"https:\/\/msconectado.com.br\/?p=23710#breadcrumb","itemListElement":[{"@type":"ListItem","position":1,"name":"In\u00edcio","item":"https:\/\/msconectado.com.br\/?page_id=105"},{"@type":"ListItem","position":2,"name":"Escola SESI Maracaju realiza noite especial com apresenta\u00e7\u00f5es e divers\u00e3o na pra\u00e7a central"}]},{"@type":"WebSite","@id":"https:\/\/msconectado.com.br\/#website","url":"https:\/\/msconectado.com.br\/","name":"MsConectado","description":"Voc\u00ea Conectado com a Not\u00edcia!","publisher":{"@id":"https:\/\/msconectado.com.br\/#organization"},"potentialAction":[{"@type":"SearchAction","target":{"@type":"EntryPoint","urlTemplate":"https:\/\/msconectado.com.br\/?s={search_term_string}"},"query-input":{"@type":"PropertyValueSpecification","valueRequired":true,"valueName":"search_term_string"}}],"inLanguage":"pt-BR"},{"@type":"Organization","@id":"https:\/\/msconectado.com.br\/#organization","name":"MsConectado","url":"https:\/\/msconectado.com.br\/","logo":{"@type":"ImageObject","inLanguage":"pt-BR","@id":"https:\/\/msconectado.com.br\/#\/schema\/logo\/image\/","url":"https:\/\/msconectado.com.br\/wp-content\/uploads\/2023\/01\/cropped-noticia-2.png","contentUrl":"https:\/\/msconectado.com.br\/wp-content\/uploads\/2023\/01\/cropped-noticia-2.png","width":720,"height":157,"caption":"MsConectado"},"image":{"@id":"https:\/\/msconectado.com.br\/#\/schema\/logo\/image\/"}},{"@type":"Person","@id":"https:\/\/msconectado.com.br\/#\/schema\/person\/feb123a95a93eebea36f0ed6a2e5ba48","name":"Jeferson","image":{"@type":"ImageObject","inLanguage":"pt-BR","@id":"https:\/\/secure.gravatar.com\/avatar\/e23e8901c88f0cdc0ad479ef7a39bf3e4c806344549c087c00b721a65549a328?s=96&d=mm&r=g","url":"https:\/\/secure.gravatar.com\/avatar\/e23e8901c88f0cdc0ad479ef7a39bf3e4c806344549c087c00b721a65549a328?s=96&d=mm&r=g","contentUrl":"https:\/\/secure.gravatar.com\/avatar\/e23e8901c88f0cdc0ad479ef7a39bf3e4c806344549c087c00b721a65549a328?s=96&d=mm&r=g","caption":"Jeferson"},"url":"https:\/\/msconectado.com.br\/?author=3"}]}},"_links":{"self":[{"href":"https:\/\/msconectado.com.br\/index.php?rest_route=\/wp\/v2\/posts\/23710","targetHints":{"allow":["GET"]}}],"collection":[{"href":"https:\/\/msconectado.com.br\/index.php?rest_route=\/wp\/v2\/posts"}],"about":[{"href":"https:\/\/msconectado.com.br\/index.php?rest_route=\/wp\/v2\/types\/post"}],"author":[{"embeddable":true,"href":"https:\/\/msconectado.com.br\/index.php?rest_route=\/wp\/v2\/users\/3"}],"replies":[{"embeddable":true,"href":"https:\/\/msconectado.com.br\/index.php?rest_route=%2Fwp%2Fv2%2Fcomments&post=23710"}],"version-history":[{"count":1,"href":"https:\/\/msconectado.com.br\/index.php?rest_route=\/wp\/v2\/posts\/23710\/revisions"}],"predecessor-version":[{"id":23716,"href":"https:\/\/msconectado.com.br\/index.php?rest_route=\/wp\/v2\/posts\/23710\/revisions\/23716"}],"wp:featuredmedia":[{"embeddable":true,"href":"https:\/\/msconectado.com.br\/index.php?rest_route=\/wp\/v2\/media\/23711"}],"wp:attachment":[{"href":"https:\/\/msconectado.com.br\/index.php?rest_route=%2Fwp%2Fv2%2Fmedia&parent=23710"}],"wp:term":[{"taxonomy":"category","embeddable":true,"href":"https:\/\/msconectado.com.br\/index.php?rest_route=%2Fwp%2Fv2%2Fcategories&post=23710"},{"taxonomy":"post_tag","embeddable":true,"href":"https:\/\/msconectado.com.br\/index.php?rest_route=%2Fwp%2Fv2%2Ftags&post=23710"}],"curies":[{"name":"wp","href":"https:\/\/api.w.org\/{rel}","templated":true}]}}