
{"id":23760,"date":"2024-12-13T18:16:17","date_gmt":"2024-12-13T18:16:17","guid":{"rendered":"https:\/\/msconectado.com.br\/?p=23760"},"modified":"2024-12-13T18:16:20","modified_gmt":"2024-12-13T18:16:20","slug":"vereador-robert-ziemann-solicita-melhorias-para-a-apae-em-brasilia","status":"publish","type":"post","link":"https:\/\/msconectado.com.br\/?p=23760","title":{"rendered":"Vereador Robert Ziemann solicita melhorias para a APAE em Bras\u00edlia"},"content":{"rendered":"\n<p>O vereador Robert Ziemann esteve em Bras\u00edlia no in\u00edcio deste m\u00eas e, durante uma visita ao gabinete do Deputado Federal Marcos Pollon, protocolou um pedido importante para melhorias na infraestrutura da Associa\u00e7\u00e3o de Pais e Amigos dos Excepcionais (APAE). A solicita\u00e7\u00e3o visa fortalecer a APAE, uma das institui\u00e7\u00f5es mais importantes no apoio e inclus\u00e3o de pessoas portadoras de necessidades especiais.<\/p>\n\n\n<div class=\"wp-block-image\">\n<figure class=\"aligncenter is-resized\"><img decoding=\"async\" src=\"https:\/\/robertziemann.com.br\/wp-content\/uploads\/2024\/12\/pm3-1024x768.jpg\" alt=\"\" class=\"wp-image-20114\" style=\"width:400px;height:auto\"\/><\/figure>\n<\/div>\n\n\n<p>Ziemann, que tem se dedicado ao fortalecimento do terceiro setor, compartilhou em suas redes sociais seu compromisso com a causa. \u201cEssa \u00e9 uma das bandeiras que defendo com muito compromisso: o fortalecimento do terceiro setor, que tanto contribui para uma sociedade mais justa e inclusiva. Acredito que a promo\u00e7\u00e3o do cuidado e do acolhimento \u00e9 essencial para todos\u201d, afirmou o vereador.<\/p>\n\n\n\n<p>A APAE desempenha um papel fundamental em muitas comunidades, oferecendo apoio e transforma\u00e7\u00e3o para milhares de pessoas com defici\u00eancia. Segundo Ziemann, com as melhorias solicitadas, ser\u00e1 poss\u00edvel potencializar ainda mais a miss\u00e3o da institui\u00e7\u00e3o. \u201cA APAE realiza um trabalho extraordin\u00e1rio, e com essas melhorias, vamos poder expandir e fortalecer esse trabalho que j\u00e1 faz tanta diferen\u00e7a na vida de tantas fam\u00edlias\u201d, destacou.<\/p>\n\n\n<div class=\"wp-block-image\">\n<figure class=\"aligncenter is-resized\"><img decoding=\"async\" src=\"https:\/\/robertziemann.com.br\/wp-content\/uploads\/2024\/12\/ec58a59c-3728-482a-8d50-5582f9937cd0-1024x768.jpg\" alt=\"\" class=\"wp-image-20115\" style=\"width:461px;height:auto\"\/><\/figure>\n<\/div>\n\n\n<p>\u201cJuntos, podemos fazer a diferen\u00e7a!\u201d, concluiu o vereador, refor\u00e7ando seu compromisso com a causa e com o bem-estar das pessoas que mais precisam de apoio.<\/p>\n\n\n\n<p>Esse pedido em Bras\u00edlia \u00e9 mais uma a\u00e7\u00e3o de Ziemann voltada para a promo\u00e7\u00e3o de um futuro mais justo e acess\u00edvel para todos, especialmente para aqueles que enfrentam desafios di\u00e1rios em busca de igualdade e oportunidades.<\/p>\n\n\n\n<p>Reda\u00e7\u00e3o Ms Conectado \u2013 DRT 001808\/MS<\/p>\n\n\n<div class=\"wp-block-image\">\n<figure class=\"aligncenter size-full\"><img fetchpriority=\"high\" decoding=\"async\" width=\"900\" height=\"100\" src=\"https:\/\/msconectado.com.br\/wp-content\/uploads\/2024\/12\/900x100_CAMARA-MARACAJU_PRESTACAO-DE-CONTAS.gif\" alt=\"\" class=\"wp-image-23749\"\/><\/figure>\n<\/div>","protected":false},"excerpt":{"rendered":"<p>O vereador Robert Ziemann esteve em Bras\u00edlia no in\u00edcio deste m\u00eas e, durante uma visita ao gabinete do Deputado Federal Marcos Pollon, protocolou um pedido importante para melhorias na infraestrutura da Associa\u00e7\u00e3o de Pais e Amigos dos Excepcionais (APAE). A solicita\u00e7\u00e3o visa fortalecer a APAE, uma das institui\u00e7\u00f5es mais importantes no apoio e inclus\u00e3o de [&hellip;]<\/p>\n","protected":false},"author":3,"featured_media":23761,"comment_status":"open","ping_status":"closed","sticky":false,"template":"","format":"standard","meta":{"footnotes":""},"categories":[35,34,36,1,33],"tags":[],"class_list":["post-23760","post","type-post","status-publish","format-standard","has-post-thumbnail","hentry","category-cidades","category-comercio","category-eventos","category-noticia","category-politica"],"yoast_head":"<!-- This site is optimized with the Yoast SEO plugin v27.5 - https:\/\/yoast.com\/product\/yoast-seo-wordpress\/ -->\n<title>Vereador Robert Ziemann solicita melhorias para a APAE em Bras\u00edlia - MsConectado<\/title>\n<meta name=\"robots\" content=\"index, follow, max-snippet:-1, max-image-preview:large, max-video-preview:-1\" \/>\n<link rel=\"canonical\" href=\"https:\/\/msconectado.com.br\/?p=23760\" \/>\n<meta property=\"og:locale\" content=\"pt_BR\" \/>\n<meta property=\"og:type\" content=\"article\" \/>\n<meta property=\"og:title\" content=\"Vereador Robert Ziemann solicita melhorias para a APAE em Bras\u00edlia - MsConectado\" \/>\n<meta property=\"og:description\" content=\"O vereador Robert Ziemann esteve em Bras\u00edlia no in\u00edcio deste m\u00eas e, durante uma visita ao gabinete do Deputado Federal Marcos Pollon, protocolou um pedido importante para melhorias na infraestrutura da Associa\u00e7\u00e3o de Pais e Amigos dos Excepcionais (APAE). A solicita\u00e7\u00e3o visa fortalecer a APAE, uma das institui\u00e7\u00f5es mais importantes no apoio e inclus\u00e3o de [&hellip;]\" \/>\n<meta property=\"og:url\" content=\"https:\/\/msconectado.com.br\/?p=23760\" \/>\n<meta property=\"og:site_name\" content=\"MsConectado\" \/>\n<meta property=\"article:published_time\" content=\"2024-12-13T18:16:17+00:00\" \/>\n<meta property=\"article:modified_time\" content=\"2024-12-13T18:16:20+00:00\" \/>\n<meta property=\"og:image\" content=\"https:\/\/msconectado.com.br\/wp-content\/uploads\/2024\/12\/pm2.jpg\" \/>\n\t<meta property=\"og:image:width\" content=\"1280\" \/>\n\t<meta property=\"og:image:height\" content=\"960\" \/>\n\t<meta property=\"og:image:type\" content=\"image\/jpeg\" \/>\n<meta name=\"author\" content=\"Jeferson\" \/>\n<meta name=\"twitter:card\" content=\"summary_large_image\" \/>\n<meta name=\"twitter:label1\" content=\"Escrito por\" \/>\n\t<meta name=\"twitter:data1\" content=\"Jeferson\" \/>\n\t<meta name=\"twitter:label2\" content=\"Est. tempo de leitura\" \/>\n\t<meta name=\"twitter:data2\" content=\"3 minutos\" \/>\n<script type=\"application\/ld+json\" class=\"yoast-schema-graph\">{\"@context\":\"https:\\\/\\\/schema.org\",\"@graph\":[{\"@type\":\"Article\",\"@id\":\"https:\\\/\\\/msconectado.com.br\\\/?p=23760#article\",\"isPartOf\":{\"@id\":\"https:\\\/\\\/msconectado.com.br\\\/?p=23760\"},\"author\":{\"name\":\"Jeferson\",\"@id\":\"https:\\\/\\\/msconectado.com.br\\\/#\\\/schema\\\/person\\\/feb123a95a93eebea36f0ed6a2e5ba48\"},\"headline\":\"Vereador Robert Ziemann solicita melhorias para a APAE em Bras\u00edlia\",\"datePublished\":\"2024-12-13T18:16:17+00:00\",\"dateModified\":\"2024-12-13T18:16:20+00:00\",\"mainEntityOfPage\":{\"@id\":\"https:\\\/\\\/msconectado.com.br\\\/?p=23760\"},\"wordCount\":281,\"commentCount\":0,\"publisher\":{\"@id\":\"https:\\\/\\\/msconectado.com.br\\\/#organization\"},\"image\":{\"@id\":\"https:\\\/\\\/msconectado.com.br\\\/?p=23760#primaryimage\"},\"thumbnailUrl\":\"https:\\\/\\\/msconectado.com.br\\\/wp-content\\\/uploads\\\/2024\\\/12\\\/pm2.jpg\",\"articleSection\":[\"Cidades\",\"Com\u00e9rcio\",\"Eventos\",\"Not\u00edcia\",\"Pol\u00edtica\"],\"inLanguage\":\"pt-BR\",\"potentialAction\":[{\"@type\":\"CommentAction\",\"name\":\"Comment\",\"target\":[\"https:\\\/\\\/msconectado.com.br\\\/?p=23760#respond\"]}]},{\"@type\":\"WebPage\",\"@id\":\"https:\\\/\\\/msconectado.com.br\\\/?p=23760\",\"url\":\"https:\\\/\\\/msconectado.com.br\\\/?p=23760\",\"name\":\"Vereador Robert Ziemann solicita melhorias para a APAE em Bras\u00edlia - MsConectado\",\"isPartOf\":{\"@id\":\"https:\\\/\\\/msconectado.com.br\\\/#website\"},\"primaryImageOfPage\":{\"@id\":\"https:\\\/\\\/msconectado.com.br\\\/?p=23760#primaryimage\"},\"image\":{\"@id\":\"https:\\\/\\\/msconectado.com.br\\\/?p=23760#primaryimage\"},\"thumbnailUrl\":\"https:\\\/\\\/msconectado.com.br\\\/wp-content\\\/uploads\\\/2024\\\/12\\\/pm2.jpg\",\"datePublished\":\"2024-12-13T18:16:17+00:00\",\"dateModified\":\"2024-12-13T18:16:20+00:00\",\"breadcrumb\":{\"@id\":\"https:\\\/\\\/msconectado.com.br\\\/?p=23760#breadcrumb\"},\"inLanguage\":\"pt-BR\",\"potentialAction\":[{\"@type\":\"ReadAction\",\"target\":[\"https:\\\/\\\/msconectado.com.br\\\/?p=23760\"]}]},{\"@type\":\"ImageObject\",\"inLanguage\":\"pt-BR\",\"@id\":\"https:\\\/\\\/msconectado.com.br\\\/?p=23760#primaryimage\",\"url\":\"https:\\\/\\\/msconectado.com.br\\\/wp-content\\\/uploads\\\/2024\\\/12\\\/pm2.jpg\",\"contentUrl\":\"https:\\\/\\\/msconectado.com.br\\\/wp-content\\\/uploads\\\/2024\\\/12\\\/pm2.jpg\",\"width\":1280,\"height\":960},{\"@type\":\"BreadcrumbList\",\"@id\":\"https:\\\/\\\/msconectado.com.br\\\/?p=23760#breadcrumb\",\"itemListElement\":[{\"@type\":\"ListItem\",\"position\":1,\"name\":\"In\u00edcio\",\"item\":\"https:\\\/\\\/msconectado.com.br\\\/?page_id=105\"},{\"@type\":\"ListItem\",\"position\":2,\"name\":\"Vereador Robert Ziemann solicita melhorias para a APAE em Bras\u00edlia\"}]},{\"@type\":\"WebSite\",\"@id\":\"https:\\\/\\\/msconectado.com.br\\\/#website\",\"url\":\"https:\\\/\\\/msconectado.com.br\\\/\",\"name\":\"MsConectado\",\"description\":\"Voc\u00ea Conectado com a Not\u00edcia!\",\"publisher\":{\"@id\":\"https:\\\/\\\/msconectado.com.br\\\/#organization\"},\"potentialAction\":[{\"@type\":\"SearchAction\",\"target\":{\"@type\":\"EntryPoint\",\"urlTemplate\":\"https:\\\/\\\/msconectado.com.br\\\/?s={search_term_string}\"},\"query-input\":{\"@type\":\"PropertyValueSpecification\",\"valueRequired\":true,\"valueName\":\"search_term_string\"}}],\"inLanguage\":\"pt-BR\"},{\"@type\":\"Organization\",\"@id\":\"https:\\\/\\\/msconectado.com.br\\\/#organization\",\"name\":\"MsConectado\",\"url\":\"https:\\\/\\\/msconectado.com.br\\\/\",\"logo\":{\"@type\":\"ImageObject\",\"inLanguage\":\"pt-BR\",\"@id\":\"https:\\\/\\\/msconectado.com.br\\\/#\\\/schema\\\/logo\\\/image\\\/\",\"url\":\"https:\\\/\\\/msconectado.com.br\\\/wp-content\\\/uploads\\\/2023\\\/01\\\/cropped-noticia-2.png\",\"contentUrl\":\"https:\\\/\\\/msconectado.com.br\\\/wp-content\\\/uploads\\\/2023\\\/01\\\/cropped-noticia-2.png\",\"width\":720,\"height\":157,\"caption\":\"MsConectado\"},\"image\":{\"@id\":\"https:\\\/\\\/msconectado.com.br\\\/#\\\/schema\\\/logo\\\/image\\\/\"}},{\"@type\":\"Person\",\"@id\":\"https:\\\/\\\/msconectado.com.br\\\/#\\\/schema\\\/person\\\/feb123a95a93eebea36f0ed6a2e5ba48\",\"name\":\"Jeferson\",\"image\":{\"@type\":\"ImageObject\",\"inLanguage\":\"pt-BR\",\"@id\":\"https:\\\/\\\/secure.gravatar.com\\\/avatar\\\/e23e8901c88f0cdc0ad479ef7a39bf3e4c806344549c087c00b721a65549a328?s=96&d=mm&r=g\",\"url\":\"https:\\\/\\\/secure.gravatar.com\\\/avatar\\\/e23e8901c88f0cdc0ad479ef7a39bf3e4c806344549c087c00b721a65549a328?s=96&d=mm&r=g\",\"contentUrl\":\"https:\\\/\\\/secure.gravatar.com\\\/avatar\\\/e23e8901c88f0cdc0ad479ef7a39bf3e4c806344549c087c00b721a65549a328?s=96&d=mm&r=g\",\"caption\":\"Jeferson\"},\"url\":\"https:\\\/\\\/msconectado.com.br\\\/?author=3\"}]}<\/script>\n<!-- \/ Yoast SEO plugin. -->","yoast_head_json":{"title":"Vereador Robert Ziemann solicita melhorias para a APAE em Bras\u00edlia - MsConectado","robots":{"index":"index","follow":"follow","max-snippet":"max-snippet:-1","max-image-preview":"max-image-preview:large","max-video-preview":"max-video-preview:-1"},"canonical":"https:\/\/msconectado.com.br\/?p=23760","og_locale":"pt_BR","og_type":"article","og_title":"Vereador Robert Ziemann solicita melhorias para a APAE em Bras\u00edlia - MsConectado","og_description":"O vereador Robert Ziemann esteve em Bras\u00edlia no in\u00edcio deste m\u00eas e, durante uma visita ao gabinete do Deputado Federal Marcos Pollon, protocolou um pedido importante para melhorias na infraestrutura da Associa\u00e7\u00e3o de Pais e Amigos dos Excepcionais (APAE). A solicita\u00e7\u00e3o visa fortalecer a APAE, uma das institui\u00e7\u00f5es mais importantes no apoio e inclus\u00e3o de [&hellip;]","og_url":"https:\/\/msconectado.com.br\/?p=23760","og_site_name":"MsConectado","article_published_time":"2024-12-13T18:16:17+00:00","article_modified_time":"2024-12-13T18:16:20+00:00","og_image":[{"width":1280,"height":960,"url":"https:\/\/msconectado.com.br\/wp-content\/uploads\/2024\/12\/pm2.jpg","type":"image\/jpeg"}],"author":"Jeferson","twitter_card":"summary_large_image","twitter_misc":{"Escrito por":"Jeferson","Est. tempo de leitura":"3 minutos"},"schema":{"@context":"https:\/\/schema.org","@graph":[{"@type":"Article","@id":"https:\/\/msconectado.com.br\/?p=23760#article","isPartOf":{"@id":"https:\/\/msconectado.com.br\/?p=23760"},"author":{"name":"Jeferson","@id":"https:\/\/msconectado.com.br\/#\/schema\/person\/feb123a95a93eebea36f0ed6a2e5ba48"},"headline":"Vereador Robert Ziemann solicita melhorias para a APAE em Bras\u00edlia","datePublished":"2024-12-13T18:16:17+00:00","dateModified":"2024-12-13T18:16:20+00:00","mainEntityOfPage":{"@id":"https:\/\/msconectado.com.br\/?p=23760"},"wordCount":281,"commentCount":0,"publisher":{"@id":"https:\/\/msconectado.com.br\/#organization"},"image":{"@id":"https:\/\/msconectado.com.br\/?p=23760#primaryimage"},"thumbnailUrl":"https:\/\/msconectado.com.br\/wp-content\/uploads\/2024\/12\/pm2.jpg","articleSection":["Cidades","Com\u00e9rcio","Eventos","Not\u00edcia","Pol\u00edtica"],"inLanguage":"pt-BR","potentialAction":[{"@type":"CommentAction","name":"Comment","target":["https:\/\/msconectado.com.br\/?p=23760#respond"]}]},{"@type":"WebPage","@id":"https:\/\/msconectado.com.br\/?p=23760","url":"https:\/\/msconectado.com.br\/?p=23760","name":"Vereador Robert Ziemann solicita melhorias para a APAE em Bras\u00edlia - MsConectado","isPartOf":{"@id":"https:\/\/msconectado.com.br\/#website"},"primaryImageOfPage":{"@id":"https:\/\/msconectado.com.br\/?p=23760#primaryimage"},"image":{"@id":"https:\/\/msconectado.com.br\/?p=23760#primaryimage"},"thumbnailUrl":"https:\/\/msconectado.com.br\/wp-content\/uploads\/2024\/12\/pm2.jpg","datePublished":"2024-12-13T18:16:17+00:00","dateModified":"2024-12-13T18:16:20+00:00","breadcrumb":{"@id":"https:\/\/msconectado.com.br\/?p=23760#breadcrumb"},"inLanguage":"pt-BR","potentialAction":[{"@type":"ReadAction","target":["https:\/\/msconectado.com.br\/?p=23760"]}]},{"@type":"ImageObject","inLanguage":"pt-BR","@id":"https:\/\/msconectado.com.br\/?p=23760#primaryimage","url":"https:\/\/msconectado.com.br\/wp-content\/uploads\/2024\/12\/pm2.jpg","contentUrl":"https:\/\/msconectado.com.br\/wp-content\/uploads\/2024\/12\/pm2.jpg","width":1280,"height":960},{"@type":"BreadcrumbList","@id":"https:\/\/msconectado.com.br\/?p=23760#breadcrumb","itemListElement":[{"@type":"ListItem","position":1,"name":"In\u00edcio","item":"https:\/\/msconectado.com.br\/?page_id=105"},{"@type":"ListItem","position":2,"name":"Vereador Robert Ziemann solicita melhorias para a APAE em Bras\u00edlia"}]},{"@type":"WebSite","@id":"https:\/\/msconectado.com.br\/#website","url":"https:\/\/msconectado.com.br\/","name":"MsConectado","description":"Voc\u00ea Conectado com a Not\u00edcia!","publisher":{"@id":"https:\/\/msconectado.com.br\/#organization"},"potentialAction":[{"@type":"SearchAction","target":{"@type":"EntryPoint","urlTemplate":"https:\/\/msconectado.com.br\/?s={search_term_string}"},"query-input":{"@type":"PropertyValueSpecification","valueRequired":true,"valueName":"search_term_string"}}],"inLanguage":"pt-BR"},{"@type":"Organization","@id":"https:\/\/msconectado.com.br\/#organization","name":"MsConectado","url":"https:\/\/msconectado.com.br\/","logo":{"@type":"ImageObject","inLanguage":"pt-BR","@id":"https:\/\/msconectado.com.br\/#\/schema\/logo\/image\/","url":"https:\/\/msconectado.com.br\/wp-content\/uploads\/2023\/01\/cropped-noticia-2.png","contentUrl":"https:\/\/msconectado.com.br\/wp-content\/uploads\/2023\/01\/cropped-noticia-2.png","width":720,"height":157,"caption":"MsConectado"},"image":{"@id":"https:\/\/msconectado.com.br\/#\/schema\/logo\/image\/"}},{"@type":"Person","@id":"https:\/\/msconectado.com.br\/#\/schema\/person\/feb123a95a93eebea36f0ed6a2e5ba48","name":"Jeferson","image":{"@type":"ImageObject","inLanguage":"pt-BR","@id":"https:\/\/secure.gravatar.com\/avatar\/e23e8901c88f0cdc0ad479ef7a39bf3e4c806344549c087c00b721a65549a328?s=96&d=mm&r=g","url":"https:\/\/secure.gravatar.com\/avatar\/e23e8901c88f0cdc0ad479ef7a39bf3e4c806344549c087c00b721a65549a328?s=96&d=mm&r=g","contentUrl":"https:\/\/secure.gravatar.com\/avatar\/e23e8901c88f0cdc0ad479ef7a39bf3e4c806344549c087c00b721a65549a328?s=96&d=mm&r=g","caption":"Jeferson"},"url":"https:\/\/msconectado.com.br\/?author=3"}]}},"_links":{"self":[{"href":"https:\/\/msconectado.com.br\/index.php?rest_route=\/wp\/v2\/posts\/23760","targetHints":{"allow":["GET"]}}],"collection":[{"href":"https:\/\/msconectado.com.br\/index.php?rest_route=\/wp\/v2\/posts"}],"about":[{"href":"https:\/\/msconectado.com.br\/index.php?rest_route=\/wp\/v2\/types\/post"}],"author":[{"embeddable":true,"href":"https:\/\/msconectado.com.br\/index.php?rest_route=\/wp\/v2\/users\/3"}],"replies":[{"embeddable":true,"href":"https:\/\/msconectado.com.br\/index.php?rest_route=%2Fwp%2Fv2%2Fcomments&post=23760"}],"version-history":[{"count":1,"href":"https:\/\/msconectado.com.br\/index.php?rest_route=\/wp\/v2\/posts\/23760\/revisions"}],"predecessor-version":[{"id":23762,"href":"https:\/\/msconectado.com.br\/index.php?rest_route=\/wp\/v2\/posts\/23760\/revisions\/23762"}],"wp:featuredmedia":[{"embeddable":true,"href":"https:\/\/msconectado.com.br\/index.php?rest_route=\/wp\/v2\/media\/23761"}],"wp:attachment":[{"href":"https:\/\/msconectado.com.br\/index.php?rest_route=%2Fwp%2Fv2%2Fmedia&parent=23760"}],"wp:term":[{"taxonomy":"category","embeddable":true,"href":"https:\/\/msconectado.com.br\/index.php?rest_route=%2Fwp%2Fv2%2Fcategories&post=23760"},{"taxonomy":"post_tag","embeddable":true,"href":"https:\/\/msconectado.com.br\/index.php?rest_route=%2Fwp%2Fv2%2Ftags&post=23760"}],"curies":[{"name":"wp","href":"https:\/\/api.w.org\/{rel}","templated":true}]}}