
{"id":24026,"date":"2025-01-11T11:11:59","date_gmt":"2025-01-11T11:11:59","guid":{"rendered":"https:\/\/msconectado.com.br\/?p=24026"},"modified":"2025-01-11T12:08:32","modified_gmt":"2025-01-11T12:08:32","slug":"assema-realiza-sorteio-da-campanha-natal-legal-e-comprar-no-comercio-local-e-premia-clientes-vendedores-e-empresas","status":"publish","type":"post","link":"https:\/\/msconectado.com.br\/?p=24026","title":{"rendered":"ASSEMA realiza sorteio da Campanha \u201cNatal Legal \u00e9 Comprar no Com\u00e9rcio Local\u201d e premia clientes, vendedores e empresas"},"content":{"rendered":"\n<p><strong>Evento re\u00fane lideran\u00e7as locais e incentiva o fortalecimento do com\u00e9rcio de Maracaju<\/strong><\/p>\n\n\n\n<p>Na tarde desta sexta-feira, 10 de janeiro, foi realizado o aguardado sorteio da Campanha \u201cNatal Legal \u00e9 Comprar no Com\u00e9rcio Local\u201d, organizada pela ASSEMA \u2013 Associa\u00e7\u00e3o Empresarial de Maracaju. A iniciativa contou com o apoio da Prefeitura de Maracaju, C\u00e2mara de Vereadores e Sicredi, destacando-se como um importante est\u00edmulo ao com\u00e9rcio local durante as festas de fim de ano.<\/p>\n\n\n\n<p>O evento contou com a presen\u00e7a de importantes lideran\u00e7as, como o Secret\u00e1rio de Desenvolvimento Econ\u00f4mico e Meio Ambiente, Agadir Mossmann, o Presidente da C\u00e2mara, Rener Barbosa, al\u00e9m dos vereadores Daniel Esquivel e Bruno Barros, que refor\u00e7aram o compromisso de apoiar o setor comercial da cidade.<\/p>\n\n\n<div class=\"wp-block-image\">\n<figure class=\"aligncenter size-full is-resized\"><img fetchpriority=\"high\" decoding=\"async\" width=\"800\" height=\"533\" src=\"https:\/\/msconectado.com.br\/wp-content\/uploads\/2025\/01\/DSC_7621.jpg\" alt=\"\" class=\"wp-image-24027\" style=\"width:800px;height:auto\" srcset=\"https:\/\/msconectado.com.br\/wp-content\/uploads\/2025\/01\/DSC_7621.jpg 800w, https:\/\/msconectado.com.br\/wp-content\/uploads\/2025\/01\/DSC_7621-300x200.jpg 300w, https:\/\/msconectado.com.br\/wp-content\/uploads\/2025\/01\/DSC_7621-768x512.jpg 768w, https:\/\/msconectado.com.br\/wp-content\/uploads\/2025\/01\/DSC_7621-360x240.jpg 360w\" sizes=\"(max-width: 800px) 100vw, 800px\" \/><\/figure>\n<\/div>\n\n\n<p><strong>Um incentivo ao com\u00e9rcio local<\/strong><\/p>\n\n\n\n<p>Para o Presidente da ASSEMA, Luiz C\u00e2ndido da Cunha, a campanha foi essencial para fomentar as vendas no com\u00e9rcio maracajuense, destacando a import\u00e2ncia de optar por empresas locais.<\/p>\n\n\n\n<p>\u201cTenho que agradecer \u00e0s empresas participantes, \u00e0 Prefeitura, \u00e0 C\u00e2mara e ao Sicredi pelo apoio. Esta campanha incentivou os clientes a escolherem o com\u00e9rcio da nossa cidade. Isso significa que o dinheiro fica aqui, gerando empregos, arrecada\u00e7\u00e3o de impostos e melhorias para todos os cidad\u00e3os, seja na sa\u00fade, educa\u00e7\u00e3o ou em outros investimentos,\u201d destacou Luiz.<\/p>\n\n\n\n<p>O Secret\u00e1rio de Desenvolvimento Econ\u00f4mico e Meio Ambiente, Agadir Mossmann, refor\u00e7ou o apoio da Prefeitura \u00e0 campanha, destacando o compromisso do Prefeito Marcos Calderan com o fortalecimento do com\u00e9rcio local:<\/p>\n\n\n\n<p>\u201cO Prefeito Marcos Calderan entende a import\u00e2ncia de a\u00e7\u00f5es como esta, que incentivam o consumo em nossa cidade, gerando benef\u00edcios diretos para a popula\u00e7\u00e3o e ajudando a construir um ambiente econ\u00f4mico mais forte e sustent\u00e1vel.\u201d<\/p>\n\n\n\n<p>Representando o Legislativo, o Presidente da C\u00e2mara, Rener Barbosa, reafirmou o apoio da C\u00e2mara Municipal:<\/p>\n\n\n\n<p>\u201cEm nome dos 13 vereadores, quero destacar que estamos juntos com a ASSEMA e o com\u00e9rcio local. Nosso papel \u00e9 contribuir para criar condi\u00e7\u00f5es que fortale\u00e7am nossa economia, e campanhas como esta mostram o quanto podemos alcan\u00e7ar quando unimos esfor\u00e7os.\u201d<\/p>\n\n\n\n<p><strong>Confira os ganhadores da campanha<\/strong><\/p>\n\n\n\n<p>O sorteio premiou 15 clientes e 5 vendedores com pr\u00eamios variados, incluindo uma motocicleta e vales-compra. Veja os ganhadores:<\/p>\n\n\n\n<p><strong>Clientes contemplados<\/strong><\/p>\n\n\n\n<ol class=\"wp-block-list\">\n<li>1\u00ba Pr\u00eamio \u2013 Motocicleta: Marlon France \u2013 Cliente da Calderan M\u00f3veis<\/li>\n\n\n\n<li>2\u00ba Pr\u00eamio \u2013 R$ 6.000,00 em vale-compras: Evandro Mezenga \u2013 Cliente do Supermercado Pires<\/li>\n\n\n\n<li>3\u00ba Pr\u00eamio \u2013 R$ 3.000,00 em vale-compras: Isia Jung \u2013 Cliente do O Botic\u00e1rio<\/li>\n\n\n\n<li>4\u00ba Pr\u00eamio \u2013 R$ 2.000,00 em vale-compras: Greice Queli \u2013 Cliente do Laborat\u00f3rio Santa Gemma<\/li>\n\n\n\n<li>5\u00ba Pr\u00eamio \u2013 R$ 2.000,00 em vale-compras: Valnei \u2013 Cliente da Mauricio Eletro Diesel<\/li>\n\n\n\n<li>6\u00ba Pr\u00eamio \u2013 R$ 1.500,00 em vale-compras: Eliane \u2013 Cliente da Bodimar<\/li>\n\n\n\n<li>7\u00ba Pr\u00eamio \u2013 R$ 1.500,00 em vale-compras: Gilmar S. Pereira \u2013 Cliente da Mercenova<\/li>\n\n\n\n<li>8\u00ba Pr\u00eamio \u2013 R$ 1.300,00 em vale-compras: Wesner Benetti \u2013 Cliente da Benetti Com\u00e9rcio de Ra\u00e7\u00f5es<\/li>\n\n\n\n<li>9\u00ba Pr\u00eamio \u2013 R$ 1.200,00 em vale-compras: Sonay Laiane \u2013 Cliente da P\u00e9 Legal Cal\u00e7ados<\/li>\n\n\n\n<li>10\u00ba Pr\u00eamio \u2013 R$ 1.000,00 em vale-compras: Sirlene Grafen \u2013 Cliente das \u00d3ticas Soliessi<\/li>\n\n\n\n<li>11\u00ba Pr\u00eamio \u2013 R$ 1.000,00 em vale-compras: Greicy Cezar \u2013 Cliente da Soberana Confec\u00e7\u00f5es<\/li>\n\n\n\n<li>12\u00ba Pr\u00eamio \u2013 R$ 900,00 em vale-compras: Alexandro \u2013 Cliente da Real Assessoria Cont\u00e1bil<\/li>\n\n\n\n<li>13\u00ba Pr\u00eamio \u2013 R$ 500,00 em vale-compras: Maria Lodi \u2013 Cliente da Soberana Confec\u00e7\u00f5es<\/li>\n\n\n\n<li>14\u00ba Pr\u00eamio \u2013 R$ 500,00 em vale-compras: Liliane T. Santos \u2013 Cliente da P\u00e9 Legal Cal\u00e7ados<\/li>\n\n\n\n<li>15\u00ba Pr\u00eamio \u2013 R$ 500,00 em vale-compras: Jos\u00e9 S. da Silva \u2013 Cliente da Mercenova<\/li>\n<\/ol>\n\n\n\n<p><strong>Vendedores premiados com R$ 500,00 em vale-compras<\/strong><\/p>\n\n\n\n<ul class=\"wp-block-list\">\n<li>Jessica (Calderan M\u00f3veis)<\/li>\n\n\n\n<li>Rosimeire (Supermercado Pires)<\/li>\n\n\n\n<li>Natasha (O Botic\u00e1rio)<\/li>\n\n\n\n<li>Jamile (Laborat\u00f3rio Santa Gemma)<\/li>\n\n\n\n<li>Vanderlei (Mauricio Eletro Diesel)<\/li>\n<\/ul>\n\n\n\n<p><strong>Reconhecimento ao com\u00e9rcio local<\/strong><\/p>\n\n\n\n<p>A campanha refor\u00e7ou a import\u00e2ncia de apoiar as empresas da cidade, contribuindo para o fortalecimento da economia local. Os vales-compras ser\u00e3o utilizados no pr\u00f3prio com\u00e9rcio maracajuense, gerando um impacto positivo em diversos setores.<\/p>\n\n\n\n<p>A ASSEMA e seus parceiros encerraram o evento destacando a relev\u00e2ncia de iniciativas como esta e renovaram o compromisso de continuar trabalhando pelo desenvolvimento de Maracaju.<\/p>\n\n\n\n<p>Na ocasi\u00e3o, tamb\u00e9m foram contempladas as seguintes empresas com tr\u00eas meses de mensalidades da associa\u00e7\u00e3o isentas, sendo elas: Construmar, Casa das Embalagens, P\u00e9 Legal, Maninho G\u00e1s e Eletro Hidro J\u00fanior.<\/p>\n\n\n\n<p>Por: Benhur Salom\u00e3o &#8211; Maracaju em Foco<\/p>\n\n\n\n<figure class=\"wp-block-image size-full\"><img decoding=\"async\" width=\"900\" height=\"100\" src=\"https:\/\/msconectado.com.br\/wp-content\/uploads\/2024\/12\/Sicredi-Web-Banner-900x100-min.png\" alt=\"\" class=\"wp-image-23689\" srcset=\"https:\/\/msconectado.com.br\/wp-content\/uploads\/2024\/12\/Sicredi-Web-Banner-900x100-min.png 900w, https:\/\/msconectado.com.br\/wp-content\/uploads\/2024\/12\/Sicredi-Web-Banner-900x100-min-300x33.png 300w, https:\/\/msconectado.com.br\/wp-content\/uploads\/2024\/12\/Sicredi-Web-Banner-900x100-min-768x85.png 768w\" sizes=\"(max-width: 900px) 100vw, 900px\" \/><\/figure>\n","protected":false},"excerpt":{"rendered":"<p>Evento re\u00fane lideran\u00e7as locais e incentiva o fortalecimento do com\u00e9rcio de Maracaju Na tarde desta sexta-feira, 10 de janeiro, foi realizado o aguardado sorteio da Campanha \u201cNatal Legal \u00e9 Comprar no Com\u00e9rcio Local\u201d, organizada pela ASSEMA \u2013 Associa\u00e7\u00e3o Empresarial de Maracaju. A iniciativa contou com o apoio da Prefeitura de Maracaju, C\u00e2mara de Vereadores e [&hellip;]<\/p>\n","protected":false},"author":3,"featured_media":24028,"comment_status":"open","ping_status":"closed","sticky":false,"template":"","format":"standard","meta":{"footnotes":""},"categories":[35,34,1],"tags":[],"class_list":["post-24026","post","type-post","status-publish","format-standard","has-post-thumbnail","hentry","category-cidades","category-comercio","category-noticia"],"yoast_head":"<!-- This site is optimized with the Yoast SEO plugin v27.5 - https:\/\/yoast.com\/product\/yoast-seo-wordpress\/ -->\n<title>ASSEMA realiza sorteio da Campanha \u201cNatal Legal \u00e9 Comprar no Com\u00e9rcio Local\u201d e premia clientes, vendedores e empresas - MsConectado<\/title>\n<meta name=\"robots\" content=\"index, follow, max-snippet:-1, max-image-preview:large, max-video-preview:-1\" \/>\n<link rel=\"canonical\" href=\"https:\/\/msconectado.com.br\/?p=24026\" \/>\n<meta property=\"og:locale\" content=\"pt_BR\" \/>\n<meta property=\"og:type\" content=\"article\" \/>\n<meta property=\"og:title\" content=\"ASSEMA realiza sorteio da Campanha \u201cNatal Legal \u00e9 Comprar no Com\u00e9rcio Local\u201d e premia clientes, vendedores e empresas - MsConectado\" \/>\n<meta property=\"og:description\" content=\"Evento re\u00fane lideran\u00e7as locais e incentiva o fortalecimento do com\u00e9rcio de Maracaju Na tarde desta sexta-feira, 10 de janeiro, foi realizado o aguardado sorteio da Campanha \u201cNatal Legal \u00e9 Comprar no Com\u00e9rcio Local\u201d, organizada pela ASSEMA \u2013 Associa\u00e7\u00e3o Empresarial de Maracaju. A iniciativa contou com o apoio da Prefeitura de Maracaju, C\u00e2mara de Vereadores e [&hellip;]\" \/>\n<meta property=\"og:url\" content=\"https:\/\/msconectado.com.br\/?p=24026\" \/>\n<meta property=\"og:site_name\" content=\"MsConectado\" \/>\n<meta property=\"article:published_time\" content=\"2025-01-11T11:11:59+00:00\" \/>\n<meta property=\"article:modified_time\" content=\"2025-01-11T12:08:32+00:00\" \/>\n<meta property=\"og:image\" content=\"https:\/\/msconectado.com.br\/wp-content\/uploads\/2025\/01\/DSC_7510.jpg\" \/>\n\t<meta property=\"og:image:width\" content=\"800\" \/>\n\t<meta property=\"og:image:height\" content=\"533\" \/>\n\t<meta property=\"og:image:type\" content=\"image\/jpeg\" \/>\n<meta name=\"author\" content=\"Jeferson\" \/>\n<meta name=\"twitter:card\" content=\"summary_large_image\" \/>\n<meta name=\"twitter:label1\" content=\"Escrito por\" \/>\n\t<meta name=\"twitter:data1\" content=\"Jeferson\" \/>\n\t<meta name=\"twitter:label2\" content=\"Est. tempo de leitura\" \/>\n\t<meta name=\"twitter:data2\" content=\"5 minutos\" \/>\n<script type=\"application\/ld+json\" class=\"yoast-schema-graph\">{\"@context\":\"https:\\\/\\\/schema.org\",\"@graph\":[{\"@type\":\"Article\",\"@id\":\"https:\\\/\\\/msconectado.com.br\\\/?p=24026#article\",\"isPartOf\":{\"@id\":\"https:\\\/\\\/msconectado.com.br\\\/?p=24026\"},\"author\":{\"name\":\"Jeferson\",\"@id\":\"https:\\\/\\\/msconectado.com.br\\\/#\\\/schema\\\/person\\\/feb123a95a93eebea36f0ed6a2e5ba48\"},\"headline\":\"ASSEMA realiza sorteio da Campanha \u201cNatal Legal \u00e9 Comprar no Com\u00e9rcio Local\u201d e premia clientes, vendedores e empresas\",\"datePublished\":\"2025-01-11T11:11:59+00:00\",\"dateModified\":\"2025-01-11T12:08:32+00:00\",\"mainEntityOfPage\":{\"@id\":\"https:\\\/\\\/msconectado.com.br\\\/?p=24026\"},\"wordCount\":719,\"commentCount\":0,\"publisher\":{\"@id\":\"https:\\\/\\\/msconectado.com.br\\\/#organization\"},\"image\":{\"@id\":\"https:\\\/\\\/msconectado.com.br\\\/?p=24026#primaryimage\"},\"thumbnailUrl\":\"https:\\\/\\\/msconectado.com.br\\\/wp-content\\\/uploads\\\/2025\\\/01\\\/DSC_7510.jpg\",\"articleSection\":[\"Cidades\",\"Com\u00e9rcio\",\"Not\u00edcia\"],\"inLanguage\":\"pt-BR\",\"potentialAction\":[{\"@type\":\"CommentAction\",\"name\":\"Comment\",\"target\":[\"https:\\\/\\\/msconectado.com.br\\\/?p=24026#respond\"]}]},{\"@type\":\"WebPage\",\"@id\":\"https:\\\/\\\/msconectado.com.br\\\/?p=24026\",\"url\":\"https:\\\/\\\/msconectado.com.br\\\/?p=24026\",\"name\":\"ASSEMA realiza sorteio da Campanha \u201cNatal Legal \u00e9 Comprar no Com\u00e9rcio Local\u201d e premia clientes, vendedores e empresas - MsConectado\",\"isPartOf\":{\"@id\":\"https:\\\/\\\/msconectado.com.br\\\/#website\"},\"primaryImageOfPage\":{\"@id\":\"https:\\\/\\\/msconectado.com.br\\\/?p=24026#primaryimage\"},\"image\":{\"@id\":\"https:\\\/\\\/msconectado.com.br\\\/?p=24026#primaryimage\"},\"thumbnailUrl\":\"https:\\\/\\\/msconectado.com.br\\\/wp-content\\\/uploads\\\/2025\\\/01\\\/DSC_7510.jpg\",\"datePublished\":\"2025-01-11T11:11:59+00:00\",\"dateModified\":\"2025-01-11T12:08:32+00:00\",\"breadcrumb\":{\"@id\":\"https:\\\/\\\/msconectado.com.br\\\/?p=24026#breadcrumb\"},\"inLanguage\":\"pt-BR\",\"potentialAction\":[{\"@type\":\"ReadAction\",\"target\":[\"https:\\\/\\\/msconectado.com.br\\\/?p=24026\"]}]},{\"@type\":\"ImageObject\",\"inLanguage\":\"pt-BR\",\"@id\":\"https:\\\/\\\/msconectado.com.br\\\/?p=24026#primaryimage\",\"url\":\"https:\\\/\\\/msconectado.com.br\\\/wp-content\\\/uploads\\\/2025\\\/01\\\/DSC_7510.jpg\",\"contentUrl\":\"https:\\\/\\\/msconectado.com.br\\\/wp-content\\\/uploads\\\/2025\\\/01\\\/DSC_7510.jpg\",\"width\":800,\"height\":533,\"caption\":\"????????????????????????????????????\"},{\"@type\":\"BreadcrumbList\",\"@id\":\"https:\\\/\\\/msconectado.com.br\\\/?p=24026#breadcrumb\",\"itemListElement\":[{\"@type\":\"ListItem\",\"position\":1,\"name\":\"In\u00edcio\",\"item\":\"https:\\\/\\\/msconectado.com.br\\\/?page_id=105\"},{\"@type\":\"ListItem\",\"position\":2,\"name\":\"ASSEMA realiza sorteio da Campanha \u201cNatal Legal \u00e9 Comprar no Com\u00e9rcio Local\u201d e premia clientes, vendedores e empresas\"}]},{\"@type\":\"WebSite\",\"@id\":\"https:\\\/\\\/msconectado.com.br\\\/#website\",\"url\":\"https:\\\/\\\/msconectado.com.br\\\/\",\"name\":\"MsConectado\",\"description\":\"Voc\u00ea Conectado com a Not\u00edcia!\",\"publisher\":{\"@id\":\"https:\\\/\\\/msconectado.com.br\\\/#organization\"},\"potentialAction\":[{\"@type\":\"SearchAction\",\"target\":{\"@type\":\"EntryPoint\",\"urlTemplate\":\"https:\\\/\\\/msconectado.com.br\\\/?s={search_term_string}\"},\"query-input\":{\"@type\":\"PropertyValueSpecification\",\"valueRequired\":true,\"valueName\":\"search_term_string\"}}],\"inLanguage\":\"pt-BR\"},{\"@type\":\"Organization\",\"@id\":\"https:\\\/\\\/msconectado.com.br\\\/#organization\",\"name\":\"MsConectado\",\"url\":\"https:\\\/\\\/msconectado.com.br\\\/\",\"logo\":{\"@type\":\"ImageObject\",\"inLanguage\":\"pt-BR\",\"@id\":\"https:\\\/\\\/msconectado.com.br\\\/#\\\/schema\\\/logo\\\/image\\\/\",\"url\":\"https:\\\/\\\/msconectado.com.br\\\/wp-content\\\/uploads\\\/2023\\\/01\\\/cropped-noticia-2.png\",\"contentUrl\":\"https:\\\/\\\/msconectado.com.br\\\/wp-content\\\/uploads\\\/2023\\\/01\\\/cropped-noticia-2.png\",\"width\":720,\"height\":157,\"caption\":\"MsConectado\"},\"image\":{\"@id\":\"https:\\\/\\\/msconectado.com.br\\\/#\\\/schema\\\/logo\\\/image\\\/\"}},{\"@type\":\"Person\",\"@id\":\"https:\\\/\\\/msconectado.com.br\\\/#\\\/schema\\\/person\\\/feb123a95a93eebea36f0ed6a2e5ba48\",\"name\":\"Jeferson\",\"image\":{\"@type\":\"ImageObject\",\"inLanguage\":\"pt-BR\",\"@id\":\"https:\\\/\\\/secure.gravatar.com\\\/avatar\\\/e23e8901c88f0cdc0ad479ef7a39bf3e4c806344549c087c00b721a65549a328?s=96&d=mm&r=g\",\"url\":\"https:\\\/\\\/secure.gravatar.com\\\/avatar\\\/e23e8901c88f0cdc0ad479ef7a39bf3e4c806344549c087c00b721a65549a328?s=96&d=mm&r=g\",\"contentUrl\":\"https:\\\/\\\/secure.gravatar.com\\\/avatar\\\/e23e8901c88f0cdc0ad479ef7a39bf3e4c806344549c087c00b721a65549a328?s=96&d=mm&r=g\",\"caption\":\"Jeferson\"},\"url\":\"https:\\\/\\\/msconectado.com.br\\\/?author=3\"}]}<\/script>\n<!-- \/ Yoast SEO plugin. -->","yoast_head_json":{"title":"ASSEMA realiza sorteio da Campanha \u201cNatal Legal \u00e9 Comprar no Com\u00e9rcio Local\u201d e premia clientes, vendedores e empresas - MsConectado","robots":{"index":"index","follow":"follow","max-snippet":"max-snippet:-1","max-image-preview":"max-image-preview:large","max-video-preview":"max-video-preview:-1"},"canonical":"https:\/\/msconectado.com.br\/?p=24026","og_locale":"pt_BR","og_type":"article","og_title":"ASSEMA realiza sorteio da Campanha \u201cNatal Legal \u00e9 Comprar no Com\u00e9rcio Local\u201d e premia clientes, vendedores e empresas - MsConectado","og_description":"Evento re\u00fane lideran\u00e7as locais e incentiva o fortalecimento do com\u00e9rcio de Maracaju Na tarde desta sexta-feira, 10 de janeiro, foi realizado o aguardado sorteio da Campanha \u201cNatal Legal \u00e9 Comprar no Com\u00e9rcio Local\u201d, organizada pela ASSEMA \u2013 Associa\u00e7\u00e3o Empresarial de Maracaju. A iniciativa contou com o apoio da Prefeitura de Maracaju, C\u00e2mara de Vereadores e [&hellip;]","og_url":"https:\/\/msconectado.com.br\/?p=24026","og_site_name":"MsConectado","article_published_time":"2025-01-11T11:11:59+00:00","article_modified_time":"2025-01-11T12:08:32+00:00","og_image":[{"width":800,"height":533,"url":"https:\/\/msconectado.com.br\/wp-content\/uploads\/2025\/01\/DSC_7510.jpg","type":"image\/jpeg"}],"author":"Jeferson","twitter_card":"summary_large_image","twitter_misc":{"Escrito por":"Jeferson","Est. tempo de leitura":"5 minutos"},"schema":{"@context":"https:\/\/schema.org","@graph":[{"@type":"Article","@id":"https:\/\/msconectado.com.br\/?p=24026#article","isPartOf":{"@id":"https:\/\/msconectado.com.br\/?p=24026"},"author":{"name":"Jeferson","@id":"https:\/\/msconectado.com.br\/#\/schema\/person\/feb123a95a93eebea36f0ed6a2e5ba48"},"headline":"ASSEMA realiza sorteio da Campanha \u201cNatal Legal \u00e9 Comprar no Com\u00e9rcio Local\u201d e premia clientes, vendedores e empresas","datePublished":"2025-01-11T11:11:59+00:00","dateModified":"2025-01-11T12:08:32+00:00","mainEntityOfPage":{"@id":"https:\/\/msconectado.com.br\/?p=24026"},"wordCount":719,"commentCount":0,"publisher":{"@id":"https:\/\/msconectado.com.br\/#organization"},"image":{"@id":"https:\/\/msconectado.com.br\/?p=24026#primaryimage"},"thumbnailUrl":"https:\/\/msconectado.com.br\/wp-content\/uploads\/2025\/01\/DSC_7510.jpg","articleSection":["Cidades","Com\u00e9rcio","Not\u00edcia"],"inLanguage":"pt-BR","potentialAction":[{"@type":"CommentAction","name":"Comment","target":["https:\/\/msconectado.com.br\/?p=24026#respond"]}]},{"@type":"WebPage","@id":"https:\/\/msconectado.com.br\/?p=24026","url":"https:\/\/msconectado.com.br\/?p=24026","name":"ASSEMA realiza sorteio da Campanha \u201cNatal Legal \u00e9 Comprar no Com\u00e9rcio Local\u201d e premia clientes, vendedores e empresas - MsConectado","isPartOf":{"@id":"https:\/\/msconectado.com.br\/#website"},"primaryImageOfPage":{"@id":"https:\/\/msconectado.com.br\/?p=24026#primaryimage"},"image":{"@id":"https:\/\/msconectado.com.br\/?p=24026#primaryimage"},"thumbnailUrl":"https:\/\/msconectado.com.br\/wp-content\/uploads\/2025\/01\/DSC_7510.jpg","datePublished":"2025-01-11T11:11:59+00:00","dateModified":"2025-01-11T12:08:32+00:00","breadcrumb":{"@id":"https:\/\/msconectado.com.br\/?p=24026#breadcrumb"},"inLanguage":"pt-BR","potentialAction":[{"@type":"ReadAction","target":["https:\/\/msconectado.com.br\/?p=24026"]}]},{"@type":"ImageObject","inLanguage":"pt-BR","@id":"https:\/\/msconectado.com.br\/?p=24026#primaryimage","url":"https:\/\/msconectado.com.br\/wp-content\/uploads\/2025\/01\/DSC_7510.jpg","contentUrl":"https:\/\/msconectado.com.br\/wp-content\/uploads\/2025\/01\/DSC_7510.jpg","width":800,"height":533,"caption":"????????????????????????????????????"},{"@type":"BreadcrumbList","@id":"https:\/\/msconectado.com.br\/?p=24026#breadcrumb","itemListElement":[{"@type":"ListItem","position":1,"name":"In\u00edcio","item":"https:\/\/msconectado.com.br\/?page_id=105"},{"@type":"ListItem","position":2,"name":"ASSEMA realiza sorteio da Campanha \u201cNatal Legal \u00e9 Comprar no Com\u00e9rcio Local\u201d e premia clientes, vendedores e empresas"}]},{"@type":"WebSite","@id":"https:\/\/msconectado.com.br\/#website","url":"https:\/\/msconectado.com.br\/","name":"MsConectado","description":"Voc\u00ea Conectado com a Not\u00edcia!","publisher":{"@id":"https:\/\/msconectado.com.br\/#organization"},"potentialAction":[{"@type":"SearchAction","target":{"@type":"EntryPoint","urlTemplate":"https:\/\/msconectado.com.br\/?s={search_term_string}"},"query-input":{"@type":"PropertyValueSpecification","valueRequired":true,"valueName":"search_term_string"}}],"inLanguage":"pt-BR"},{"@type":"Organization","@id":"https:\/\/msconectado.com.br\/#organization","name":"MsConectado","url":"https:\/\/msconectado.com.br\/","logo":{"@type":"ImageObject","inLanguage":"pt-BR","@id":"https:\/\/msconectado.com.br\/#\/schema\/logo\/image\/","url":"https:\/\/msconectado.com.br\/wp-content\/uploads\/2023\/01\/cropped-noticia-2.png","contentUrl":"https:\/\/msconectado.com.br\/wp-content\/uploads\/2023\/01\/cropped-noticia-2.png","width":720,"height":157,"caption":"MsConectado"},"image":{"@id":"https:\/\/msconectado.com.br\/#\/schema\/logo\/image\/"}},{"@type":"Person","@id":"https:\/\/msconectado.com.br\/#\/schema\/person\/feb123a95a93eebea36f0ed6a2e5ba48","name":"Jeferson","image":{"@type":"ImageObject","inLanguage":"pt-BR","@id":"https:\/\/secure.gravatar.com\/avatar\/e23e8901c88f0cdc0ad479ef7a39bf3e4c806344549c087c00b721a65549a328?s=96&d=mm&r=g","url":"https:\/\/secure.gravatar.com\/avatar\/e23e8901c88f0cdc0ad479ef7a39bf3e4c806344549c087c00b721a65549a328?s=96&d=mm&r=g","contentUrl":"https:\/\/secure.gravatar.com\/avatar\/e23e8901c88f0cdc0ad479ef7a39bf3e4c806344549c087c00b721a65549a328?s=96&d=mm&r=g","caption":"Jeferson"},"url":"https:\/\/msconectado.com.br\/?author=3"}]}},"_links":{"self":[{"href":"https:\/\/msconectado.com.br\/index.php?rest_route=\/wp\/v2\/posts\/24026","targetHints":{"allow":["GET"]}}],"collection":[{"href":"https:\/\/msconectado.com.br\/index.php?rest_route=\/wp\/v2\/posts"}],"about":[{"href":"https:\/\/msconectado.com.br\/index.php?rest_route=\/wp\/v2\/types\/post"}],"author":[{"embeddable":true,"href":"https:\/\/msconectado.com.br\/index.php?rest_route=\/wp\/v2\/users\/3"}],"replies":[{"embeddable":true,"href":"https:\/\/msconectado.com.br\/index.php?rest_route=%2Fwp%2Fv2%2Fcomments&post=24026"}],"version-history":[{"count":2,"href":"https:\/\/msconectado.com.br\/index.php?rest_route=\/wp\/v2\/posts\/24026\/revisions"}],"predecessor-version":[{"id":24035,"href":"https:\/\/msconectado.com.br\/index.php?rest_route=\/wp\/v2\/posts\/24026\/revisions\/24035"}],"wp:featuredmedia":[{"embeddable":true,"href":"https:\/\/msconectado.com.br\/index.php?rest_route=\/wp\/v2\/media\/24028"}],"wp:attachment":[{"href":"https:\/\/msconectado.com.br\/index.php?rest_route=%2Fwp%2Fv2%2Fmedia&parent=24026"}],"wp:term":[{"taxonomy":"category","embeddable":true,"href":"https:\/\/msconectado.com.br\/index.php?rest_route=%2Fwp%2Fv2%2Fcategories&post=24026"},{"taxonomy":"post_tag","embeddable":true,"href":"https:\/\/msconectado.com.br\/index.php?rest_route=%2Fwp%2Fv2%2Ftags&post=24026"}],"curies":[{"name":"wp","href":"https:\/\/api.w.org\/{rel}","templated":true}]}}